{"id":2296,"date":"2016-01-25T12:29:15","date_gmt":"2016-01-25T12:29:15","guid":{"rendered":"http:\/\/www.cervantinaesquivias.org\/wordpress\/2016\/01\/25\/presentacion-en-fitur-de-la-oferta-turistica-de-esquivias-enero-2016\/"},"modified":"2016-01-25T12:29:15","modified_gmt":"2016-01-25T12:29:15","slug":"presentacion-en-fitur-de-la-oferta-turistica-de-esquivias-enero-2016","status":"publish","type":"post","link":"http:\/\/www.cervantinaesquivias.org\/wordpress\/2016\/01\/25\/presentacion-en-fitur-de-la-oferta-turistica-de-esquivias-enero-2016\/","title":{"rendered":"PRESENTACION EN FITUR DE LA OFERTA TUR\u00cdSTICA DE ESQUIVIAS. ENERO 2016."},"content":{"rendered":"<p><\/p>\n<p style=\"text-align: justify;\" mce_style=\"text-align: justify;\"><span style=\"font-size: medium;\" mce_style=\"font-size: medium;\"><span style=\"font-family: verdana, geneva;\" mce_style=\"font-family: verdana, geneva;\">El pasado d\u00eda 24 de Enero de 2016, el Excmo. Ayuntamiento de Esquivias ha presentado en la Feria Internacional de Turismo (FITUR), la oferta tur\u00edstico\/cultural y gastron\u00f3mica de esta poblaci\u00f3n, que cont\u00f3 entre sus vecinos con el ilustre Manco de Lepanto, Miguel de Cervantes Saavedra.<\/span><\/span><\/p>\n<p style=\"text-align: justify;\" mce_style=\"text-align: justify;\"><span style=\"font-size: medium;\" mce_style=\"font-size: medium;\"><span style=\"font-family: verdana, geneva;\" mce_style=\"font-family: verdana, geneva;\">La presentaci\u00f3n corri\u00f3 a cargo, conjuntamente, de la Alcaldesa de Esquivias, Do\u00f1a Milagros del Barrio P\u00e9rez-Grueso, y de la Directora General de Turismo y Artesan\u00eda de Castilla la Mancha, Do\u00f1a Ana Isabel Fern\u00e1ndez Samper.<\/span><\/span><\/p>\n<p style=\"text-align: justify;\" mce_style=\"text-align: justify;\"><\/p>\n<p style=\"text-align: center;\" mce_style=\"text-align: center;\"><img loading=\"lazy\" decoding=\"async\" class=\" size-full wp-image-2294 size-full wp-image-2294\" src=\"http:\/\/www.cervantinaesquivias.org\/wordpress\/wp-content\/uploads\/2016\/01\/fitur-2016-01-web.jpg\" mce_src=\"http:\/\/www.cervantinaesquivias.org\/wordpress\/wp-content\/uploads\/2016\/01\/fitur-2016-01-web.jpg\" alt=\"alt\" width=\"709\" height=\"425\" srcset=\"http:\/\/www.cervantinaesquivias.org\/wordpress\/wp-content\/uploads\/2016\/01\/fitur-2016-01-web.jpg 709w, http:\/\/www.cervantinaesquivias.org\/wordpress\/wp-content\/uploads\/2016\/01\/fitur-2016-01-web-300x180.jpg 300w\" sizes=\"auto, (max-width: 709px) 100vw, 709px\" \/><\/p>\n<p style=\"text-align: center;\" mce_style=\"text-align: center;\">(Do\u00f1a Ana Isabel Fern\u00e1ndez Samper, Directora General de Turismo y Artesan\u00eda de \u00a0CLM, en la presentaci\u00f3n de las Jornadas Cervantinas de Esquivias,\u00a0<span style=\"font-size: 12.16px; line-height: 1.3em;\" mce_style=\"font-size: 12.16px; line-height: 1.3em;\">ante la atenta mirada de la Alcaldesa de Esquivias, Do\u00f1a Milagros del Barrio P\u00e9rez-Grueso y una parte del elenco de actores de las Visitas Escenificadas en la Casa-Museo de Cervantes de Esquivias).<\/span><\/p>\n<p style=\"text-align: center;\" mce_style=\"text-align: center;\"><\/p>\n<p style=\"text-align: justify;\" mce_style=\"text-align: justify;\"><span style=\"font-size: medium;\" mce_style=\"font-size: medium;\"><span style=\"font-family: verdana, geneva;\" mce_style=\"font-family: verdana, geneva;\">Do\u00f1a Ana isabel Fern\u00e1ndez, resalt\u00f3 la importancia que tiene Esquivias en el contexto <\/span><\/span><\/p>\n<p style=\"text-align: justify;\" mce_style=\"text-align: justify;\"><\/p>\n<p><!--more--><\/p>\n<p><\/p>\n<p><\/p>\n<p style=\"text-align: justify;\" mce_style=\"text-align: justify;\"><span style=\"font-size: medium;\" mce_style=\"font-size: medium;\"><span style=\"font-family: verdana, geneva;\" mce_style=\"font-family: verdana, geneva;\">cervantino, desde que Miguel de Cervantes Saavedra se desposara con la hidalga esquiviana Catalina de Salazar y Palacios, destacando la celebraci\u00f3n de las Jornadas Cervantinas de Esquivias -record\u00f3-, que este a\u00f1o cumplir\u00e1n la Edici\u00f3n n\u00famero 37, que de forma ininterrumpida vienen celebr\u00e1ndose bajo el patrocinio del Excmo. Ayuntamiento, con la iniciativa y colaboraci\u00f3n de la Sociedad Cervantina de Esquivias, con el a\u00f1adido de que dichas Jornadas poseen la declaraci\u00f3n de \u00abFiesta de Inter\u00e9s Tur\u00edstico Regional de Castilla la Mancha\u00bb.<\/span><\/span><\/p>\n<p style=\"text-align: justify;\" mce_style=\"text-align: justify;\"><span style=\"font-size: medium;\" mce_style=\"font-size: medium;\"><span style=\"font-family: verdana, geneva;\" mce_style=\"font-family: verdana, geneva;\">Hizo Do\u00f1a Ana Isabel hincapi\u00e9 en el Proyecto Cultural que se va a celebrar en Castilla la Mancha, al conmemorarse este a\u00f1o el 400 aniversario del fallecimiento de Miguel de Cervantes, con un amplio programa de actos a desarrollar por toda la geograf\u00eda regional, entre los que se enmarcan las XXXVII Jornadas Cervantinas de Esquivias, que pondr\u00e1n colof\u00f3n a dichos actos.<\/span><\/span><\/p>\n<p style=\"text-align: justify;\" mce_style=\"text-align: justify;\"><span style=\"font-size: medium;\" mce_style=\"font-size: medium;\"><span style=\"font-family: verdana, geneva;\" mce_style=\"font-family: verdana, geneva;\">Por su parte, Do\u00f1a Milagros del Barrio invit\u00f3 a todos los presentes y a toda persona que se halle interesada, a que visite Esquivias y disfrute de la oferta tur\u00edstica y gastron\u00f3mica que esta Villa, otrora Lugar de Esquivias, ofrece a todo visitante que se precie.<\/span><\/span><\/p>\n<p style=\"text-align: justify;\" mce_style=\"text-align: justify;\"><span style=\"font-size: medium;\" mce_style=\"font-size: medium;\"><span style=\"font-family: verdana, geneva;\" mce_style=\"font-family: verdana, geneva;\">Destac\u00f3 Do\u00f1a Milagros la celebraci\u00f3n de las Visitas Escenificadas en la Casa-Museo de Cervantes (que peri\u00f3dicamente se celebran, y que se anuncian previamente en la <a href=\"http:\/\/www.esquivias.es\" mce_href=\"http:\/\/www.esquivias.es\">web del Ayto. de Esquivias<\/a>, paralelamente a las visitas guiadas que, durante todo el a\u00f1o, se celebran en esta casa, de d\u00f3nde emanan efluvios cervantinos por todas sus dependencias.<\/span><\/span><\/p>\n<p style=\"text-align: justify;\" mce_style=\"text-align: justify;\"><span style=\"font-size: medium;\" mce_style=\"font-size: medium;\"><span style=\"font-family: verdana, geneva;\" mce_style=\"font-family: verdana, geneva;\">Concluy\u00f3 la Sra. Alcaldesa, con la invitaci\u00f3n del Ayuntamiento que preside, a presenciar la representaci\u00f3n de los Desposorios de Cervantes y Catalina, por las calles y plazas de Esquivias, para lo cual, este Ayuntamiento ya se halla trabajando en su organizaci\u00f3n.<\/span><\/span><\/p>\n<p style=\"text-align: justify;\" mce_style=\"text-align: justify;\"><span style=\"font-size: medium;\" mce_style=\"font-size: medium;\"><span style=\"font-family: verdana, geneva;\" mce_style=\"font-family: verdana, geneva;\">Se proyect\u00f3 un v\u00eddeo promocional con la celebraci\u00f3n de dichos Desposorios, a celebrar dentro de las XXXVII Jornadas Cervantinas de Esquivias, en el mes de Diciembre del presente a\u00f1o.<\/span><\/span><\/p>\n<p style=\"text-align: justify;\" mce_style=\"text-align: justify;\"><span style=\"font-size: medium;\" mce_style=\"font-size: medium;\"><span style=\"font-family: verdana, geneva;\" mce_style=\"font-family: verdana, geneva;\">As\u00ed mismo, e interpretadas por un elenco de actores, estrechamente vinculado con Esquivias y con su realidad cervantina, se representaron algunas escenas, que bajo el t\u00edtulo: \u00abV\u00edsperas de Boda\u00bb se vienen celebrando en la Casa-Museo de Cervantes de Esquivias.<\/span><\/span><\/p>\n<p style=\"text-align: justify;\" mce_style=\"text-align: justify;\"><span style=\"font-size: medium;\" mce_style=\"font-size: medium;\"><span style=\"font-family: verdana, geneva;\" mce_style=\"font-family: verdana, geneva;\"><br \/><\/span><\/span><\/p>\n<p style=\"text-align: justify;\" mce_style=\"text-align: justify;\"><\/p>\n<p style=\"text-align: center;\" mce_style=\"text-align: center;\"><span style=\"font-size: medium;\" mce_style=\"font-size: medium;\"><span style=\"font-family: verdana, geneva;\" mce_style=\"font-family: verdana, geneva;\"><img loading=\"lazy\" decoding=\"async\" class=\" size-full wp-image-2295 size-full wp-image-2295\" src=\"http:\/\/www.cervantinaesquivias.org\/wordpress\/wp-content\/uploads\/2016\/01\/fitur-2016-02-web.jpg\" mce_src=\"http:\/\/www.cervantinaesquivias.org\/wordpress\/wp-content\/uploads\/2016\/01\/fitur-2016-02-web.jpg\" alt=\"alt\" width=\"709\" height=\"472\" srcset=\"http:\/\/www.cervantinaesquivias.org\/wordpress\/wp-content\/uploads\/2016\/01\/fitur-2016-02-web.jpg 709w, http:\/\/www.cervantinaesquivias.org\/wordpress\/wp-content\/uploads\/2016\/01\/fitur-2016-02-web-300x200.jpg 300w\" sizes=\"auto, (max-width: 709px) 100vw, 709px\" \/><\/span><\/span><\/p>\n<p style=\"text-align: center;\" mce_style=\"text-align: center;\">(Representaci\u00f3n de la escena en la Bodega de la Casa-Museo de Cervantes de Esquivias, en la que se hallan, de izquierda a derecha: De pi\u00e9, Diego Ram\u00edrez de Isaba, conocido con el sobrenombre de El Vizca\u00edno, que regentaba el Mes\u00f3n y la Posada de Esquivias, en las postrimer\u00edas del siglo VXI; sentados, el morisco Ricote, vecino del Lugar de Esquivias, hasta su expulsi\u00f3n de Espa\u00f1a a principios del siglo XVII; Sancho, natural y vecino del Lugar de Esquivias -bautizado el 20 de Junio de 1569-; Miguel de Cervantes Saavedra, natural de Alcal\u00e1 de Henares, escritor; y Francisco Marcos, Sacrist\u00e1n Mayor de la parroquia del Lugar de Esquivias en el a\u00f1o en que se representa esta escena, de 1584).<\/p>\n<p style=\"text-align: center;\" mce_style=\"text-align: center;\"><span style=\"font-size: medium;\" mce_style=\"font-size: medium;\"><span style=\"font-family: verdana, geneva;\" mce_style=\"font-family: verdana, geneva;\"><br \/><\/span><\/span><\/p>\n<p style=\"text-align: right;\" mce_style=\"text-align: right;\"><span style=\"font-size: medium;\" mce_style=\"font-size: medium;\"><span mce_style=\"font-family: verdana, geneva;\"><b style=\"style\" mce_style=\"style\"><i style=\"style\" mce_style=\"style\"><span style=\"font-size: small;\" mce_style=\"font-size: small;\"><span style=\"font-family: helvetica;\" mce_style=\"font-family: helvetica;\">Sabino de Diego.<\/span><\/span><\/i><\/b><\/span><\/span><\/p>\n<p style=\"text-align: justify;\" mce_style=\"text-align: justify;\"><span style=\"font-size: medium;\" mce_style=\"font-size: medium;\"><span style=\"font-family: verdana, geneva;\" mce_style=\"font-family: verdana, geneva;\"><br \/><\/span><\/span><\/p>\n<p style=\"text-align: justify;\" mce_style=\"text-align: justify;\"><span style=\"font-size: medium;\" mce_style=\"font-size: medium;\"><span style=\"font-family: verdana, geneva;\" mce_style=\"font-family: verdana, geneva;\"><br \/><\/span><\/span><\/p>\n<p style=\"text-align: justify;\" mce_style=\"text-align: justify;\"><span style=\"font-size: medium;\" mce_style=\"font-size: medium;\"><span style=\"font-family: verdana, geneva;\" mce_style=\"font-family: verdana, geneva;\"><br \/><\/span><\/span><\/p>\n<p><\/p>\n<p><\/p>\n","protected":false},"excerpt":{"rendered":"<p>El pasado d\u00eda 24 de Enero de 2016, el Excmo. Ayuntamiento de Esquivias ha presentado en la Feria Internacional de [&hellip;]<\/p>\n","protected":false},"author":1,"featured_media":2294,"comment_status":"open","ping_status":"open","sticky":false,"template":"","format":"standard","meta":{"footnotes":""},"categories":[7],"tags":[],"class_list":["post-2296","post","type-post","status-publish","format-standard","has-post-thumbnail","hentry","category-noticias-cervantina"],"_links":{"self":[{"href":"http:\/\/www.cervantinaesquivias.org\/wordpress\/wp-json\/wp\/v2\/posts\/2296","targetHints":{"allow":["GET"]}}],"collection":[{"href":"http:\/\/www.cervantinaesquivias.org\/wordpress\/wp-json\/wp\/v2\/posts"}],"about":[{"href":"http:\/\/www.cervantinaesquivias.org\/wordpress\/wp-json\/wp\/v2\/types\/post"}],"author":[{"embeddable":true,"href":"http:\/\/www.cervantinaesquivias.org\/wordpress\/wp-json\/wp\/v2\/users\/1"}],"replies":[{"embeddable":true,"href":"http:\/\/www.cervantinaesquivias.org\/wordpress\/wp-json\/wp\/v2\/comments?post=2296"}],"version-history":[{"count":0,"href":"http:\/\/www.cervantinaesquivias.org\/wordpress\/wp-json\/wp\/v2\/posts\/2296\/revisions"}],"wp:featuredmedia":[{"embeddable":true,"href":"http:\/\/www.cervantinaesquivias.org\/wordpress\/wp-json\/wp\/v2\/media\/2294"}],"wp:attachment":[{"href":"http:\/\/www.cervantinaesquivias.org\/wordpress\/wp-json\/wp\/v2\/media?parent=2296"}],"wp:term":[{"taxonomy":"category","embeddable":true,"href":"http:\/\/www.cervantinaesquivias.org\/wordpress\/wp-json\/wp\/v2\/categories?post=2296"},{"taxonomy":"post_tag","embeddable":true,"href":"http:\/\/www.cervantinaesquivias.org\/wordpress\/wp-json\/wp\/v2\/tags?post=2296"}],"curies":[{"name":"wp","href":"https:\/\/api.w.org\/{rel}","templated":true}]}}