{"id":2256,"date":"2015-11-05T18:55:46","date_gmt":"2015-11-05T18:55:46","guid":{"rendered":"http:\/\/www.cervantinaesquivias.org\/wordpress\/2015\/11\/05\/celebracion-de-los-desposorios-de-cervantes-y-catalina-dentro-de-los-actos-de-la-xxxvi-jornadas-cervantinas-de-esquivias-declaradas-fiesta-de-interes-turistico-regional-de-clm-diciembre-2015\/"},"modified":"2015-11-05T18:55:46","modified_gmt":"2015-11-05T18:55:46","slug":"celebracion-de-los-desposorios-de-cervantes-y-catalina-dentro-de-los-actos-de-la-xxxvi-jornadas-cervantinas-de-esquivias-declaradas-fiesta-de-interes-turistico-regional-de-clm-diciembre-2015","status":"publish","type":"post","link":"http:\/\/www.cervantinaesquivias.org\/wordpress\/2015\/11\/05\/celebracion-de-los-desposorios-de-cervantes-y-catalina-dentro-de-los-actos-de-la-xxxvi-jornadas-cervantinas-de-esquivias-declaradas-fiesta-de-interes-turistico-regional-de-clm-diciembre-2015\/","title":{"rendered":"CELEBRACI\u00d3N DE LOS DESPOSORIOS DE CERVANTES Y CATALINA. DENTRO DE LOS ACTOS DE LA XXXVI JORNADAS CERVANTINAS DE ESQUIVIAS. DECLARADAS FIESTA DE INTER\u00c9S TUR\u00cdSTICO REGIONAL DE CLM. DICIEMBRE 2015."},"content":{"rendered":"<p style=\"text-align: justify;\" mce_style=\"text-align: justify;\"><span style=\"font-size: medium;\" mce_style=\"font-size: medium;\"><span style=\"font-family: verdana, geneva;\" mce_style=\"font-family: verdana, geneva;\">El Excmo. Ayuntamiento de Esquivias ha organizando los Desposorios de Cervantes y Catalina, dentro de la XXXVI Edici\u00f3n de las Jornadas Cervantinas de Esquivias, declaradas <b>Fiesta de Inter\u00e9s Tur\u00edstico Regional de Castilla la Mancha, <\/b>en conmemoraci\u00f3n del CDXXXI Aniversario de la Boda de Miguel de Cervantes Saavedra con Catalina de Salazar y Palacios, acaecido en el Lugar de Esquivias el 12 de Diciembre de 1.584.<\/span><\/span><\/p>\n<p style=\"text-align: justify;\" mce_style=\"text-align: justify;\"><\/p>\n<p style=\"text-align: center;\" mce_style=\"text-align: center;\"><img loading=\"lazy\" decoding=\"async\" class=\" size-full wp-image-2172 size-full wp-image-2172\" src=\"http:\/\/www.cervantinaesquivias.org\/wordpress\/wp-content\/uploads\/2015\/11\/desposorios-web.jpg\" mce_src=\"http:\/\/www.cervantinaesquivias.org\/wordpress\/wp-content\/uploads\/2015\/11\/desposorios-web.jpg\" alt=\"alt\" width=\"709\" height=\"1009\" srcset=\"http:\/\/www.cervantinaesquivias.org\/wordpress\/wp-content\/uploads\/2015\/11\/desposorios-web.jpg 709w, http:\/\/www.cervantinaesquivias.org\/wordpress\/wp-content\/uploads\/2015\/11\/desposorios-web-211x300.jpg 211w\" sizes=\"auto, (max-width: 709px) 100vw, 709px\" \/><\/p>\n<p style=\"text-align: justify;\" mce_style=\"text-align: justify;\"><\/p>\n<p style=\"text-align: justify;\" mce_style=\"text-align: justify;\"><span style=\"font-size: medium;\" mce_style=\"font-size: medium;\"><span style=\"font-family: verdana, geneva;\" mce_style=\"font-family: verdana, geneva;\">Para potenciar m\u00e1s a\u00fan dichas Jornadas, la Sociedad Cervantina de Esquivias propuso al actual Equipo de Gobierno celebrar los Desposorios de Cervantes y Catalina, con un amplio proyecto, siendo este acogido con decisi\u00f3n y entusiasmo por los representantes de la Corporaci\u00f3n Municipal.<\/span><\/span><\/p>\n<p><\/p>\n<p><!--more--><\/p>\n<p><\/p>\n<p><\/p>\n<p style=\"text-align: justify;\" mce_style=\"text-align: justify;\"><span style=\"font-size: medium;\" mce_style=\"font-size: medium;\"><span style=\"font-family: verdana, geneva;\" mce_style=\"font-family: verdana, geneva;\">La representaci\u00f3n de los Desposorios, se ha desarrollado por las calles y plazas de Esquivias, que se hallaban engalanadas, como corresponde al acontecimiento a celebrar.<\/span><\/span><\/p>\n<p style=\"text-align: justify;\" mce_style=\"text-align: justify;\"><span style=\"font-size: medium;\" mce_style=\"font-size: medium;\"><span style=\"font-family: verdana, geneva;\" mce_style=\"font-family: verdana, geneva;\">Se formaron los s\u00e9quitos nupciales de Cervantes y sus invitados, y de Catalina con los suyos.\u00a0<\/span><\/span><\/p>\n<p style=\"text-align: justify;\" mce_style=\"text-align: justify;\"><span style=\"font-size: medium;\" mce_style=\"font-size: medium;\"><span style=\"font-family: verdana, geneva;\" mce_style=\"font-family: verdana, geneva;\">No faltaron los personajes invitados, venidos de otros lugares, como: El Duque de B\u00e9jar, a quien Cervantes tiene prometido en esas fechas, dedicarle el mejor libro que pueda escribir; los Hidalgos apellidados Quixada, Salazar, etc. aflorando entre estas dos familias viejos rencores que hacen peligrar la armon\u00eda que debe reinar en estas celebraciones.<\/span><\/span><\/p>\n<p style=\"text-align: justify;\" mce_style=\"text-align: justify;\"><span style=\"font-size: medium;\" mce_style=\"font-size: medium;\"><span style=\"font-family: verdana, geneva;\" mce_style=\"font-family: verdana, geneva;\">El proyecto inicial, cuenta con la posible participaci\u00f3n de 260 personas -pudiendo ser ampliado el n\u00famero, seg\u00fan la participaci\u00f3n-, todos totalmente identificados, sobre personas que viv\u00edan y conviv\u00edan en el Lugar de Esquivias, ya fueran familiares de Catalina de Salazar, o de familias de pecheros, Uxena, Carrasco, Alonso, Rodr\u00edguez, Mart\u00edn, etc. de \u00edntima relaci\u00f3n con la hidalga esquiviana y su familia, en la fecha del 12 de Diciembre de 1.584.<\/span><\/span><\/p>\n<p style=\"text-align: justify;\" mce_style=\"text-align: justify;\"><span style=\"font-size: medium;\" mce_style=\"font-size: medium;\"><span style=\"font-family: verdana, geneva;\" mce_style=\"font-family: verdana, geneva;\">No faltan los moriscos, sobre todo los de apellido Ricote, que conviv\u00edan en la unidad familiar de Hernando de Gaona y Luisa de Godoy, padres de Sancho.<\/span><\/span><\/p>\n<p style=\"text-align: justify;\" mce_style=\"text-align: justify;\"><span style=\"font-size: medium;\" mce_style=\"font-size: medium;\"><span style=\"font-family: verdana, geneva;\" mce_style=\"font-family: verdana, geneva;\">La participaci\u00f3n ha sido numerosa, para lo cual, la Asociaci\u00f3n de Mujeres \u00abCatalina de Palacios\u00bb de Esquivias, ha participado activamente, incluso confeccionando vestimentas adecuadas a la \u00e9poca de los desposorios, as\u00ed como participar activamente en los cortejos nupciales.<\/span><\/span><\/p>\n<p style=\"text-align: justify;\" mce_style=\"text-align: justify;\"><span style=\"font-size: medium;\" mce_style=\"font-size: medium;\"><span style=\"font-family: verdana, geneva;\" mce_style=\"font-family: verdana, geneva;\">El p\u00fablico asistente tambi\u00e9n ha participado activamente, algunos, ataviados con alguna prenda del siglo XVI, para hallarse en consonancia con los personajes representados.<\/span><\/span><\/p>\n<p style=\"text-align: justify;\" mce_style=\"text-align: justify;\"><span style=\"font-size: medium;\" mce_style=\"font-size: medium;\"><span style=\"font-family: verdana, geneva;\" mce_style=\"font-family: verdana, geneva;\">Esta representaci\u00f3n, se ha realizado el d\u00eda 08 de Diciembre de 2015, por la calles y \u00a0plazas de Esquivias, habiendo sido invitado todo el vecindario, de forma gratuita, a lo largo del recorrido, siendo iniciada por Cervantes y sus invitados, y que ha discurrido por: Calle las Pozas; Plaza Mayor; Calle Juan de Austria; Calle Lepanto; Plaza de Espa\u00f1a (Con parada en el Mes\u00f3n y Posada de el Vizca\u00edno); Calle Catalina de Palacios (Vivienda Natal de Catalina de Salazar y Palacios), d\u00f3nde se uni\u00f3 la comitiva de los Quixada; de nuevo por la Plaza de Espa\u00f1a; Calle Real (hoy Juan de \u00c1valos); Plaza Astrana Mar\u00edn; Iglesia Parroquial; Paseo de los \u00c1lamos; Calle Juan de Austria; Calle Lepanto; Plaza de Espa\u00f1a; Calle Catalina de Palacios; para terminar en el Museo-Casa de Cervantes, situado en la Plaza de Cervantes, donde Miguel y Catalina dirigieron unas palabras de agradecimiento a todos los asistentes.<\/span><\/span><\/p>\n<p style=\"text-align: justify;\" mce_style=\"text-align: justify;\"><span style=\"font-size: medium;\" mce_style=\"font-size: medium;\"><span style=\"font-family: verdana, geneva;\" mce_style=\"font-family: verdana, geneva;\">En varios lugares puntuales del recorrido, se desarrollar\u00e1n diversas escenas, sobre todo de las pendencias entre los Quixada y los Salazar, junto con otros momentos mas festivos, como el baile nupcial que hicieron Aldonza de C\u00e1rdenas y Juana Lorenzo, invitando a Catalina de Salazar a unirse a dicho baile.<\/span><\/span><\/p>\n<p style=\"text-align: justify;\" mce_style=\"text-align: justify;\"><span style=\"font-size: medium;\" mce_style=\"font-size: medium;\"><span style=\"font-family: verdana, geneva;\" mce_style=\"font-family: verdana, geneva;\">Como no pod\u00eda ser de otra forma, tambi\u00e9n el esp\u00edritu de Sancho se hallaba representado en esta fiesta, al celebrarse en Esquivias \u00abEl D\u00eda de la Tapa Cervantina\u00bb, en los establecimientos del g\u00e9nero. Adem\u00e1s de la excelente oferta gastron\u00f3mica existente, para todos los gustos y econom\u00edas.<\/span><\/span><\/p>\n<p style=\"text-align: justify;\" mce_style=\"text-align: justify;\"><span style=\"font-size: medium;\" mce_style=\"font-size: medium;\"><span style=\"font-family: verdana, geneva;\" mce_style=\"font-family: verdana, geneva;\">Bandos al uso, dieron conocimiento a todos de los actos a celebrar, no faltando los pregones que se dieron por las plazas y calles, como era de costumbre en el Lugar de Esquivias.<\/span><\/span><\/p>\n<p style=\"text-align: justify;\" mce_style=\"text-align: justify;\"><\/p>\n<p style=\"text-align: center;\" mce_style=\"text-align: center;\"><\/p>\n<p style=\"text-align: center;\" mce_style=\"text-align: center;\"><img loading=\"lazy\" decoding=\"async\" class=\" size-full wp-image-2173 size-full wp-image-2173\" src=\"http:\/\/www.cervantinaesquivias.org\/wordpress\/wp-content\/uploads\/2015\/11\/desp-01.jpg\" mce_src=\"http:\/\/www.cervantinaesquivias.org\/wordpress\/wp-content\/uploads\/2015\/11\/desp-01.jpg\" alt=\"alt\" width=\"466\" height=\"640\" srcset=\"http:\/\/www.cervantinaesquivias.org\/wordpress\/wp-content\/uploads\/2015\/11\/desp-01.jpg 466w, http:\/\/www.cervantinaesquivias.org\/wordpress\/wp-content\/uploads\/2015\/11\/desp-01-218x300.jpg 218w\" sizes=\"auto, (max-width: 466px) 100vw, 466px\" \/><\/p>\n<p style=\"text-align: center;\" mce_style=\"text-align: center;\"><span style=\"font-size: medium;\" mce_style=\"font-size: medium;\"><span style=\"font-family: verdana, geneva;\" mce_style=\"font-family: verdana, geneva;\">(Gabriel Ruiz, el pregonero que lo era del Lugar de Esquivias en el \u00faltimo tercio del siglo XVI, voceaba los pregones en los sitios de costumbre, con la retahila habitual: <i>\u00abCon el permiso del Sr. Alcalde, se hace saber: Que en el presente d\u00eda de hoy se van a celebrar los desposorios de Catalina de Salazar y Palacios, hija de Hernando de Salazar Vozmediano, que sea en gloria, con un forastero que se llama Miguel de Cervantes Saavedra y \u00a0que es natural de Alcal\u00e1 de Henares. El cortejo nupcial saldr\u00e1, para ir a buscar a Catalina, &#8230;\u00bb<\/i> y conclu\u00eda igual que hab\u00eda comenzado, con el toque de corneta).<\/span><\/span><\/p>\n<p style=\"text-align: center;\" mce_style=\"text-align: center;\"><span style=\"font-size: medium;\" mce_style=\"font-size: medium;\"><span style=\"font-family: verdana, geneva;\" mce_style=\"font-family: verdana, geneva;\"><br \/><\/span><\/span><\/p>\n<p style=\"text-align: justify;\" mce_style=\"text-align: justify;\"><span style=\"font-size: medium;\" mce_style=\"font-size: medium;\"><span style=\"font-family: verdana, geneva;\" mce_style=\"font-family: verdana, geneva;\">A los desposorios, acudieron mayormente mujeres, hidalgas o pecheras, mientras los hombres se hallaban recogiendo la cosecha de la aceituna, que este a\u00f1o se hab\u00eda adelantado.<\/span><\/span><\/p>\n<p style=\"text-align: justify;\" mce_style=\"text-align: justify;\"><\/p>\n<p style=\"text-align: justify;\" mce_style=\"text-align: justify;\"><\/p>\n<p style=\"text-align: justify;\" mce_style=\"text-align: justify;\"><\/p>\n<p style=\"text-align: center;\" mce_style=\"text-align: center;\"><img loading=\"lazy\" decoding=\"async\" class=\" size-full wp-image-2174 size-full wp-image-2174\" src=\"http:\/\/www.cervantinaesquivias.org\/wordpress\/wp-content\/uploads\/2015\/11\/desposorios-01-.jpg\" mce_src=\"http:\/\/www.cervantinaesquivias.org\/wordpress\/wp-content\/uploads\/2015\/11\/desposorios-01-.jpg\" alt=\"alt\" width=\"709\" height=\"471\" srcset=\"http:\/\/www.cervantinaesquivias.org\/wordpress\/wp-content\/uploads\/2015\/11\/desposorios-01-.jpg 709w, http:\/\/www.cervantinaesquivias.org\/wordpress\/wp-content\/uploads\/2015\/11\/desposorios-01--300x199.jpg 300w\" sizes=\"auto, (max-width: 709px) 100vw, 709px\" \/><\/p>\n<p style=\"text-align: center;\" mce_style=\"text-align: center;\"><span style=\"font-size: medium;\" mce_style=\"font-size: medium;\"><span style=\"color: rgb(0, 0, 0);\" mce_style=\"color: #000000;\"><span style=\"font-family: verdana, geneva;\" mce_style=\"font-family: verdana, geneva;\">(Catalina de Salazar y Palacios y Do\u00f1a Catalina de Palacios, quisieron hacerse un retrato con algunos de sus invitados, ya fueran Salazar como pecheros. De izquierda a derecha podemos ver a: Isabel de Uxena, casada con Bartolom\u00e9 de Olmedo, y prima de Juan de Uxena; Ana de Moya, pechera, casada con Diego de Uxena; Don Rodrigo Mex\u00eda, hidalgo, Alcalde de los Hijosdalgo del Lugar de Esquivias en dicho a\u00f1o de 1584; Francisca Hern\u00e1ndez, pechera, casada con Gaspar de Uxena; Petronila de Salazar y Ayala, casada con Juan Urreta de Rojas; Jer\u00f3nima de Salazar, casada con Juan de Briviesca y prima de Catalina de Salazar; Mar\u00eda Mart\u00edn, pechera, casada con Alonso de Uxena, el hortelano; Juana de Santill\u00e1n, casada con Gaspar de Guzm\u00e1n y C\u00e1rdenas, primo de Catalina de Salazar; Isabel de C\u00e1rdenas, casada con Francisco de Guzm\u00e1n, y prima de Catalina de Salazar; Catalina de Salazar y Palacios; Magdalena de Cervantes, hermana menor de Miguel de Cervantes; Do\u00f1a Catalina de Palacios y \u00a0Salazar, madre de la novia, viuda de Hernando de Salazar Vozmediano; Isabel de Briviesca y Salazar, doncella, persona de la m\u00e1xima confianza de Catalina de Salazar, hija de juan de Briviesca y de Jer\u00f3nima de Salazar; Catalina de Briviesca y Salazar, doncella, hermana de la anterior; Mar\u00eda de Guzm\u00e1n y C\u00e1rdenas, hija de Francisco de Guzm\u00e1n y de Isabel de C\u00e1rdenas; Don Lope Garc\u00eda de Salazar, hidalgo, cabeza visible de los Salazar del Lugar de Esquivias en esa fecha; Isabel de C\u00e1rdenas y Salazar, casada con Blas D\u00e1valos y Ayala, prima de Catalina de Salazar y Palacios; Ana de Morales, pechera, casada con Pedro de Uxena Mart\u00edn; y Mar\u00eda In\u00e9s Ram\u00edrez, pechera, casada con Barlolom\u00e9 de Uxena)<\/span><\/span><\/span><\/p>\n<p style=\"text-align: justify;\" mce_style=\"text-align: justify;\"><\/p>\n<p style=\"text-align: justify;\" mce_style=\"text-align: justify;\"><\/p>\n<p style=\"text-align: justify;\" mce_style=\"text-align: justify;\"><\/p>\n<p style=\"text-align: center;\" mce_style=\"text-align: center;\"><img loading=\"lazy\" decoding=\"async\" class=\" size-full wp-image-2175 size-full wp-image-2175\" src=\"http:\/\/www.cervantinaesquivias.org\/wordpress\/wp-content\/uploads\/2015\/11\/desposorios-02.jpg\" mce_src=\"http:\/\/www.cervantinaesquivias.org\/wordpress\/wp-content\/uploads\/2015\/11\/desposorios-02.jpg\" alt=\"alt\" width=\"709\" height=\"471\" srcset=\"http:\/\/www.cervantinaesquivias.org\/wordpress\/wp-content\/uploads\/2015\/11\/desposorios-02.jpg 709w, http:\/\/www.cervantinaesquivias.org\/wordpress\/wp-content\/uploads\/2015\/11\/desposorios-02-300x199.jpg 300w\" sizes=\"auto, (max-width: 709px) 100vw, 709px\" \/><\/p>\n<p style=\"text-align: center;\" mce_style=\"text-align: center;\"><span style=\"font-size: medium;\" mce_style=\"font-size: medium;\"><span style=\"color: rgb(255, 0, 0);\" mce_style=\"color: #ff0000;\"><span style=\"font-family: verdana, geneva;\" mce_style=\"font-family: verdana, geneva;\"><span style=\"color: rgb(0, 0, 0);\" mce_style=\"color: #000000;\">(De izquierda a derecha: Isabel de Briviesca y Salazar, doncella, persona de la m\u00e1xima confianza de Catalina de Salazar y Palacios, hija de Juan de Briviesca y de Jer\u00f3nima de Salazar; Catalina de Briviesca y Salazar, hermana de la anterior; Isabel de C\u00e1rdenas, mujer de Francisco de Guzm\u00e1n, y prima de Catalina de Salazar y Palacios; Magdalena de Cervantes, hermana menor de Miguel de Cervantes; Mar\u00eda de Guzm\u00e1n y C\u00e1rdenas, doncella, hija de Francisco de Guzm\u00e1n y de Isabel de C\u00e1rdenas; Mar\u00eda de Briviesca y Salazar, hija mayor de Juan de Briviesca y Jer\u00f3nima de Salazar; Isabel de C\u00e1rdenas y Salazar, casada con Blas D\u00e1valos y Ayala).<\/span><\/span><\/span><\/span><\/p>\n<p style=\"text-align: justify;\" mce_style=\"text-align: justify;\"><\/p>\n<p style=\"text-align: justify;\" mce_style=\"text-align: justify;\"><\/p>\n<p style=\"text-align: justify;\" mce_style=\"text-align: justify;\"><\/p>\n<p style=\"text-align: justify;\" mce_style=\"text-align: justify;\"><img loading=\"lazy\" decoding=\"async\" class=\" size-full wp-image-2176 size-full wp-image-2176\" src=\"http:\/\/www.cervantinaesquivias.org\/wordpress\/wp-content\/uploads\/2015\/11\/desposorios-03.jpg\" mce_src=\"http:\/\/www.cervantinaesquivias.org\/wordpress\/wp-content\/uploads\/2015\/11\/desposorios-03.jpg\" alt=\"alt\" width=\"709\" height=\"471\" srcset=\"http:\/\/www.cervantinaesquivias.org\/wordpress\/wp-content\/uploads\/2015\/11\/desposorios-03.jpg 709w, http:\/\/www.cervantinaesquivias.org\/wordpress\/wp-content\/uploads\/2015\/11\/desposorios-03-300x199.jpg 300w\" sizes=\"auto, (max-width: 709px) 100vw, 709px\" \/><\/p>\n<p style=\"text-align: center;\" mce_style=\"text-align: center;\"><span style=\"font-size: medium;\" mce_style=\"font-size: medium;\"><span style=\"color: rgb(0, 0, 0);\" mce_style=\"color: #000000;\"><span style=\"font-family: verdana, geneva;\" mce_style=\"font-family: verdana, geneva;\">(De izquierda a derecha: Do\u00f1a Mar\u00eda de Salazar, viuda de Juan de Salazar (+1579), hija de Francisco de Palacios, el viejo, y de Mar\u00eda de Salazar, difuntos. As\u00ed mismo, era hermana de Do\u00f1a Catalina de Palacios y Salazar, madre de la novia; In\u00e9s de la Plaza, pechera, casada con Alonso de Uxena; Ana de la Pe\u00f1a, pechera, casada con Bartolom\u00e9 de la Pe\u00f1a; Maria Juana Rodriguez, pechera; Isabel de Briviesca y Salazar, doncella, hija de Juan de Briviesca y de Jer\u00f3nima de Salazar, persona de la m\u00e1xima confianza con Catalina de Salazar y Palacios; Catalina de Briviesca y Salazar, hermana de la anterior; Do\u00f1a Petronila de la Cuadra, esposa de Don Rodrigo Mex\u00eda; Isabel de C\u00e1rdenas, esposa de Francisco de Guzm\u00e1n, prima de Catalina de Salazar y Palacios; Ana Rodr\u00edguez, casada con Juan de Uxena, hija de Maria Juana Rodr\u00edguez; Magdalena de Cervantes, hermana menor de Miguel de Cervantes; Mar\u00eda de Guzm\u00e1n y C\u00e1rdenas, doncella, hija de Francisco de Guzm\u00e1n y de Isabel de C\u00e1rdenas; Mar\u00eda de Briviesca y Salazar, hija mayor de Juan de Briviesca y Jer\u00f3nima de Salazar; Isabel de C\u00e1rdenas y Salazar, casada con Blas D\u00e1valos y Ayala; Francisca Hern\u00e1ndez, pechera, casada con Gaspar de Uxena; y Juana de Vozmediano, prima de Catalina de Salazar y Palacios, por parte de padre, procedente de la aldea de Yeles).<\/span><\/span><\/span><\/p>\n<p style=\"text-align: justify;\" mce_style=\"text-align: justify;\"><\/p>\n<p style=\"text-align: justify;\" mce_style=\"text-align: justify;\"><\/p>\n<p style=\"text-align: justify;\" mce_style=\"text-align: justify;\"><\/p>\n<p style=\"text-align: center;\" mce_style=\"text-align: center;\"><img loading=\"lazy\" decoding=\"async\" class=\" size-full wp-image-2177 size-full wp-image-2177\" src=\"http:\/\/www.cervantinaesquivias.org\/wordpress\/wp-content\/uploads\/2015\/11\/desposorios-04.jpg\" mce_src=\"http:\/\/www.cervantinaesquivias.org\/wordpress\/wp-content\/uploads\/2015\/11\/desposorios-04.jpg\" alt=\"alt\" width=\"709\" height=\"471\" srcset=\"http:\/\/www.cervantinaesquivias.org\/wordpress\/wp-content\/uploads\/2015\/11\/desposorios-04.jpg 709w, http:\/\/www.cervantinaesquivias.org\/wordpress\/wp-content\/uploads\/2015\/11\/desposorios-04-300x199.jpg 300w\" sizes=\"auto, (max-width: 709px) 100vw, 709px\" \/><\/p>\n<p style=\"text-align: center;\" mce_style=\"text-align: center;\"><span style=\"font-size: medium;\" mce_style=\"font-size: medium;\"><span style=\"color: rgb(0, 0, 0);\" mce_style=\"color: #000000;\"><span style=\"font-family: verdana, geneva;\" mce_style=\"font-family: verdana, geneva;\">(Mar\u00eda de Guzm\u00e1n y C\u00e1rdenas, hija de Francisco de Guzm\u00e1n y de Isabel de Cardenas; y Isabel de Briviesca y Salazar, hija de Juan de Briviesca y Jer\u00f3nima de Salazar, que sal\u00edan de la vivienda de Catalina de Salazar, habi\u00e9ndola ayudado a vestir el traje de novia; Juana de Santill\u00e1n, casada con Gaspar de Guzm\u00e1n y C\u00e1rdenas; Isabel de C\u00e1rdenas y Salazar, casada con Blas D\u00e1valos y Ayala; Magdalena de Cervantes; Isabel de C\u00e1rdenas, casada con Francisco de Guzm\u00e1n; Mar\u00eda de Briviesca y Salazar, hija mayor de Juan de Briviesca y Jer\u00f3nima de Salazar, casada con Juan D\u00e1valos y Ayala; el ni\u00f1o Sebasti\u00e1n de Briviesca y Salazar, hijo de Juan de Briviesca y Jer\u00f3nima de Salazar; la ni\u00f1a Juana de Briviesca y Salazar, hija de Juan de Briviesca y Jer\u00f3nima de Salazar; el ni\u00f1o Antonio de Briviesca y Salazar, hijo de Juan de Briviesca y Jer\u00f3nima de Salazar;\u00a0<\/span><\/span><\/span><span style=\"color: rgb(0, 0, 0); font-family: verdana, geneva; font-size: medium; line-height: 1.3em;\" mce_style=\"color: #000000; font-family: verdana, geneva; font-size: medium; line-height: 1.3em;\">Do\u00f1a Mar\u00eda de Salazar, viuda de Juan de Salazar (+1579), hermana de Do\u00f1a Catalina de Palacios y Salazar, madre de la novia; Quiteria de Palacios y Salazar, doncella, hija de Juan de Salazar, difunto (+1579) y de Mar\u00eda de Salazar; Quiteria de Palacios \u00cd\u00f1iguez, hija de Don Lope Garc\u00eda de Salazar y de Do\u00f1a Mar\u00eda \u00cd\u00f1iguez, difunta; Mar\u00eda In\u00e9s Ram\u00edrez, pechera, casada con Bartolom\u00e9 de Uxena; Don Lope Garc\u00eda de Salazar, en representaci\u00f3n de los Salazar del Lugar de Esquivias; Jer\u00f3nima de Salazar, prima de Catalina de Salazar y Palacios, casada con Juan de Briviesca; y Petronila de Salazar y Ayala, casada con Juan Urreta de Rojas).<\/span><\/p>\n<p style=\"text-align: justify;\" mce_style=\"text-align: justify;\"><\/p>\n<p style=\"text-align: justify;\" mce_style=\"text-align: justify;\"><\/p>\n<p style=\"text-align: center;\" mce_style=\"text-align: center;\"><img loading=\"lazy\" decoding=\"async\" class=\" size-full wp-image-2178 size-full wp-image-2178\" src=\"http:\/\/www.cervantinaesquivias.org\/wordpress\/wp-content\/uploads\/2015\/11\/desposorios-05.jpg\" mce_src=\"http:\/\/www.cervantinaesquivias.org\/wordpress\/wp-content\/uploads\/2015\/11\/desposorios-05.jpg\" alt=\"alt\" width=\"709\" height=\"471\" srcset=\"http:\/\/www.cervantinaesquivias.org\/wordpress\/wp-content\/uploads\/2015\/11\/desposorios-05.jpg 709w, http:\/\/www.cervantinaesquivias.org\/wordpress\/wp-content\/uploads\/2015\/11\/desposorios-05-300x199.jpg 300w\" sizes=\"auto, (max-width: 709px) 100vw, 709px\" \/><\/p>\n<p style=\"text-align: center;\" mce_style=\"text-align: center;\"><span style=\"font-size: medium;\" mce_style=\"font-size: medium;\"><span style=\"color: rgb(0, 0, 0);\" mce_style=\"color: #000000;\"><span style=\"font-family: verdana, geneva;\" mce_style=\"font-family: verdana, geneva;\">(Pedro Alonso, zagal (13 a\u00f1os), hijo de Mart\u00edn Alonso y de Luc\u00eda Romana; Maria Juana Rodriguez, pechera; Luc\u00eda Romana, casada con Mart\u00edn Alonso; Don Rodrigo Mex\u00eda, Alcalde por el estado de los Hijosdalgo del Lugar de Esquivias en dicho a\u00f1o de 1584; Mar\u00eda de Guzm\u00e1n y C\u00e1rdenas, hija de Francisco de Guzm\u00e1n y de Isabel de C\u00e1rdenas, prima de Catalina de Salazar y Palacios; Isabel de Briviesca y Salazar, hija de Juan de Briviesca y de Jer\u00f3nima de Salazar; Catalina de Briviesca y Salazar, hermana de la anterior; Isabel de C\u00e1rdenas y Salazar, casada con Blas D\u00e1valos y Ayala; Juana de Santillan, casada con Gaspar de Guzm\u00e1n y C\u00e1rdenas; Magdalena de Cervantes; Juana de Vozmediano, prima de Catalina de Salazar y Palacios, por parte de padre; Isabel de C\u00e1rdenas, casada con Francisco de Guzm\u00e1n; Mar\u00eda de Briviesca y Salazar, hija mayor de Juan de Briviesca y Jer\u00f3nima de Salazar, casada con Juan D\u00e1valos y Ayala; Petronila de Salazar y Ayala, casada con Juan Urreta de Rojas; Jer\u00f3nima de Salazar, casada con Juan de Briviesca; y Quiteria de Palacios \u00cd\u00f1iguez, doncella, hija de Don Lope Garc\u00eda de Salazar y de Do\u00f1a Mar\u00eda \u00cd\u00f1iguez, difunta).<\/span><\/span><\/span><\/p>\n<p style=\"text-align: justify;\" mce_style=\"text-align: justify;\"><\/p>\n<p style=\"text-align: justify;\" mce_style=\"text-align: justify;\"><\/p>\n<p style=\"text-align: center;\" mce_style=\"text-align: center;\"><img loading=\"lazy\" decoding=\"async\" class=\" size-full wp-image-2179 size-full wp-image-2179\" src=\"http:\/\/www.cervantinaesquivias.org\/wordpress\/wp-content\/uploads\/2015\/11\/desp-02.jpg\" mce_src=\"http:\/\/www.cervantinaesquivias.org\/wordpress\/wp-content\/uploads\/2015\/11\/desp-02.jpg\" alt=\"alt\" width=\"709\" height=\"502\" srcset=\"http:\/\/www.cervantinaesquivias.org\/wordpress\/wp-content\/uploads\/2015\/11\/desp-02.jpg 709w, http:\/\/www.cervantinaesquivias.org\/wordpress\/wp-content\/uploads\/2015\/11\/desp-02-300x212.jpg 300w\" sizes=\"auto, (max-width: 709px) 100vw, 709px\" \/><\/p>\n<p style=\"text-align: center;\" mce_style=\"text-align: center;\"><span style=\"font-size: medium;\" mce_style=\"font-size: medium;\"><span style=\"color: rgb(0, 0, 0);\" mce_style=\"color: #000000;\"><span style=\"font-family: verdana, geneva;\" mce_style=\"font-family: verdana, geneva;\">(La comitiva nupcial de Miguel de Cervantes avanzaba entre el ardor popular de los vecinos del Lugar de Esquivias).<\/span><\/span><\/span><\/p>\n<p style=\"text-align: center;\" mce_style=\"text-align: center;\"><\/p>\n<p style=\"text-align: justify;\" mce_style=\"text-align: justify;\"><\/p>\n<p style=\"text-align: center;\" mce_style=\"text-align: center;\"><img loading=\"lazy\" decoding=\"async\" class=\" size-full wp-image-2180 size-full wp-image-2180\" src=\"http:\/\/www.cervantinaesquivias.org\/wordpress\/wp-content\/uploads\/2015\/11\/desposorios-07.jpg\" mce_src=\"http:\/\/www.cervantinaesquivias.org\/wordpress\/wp-content\/uploads\/2015\/11\/desposorios-07.jpg\" alt=\"alt\" width=\"709\" height=\"710\" srcset=\"http:\/\/www.cervantinaesquivias.org\/wordpress\/wp-content\/uploads\/2015\/11\/desposorios-07.jpg 709w, http:\/\/www.cervantinaesquivias.org\/wordpress\/wp-content\/uploads\/2015\/11\/desposorios-07-300x300.jpg 300w, http:\/\/www.cervantinaesquivias.org\/wordpress\/wp-content\/uploads\/2015\/11\/desposorios-07-150x150.jpg 150w\" sizes=\"auto, (max-width: 709px) 100vw, 709px\" \/><\/p>\n<p style=\"text-align: center;\" mce_style=\"text-align: center;\"><span style=\"font-size: medium;\" mce_style=\"font-size: medium;\">(Don Rodrigo Mex\u00eda y Quixada, Alcalde del Lugar de Esquivias por el estado de los Hijosdalgo, acompa\u00f1ado de su esposa Dona Petronila de la Cuadra, ante la atenta mirada de Francisca Hern\u00e1ndez, esposa de Gaspar de Uxena\u00f1, pecheros).<\/span><\/p>\n<p style=\"text-align: justify;\" mce_style=\"text-align: justify;\"><\/p>\n<p style=\"text-align: justify;\" mce_style=\"text-align: justify;\"><\/p>\n<p style=\"text-align: center;\" mce_style=\"text-align: center;\"><img loading=\"lazy\" decoding=\"async\" class=\" size-full wp-image-2181 size-full wp-image-2181\" src=\"http:\/\/www.cervantinaesquivias.org\/wordpress\/wp-content\/uploads\/2015\/11\/desp-03.jpg\" mce_src=\"http:\/\/www.cervantinaesquivias.org\/wordpress\/wp-content\/uploads\/2015\/11\/desp-03.jpg\" alt=\"alt\" width=\"709\" height=\"472\" srcset=\"http:\/\/www.cervantinaesquivias.org\/wordpress\/wp-content\/uploads\/2015\/11\/desp-03.jpg 709w, http:\/\/www.cervantinaesquivias.org\/wordpress\/wp-content\/uploads\/2015\/11\/desp-03-300x200.jpg 300w\" sizes=\"auto, (max-width: 709px) 100vw, 709px\" \/><\/p>\n<p style=\"text-align: center;\" mce_style=\"text-align: center;\"><span style=\"font-size: medium;\" mce_style=\"font-size: medium;\"><span style=\"font-family: verdana, geneva;\" mce_style=\"font-family: verdana, geneva;\">(La llegada de Miguel de Cervantes a la vivienda natal de Catalina de Salazar, dando el brazo a su hermana Andrea, ante la atenta mirada de los Salazar).<\/span><\/span><\/p>\n<p style=\"text-align: justify;\" mce_style=\"text-align: justify;\"><\/p>\n<p style=\"text-align: justify;\" mce_style=\"text-align: justify;\"><\/p>\n<p style=\"text-align: center;\" mce_style=\"text-align: center;\"><img loading=\"lazy\" decoding=\"async\" class=\" size-full wp-image-2182 size-full wp-image-2182\" src=\"http:\/\/www.cervantinaesquivias.org\/wordpress\/wp-content\/uploads\/2015\/11\/desposorios-08.jpg\" mce_src=\"http:\/\/www.cervantinaesquivias.org\/wordpress\/wp-content\/uploads\/2015\/11\/desposorios-08.jpg\" alt=\"alt\" width=\"709\" height=\"1066\" srcset=\"http:\/\/www.cervantinaesquivias.org\/wordpress\/wp-content\/uploads\/2015\/11\/desposorios-08.jpg 709w, http:\/\/www.cervantinaesquivias.org\/wordpress\/wp-content\/uploads\/2015\/11\/desposorios-08-200x300.jpg 200w, http:\/\/www.cervantinaesquivias.org\/wordpress\/wp-content\/uploads\/2015\/11\/desposorios-08-681x1024.jpg 681w\" sizes=\"auto, (max-width: 709px) 100vw, 709px\" \/><\/p>\n<p style=\"text-align: center;\" mce_style=\"text-align: center;\"><span style=\"font-size: medium;\" mce_style=\"font-size: medium;\">(En primero plano, Constanza de Ovando, hija de Andrea de Cervantes, del brazo de Rodrigo de Cervantes, hermano de Miguel. En segundo plano, Do\u00f1a Juana Gayt\u00e1n y el Duque de B\u00e9jar).\u00a0<\/span><\/p>\n<p style=\"text-align: justify;\" mce_style=\"text-align: justify;\"><\/p>\n<p style=\"text-align: justify;\" mce_style=\"text-align: justify;\"><\/p>\n<p style=\"text-align: center;\" mce_style=\"text-align: center;\"><img loading=\"lazy\" decoding=\"async\" class=\" size-full wp-image-2183 size-full wp-image-2183\" src=\"http:\/\/www.cervantinaesquivias.org\/wordpress\/wp-content\/uploads\/2015\/11\/desposorios-10.jpg\" mce_src=\"http:\/\/www.cervantinaesquivias.org\/wordpress\/wp-content\/uploads\/2015\/11\/desposorios-10.jpg\" alt=\"alt\" width=\"709\" height=\"793\" srcset=\"http:\/\/www.cervantinaesquivias.org\/wordpress\/wp-content\/uploads\/2015\/11\/desposorios-10.jpg 709w, http:\/\/www.cervantinaesquivias.org\/wordpress\/wp-content\/uploads\/2015\/11\/desposorios-10-268x300.jpg 268w\" sizes=\"auto, (max-width: 709px) 100vw, 709px\" \/><\/p>\n<p style=\"text-align: center;\" mce_style=\"text-align: center;\"><span style=\"font-size: medium;\" mce_style=\"font-size: medium;\">(En representaci\u00f3n de la familia Gaona, acudieron a los desposorios Don Hernando de Gaona, que daba el brazo a su esposa Do\u00f1a Luisa de Godoy y Quixada. Les acompa\u00f1a uno de sus hijos: Sancho).<\/span><\/p>\n<p style=\"text-align: justify;\" mce_style=\"text-align: justify;\"><\/p>\n<p style=\"text-align: justify;\" mce_style=\"text-align: justify;\"><\/p>\n<p style=\"text-align: center;\" mce_style=\"text-align: center;\"><img loading=\"lazy\" decoding=\"async\" class=\" size-full wp-image-2184 size-full wp-image-2184\" src=\"http:\/\/www.cervantinaesquivias.org\/wordpress\/wp-content\/uploads\/2015\/11\/desposorios-11.jpg\" mce_src=\"http:\/\/www.cervantinaesquivias.org\/wordpress\/wp-content\/uploads\/2015\/11\/desposorios-11.jpg\" alt=\"alt\" width=\"709\" height=\"805\" srcset=\"http:\/\/www.cervantinaesquivias.org\/wordpress\/wp-content\/uploads\/2015\/11\/desposorios-11.jpg 709w, http:\/\/www.cervantinaesquivias.org\/wordpress\/wp-content\/uploads\/2015\/11\/desposorios-11-264x300.jpg 264w\" sizes=\"auto, (max-width: 709px) 100vw, 709px\" \/><\/p>\n<p style=\"text-align: center;\" mce_style=\"text-align: center;\"><span style=\"font-size: medium;\" mce_style=\"font-size: medium;\">(Ana Loren\u00e7ana, esposa de Juan Lorenzo, y Do\u00f1a Elvira D\u00e1valos y Toledo, que se hallaba haciendo planes de boda con Gonzalo de Guzm\u00e1n y Salazar, primo de Catalina de Salazar y Palacios. As\u00ed mismo, Do\u00f1a Elvira D\u00e1valos era sobrina de Don Andr\u00e9s N\u00fa\u00f1ez de Madrid, cura de la iglesia de Santo Tom\u00e9 en Toledo).<\/span><\/p>\n<p style=\"text-align: justify;\" mce_style=\"text-align: justify;\"><\/p>\n<p style=\"text-align: justify;\" mce_style=\"text-align: justify;\"><\/p>\n<p style=\"text-align: center;\" mce_style=\"text-align: center;\"><img loading=\"lazy\" decoding=\"async\" class=\" size-full wp-image-2185 size-full wp-image-2185\" src=\"http:\/\/www.cervantinaesquivias.org\/wordpress\/wp-content\/uploads\/2015\/11\/desposorios-12.jpg\" mce_src=\"http:\/\/www.cervantinaesquivias.org\/wordpress\/wp-content\/uploads\/2015\/11\/desposorios-12.jpg\" alt=\"alt\" width=\"709\" height=\"371\" srcset=\"http:\/\/www.cervantinaesquivias.org\/wordpress\/wp-content\/uploads\/2015\/11\/desposorios-12.jpg 709w, http:\/\/www.cervantinaesquivias.org\/wordpress\/wp-content\/uploads\/2015\/11\/desposorios-12-300x157.jpg 300w\" sizes=\"auto, (max-width: 709px) 100vw, 709px\" \/><\/p>\n<p style=\"text-align: center;\" mce_style=\"text-align: center;\"><span style=\"font-size: medium;\" mce_style=\"font-size: medium;\"><span style=\"font-family: verdana, geneva;\" mce_style=\"font-family: verdana, geneva;\">(El p\u00fablico asistente a los desposorios puso algunas dificultades al cortejo nupcial de Miguel de Cervantes a su llegada a la vivienda de Catalina de Salazar, debido a la expectaci\u00f3n que se cre\u00f3 con estos desposorios. Del primer plano para atr\u00e1s, vemos a Ana Loren\u00e7ana, esposa de Juan Lorenzo; Aldonza de C\u00e1rdenas, hija de Isabel de C\u00e1rdenas y Salazar y de Blas D\u00e1valos y Ayala, por tanto prima en quinto grado de consanguinidad con Catalina de Salazar y Palacios; de su brazo, Juana Lorenzo, hija de Juan Lorenzo y Ana Loren\u00e7ana; a continuaci\u00f3n, dos mujeres de pecheros, que solo iban a curiosear, criticar, etc. y que se incorporaron al cortejo con objeto de captar mas detalles: Catalina de Cepeda, casada con Gonzalo P\u00e9rez del Castillo, y Juana Capoche, casada con Miguel S\u00e1nchez, el herrador; detr\u00e1s, Andr\u00e9s Mart\u00edn Toledano, alcalde por el estado de pecheros, u hombres buenos, que daba el brazo a su mujer, Isabel Alonso. Isabel Alonso era hermana de Mart\u00edn Alonso, que trabajaba como mozo de mulas en casa de Catalina de Salazar y Palacios. As\u00ed mismo, Mart\u00edn Alonso, se hallaba casado con Luc\u00eda Romana, y por tanto, eran los padres de Pedro Alonso, zagal; detr\u00e1s, mas mujeres de pecheros, como son: Luisa de la Cruz, casada con Francisco de Pastrana; Guiomar Pantoja, casada con Luis de la Plaza; Mari Cabello, casada con Marcos Mart\u00edn; In\u00e9s L\u00f3pez, casada con Bartolom\u00e9 Doblado; y Luc\u00eda Fern\u00e1ndez, casada con Alonso Fern\u00e1ndez de Villaseca).<\/span><\/span><\/p>\n<p style=\"text-align: justify;\" mce_style=\"text-align: justify;\"><\/p>\n<p style=\"text-align: justify;\" mce_style=\"text-align: justify;\"><\/p>\n<p style=\"text-align: center;\" mce_style=\"text-align: center;\"><img loading=\"lazy\" decoding=\"async\" class=\" size-full wp-image-2186 size-full wp-image-2186\" src=\"http:\/\/www.cervantinaesquivias.org\/wordpress\/wp-content\/uploads\/2015\/11\/desposorios-13.jpg\" mce_src=\"http:\/\/www.cervantinaesquivias.org\/wordpress\/wp-content\/uploads\/2015\/11\/desposorios-13.jpg\" alt=\"alt\" width=\"709\" height=\"658\" srcset=\"http:\/\/www.cervantinaesquivias.org\/wordpress\/wp-content\/uploads\/2015\/11\/desposorios-13.jpg 709w, http:\/\/www.cervantinaesquivias.org\/wordpress\/wp-content\/uploads\/2015\/11\/desposorios-13-300x278.jpg 300w\" sizes=\"auto, (max-width: 709px) 100vw, 709px\" \/><\/p>\n<p style=\"text-align: center;\" mce_style=\"text-align: center;\"><span style=\"font-size: medium;\" mce_style=\"font-size: medium;\"><span style=\"font-family: verdana, geneva;\" mce_style=\"font-family: verdana, geneva;\">(A los desposorios se presentaron por sorpresa, ya que no fueron invitados, una representaci\u00f3n de los Quixada del Lugar de Esquivias, con Gabriel Quixada de Salazar a la cabeza -que ostentaba el Mayorazgo de esta familia, a sus 15 a\u00f1os de edad en estas fechas-. Gabriel Quixada de Salazar era hijo de Juan Quixada de Salazar -que gan\u00f3 Carta Executoria de Hidalgui\u00eda para los Quixada del Lugar de Esquivias, en fecha 30 de Noviembre de 1569-, y de Leonor de Sal\u00e7edo. Este Gabriel Quixada de Salazar, siendo el tercero de los hijos de dicho matrimonio, hered\u00f3 el Mayorazgo por el fallecimiento del primog\u00e9nito, que fue bautizado con el nombre de Gabriel. No obstante de haber sido bautizado, este Gabriel Quixada de Salazar con el nombre de Guti\u00e9rre, se le hizo el cambio de nombre para tener una representaci\u00f3n mas ajustada a la tradici\u00f3n familiar -El segundo de los hijos de Juan Quixada y Leonor de Sal\u00e7edo fue Juana, que, por su condici\u00f3n de mujer, no tuvo derecho hereditario sobre el Mayorazgo de los Quixada-. Detr\u00e1s de Gabriel se hallan: Do\u00f1a Mar\u00eda Quixada de Sala<\/span><span style=\"color: rgb(0, 0, 0);\" mce_style=\"color: #000000;\">zar, hermana de Gabriel, que corresponde a la actitud de esta familia con los brazos \u00aben jarras\u00bb; <\/span><span style=\"font-family: verdana, geneva;\" mce_style=\"font-family: verdana, geneva;\">Alonso Quixada de Salazar, hijo de Gabriel Quixada de Salazar, el viejo, y de Melchora de Aguilar -Alonso Quixada de Salazar, era propietario de la segunda casa de los Quixada del Lugar de Esquivias. En estas fechas, se hallaba casado con Catalina de Pineda y Canales, teniendo este matrimonio en estas fechas como hijos a: Gabriel Quixada de Salazar, de 5 a\u00f1os; Pedro Quixada de Salazar, de tres a\u00f1os; y Melchora Quixada de Salazar, bautizada el 5 de Noviembre de este mismo a\u00f1o de 1584. En cuanto a su ascendencia materna, Melchora de Aguilar era hija de Alonso S\u00e1nchez, difunto, llamado tambi\u00e9n \u00abcal y arena\u00bb por su origen jud\u00edo. Por su ascendencia paterna, el hecho mas recordado de su padre, Gabriel Quixada de Salazar, el viejo, que fue bautizado el 3 de Mayo de 1530 por el cura de la ermita de San Bernab\u00e9 de Esquivias, situada en el extrarradio de dicho Lugar, y que firmaba las actas con los nombres de Petrus P\u00e9rez, unas veces, y de Pero P\u00e9rez, otras-: Gutierre Quixada de Salazar, que era hermano de Juan Quixada de Salazar, por tanto tio del Mayorazgo Gabriel Quixada de Salazar; Gabriel Quixada de Salazar, el viejo, hermano de Juan Quixada de Salazar, y por tanto, tio de Gabriel Quixada de Salazar; Don Juan Quixada de Salazar, padre de Gabriel Quixada de Salazar, el Mayorazgo -que gan\u00f3 Carta de Executoria de Hidalguia de esta familia-. Juan Quixada de Salazar era hijo de Gabriel Quixada, difunto, natural del Lugar de Esquivias, y de Ana Su\u00e1rez Mej\u00eda, difunta, hija de Don Gonzalo Mej\u00eda de Godoy, que fuera Alcalde por el estado de los Hijosdalgo del Lugar de Esquivias en tiempo de las Comunidades. As\u00ed mismo, era nieto del Bachiller Juan Quixada, difunto, natural de Becilla de Valderaduey, y de Mar\u00eda de Salazar, difunta, hermana de Diego Garc\u00eda de Salazar -bisabuelo de Catalina de Salazar y Palacios-, siendo este el primer entronque de los Quixada y Salazar con los Garc\u00eda de Salazar y Palacios. La actitud de los Quixada se vio criticada por las mujeres de los pecheros: Mar\u00eda In\u00e9s Ram\u00edrez, casada con Bartolom\u00e9 de Uxena, y sobre todo por Luisa de la Cruz, casada con Francisco de Pastrana, que era una de las pecheras que mas cr\u00edticas manifestaron de todo el cortejo nupcial).<\/span><\/span><\/p>\n<p style=\"text-align: justify;\" mce_style=\"text-align: justify;\"><\/p>\n<p style=\"text-align: justify;\" mce_style=\"text-align: justify;\"><\/p>\n<p style=\"text-align: center;\" mce_style=\"text-align: center;\"><img loading=\"lazy\" decoding=\"async\" class=\" size-full wp-image-2187 size-full wp-image-2187\" src=\"http:\/\/www.cervantinaesquivias.org\/wordpress\/wp-content\/uploads\/2015\/11\/desposorios-14.jpg\" mce_src=\"http:\/\/www.cervantinaesquivias.org\/wordpress\/wp-content\/uploads\/2015\/11\/desposorios-14.jpg\" alt=\"alt\" width=\"709\" height=\"469\" srcset=\"http:\/\/www.cervantinaesquivias.org\/wordpress\/wp-content\/uploads\/2015\/11\/desposorios-14.jpg 709w, http:\/\/www.cervantinaesquivias.org\/wordpress\/wp-content\/uploads\/2015\/11\/desposorios-14-300x198.jpg 300w\" sizes=\"auto, (max-width: 709px) 100vw, 709px\" \/><\/p>\n<p style=\"text-align: center;\" mce_style=\"text-align: center;\"><span style=\"font-size: medium;\" mce_style=\"font-size: medium;\"><span style=\"font-family: verdana, geneva;\" mce_style=\"font-family: verdana, geneva;\">(A pesar de sus cortos 15 a\u00f1os -fue bautizado con el nombre de Gutierre, el 27 de Noviembre de 1569- ten\u00eda muy bien asumida su funci\u00f3n de Mayorazgo de los Quixada del Lugar de Esquivias, actitud que era secundada por su parientes. Mientras, las pecheras: Guiomar Pantoja, casada con Luis de la Plaza, y Catalina de Pastrana, casada con Benito Rodriguez, no perd\u00edan detalle de los hechos, para despu\u00e9s \u00abinformar\u00bb adecuadamente a las dem\u00e1s pecheras y a toda la gente que pudieran).<\/span>\u00a0<\/span><\/p>\n<p style=\"text-align: justify;\" mce_style=\"text-align: justify;\"><\/p>\n<p style=\"text-align: justify;\" mce_style=\"text-align: justify;\"><\/p>\n<p style=\"text-align: center;\" mce_style=\"text-align: center;\"><img loading=\"lazy\" decoding=\"async\" class=\" size-full wp-image-2188 size-full wp-image-2188\" src=\"http:\/\/www.cervantinaesquivias.org\/wordpress\/wp-content\/uploads\/2015\/11\/desp-04.jpg\" mce_src=\"http:\/\/www.cervantinaesquivias.org\/wordpress\/wp-content\/uploads\/2015\/11\/desp-04.jpg\" alt=\"alt\" width=\"709\" height=\"472\" srcset=\"http:\/\/www.cervantinaesquivias.org\/wordpress\/wp-content\/uploads\/2015\/11\/desp-04.jpg 709w, http:\/\/www.cervantinaesquivias.org\/wordpress\/wp-content\/uploads\/2015\/11\/desp-04-300x200.jpg 300w\" sizes=\"auto, (max-width: 709px) 100vw, 709px\" \/><\/p>\n<p style=\"text-align: center;\" mce_style=\"text-align: center;\"><span style=\"font-size: medium;\" mce_style=\"font-size: medium;\"><span style=\"font-family: verdana, geneva;\" mce_style=\"font-family: verdana, geneva;\">(Nada mas llegar, los Quixada, por boca del Mayorazgo Gabriel Quixada de Salazar, dej\u00f3 patente que los Quixada no ven\u00edan en son de paz precisamente, de lo que pusieron sobre aviso al Duque de B\u00e9jar. Cervantes, haciendo gala de su fina iron\u00eda, con palabras que no fueron bien entendidas por los Quixada, solvent\u00f3 la situaci\u00f3n, ante las risas de los Salazar y las muestras de desagrado e incertidumbre de los Quixada).<\/span><\/span><\/p>\n<p style=\"text-align: justify;\" mce_style=\"text-align: justify;\"><\/p>\n<p style=\"text-align: justify;\" mce_style=\"text-align: justify;\"><\/p>\n<p style=\"text-align: justify;\" mce_style=\"text-align: justify;\"><\/p>\n<p style=\"text-align: center;\" mce_style=\"text-align: center;\"><img loading=\"lazy\" decoding=\"async\" class=\" size-full wp-image-2189 size-full wp-image-2189\" src=\"http:\/\/www.cervantinaesquivias.org\/wordpress\/wp-content\/uploads\/2015\/11\/desposorios-15.jpg\" mce_src=\"http:\/\/www.cervantinaesquivias.org\/wordpress\/wp-content\/uploads\/2015\/11\/desposorios-15.jpg\" alt=\"alt\" width=\"709\" height=\"471\" srcset=\"http:\/\/www.cervantinaesquivias.org\/wordpress\/wp-content\/uploads\/2015\/11\/desposorios-15.jpg 709w, http:\/\/www.cervantinaesquivias.org\/wordpress\/wp-content\/uploads\/2015\/11\/desposorios-15-300x199.jpg 300w\" sizes=\"auto, (max-width: 709px) 100vw, 709px\" \/><\/p>\n<p style=\"text-align: center;\" mce_style=\"text-align: center;\"><span style=\"font-size: medium;\" mce_style=\"font-size: medium;\"><span style=\"font-family: verdana, geneva;\" mce_style=\"font-family: verdana, geneva;\">(Don Rodrigo Mex\u00eda y Quixada, Alcalde del estado de los Hijosdalgo del Lugar de Esquivias en 1584, da el brazo a Catalina de Salazar y Palacios, iniciando el recorrido que les ha de llevar a la iglesia parroquial, para desposarse con Miguel de Cervantes, ante la atenta mirada, y dispuestas a criticar, de las pecheras: Juana Capoche, casada con Miguel S\u00e1nchez, el herrador, y de In\u00e9s de la Plaza, casada con Alonso de Uxena).<\/span><\/span><\/p>\n<p style=\"text-align: justify;\" mce_style=\"text-align: justify;\"><\/p>\n<p style=\"text-align: justify;\" mce_style=\"text-align: justify;\"><\/p>\n<p style=\"text-align: center;\" mce_style=\"text-align: center;\"><img loading=\"lazy\" decoding=\"async\" class=\" size-full wp-image-2190 size-full wp-image-2190\" src=\"http:\/\/www.cervantinaesquivias.org\/wordpress\/wp-content\/uploads\/2015\/11\/desposorios-16.jpg\" mce_src=\"http:\/\/www.cervantinaesquivias.org\/wordpress\/wp-content\/uploads\/2015\/11\/desposorios-16.jpg\" alt=\"alt\" width=\"709\" height=\"493\" srcset=\"http:\/\/www.cervantinaesquivias.org\/wordpress\/wp-content\/uploads\/2015\/11\/desposorios-16.jpg 709w, http:\/\/www.cervantinaesquivias.org\/wordpress\/wp-content\/uploads\/2015\/11\/desposorios-16-300x209.jpg 300w\" sizes=\"auto, (max-width: 709px) 100vw, 709px\" \/><\/p>\n<p style=\"text-align: center;\" mce_style=\"text-align: center;\"><span style=\"font-size: medium;\" mce_style=\"font-size: medium;\"><span style=\"color: rgb(0, 0, 0);\" mce_style=\"color: #000000;\"><span style=\"font-family: verdana, geneva;\" mce_style=\"font-family: verdana, geneva;\">(La familia de Catalina de Salazar y Palacios se hallaba representada por: Isabel de C\u00e1rdenas, su prima, que se hallaba casada con Francisco de Guzm\u00e1n; la nuera de Isabel, Juana de Santill\u00e1n, casada con Gaspar de Guzm\u00e1n y C\u00e1rdenas; Mar\u00eda de Guzm\u00e1n y C\u00e1rdenas, hija de Isabel de C\u00e1rdenas y Francisco de Guzm\u00e1n; Isabel de C\u00e1rdenas y Salazar, casada con Blas D\u00e1valos y Ayala, padres de Aldonza de C\u00e1rdenas; Juana de Vozmediano, prima de Catalina de Salazar).<\/span><\/span><\/span><\/p>\n<p style=\"text-align: justify;\" mce_style=\"text-align: justify;\">\n<p><!--nextpage--><\/p>\n<p><\/p>\n<\/p>\n<p style=\"text-align: justify;\" mce_style=\"text-align: justify;\"><\/p>\n<p style=\"text-align: center;\" mce_style=\"text-align: center;\"><img loading=\"lazy\" decoding=\"async\" class=\" size-full wp-image-2191 size-full wp-image-2191\" src=\"http:\/\/www.cervantinaesquivias.org\/wordpress\/wp-content\/uploads\/2015\/11\/desposorios-17.jpg\" mce_src=\"http:\/\/www.cervantinaesquivias.org\/wordpress\/wp-content\/uploads\/2015\/11\/desposorios-17.jpg\" alt=\"alt\" width=\"709\" height=\"401\" srcset=\"http:\/\/www.cervantinaesquivias.org\/wordpress\/wp-content\/uploads\/2015\/11\/desposorios-17.jpg 709w, http:\/\/www.cervantinaesquivias.org\/wordpress\/wp-content\/uploads\/2015\/11\/desposorios-17-300x170.jpg 300w\" sizes=\"auto, (max-width: 709px) 100vw, 709px\" \/><\/p>\n<p style=\"text-align: center;\" mce_style=\"text-align: center;\"><span style=\"font-size: medium;\" mce_style=\"font-size: medium;\"><span style=\"font-family: verdana, geneva;\" mce_style=\"font-family: verdana, geneva;\">(Segu\u00edan los invitados de Catalina de Salazar con: Juana de Vozmediano, su prima de Yeles, pariente por via paterna, que se hallaba haciendo planes de boda con Baltasar Mart\u00edn Toledano, sobrino del Alcalde por el estado de los pecheros, Andr\u00e9s Mart\u00edn Toledano. Juana de Vozmediano era hija de Gonzalo de Salazar y Vozmediano, difunto, hermano del padre de Catalina, Hernando de Salazar y Vozmediano, difunto tambi\u00e9n; Mar\u00eda de Briviesca y Salazar, hija de Juan de Briviesca y de Jer\u00f3nima de Salazar, por tanto, prima en quinto grado de consanguinidad con Catalina de Salazar y Palacios, y que se hallaba casada con Juan D\u00e1valos y Ayala; detr\u00e1s se hallan: Isabel de Briviesca y Salazar, persona de la m\u00e1xima confianza de Catalina de Salazar, que la ayud\u00f3 a vestir el traje de novia, hermana de la anterior; Catalina de Briviesca y Salazar, tambi\u00e9n hija de Juan de Briviesca y de Jer\u00f3nima de Salazar; Quiteria de Palacios \u00cd\u00f1iguez, hija de Don Lope Garc\u00eda de Salazar y de Do\u00f1a Mar\u00eda \u00cd\u00f1iguez, difunta; Quiteria de Palacios y Salazar, doncella, hija de Juan de Salazar, difunto, y de Do\u00f1a Mar\u00eda de Salazar, hermana menor de Do\u00f1a Catalina de Palacios, por tanto prima de Catalina de Salazar y Palacios; Ana Rodr\u00edguez, casada con Juan de Uxena; Mar\u00eda Juana Rodriguez, madre de la anterior; In\u00e9s de la Plaza, pechera, casada con Alonso de Uxena; y Pedro Alonso, hijo de Mart\u00edn Alonso y de Luc\u00eda Romana. Precediendo a los Quixada).<\/span><\/span><\/p>\n<p style=\"text-align: center;\" mce_style=\"text-align: center;\"><\/p>\n<p style=\"text-align: justify;\" mce_style=\"text-align: justify;\"><\/p>\n<p style=\"text-align: center;\" mce_style=\"text-align: center;\"><img loading=\"lazy\" decoding=\"async\" class=\" size-full wp-image-2192 size-full wp-image-2192\" src=\"http:\/\/www.cervantinaesquivias.org\/wordpress\/wp-content\/uploads\/2015\/11\/desposorios-18.jpg\" mce_src=\"http:\/\/www.cervantinaesquivias.org\/wordpress\/wp-content\/uploads\/2015\/11\/desposorios-18.jpg\" alt=\"alt\" width=\"709\" height=\"972\" srcset=\"http:\/\/www.cervantinaesquivias.org\/wordpress\/wp-content\/uploads\/2015\/11\/desposorios-18.jpg 709w, http:\/\/www.cervantinaesquivias.org\/wordpress\/wp-content\/uploads\/2015\/11\/desposorios-18-219x300.jpg 219w\" sizes=\"auto, (max-width: 709px) 100vw, 709px\" \/><\/p>\n<p style=\"text-align: center;\" mce_style=\"text-align: center;\"><span style=\"font-size: medium;\" mce_style=\"font-size: medium;\"><span style=\"font-family: verdana, geneva;\" mce_style=\"font-family: verdana, geneva;\">(Gutierre Quixada de Salazar; Gabriel Quixada de Salazar, el viejo; y Juan Quixada de Salazar, mantuvieron su actitud beligerante durante todo el recorrido del cortejo nupcial).<\/span><\/span><\/p>\n<p style=\"text-align: justify;\" mce_style=\"text-align: justify;\"><\/p>\n<p style=\"text-align: justify;\" mce_style=\"text-align: justify;\"><\/p>\n<p style=\"text-align: center;\" mce_style=\"text-align: center;\"><img loading=\"lazy\" decoding=\"async\" class=\" size-full wp-image-2193 size-full wp-image-2193\" src=\"http:\/\/www.cervantinaesquivias.org\/wordpress\/wp-content\/uploads\/2015\/11\/desposorios-19.jpg\" mce_src=\"http:\/\/www.cervantinaesquivias.org\/wordpress\/wp-content\/uploads\/2015\/11\/desposorios-19.jpg\" alt=\"alt\" width=\"709\" height=\"523\" srcset=\"http:\/\/www.cervantinaesquivias.org\/wordpress\/wp-content\/uploads\/2015\/11\/desposorios-19.jpg 709w, http:\/\/www.cervantinaesquivias.org\/wordpress\/wp-content\/uploads\/2015\/11\/desposorios-19-300x221.jpg 300w\" sizes=\"auto, (max-width: 709px) 100vw, 709px\" \/><\/p>\n<p style=\"text-align: center;\" mce_style=\"text-align: center;\"><span style=\"font-size: large;\" mce_style=\"font-size: large;\"><span style=\"font-size: medium;\" mce_style=\"font-size: medium;\"><span style=\"font-family: verdana, geneva;\" mce_style=\"font-family: verdana, geneva;\">(Por las angostas calles de Esquivias, se mezclaron los pecheros con el p\u00fablico en general, que participaron activamente en estos afamados desposorios).<\/span><\/span>\u00a0<\/span><\/p>\n<p style=\"text-align: justify;\" mce_style=\"text-align: justify;\"><\/p>\n<p style=\"text-align: justify;\" mce_style=\"text-align: justify;\"><\/p>\n<p style=\"text-align: center;\" mce_style=\"text-align: center;\"><img loading=\"lazy\" decoding=\"async\" class=\" size-full wp-image-2194 size-full wp-image-2194\" src=\"http:\/\/www.cervantinaesquivias.org\/wordpress\/wp-content\/uploads\/2015\/11\/desposorios-20.jpg\" mce_src=\"http:\/\/www.cervantinaesquivias.org\/wordpress\/wp-content\/uploads\/2015\/11\/desposorios-20.jpg\" alt=\"alt\" width=\"709\" height=\"471\" srcset=\"http:\/\/www.cervantinaesquivias.org\/wordpress\/wp-content\/uploads\/2015\/11\/desposorios-20.jpg 709w, http:\/\/www.cervantinaesquivias.org\/wordpress\/wp-content\/uploads\/2015\/11\/desposorios-20-300x199.jpg 300w\" sizes=\"auto, (max-width: 709px) 100vw, 709px\" \/><\/p>\n<p style=\"text-align: center;\" mce_style=\"text-align: center;\"><span style=\"font-size: medium;\" mce_style=\"font-size: medium;\"><span style=\"font-family: verdana, geneva;\" mce_style=\"font-family: verdana, geneva;\">(Los pecheros fueron los que mas prodigaron muestras de algarab\u00eda durante toda la jornada. De izquierda a derecha: Pedro Alonso, hijo de Mart\u00edn Alonso y de Luc\u00eda Romana, zagal de 13 a\u00f1os &#8211;<span style=\"color: rgb(0, 0, 0);\" mce_style=\"color: #000000;\">bautizado en el Lugar de Esquivias el 2 de Febrero de 1571-; Mari Cabello, casada con Marcos Mart\u00edn; Ana de Moya, casada con Diego de Uxena; Luc\u00eda Fern\u00e1ndez, casada con Alonso Fernandez de Villaseca; Mar\u00eda Mart\u00edn, casada con Alonso de Uxena, el hortelano; Mar\u00eda Mart\u00edn, casada con Agust\u00edn de Uxena; Francisca Mar\u00eda Romana, casada con Sim\u00f3n Hern\u00e1ndez, comerciante en vinos y muy amigo de Miguel de Cervantes. Sim\u00f3n mantiene la esperanza de regentar el Mes\u00f3n que en esta fecha lo regentan El Vizca\u00edno -llamado Diego Ram\u00edrez de Isaba- y la Vizca\u00edna -de nombre Juana de Isaba-, su madre; Ana de la Pe\u00f1a, casada con Bartolom\u00e9 de Uxena; Luc\u00eda Romana, esposa de Gaspar de Uxena; Juana Capoche, casada con Miguel S\u00e1nchez, el herrador; Catalina Cepeda, casada con Gonzalo P\u00e9rez del Castillo; Catalina de Pastrana, casada con Benito Rodriguez; In\u00e9s de la Plaza, casada con Alonso de Uxena; Francisca Hern\u00e1ndez, casada con Gaspar de Uxena; Guiomar Pantoja, casada con Luis de la Plaza; Ana Rodriguez, casada con Juan de Uxena; Ana de Morales, casada con Pedro de Uxena Mart\u00edn; y Mar\u00eda Juana Rodriguez, pechera, madre de Ana Rodr\u00edguez).<\/span><\/span><\/span><\/p>\n<p style=\"text-align: justify;\" mce_style=\"text-align: justify;\"><\/p>\n<p style=\"text-align: justify;\" mce_style=\"text-align: justify;\"><\/p>\n<p style=\"text-align: center;\" mce_style=\"text-align: center;\"><img loading=\"lazy\" decoding=\"async\" class=\" size-full wp-image-2195 size-full wp-image-2195\" src=\"http:\/\/www.cervantinaesquivias.org\/wordpress\/wp-content\/uploads\/2015\/11\/desposorios-21.jpg\" mce_src=\"http:\/\/www.cervantinaesquivias.org\/wordpress\/wp-content\/uploads\/2015\/11\/desposorios-21.jpg\" alt=\"alt\" width=\"709\" height=\"471\" srcset=\"http:\/\/www.cervantinaesquivias.org\/wordpress\/wp-content\/uploads\/2015\/11\/desposorios-21.jpg 709w, http:\/\/www.cervantinaesquivias.org\/wordpress\/wp-content\/uploads\/2015\/11\/desposorios-21-300x199.jpg 300w\" sizes=\"auto, (max-width: 709px) 100vw, 709px\" \/><\/p>\n<p style=\"text-align: center;\" mce_style=\"text-align: center;\"><span style=\"font-size: medium;\" mce_style=\"font-size: medium;\"><span style=\"color: rgb(0, 0, 0);\" mce_style=\"color: #000000;\"><span style=\"font-family: verdana, geneva;\" mce_style=\"font-family: verdana, geneva;\">(Los parientes de Catalina de Salazar y Palacios lucieron sus mejores galas en los desposorios. De izquierda a derecha: Mar\u00eda Juana Rodriguez, pechera; Petronila de Salazar y Ayala, casada con Juan Urreta de Rojas, primo de Catalina de Salazar; Mar\u00eda de Briviesca y Salazar, casada con Juan D\u00e1valos y Ayala; Jer\u00f3nima de Salazar, casada con Juan de Briviesca; Mar\u00eda de Guzm\u00e1n y C\u00e1rdenas, hija de Francisco de Guzm\u00e1n y de Isabel de C\u00e1rdenas, persona de la m\u00e1xima confianza de Catalina de Salazar y Palacios; Isabel de C\u00e1rdenas y Salazar, casada con Blas D\u00e1valos y Ayala).<\/span><\/span><\/span><\/p>\n<p style=\"text-align: justify;\" mce_style=\"text-align: justify;\"><\/p>\n<p style=\"text-align: justify;\" mce_style=\"text-align: justify;\"><\/p>\n<p style=\"text-align: center;\" mce_style=\"text-align: center;\"><img loading=\"lazy\" decoding=\"async\" class=\" size-full wp-image-2196 size-full wp-image-2196\" src=\"http:\/\/www.cervantinaesquivias.org\/wordpress\/wp-content\/uploads\/2015\/11\/desposorios-22.jpg\" mce_src=\"http:\/\/www.cervantinaesquivias.org\/wordpress\/wp-content\/uploads\/2015\/11\/desposorios-22.jpg\" alt=\"alt\" width=\"709\" height=\"471\" srcset=\"http:\/\/www.cervantinaesquivias.org\/wordpress\/wp-content\/uploads\/2015\/11\/desposorios-22.jpg 709w, http:\/\/www.cervantinaesquivias.org\/wordpress\/wp-content\/uploads\/2015\/11\/desposorios-22-300x199.jpg 300w\" sizes=\"auto, (max-width: 709px) 100vw, 709px\" \/><\/p>\n<p style=\"text-align: center;\" mce_style=\"text-align: center;\"><span style=\"font-size: medium;\" mce_style=\"font-size: medium;\"><span style=\"color: rgb(0, 0, 0);\" mce_style=\"color: #000000;\"><span style=\"font-family: verdana, geneva;\" mce_style=\"font-family: verdana, geneva;\">(De izquierda a derecha: Luc\u00eda Romana, casada con Mart\u00edn Alonso -mozo de mulas en casa de Catalina de Salazar y Palacios- y madre de Pedro Alonso, zagal; Mari Cabello, casada con Marcos Mart\u00edn; Luc\u00eda Fern\u00e1ndez, casada con Alonso Fern\u00e1ndez de Villaseca; Mar\u00eda Mart\u00edn, casada con Agustin de Uxena; Ana de Moya, casada con Diego de Uxena; Juana D\u00edaz, casada con Pedro Portero, que asisti\u00f3 a los desposorios a pesar de que, dias antes, hab\u00eda parido su sexto hijo, pero como mujer pechera no pod\u00eda perderse el acontecimiento para relatarlo despu\u00e9s entre las vecinas; In\u00e9s de la Plaza, casada con Alonso de Uxena; Mar\u00eda In\u00e9s Ram\u00edrez, casada con Bartolom\u00e9 de Uxena; Juana Capoche, casada con Miguel S\u00e1nchez, el herrador; Catalina Cepeda, casada con Gonzalo P\u00e9rez del Castillo; Mar\u00eda de Guzm\u00e1n y C\u00e1rdenas, hija de Francisco de Guzm\u00e1n y de Isabel de C\u00e1rdenas, muy pendiente de los comentarios que vienen haciendo las mujeres pecheras; Isabel de C\u00e1rdenas y Salazar, casada con Blas D\u00e1valos y Ayala; Mar\u00eda Mart\u00edn, casada con Alonso de Uxena, el hortelano).<\/span><\/span><\/span><\/p>\n<p style=\"text-align: justify;\" mce_style=\"text-align: justify;\"><\/p>\n<p style=\"text-align: justify;\" mce_style=\"text-align: justify;\"><\/p>\n<p style=\"text-align: center;\" mce_style=\"text-align: center;\"><img loading=\"lazy\" decoding=\"async\" class=\" size-full wp-image-2197 size-full wp-image-2197\" src=\"http:\/\/www.cervantinaesquivias.org\/wordpress\/wp-content\/uploads\/2015\/11\/desposorios-23.jpg\" mce_src=\"http:\/\/www.cervantinaesquivias.org\/wordpress\/wp-content\/uploads\/2015\/11\/desposorios-23.jpg\" alt=\"alt\" width=\"709\" height=\"523\" srcset=\"http:\/\/www.cervantinaesquivias.org\/wordpress\/wp-content\/uploads\/2015\/11\/desposorios-23.jpg 709w, http:\/\/www.cervantinaesquivias.org\/wordpress\/wp-content\/uploads\/2015\/11\/desposorios-23-300x221.jpg 300w\" sizes=\"auto, (max-width: 709px) 100vw, 709px\" \/><\/p>\n<p style=\"text-align: center;\" mce_style=\"text-align: center;\"><span style=\"font-size: medium;\" mce_style=\"font-size: medium;\"><span style=\"font-family: verdana, geneva;\" mce_style=\"font-family: verdana, geneva;\">(Los Quixada segu\u00edan en su actitud beligerante: Do\u00f1a Mar\u00eda de Quixada y Salazar; Don Gutierre Quixada de Salazar; Don Alonso Quixada de Salazar; Do\u00f1a Leonor de Sal\u00e7edo, esposa de Don Juan Quixada de Salazar. Do\u00f1a Leonor de Salcedo siempre se mantuvo en un segundo plano, pues hacia ella o su ascendencia se dirig\u00edan los improperios lanzados por los Salazar y Palacios -era hija de <span style=\"color: rgb(0, 0, 0);\" mce_style=\"color: #000000;\">Gutierre de Madrid, difunto, de origen jud\u00edo, natural del vecino pueblo de Illescas-; Don Gabriel Quixada de Salazar, el viejo. Precedidos, como siempre, por el joven Mayordomo Gabriel Quixada de Salazar, delante de su padre Don Juan Quixada de Salazar. En el centro de la escena, se aprecia la presencia de Isabel de Uxena, casada con Bartolom\u00e9 de Olmedo, y en otro lado de Mar\u00eda In\u00e9s Ram\u00edrez, casada con Bartolom\u00e9 de Uxena, al cuidado de los hijos de Juan de Briviesca y de Jer\u00f3nima de Salazar, Juana de Briviesca y Sebasti\u00e1n de Briviesca).<\/span><\/span><\/span><\/p>\n<p style=\"text-align: justify;\" mce_style=\"text-align: justify;\"><\/p>\n<p style=\"text-align: justify;\" mce_style=\"text-align: justify;\"><\/p>\n<p style=\"text-align: center;\" mce_style=\"text-align: center;\"><img loading=\"lazy\" decoding=\"async\" class=\" size-full wp-image-2198 size-full wp-image-2198\" src=\"http:\/\/www.cervantinaesquivias.org\/wordpress\/wp-content\/uploads\/2015\/11\/desposorios-24.jpg\" mce_src=\"http:\/\/www.cervantinaesquivias.org\/wordpress\/wp-content\/uploads\/2015\/11\/desposorios-24.jpg\" alt=\"alt\" width=\"709\" height=\"471\" srcset=\"http:\/\/www.cervantinaesquivias.org\/wordpress\/wp-content\/uploads\/2015\/11\/desposorios-24.jpg 709w, http:\/\/www.cervantinaesquivias.org\/wordpress\/wp-content\/uploads\/2015\/11\/desposorios-24-300x199.jpg 300w\" sizes=\"auto, (max-width: 709px) 100vw, 709px\" \/><\/p>\n<p style=\"text-align: center;\" mce_style=\"text-align: center;\"><span style=\"font-size: medium;\" mce_style=\"font-size: medium;\"><span style=\"color: rgb(0, 0, 0);\" mce_style=\"color: #000000;\">(Aldonza de C\u00e1rdenas y Juana Lorenzo eran fieles a si mismas: siempre juntas. Se trataba de dos doncellas que compart\u00ederon aficiones y juegos infantiles, dada la proximidad de vecindad en el Lugar de Esquivias. Aldonza de C\u00e1rdenas era hija de Blas D\u00e1valos y Ayala y de Isabel de C\u00e1rdenas y Salazar. Hac\u00eda el n\u00famero cinco de los nueve hijos que tuvo este matrimonio a fecha de 12 de diciembre de 1584. Ten\u00eda una t\u00eda llamada tambi\u00e9n Isabel de C\u00e1rdenas, que cas\u00f3 con Francisco de Guzm\u00e1n, de cuyo matrimonio hab\u00edan nacido, en esta fecha, once hijos. As\u00ed mismo, ten\u00eda otra t\u00eda llamada Jer\u00f3nima de Salazar, que cas\u00f3 con Juan de Briviesca, de cuyo matrimonio, en estas fechas, hab\u00edan nacido ocho hijos. Total sumaban, de estas tres familia, un total de 28<\/span><span style=\"font-family: verdana, geneva;\" mce_style=\"font-family: verdana, geneva;\"> primos, lo que hac\u00eda pensar -puesto que las dos Isabel de C\u00e1rdenas y Jer\u00f3nima de Salazar, eran primas en cuarto grado de consanguinidad con Catalina de Salazar y Palacios- que el matrimonio que se formaba con estos desposorios ampliar\u00eda la prole familiar. En cuanto a Juana Lorenzo, era hija de Juan Lorenzo y de Ana Loren\u00e7ana -a la que vemos a la derecha de Aldonza-. Ana Loren\u00e7ana era la menor de tres hermanas. La mayor, Petronila de la Cuadra, se hallaba casada con Don Rodrigo Mex\u00eda, Alcalde del Lugar de Esquivias en 1584, por el estado de los Hijosdalgo. La segunda hermana, Do\u00f1a Juana Bautista de la Cuadra, difunta (+1581), se hall\u00f3 desposada con Don Gonzalo Mex\u00eda, hermano de Don Rodrigo Mex\u00eda. Como se dijo, estas dos mozas se hallaban siempre juntas, hasta el punto que Miguel de Cervantes lleg\u00f3 a confundir sus nombres, y algunas veces las llamaba Juana de C\u00e1rdenas a una y Aldonza Lorenzo a otra. Se intuye, por sus vestimentas, que alguna sorpresa tienen preparada para los nuevos desposados, Miguel y Catalina).<\/span><\/span><\/p>\n<p style=\"text-align: center;\" mce_style=\"text-align: center;\"><\/p>\n<p style=\"text-align: justify;\" mce_style=\"text-align: justify;\"><\/p>\n<p style=\"text-align: center;\" mce_style=\"text-align: center;\"><img loading=\"lazy\" decoding=\"async\" class=\" size-full wp-image-2199 size-full wp-image-2199\" src=\"http:\/\/www.cervantinaesquivias.org\/wordpress\/wp-content\/uploads\/2015\/11\/desposorios-25.jpg\" mce_src=\"http:\/\/www.cervantinaesquivias.org\/wordpress\/wp-content\/uploads\/2015\/11\/desposorios-25.jpg\" alt=\"alt\" width=\"709\" height=\"1066\" srcset=\"http:\/\/www.cervantinaesquivias.org\/wordpress\/wp-content\/uploads\/2015\/11\/desposorios-25.jpg 709w, http:\/\/www.cervantinaesquivias.org\/wordpress\/wp-content\/uploads\/2015\/11\/desposorios-25-200x300.jpg 200w, http:\/\/www.cervantinaesquivias.org\/wordpress\/wp-content\/uploads\/2015\/11\/desposorios-25-681x1024.jpg 681w\" sizes=\"auto, (max-width: 709px) 100vw, 709px\" \/><\/p>\n<p style=\"text-align: center;\" mce_style=\"text-align: center;\"><span style=\"font-size: medium;\" mce_style=\"font-size: medium;\"><span style=\"font-family: verdana, geneva;\" mce_style=\"font-family: verdana, geneva;\">(El cortejo nupcial, como era de costumbre ancestral en el Lugar de Esquivias, era precedido por la novia, Catalina de Salazar y Palacios, a la que da el brazo Don Rodrigo Mex\u00eda y Quixada, para llevarla al altar, en ausencia del padre de la novia -fallecido el 6 de Febrero de 1584-, y ya que tampoco lo har\u00eda su t\u00edo Don Juan de Palacios y Salazar, cura, que iba a oficiar la ceremonia matrimonial, adem\u00e1s de haber fallecido, tambi\u00e9n, Don Juan de Salazar (+1579), que cas\u00f3 con Do\u00f1a Mar\u00eda de Salazar, hermana menor de Do\u00f1a Catalina de Palacios y Salazar; tras la novia, Miguel de Cervantes Saavedra, natural de Alcal\u00e1 de Henares, que da el brazo a su hermana mayor Andrea de Cervantes, detr\u00e1s, Do\u00f1a Catalina de Palacios y Salazar, que al fin accedi\u00f3 a ir a la boda de su hija, a pesar del luto riguroso que observaba por el fallecimiento de su esposo, 10 meses antes).\u00a0<\/span><\/span><\/p>\n<p style=\"text-align: justify;\" mce_style=\"text-align: justify;\"><\/p>\n<p style=\"text-align: justify;\" mce_style=\"text-align: justify;\"><\/p>\n<p style=\"text-align: center;\" mce_style=\"text-align: center;\"><img loading=\"lazy\" decoding=\"async\" class=\" size-full wp-image-2200 size-full wp-image-2200\" src=\"http:\/\/www.cervantinaesquivias.org\/wordpress\/wp-content\/uploads\/2015\/11\/desp-05.jpg\" mce_src=\"http:\/\/www.cervantinaesquivias.org\/wordpress\/wp-content\/uploads\/2015\/11\/desp-05.jpg\" alt=\"alt\" width=\"427\" height=\"640\" srcset=\"http:\/\/www.cervantinaesquivias.org\/wordpress\/wp-content\/uploads\/2015\/11\/desp-05.jpg 427w, http:\/\/www.cervantinaesquivias.org\/wordpress\/wp-content\/uploads\/2015\/11\/desp-05-200x300.jpg 200w\" sizes=\"auto, (max-width: 427px) 100vw, 427px\" \/><\/p>\n<p style=\"text-align: center;\" mce_style=\"text-align: center;\"><span style=\"font-size: medium;\" mce_style=\"font-size: medium;\"><span style=\"font-family: verdana, geneva;\" mce_style=\"font-family: verdana, geneva;\">(La comitiva, a su paso por el Mes\u00f3n y Posada de El Vizca\u00edno, que se hallaba engalanado, como correspond\u00eda a la amistad del Mesonero, Diego Ramirez de Isaba, con Miguel de Cervantes, desde que este, en Septiembre de este a\u00f1o de 1584, llegara al Lugar de Esquivias, hosped\u00e1ndose en esta Posada, situada en la Plaza Principal del Lugar de Esquivias).<\/span><\/span><\/p>\n<p style=\"text-align: justify;\" mce_style=\"text-align: justify;\"><\/p>\n<p style=\"text-align: justify;\" mce_style=\"text-align: justify;\"><\/p>\n<p style=\"text-align: justify;\" mce_style=\"text-align: justify;\"><\/p>\n<p style=\"text-align: center;\" mce_style=\"text-align: center;\"><img loading=\"lazy\" decoding=\"async\" class=\" size-full wp-image-2201 size-full wp-image-2201\" src=\"http:\/\/www.cervantinaesquivias.org\/wordpress\/wp-content\/uploads\/2015\/11\/desposorios-28.jpg\" mce_src=\"http:\/\/www.cervantinaesquivias.org\/wordpress\/wp-content\/uploads\/2015\/11\/desposorios-28.jpg\" alt=\"alt\" width=\"709\" height=\"899\" srcset=\"http:\/\/www.cervantinaesquivias.org\/wordpress\/wp-content\/uploads\/2015\/11\/desposorios-28.jpg 709w, http:\/\/www.cervantinaesquivias.org\/wordpress\/wp-content\/uploads\/2015\/11\/desposorios-28-237x300.jpg 237w\" sizes=\"auto, (max-width: 709px) 100vw, 709px\" \/><\/p>\n<p style=\"text-align: center;\" mce_style=\"text-align: center;\"><span style=\"font-size: medium;\" mce_style=\"font-size: medium;\"><span style=\"font-family: verdana, geneva;\" mce_style=\"font-family: verdana, geneva;\">(Do\u00f1a Juana Gayt\u00e1n, casada en segundas nupcias con Diego de Hondaro, fue del brazo del Duque de B\u00e9jar, debido a la ausencia de su esposo. Do\u00f1a Juana tuvo una influencia decisiva en la relaci\u00f3n que se form\u00f3 entre Miguel de Cervantes y Catalina de Salazar, al ser ella la que propici\u00f3 que se conocieran, a mediados de septiembre del presente a\u00f1o de 1584. El entorno marital de Do\u00f1a Juana Gayt\u00e1n fue uno de lo mas comentado y criticado por las mujeres pecheras, por la rapidez con que se despos\u00f3 con Diego de Hondaro, ya que su anterior esposo, Don Pedro Lainez, hab\u00eda fallecido a finales del mes de marzo de 1584, despos\u00e1ndose Do\u00f1a Juana, en segundas nupcias, el 12 de Junio de dicho a\u00f1o de 1584. En cuanto al Duque de B\u00e9jar, quiso asistir a los desposorios al contar con la promesa hecha por Miguel de Cervantes, de dedicarle el mejor libro que pudiera escribir, en el presente o futuro).<\/span><\/span><\/p>\n<p style=\"text-align: justify;\" mce_style=\"text-align: justify;\"><\/p>\n<p style=\"text-align: justify;\" mce_style=\"text-align: justify;\"><\/p>\n<p style=\"text-align: center;\" mce_style=\"text-align: center;\"><img loading=\"lazy\" decoding=\"async\" class=\" size-full wp-image-2202 size-full wp-image-2202\" src=\"http:\/\/www.cervantinaesquivias.org\/wordpress\/wp-content\/uploads\/2015\/11\/desposorios-29.jpg\" mce_src=\"http:\/\/www.cervantinaesquivias.org\/wordpress\/wp-content\/uploads\/2015\/11\/desposorios-29.jpg\" alt=\"alt\" width=\"709\" height=\"617\" srcset=\"http:\/\/www.cervantinaesquivias.org\/wordpress\/wp-content\/uploads\/2015\/11\/desposorios-29.jpg 709w, http:\/\/www.cervantinaesquivias.org\/wordpress\/wp-content\/uploads\/2015\/11\/desposorios-29-300x261.jpg 300w\" sizes=\"auto, (max-width: 709px) 100vw, 709px\" \/><\/p>\n<p style=\"text-align: center;\" mce_style=\"text-align: center;\"><span style=\"font-size: medium;\" mce_style=\"font-size: medium;\"><span style=\"font-family: verdana, geneva;\" mce_style=\"font-family: verdana, geneva;\">(Isabel de C\u00e1rdenas -prima de Catalina de Salazar y Palacios-, casada con Francisco de Guzm\u00e1n; Mar\u00eda de Briviesca y Salazar, casada con Juan D\u00e1valos y Ayala, hija de Juan de Briviesca y de Jer\u00f3nima de Salazar; y Juana de Santill\u00e1n, casada con Gaspar de Guzm\u00e1n y C\u00e1rdenas, hijo n\u00famero dos de los once que tuvo el matrimonio formado por Francisco de Guzm\u00e1n e Isabel de C\u00e1rdenas).<\/span><\/span><\/p>\n<p style=\"text-align: center;\" mce_style=\"text-align: center;\"><\/p>\n<p style=\"text-align: justify;\" mce_style=\"text-align: justify;\"><\/p>\n<p style=\"text-align: justify;\" mce_style=\"text-align: justify;\"><\/p>\n<p style=\"text-align: center;\" mce_style=\"text-align: center;\"><img loading=\"lazy\" decoding=\"async\" class=\" size-full wp-image-2203 size-full wp-image-2203\" src=\"http:\/\/www.cervantinaesquivias.org\/wordpress\/wp-content\/uploads\/2015\/11\/desposorios-27.jpg\" mce_src=\"http:\/\/www.cervantinaesquivias.org\/wordpress\/wp-content\/uploads\/2015\/11\/desposorios-27.jpg\" alt=\"alt\" width=\"709\" height=\"471\" srcset=\"http:\/\/www.cervantinaesquivias.org\/wordpress\/wp-content\/uploads\/2015\/11\/desposorios-27.jpg 709w, http:\/\/www.cervantinaesquivias.org\/wordpress\/wp-content\/uploads\/2015\/11\/desposorios-27-300x199.jpg 300w\" sizes=\"auto, (max-width: 709px) 100vw, 709px\" \/><\/p>\n<p style=\"text-align: center;\" mce_style=\"text-align: center;\"><span style=\"font-size: large;\" mce_style=\"font-size: large;\"><span style=\"font-size: medium;\" mce_style=\"font-size: medium;\"><span style=\"font-family: verdana, geneva;\" mce_style=\"font-family: verdana, geneva;\">(Do\u00f1a Catalina de Palacios, con una sonrisa de circunstancias, junto con el gesto serio de Miguel de Cervantes y Andrea, despu\u00e9s de haber presenciado un altercado entre Los Quixada y los Salazar, provocado por los primeros, en el que tuvo que mediar la autoridad de Don Rodrigo Mex\u00eda y Quixada, como Alcalde de los Hijosdalgo del Lugar. Do\u00f1a Catalina lament\u00f3 el incidente <i>\u00abcon las pocas ganas que ten\u00eda de fiesta por el fallecimiento reciente de su esposo, que a\u00fan se hallaba caliente\u00bb<\/i>. Ante estas manifestaciones de Do\u00f1a Catalina, las mujeres pecheras se preguntaban, jocosamente, si Don Hernando de Salazar y Vozmediano no se habr\u00eda enfriado todav\u00eda, despu\u00e9s de haber pasado 10 meses desde su fallecimiento).<\/span><\/span>\u00a0<\/span><\/p>\n<p style=\"text-align: justify;\" mce_style=\"text-align: justify;\"><\/p>\n<p style=\"text-align: justify;\" mce_style=\"text-align: justify;\"><\/p>\n<p style=\"text-align: center;\" mce_style=\"text-align: center;\"><img loading=\"lazy\" decoding=\"async\" class=\" size-full wp-image-2204 size-full wp-image-2204\" src=\"http:\/\/www.cervantinaesquivias.org\/wordpress\/wp-content\/uploads\/2015\/11\/desposorios-30.jpg\" mce_src=\"http:\/\/www.cervantinaesquivias.org\/wordpress\/wp-content\/uploads\/2015\/11\/desposorios-30.jpg\" alt=\"alt\" width=\"709\" height=\"471\" srcset=\"http:\/\/www.cervantinaesquivias.org\/wordpress\/wp-content\/uploads\/2015\/11\/desposorios-30.jpg 709w, http:\/\/www.cervantinaesquivias.org\/wordpress\/wp-content\/uploads\/2015\/11\/desposorios-30-300x199.jpg 300w\" sizes=\"auto, (max-width: 709px) 100vw, 709px\" \/><\/p>\n<p style=\"text-align: center;\" mce_style=\"text-align: center;\"><span style=\"font-size: medium;\" mce_style=\"font-size: medium;\"><span style=\"font-family: verdana, geneva;\" mce_style=\"font-family: verdana, geneva;\">(El cortejo nupcial segu\u00eda su camino por la Calle Real hasta la iglesia parroquial. A la izquierda aparece Catalina Carrasco y Uxena, de edad de 11 a\u00f1os, hija de Bartolom\u00e9 Carrasco y de Juana de Uxena. Bartolom\u00e9 Carrasco se hallaba trabajando como ga\u00f1\u00e1n en la casa de Catalina de Salazar y Palacios, por lo que, seguro, se hallaba toda esta familia en la boda, incluso Juan Carrasco, de edad de casi tres a\u00f1os, que se criaba fuerte como Sans\u00f3n. Fue bautizado el 10 de Enero de 1582. Esta familia cri\u00f3 a Pedro Cascajo, hasta su fallecimiento en 1583. Juana de Uxena, era prima de Juan de Uxena, mozo de mulas en dicha casa, que se hallaba casado con Ana Rodriguez).<\/span><\/span><\/p>\n<p style=\"text-align: justify;\" mce_style=\"text-align: justify;\"><\/p>\n<p style=\"text-align: justify;\" mce_style=\"text-align: justify;\"><\/p>\n<p style=\"text-align: center;\" mce_style=\"text-align: center;\"><img loading=\"lazy\" decoding=\"async\" class=\" size-full wp-image-2205 size-full wp-image-2205\" src=\"http:\/\/www.cervantinaesquivias.org\/wordpress\/wp-content\/uploads\/2015\/11\/desposorios-31.jpg\" mce_src=\"http:\/\/www.cervantinaesquivias.org\/wordpress\/wp-content\/uploads\/2015\/11\/desposorios-31.jpg\" alt=\"alt\" width=\"709\" height=\"600\" srcset=\"http:\/\/www.cervantinaesquivias.org\/wordpress\/wp-content\/uploads\/2015\/11\/desposorios-31.jpg 709w, http:\/\/www.cervantinaesquivias.org\/wordpress\/wp-content\/uploads\/2015\/11\/desposorios-31-300x254.jpg 300w\" sizes=\"auto, (max-width: 709px) 100vw, 709px\" \/><\/p>\n<p style=\"text-align: center;\" mce_style=\"text-align: center;\"><span style=\"font-size: medium;\" mce_style=\"font-size: medium;\"><span style=\"font-family: verdana, geneva;\" mce_style=\"font-family: verdana, geneva;\">(En primer t\u00e9rmino, Constanza de Ovando, hija de Andrea de Cervantes; a su lado, Magdalena de Cervantes, hermana de Miguel; tras ellas, Do\u00f1a Mar\u00eda de Salazar, hermana menor de Do\u00f1a Catalina de Palacios y \u00a0Salazar, viuda de Don Juan de Salazar (+1579); Do\u00f1a Petronila de la Cuadra, esposa de Don Rodrigo Mex\u00eda, alcalde por el estado de los Hijosdalgo del Lugar de Esquivias en 1584; tras ellas, la familia Gaona Godoy).<\/span><\/span><\/p>\n<p style=\"text-align: center;\" mce_style=\"text-align: center;\"><\/p>\n<p style=\"text-align: justify;\" mce_style=\"text-align: justify;\"><\/p>\n<p style=\"text-align: center;\" mce_style=\"text-align: center;\"><img loading=\"lazy\" decoding=\"async\" class=\" size-full wp-image-2206 size-full wp-image-2206\" src=\"http:\/\/www.cervantinaesquivias.org\/wordpress\/wp-content\/uploads\/2015\/11\/desposorios-32.jpg\" mce_src=\"http:\/\/www.cervantinaesquivias.org\/wordpress\/wp-content\/uploads\/2015\/11\/desposorios-32.jpg\" alt=\"alt\" width=\"709\" height=\"508\" srcset=\"http:\/\/www.cervantinaesquivias.org\/wordpress\/wp-content\/uploads\/2015\/11\/desposorios-32.jpg 709w, http:\/\/www.cervantinaesquivias.org\/wordpress\/wp-content\/uploads\/2015\/11\/desposorios-32-300x215.jpg 300w\" sizes=\"auto, (max-width: 709px) 100vw, 709px\" \/><\/p>\n<p style=\"text-align: center;\" mce_style=\"text-align: center;\"><span style=\"font-size: medium;\" mce_style=\"font-size: medium;\"><span style=\"font-family: verdana, geneva;\" mce_style=\"font-family: verdana, geneva;\">(La familia Gaona Godoy: Don Hernando de Gaona; su esposa Do\u00f1a Luisa de Godoy y Quixada; y uno de los cuatro hijos de este matrimonio: Sancho. Los hermanos Hernando y Gaspar de Gaona, eran de origen vasco\/navarro. Do\u00f1a Luisa de Godoy y Quixada, hac\u00eda el numero nueve de los diez descendientes de Gabriel Quixada de Salazar y de Ana Su\u00e1rez Mej\u00eda, padres de Juan Quixada de Salazar y, por tanto, t\u00eda del Mayorazgo de los Quixada, Gabriel Quixada de Salazar. A Don Hernando de Gaona y Do\u00f1a Luisa de Godoy y Quixada, les cupo el honor de apadrinar en su bautismo a Gabriel, hijo primog\u00e9nito de Don Juan Quixada de Salazar, al ser este el sucesor del Mayorazgo de los Quixada de Esquivias -. Al fallecer dicho Gabriel Quixada en su juventud, recay\u00f3 el privilegio del Mayorazgo en el siguiente hijo var\u00f3n, bautizado con el nombre de Gutierre, ya referido anteriormente. Tambi\u00e9n fueron padrinos del bautizo de Juana de Salazar, el segundo de los hijos de Don Juan Quixada de Salazar, pero que, por su condici\u00f3n de mujer, no heredar\u00eda el Mayorazgo; a su lado, Sancho, el segundo de los cuatro hijos que tuvo este matrimonio: Gaspar, Sancho, Ana y Mar\u00eda; tras ellos, Ana Loren\u00e7ana, esposa de Juan Lorenzo; Elvira D\u00e1valos y Toledo, sobrina del cura de Santo Tom\u00e9 de Toledo, Don Andr\u00e9s N\u00fa\u00f1ez de Madrid; despu\u00e9s Aldonza de C\u00e1rdenas y Juana Lorenzo; y por \u00faltimo, Don Lope Garc\u00eda de Salazar encabezando la comitiva de los Salazar y Palacios).<\/span><\/span><\/p>\n<p style=\"text-align: justify;\" mce_style=\"text-align: justify;\"><\/p>\n<p style=\"text-align: justify;\" mce_style=\"text-align: justify;\"><\/p>\n<p style=\"text-align: center;\" mce_style=\"text-align: center;\"><img loading=\"lazy\" decoding=\"async\" class=\" size-full wp-image-2207 size-full wp-image-2207\" src=\"http:\/\/www.cervantinaesquivias.org\/wordpress\/wp-content\/uploads\/2015\/11\/desposorios-33.jpg\" mce_src=\"http:\/\/www.cervantinaesquivias.org\/wordpress\/wp-content\/uploads\/2015\/11\/desposorios-33.jpg\" alt=\"alt\" width=\"709\" height=\"471\" srcset=\"http:\/\/www.cervantinaesquivias.org\/wordpress\/wp-content\/uploads\/2015\/11\/desposorios-33.jpg 709w, http:\/\/www.cervantinaesquivias.org\/wordpress\/wp-content\/uploads\/2015\/11\/desposorios-33-300x199.jpg 300w\" sizes=\"auto, (max-width: 709px) 100vw, 709px\" \/><\/p>\n<p style=\"text-align: center;\" mce_style=\"text-align: center;\"><span style=\"font-size: large;\" mce_style=\"font-size: large;\"><span style=\"color: rgb(0, 0, 0);\" mce_style=\"color: #000000;\"><span style=\"font-family: verdana, geneva;\" mce_style=\"font-family: verdana, geneva;\"><span style=\"font-size: medium;\" mce_style=\"font-size: medium;\">(La familia directa de Catalina: Juana de Vozmediano; \u00a0Quiteria de Palacios \u00cd\u00f1iguez; Jer\u00f3nima de Salazar; Isabel de C\u00e1rdenas y Salazar; Mar\u00eda de Guzm\u00e1n y C\u00e1rdenas; precediendo a los pecheros, que encabezaba Andr\u00e9s Mart\u00edn Toledano, su Alcalde, que daba el brazo a su esposa Isabel Alonso).<\/span>\u00a0<\/span><\/span><\/span><\/p>\n<p style=\"text-align: justify;\" mce_style=\"text-align: justify;\"><\/p>\n<p style=\"text-align: justify;\" mce_style=\"text-align: justify;\"><\/p>\n<p style=\"text-align: center;\" mce_style=\"text-align: center;\"><img loading=\"lazy\" decoding=\"async\" class=\" size-full wp-image-2208 size-full wp-image-2208\" src=\"http:\/\/www.cervantinaesquivias.org\/wordpress\/wp-content\/uploads\/2015\/11\/desposorios-34.jpg\" mce_src=\"http:\/\/www.cervantinaesquivias.org\/wordpress\/wp-content\/uploads\/2015\/11\/desposorios-34.jpg\" alt=\"alt\" width=\"709\" height=\"471\" srcset=\"http:\/\/www.cervantinaesquivias.org\/wordpress\/wp-content\/uploads\/2015\/11\/desposorios-34.jpg 709w, http:\/\/www.cervantinaesquivias.org\/wordpress\/wp-content\/uploads\/2015\/11\/desposorios-34-300x199.jpg 300w\" sizes=\"auto, (max-width: 709px) 100vw, 709px\" \/><\/p>\n<p style=\"text-align: center;\" mce_style=\"text-align: center;\"><span style=\"font-size: medium;\" mce_style=\"font-size: medium;\"><span style=\"font-family: verdana, geneva;\" mce_style=\"font-family: verdana, geneva;\">\u00a0 \u00a0(En primer plano, Francisca Mar\u00eda Romana, casada con Sim\u00f3n Hern\u00e1ndez, comerciante en vinos. <span style=\"color: rgb(0, 0, 0);\" mce_style=\"color: #000000;\">Sim\u00f3n Hern\u00e1ndez ha prometido a Miguel y Catalina, que el pr\u00f3ximo hijo que tengan lo han de apadrinar los que hoy se desposan. Ser\u00eda el segundo de los hijos de este matrimonio, ya que, en la actualidad, cuentan con uno, bautizado Sim\u00f3n, y nacido en 1581; \u00a0a su lado, Luc\u00eda Romana, casada con Gaspar de Uxena; detr\u00e1s Ana de Moya, casada con Diego de Uxena; Mar\u00eda Romana, casada con Lucas Mart\u00edn; Mar\u00eda In\u00e9s Ram\u00edrez, casada con Bartolom\u00e9 de Uxena; Pedro Alonso, zagal, hijo de Mart\u00edn Alonso y de Luc\u00eda Romana; Juana de Isaba, conocida como \u00abla Vizca\u00edna\u00bb por su ascencencia vasco\/navarra; y Diego Ram\u00edrez de Isaba, su hijo, mesonero y posadero, apodado \u00abe<\/span>l Vizca\u00edno\u00bb).<\/span><\/span><\/p>\n<p style=\"text-align: center;\" mce_style=\"text-align: center;\"><\/p>\n<p style=\"text-align: center;\" mce_style=\"text-align: center;\"><\/p>\n<p><!--nextpage--><\/p>\n<p><\/p>\n<p><\/p>\n<p style=\"text-align: justify;\" mce_style=\"text-align: justify;\"><\/p>\n<p style=\"text-align: center;\" mce_style=\"text-align: center;\"><img loading=\"lazy\" decoding=\"async\" class=\" size-full wp-image-2209 size-full wp-image-2209\" src=\"http:\/\/www.cervantinaesquivias.org\/wordpress\/wp-content\/uploads\/2015\/11\/desposorios-35.jpg\" mce_src=\"http:\/\/www.cervantinaesquivias.org\/wordpress\/wp-content\/uploads\/2015\/11\/desposorios-35.jpg\" alt=\"alt\" width=\"709\" height=\"514\" srcset=\"http:\/\/www.cervantinaesquivias.org\/wordpress\/wp-content\/uploads\/2015\/11\/desposorios-35.jpg 709w, http:\/\/www.cervantinaesquivias.org\/wordpress\/wp-content\/uploads\/2015\/11\/desposorios-35-300x217.jpg 300w\" sizes=\"auto, (max-width: 709px) 100vw, 709px\" \/><\/p>\n<p style=\"text-align: center;\" mce_style=\"text-align: center;\"><span style=\"font-size: medium;\" mce_style=\"font-size: medium;\"><span style=\"font-family: verdana, geneva;\" mce_style=\"font-family: verdana, geneva;\">(La comitiva nupcial a su llegada a la iglesia de Santa Mar\u00eda del Lugar de Esquivias, con el fondo sonoro del repique de campanas)<\/span><\/span><\/p>\n<p style=\"text-align: justify;\" mce_style=\"text-align: justify;\"><\/p>\n<p style=\"text-align: justify;\" mce_style=\"text-align: justify;\"><\/p>\n<p style=\"text-align: center;\" mce_style=\"text-align: center;\"><img loading=\"lazy\" decoding=\"async\" class=\" size-full wp-image-2210 size-full wp-image-2210\" src=\"http:\/\/www.cervantinaesquivias.org\/wordpress\/wp-content\/uploads\/2015\/11\/desposorios-36.jpg\" mce_src=\"http:\/\/www.cervantinaesquivias.org\/wordpress\/wp-content\/uploads\/2015\/11\/desposorios-36.jpg\" alt=\"alt\" width=\"709\" height=\"945\" srcset=\"http:\/\/www.cervantinaesquivias.org\/wordpress\/wp-content\/uploads\/2015\/11\/desposorios-36.jpg 709w, http:\/\/www.cervantinaesquivias.org\/wordpress\/wp-content\/uploads\/2015\/11\/desposorios-36-225x300.jpg 225w\" sizes=\"auto, (max-width: 709px) 100vw, 709px\" \/><\/p>\n<p style=\"text-align: center;\" mce_style=\"text-align: center;\"><span style=\"font-size: medium;\" mce_style=\"font-size: medium;\"><span style=\"font-family: verdana, geneva;\" mce_style=\"font-family: verdana, geneva;\">(Una parte de la comitiva nupcial, a su llegada a la iglesia parroquial de Esquivias)<\/span><\/span><\/p>\n<p style=\"text-align: center;\" mce_style=\"text-align: center;\"><\/p>\n<p style=\"text-align: justify;\" mce_style=\"text-align: justify;\"><\/p>\n<p style=\"text-align: center;\" mce_style=\"text-align: center;\"><img loading=\"lazy\" decoding=\"async\" class=\" size-full wp-image-2211 size-full wp-image-2211\" src=\"http:\/\/www.cervantinaesquivias.org\/wordpress\/wp-content\/uploads\/2015\/11\/desposorios-37.jpg\" mce_src=\"http:\/\/www.cervantinaesquivias.org\/wordpress\/wp-content\/uploads\/2015\/11\/desposorios-37.jpg\" alt=\"alt\" width=\"709\" height=\"377\" srcset=\"http:\/\/www.cervantinaesquivias.org\/wordpress\/wp-content\/uploads\/2015\/11\/desposorios-37.jpg 709w, http:\/\/www.cervantinaesquivias.org\/wordpress\/wp-content\/uploads\/2015\/11\/desposorios-37-300x160.jpg 300w\" sizes=\"auto, (max-width: 709px) 100vw, 709px\" \/><\/p>\n<p style=\"text-align: center;\" mce_style=\"text-align: center;\"><span style=\"font-size: medium;\" mce_style=\"font-size: medium;\"><span style=\"font-family: verdana, geneva;\" mce_style=\"font-family: verdana, geneva;\">(La llegada de los Salazar a la iglesia parroquial, con Don Lope Garc\u00eda de Salazar a la cabeza. Don <\/span><span style=\"font-family: verdana, geneva;\" mce_style=\"font-family: verdana, geneva;\">Lope se hall\u00f3 casado con Do\u00f1a Mar\u00eda \u00cd\u00f1iguez, difunta, y no volvi\u00f3 a contraer de nuevo matrimonio, a pesar de su juventud. Era hijo de Diego Garc\u00eda de Salazar y de Marina de Salazar, difuntos, siendo <span style=\"color: rgb(0, 0, 0);\" mce_style=\"color: #000000;\">estos los bisabuelos maternos de Catalina de Salazar y Palacios. En estas fechas, era considerado como el patriarca de los Salazar y Palacios del Lugar de Esquivias, al ser la persona de mayor edad de los Salazar del Lugar. De su matrimonio con Do\u00f1a Mar\u00eda \u00cd\u00f1iguez nacieron: Quiteria de Palacios; Petronila de Salazar y Ayala, que se despos\u00f3 con Juan Urreta de Rojas, natural de la vecina Villa de Torrej\u00f3n de Velasco. Su t\u00eda, Mar\u00eda de Salazar, difunta, se despos\u00f3 con el Bachiller Juan Quixada, difunto, natural de Becilla de Valderaduey, siendo este el primer entronque de los Salazar con los Quixada. Le s<span style=\"line-height: 1.3em;\" mce_style=\"line-height: 1.3em;\">eguian: Isabel de C\u00e1rdenas; Juana de Santill\u00e1n; Isabel de C\u00e1rdenas y Salazar; Mar\u00eda de Guzm\u00e1n y C\u00e1rdenas; Jer\u00f3nima de Salazar; y Mar\u00eda de Briviesca y Salazar).<\/span><\/span><\/span><\/span><\/p>\n<p style=\"text-align: justify;\" mce_style=\"text-align: justify;\"><\/p>\n<p style=\"text-align: justify;\" mce_style=\"text-align: justify;\"><\/p>\n<p style=\"text-align: center;\" mce_style=\"text-align: center;\"><img loading=\"lazy\" decoding=\"async\" class=\" size-full wp-image-2212 size-full wp-image-2212\" src=\"http:\/\/www.cervantinaesquivias.org\/wordpress\/wp-content\/uploads\/2015\/11\/desposorios-38.jpg\" mce_src=\"http:\/\/www.cervantinaesquivias.org\/wordpress\/wp-content\/uploads\/2015\/11\/desposorios-38.jpg\" alt=\"alt\" width=\"709\" height=\"339\" srcset=\"http:\/\/www.cervantinaesquivias.org\/wordpress\/wp-content\/uploads\/2015\/11\/desposorios-38.jpg 709w, http:\/\/www.cervantinaesquivias.org\/wordpress\/wp-content\/uploads\/2015\/11\/desposorios-38-300x143.jpg 300w\" sizes=\"auto, (max-width: 709px) 100vw, 709px\" \/><\/p>\n<p style=\"text-align: center;\" mce_style=\"text-align: center;\"><span style=\"font-size: medium;\" mce_style=\"font-size: medium;\"><span style=\"color: rgb(0, 0, 0);\" mce_style=\"color: #000000;\"><span style=\"font-family: verdana, geneva;\" mce_style=\"font-family: verdana, geneva;\">(Otro grupo de la familia Salazar y Palacios con: Mar\u00eda de Guzm\u00e1n y C\u00e1rdenas; Isabel de C\u00e1rdenas y Salazar; Jer\u00f3nima de Salazar; Petronila de Salazar y Ayala; Juana de Vozmediano; seguidos por las familias pecheras, que encabezaba Andr\u00e9s Mart\u00edn Toledano, su alcalde en este a\u00f1o de 1584).<\/span><\/span><\/span><\/p>\n<p style=\"text-align: justify;\" mce_style=\"text-align: justify;\"><\/p>\n<p style=\"text-align: justify;\" mce_style=\"text-align: justify;\"><\/p>\n<p style=\"text-align: center;\" mce_style=\"text-align: center;\"><img loading=\"lazy\" decoding=\"async\" class=\" size-full wp-image-2213 size-full wp-image-2213\" src=\"http:\/\/www.cervantinaesquivias.org\/wordpress\/wp-content\/uploads\/2015\/11\/desposorios-39.jpg\" mce_src=\"http:\/\/www.cervantinaesquivias.org\/wordpress\/wp-content\/uploads\/2015\/11\/desposorios-39.jpg\" alt=\"alt\" width=\"709\" height=\"818\" srcset=\"http:\/\/www.cervantinaesquivias.org\/wordpress\/wp-content\/uploads\/2015\/11\/desposorios-39.jpg 709w, http:\/\/www.cervantinaesquivias.org\/wordpress\/wp-content\/uploads\/2015\/11\/desposorios-39-260x300.jpg 260w\" sizes=\"auto, (max-width: 709px) 100vw, 709px\" \/><\/p>\n<p style=\"text-align: center;\" mce_style=\"text-align: center;\"><span style=\"font-size: medium;\" mce_style=\"font-size: medium;\"><span style=\"font-family: verdana, geneva;\" mce_style=\"font-family: verdana, geneva;\">(El Alcalde de los hombres buenos, pecheros, del Lugar de Esquivias, Andr\u00e9s Mart\u00edn Toledano, encabeza el grupo de pecheros. Los dos Alcaldes de Esquivias, en el a\u00f1o de 1584, Don Rodrigo Mex\u00eda y Quixada, por el estado de los Hijosdalgo del Lugar, y Andr\u00e9s Mart\u00edn Toledano, por el estado de los hombres buenos, pecheros, fueron alcanzados por las cuentas del a\u00f1o, al no aparecer el dinero cobrado por el Concejo del Lugar de Esquivias, por el cobro de la le\u00f1a de las encinas del Monte del Lugar de Esquivias -que se vend\u00eda como le\u00f1as menores y mayores, seg\u00fan su robustez-, y de su fruto, las bellotas. Al final, Andr\u00e9s Mart\u00edn Toledano reconoci\u00f3 haber sido \u00e9l quien se quedo con el dinero recaudado, por lo que Don Rodrigo Mex\u00eda y Quixada qued\u00f3 exonerado de culpa. Andr\u00e9s Mart\u00edn Toledano da el brazo a su esposa, Isabel Alonso. Isabel Alonso era hermana de Mart\u00edn Alonso, mozo de mulas en la casa de Catalina de Salazar y Palacios, que se hallaba casado con Luc\u00eda Romana y, por tanto, era t\u00eda de Pedro Alonso, zagal. A su vez, Luc\u00eda Romana era cu\u00f1ada de Mar\u00eda Juana Rodriguez y t\u00eda de Ana Rodriguez. Siendo, a su vez, pariente de Do\u00f1a Juana Gayt\u00e1n, por lo que, estas familias eran las mas allegadas de los pecheros con el entorno familiar de Catalina de Salazar y Palacios. Hasta tal punto eran apreciados, que alg\u00fan Salazar no dud\u00f3 en ponerse detr\u00e1s del Alcalde de Pecheros. Les segu\u00edan: Quiteria de Palacios \u00cd\u00f1iguez; Quiteria de Palacios y Salazar; Catalina de Briviesca y Salazar; e Isabel de Briviesca y Salazar; seguidos por los pecheros: Mar\u00eda Juana Rodr\u00edguez; Ana Rodr\u00edguez; Mar\u00eda Mart\u00edn; y Diego Ram\u00edrez de Isaba, conocido por el sobrenombre de El Vizca\u00edno).<\/span><\/span><\/p>\n<p style=\"text-align: justify;\" mce_style=\"text-align: justify;\">\n<p><!--nextpage--><\/p>\n<p><\/p>\n<\/p>\n<p style=\"text-align: justify;\" mce_style=\"text-align: justify;\"><\/p>\n<p style=\"text-align: center;\" mce_style=\"text-align: center;\"><img loading=\"lazy\" decoding=\"async\" class=\" size-full wp-image-2214 size-full wp-image-2214\" src=\"http:\/\/www.cervantinaesquivias.org\/wordpress\/wp-content\/uploads\/2015\/11\/desposorios-40.jpg\" mce_src=\"http:\/\/www.cervantinaesquivias.org\/wordpress\/wp-content\/uploads\/2015\/11\/desposorios-40.jpg\" alt=\"alt\" width=\"709\" height=\"312\" srcset=\"http:\/\/www.cervantinaesquivias.org\/wordpress\/wp-content\/uploads\/2015\/11\/desposorios-40.jpg 709w, http:\/\/www.cervantinaesquivias.org\/wordpress\/wp-content\/uploads\/2015\/11\/desposorios-40-300x132.jpg 300w\" sizes=\"auto, (max-width: 709px) 100vw, 709px\" \/><\/p>\n<p style=\"text-align: center;\" mce_style=\"text-align: center;\"><span style=\"font-size: medium;\" mce_style=\"font-size: medium;\"><span style=\"font-family: verdana, geneva;\" mce_style=\"font-family: verdana, geneva;\">(El cura Don Juan de Palacios y Salazar, teniente de cura, en presencia de Don Juan Sanz Escribano, cura propio del Lugar de Esquivias, pronuncia unas solemnes palabras, anunciando a todos los asistentes los desposorios que se han celebrado entre Miguel de Cervantes Saavedra y Catalina de Salazar y Palacios. Don Juan de Palacios y Salazar, era hermano de Do\u00f1a Catalina de Palacios y Salazar, por tanto t\u00edo de Catalina de Salazar y Palacios, el cual tuvo inter\u00e9s en celebrar este matrimonio, al haber sido, tambi\u00e9n, el padrino del bautismo de su sobrina Catalina, el 12 de Noviembre de 1565, celebrado en esta misma iglesia de Santa Mar\u00eda del Lugar de Esquivias. Don Juan Sanz Escribano -que firmaba \u00abDoctor Escribano\u00bb- no dud\u00f3 en cederle a Don Juan ese privilegio, a pesar de ser el cura propio -cura titular- del Lugar de Esquivias desde el 9 de Febrero de 1583).<\/span><\/span><\/p>\n<p style=\"text-align: justify;\" mce_style=\"text-align: justify;\"><\/p>\n<p style=\"text-align: justify;\" mce_style=\"text-align: justify;\"><\/p>\n<p style=\"text-align: justify;\" mce_style=\"text-align: justify;\"><\/p>\n<p style=\"text-align: center;\" mce_style=\"text-align: center;\"><img loading=\"lazy\" decoding=\"async\" class=\" size-full wp-image-2215 size-full wp-image-2215\" src=\"http:\/\/www.cervantinaesquivias.org\/wordpress\/wp-content\/uploads\/2015\/11\/desposorios-41.jpg\" mce_src=\"http:\/\/www.cervantinaesquivias.org\/wordpress\/wp-content\/uploads\/2015\/11\/desposorios-41.jpg\" alt=\"alt\" width=\"709\" height=\"471\" srcset=\"http:\/\/www.cervantinaesquivias.org\/wordpress\/wp-content\/uploads\/2015\/11\/desposorios-41.jpg 709w, http:\/\/www.cervantinaesquivias.org\/wordpress\/wp-content\/uploads\/2015\/11\/desposorios-41-300x199.jpg 300w\" sizes=\"auto, (max-width: 709px) 100vw, 709px\" \/><\/p>\n<p style=\"text-align: center;\" mce_style=\"text-align: center;\"><span style=\"font-size: medium;\" mce_style=\"font-size: medium;\"><span style=\"font-family: verdana, geneva;\" mce_style=\"font-family: verdana, geneva;\">(Todos los presentes celebran el anuncio hecho por Don Juan de Palacios, tanto de invitados como de p\u00fablico en general que masivamente acudi\u00f3 a estos desposorios. Alegr\u00eda que no pudieron reprimir los reci\u00e9n desposados, Miguel y Catalina).<\/span>\u00a0<\/span><\/p>\n<p style=\"text-align: justify;\" mce_style=\"text-align: justify;\"><\/p>\n<p style=\"text-align: justify;\" mce_style=\"text-align: justify;\"><\/p>\n<p style=\"text-align: center;\" mce_style=\"text-align: center;\"><img loading=\"lazy\" decoding=\"async\" class=\" size-full wp-image-2216 size-full wp-image-2216\" src=\"http:\/\/www.cervantinaesquivias.org\/wordpress\/wp-content\/uploads\/2015\/11\/desposorios-42.jpg\" mce_src=\"http:\/\/www.cervantinaesquivias.org\/wordpress\/wp-content\/uploads\/2015\/11\/desposorios-42.jpg\" alt=\"alt\" width=\"709\" height=\"471\" srcset=\"http:\/\/www.cervantinaesquivias.org\/wordpress\/wp-content\/uploads\/2015\/11\/desposorios-42.jpg 709w, http:\/\/www.cervantinaesquivias.org\/wordpress\/wp-content\/uploads\/2015\/11\/desposorios-42-300x199.jpg 300w\" sizes=\"auto, (max-width: 709px) 100vw, 709px\" \/><\/p>\n<p style=\"text-align: center;\" mce_style=\"text-align: center;\"><span style=\"font-size: medium;\" mce_style=\"font-size: medium;\"><span style=\"font-family: verdana, geneva;\" mce_style=\"font-family: verdana, geneva;\">(Miguel de Cervantes, con su elocuencia, dirigi\u00f3 unas sentidas palabras a todos, en su nombre y en el de su esposa Catalina de Salazar, seguidas con atenci\u00f3n por sus hermanos, Andrea y Rodrigo;hidalgos, pecheros y p\u00fablico en general).<\/span><\/span><\/p>\n<p style=\"text-align: justify;\" mce_style=\"text-align: justify;\"><\/p>\n<p style=\"text-align: justify;\" mce_style=\"text-align: justify;\"><\/p>\n<p style=\"text-align: center;\" mce_style=\"text-align: center;\"><img loading=\"lazy\" decoding=\"async\" class=\" size-full wp-image-2217 size-full wp-image-2217\" src=\"http:\/\/www.cervantinaesquivias.org\/wordpress\/wp-content\/uploads\/2015\/11\/desposorios-43.jpg\" mce_src=\"http:\/\/www.cervantinaesquivias.org\/wordpress\/wp-content\/uploads\/2015\/11\/desposorios-43.jpg\" alt=\"alt\" width=\"709\" height=\"1075\" srcset=\"http:\/\/www.cervantinaesquivias.org\/wordpress\/wp-content\/uploads\/2015\/11\/desposorios-43.jpg 709w, http:\/\/www.cervantinaesquivias.org\/wordpress\/wp-content\/uploads\/2015\/11\/desposorios-43-198x300.jpg 198w, http:\/\/www.cervantinaesquivias.org\/wordpress\/wp-content\/uploads\/2015\/11\/desposorios-43-675x1024.jpg 675w\" sizes=\"auto, (max-width: 709px) 100vw, 709px\" \/><\/p>\n<p style=\"text-align: center;\" mce_style=\"text-align: center;\"><span style=\"font-size: medium;\" mce_style=\"font-size: medium;\"><span style=\"font-family: verdana, geneva;\" mce_style=\"font-family: verdana, geneva;\">(Los curas Don Juan Sanz Escribano y Don Juan de Palacios y Salazar, no dudaron en sumarse al cortejo nupcial. Seguidamente ven\u00edan: Constanza de Ovando; Sancho Gaona; Do\u00f1a Petronila de la Cuadra; Do\u00f1a Luisa de Godoy y Quixada, que saludaban cordialmente al p\u00fablico asistente).<\/span><\/span><\/p>\n<p style=\"text-align: justify;\" mce_style=\"text-align: justify;\"><\/p>\n<p style=\"text-align: justify;\" mce_style=\"text-align: justify;\"><\/p>\n<p style=\"text-align: justify;\" mce_style=\"text-align: justify;\"><\/p>\n<p style=\"text-align: center;\" mce_style=\"text-align: center;\"><img loading=\"lazy\" decoding=\"async\" class=\" size-full wp-image-2218 size-full wp-image-2218\" src=\"http:\/\/www.cervantinaesquivias.org\/wordpress\/wp-content\/uploads\/2015\/11\/desposorios-44.jpg\" mce_src=\"http:\/\/www.cervantinaesquivias.org\/wordpress\/wp-content\/uploads\/2015\/11\/desposorios-44.jpg\" alt=\"alt\" width=\"709\" height=\"955\" srcset=\"http:\/\/www.cervantinaesquivias.org\/wordpress\/wp-content\/uploads\/2015\/11\/desposorios-44.jpg 709w, http:\/\/www.cervantinaesquivias.org\/wordpress\/wp-content\/uploads\/2015\/11\/desposorios-44-223x300.jpg 223w\" sizes=\"auto, (max-width: 709px) 100vw, 709px\" \/><\/p>\n<p style=\"text-align: center;\" mce_style=\"text-align: center;\"><span style=\"font-size: medium;\" mce_style=\"font-size: medium;\"><span style=\"font-family: verdana, geneva;\" mce_style=\"font-family: verdana, geneva;\">(Alonso de Guzm\u00e1n y C\u00e1rdenas encabez\u00f3 la comitiva al son de repique del tambor. Alonso de Guzm\u00e1n, zagal de 15 a\u00f1os, hac\u00eda el n\u00famero nueve de los once hijos que tuvieron Francisco de Guzm\u00e1n e Isabel de C\u00e1rdenas, prima de Catalina de Salazar y Palacios. As\u00ed mismo, era hermano de Mar\u00eda de Guzm\u00e1n y C\u00e1rdenas, persona de m\u00e1xima confianza de Catalina de Salazar, que la ayud\u00f3 a ponerse el vestido de novia).<\/span><\/span><\/p>\n<p style=\"text-align: justify;\" mce_style=\"text-align: justify;\"><\/p>\n<p style=\"text-align: justify;\" mce_style=\"text-align: justify;\"><\/p>\n<p style=\"text-align: center;\" mce_style=\"text-align: center;\"><img loading=\"lazy\" decoding=\"async\" class=\" size-full wp-image-2219 size-full wp-image-2219\" src=\"http:\/\/www.cervantinaesquivias.org\/wordpress\/wp-content\/uploads\/2015\/11\/desposorios-45.jpg\" mce_src=\"http:\/\/www.cervantinaesquivias.org\/wordpress\/wp-content\/uploads\/2015\/11\/desposorios-45.jpg\" alt=\"alt\" width=\"709\" height=\"538\" srcset=\"http:\/\/www.cervantinaesquivias.org\/wordpress\/wp-content\/uploads\/2015\/11\/desposorios-45.jpg 709w, http:\/\/www.cervantinaesquivias.org\/wordpress\/wp-content\/uploads\/2015\/11\/desposorios-45-300x228.jpg 300w\" sizes=\"auto, (max-width: 709px) 100vw, 709px\" \/><\/p>\n<p style=\"text-align: center;\" mce_style=\"text-align: center;\"><span style=\"font-size: medium;\" mce_style=\"font-size: medium;\"><span style=\"font-family: verdana, geneva;\" mce_style=\"font-family: verdana, geneva;\">(Al son del siempre seguro repique del tambor, que hac\u00eda sonar Alonso de Guzm\u00e1n y C\u00e1rdenas, sigui\u00f3 la comitiva, encabezada en esta ocasi\u00f3n por Miguel de Cervantes que daba el brazo a su esposa Catalina de Salazar. A continuaci\u00f3n, el padrino, Don Rodrigo Mex\u00eda, ayudado por Andrea de Cervantes, lanzaba el bateo, que consist\u00eda en bellotas de las encinas del Monte del Lugar de Esquivias, que los ni\u00f1os apenas dejaban caer al suelo, siendo recogidas. Las dulces bellotas del Monte del Lugar, era un fruto apetecible por los vecinos de Esquivias, que el Concejo sacaba a subasta todos los a\u00f1os para su control y venta).<\/span>\u00a0<\/span><\/p>\n<p style=\"text-align: center;\" mce_style=\"text-align: center;\"><\/p>\n<p style=\"text-align: justify;\" mce_style=\"text-align: justify;\"><\/p>\n<p style=\"text-align: center;\" mce_style=\"text-align: center;\"><img loading=\"lazy\" decoding=\"async\" class=\" size-full wp-image-2220 size-full wp-image-2220\" src=\"http:\/\/www.cervantinaesquivias.org\/wordpress\/wp-content\/uploads\/2015\/11\/desposorios-46.jpg\" mce_src=\"http:\/\/www.cervantinaesquivias.org\/wordpress\/wp-content\/uploads\/2015\/11\/desposorios-46.jpg\" alt=\"alt\" width=\"709\" height=\"505\" srcset=\"http:\/\/www.cervantinaesquivias.org\/wordpress\/wp-content\/uploads\/2015\/11\/desposorios-46.jpg 709w, http:\/\/www.cervantinaesquivias.org\/wordpress\/wp-content\/uploads\/2015\/11\/desposorios-46-300x214.jpg 300w\" sizes=\"auto, (max-width: 709px) 100vw, 709px\" \/><\/p>\n<p style=\"text-align: center;\" mce_style=\"text-align: center;\"><span style=\"font-size: medium;\" mce_style=\"font-size: medium;\"><span style=\"font-family: verdana, geneva;\" mce_style=\"font-family: verdana, geneva;\">(Andrea de Cervantes y Don Rodrigo Mex\u00eda y Quixada, hicieron felices a los ni\u00f1os con el bateo).<\/span><\/span><\/p>\n<p style=\"text-align: justify;\" mce_style=\"text-align: justify;\"><\/p>\n<p style=\"text-align: justify;\" mce_style=\"text-align: justify;\"><\/p>\n<p style=\"text-align: center;\" mce_style=\"text-align: center;\"><img loading=\"lazy\" decoding=\"async\" class=\" size-full wp-image-2221 size-full wp-image-2221\" src=\"http:\/\/www.cervantinaesquivias.org\/wordpress\/wp-content\/uploads\/2015\/11\/desposorios-47.jpg\" mce_src=\"http:\/\/www.cervantinaesquivias.org\/wordpress\/wp-content\/uploads\/2015\/11\/desposorios-47.jpg\" alt=\"alt\" width=\"709\" height=\"434\" srcset=\"http:\/\/www.cervantinaesquivias.org\/wordpress\/wp-content\/uploads\/2015\/11\/desposorios-47.jpg 709w, http:\/\/www.cervantinaesquivias.org\/wordpress\/wp-content\/uploads\/2015\/11\/desposorios-47-300x184.jpg 300w\" sizes=\"auto, (max-width: 709px) 100vw, 709px\" \/><\/p>\n<p style=\"text-align: center;\" mce_style=\"text-align: center;\"><span style=\"font-size: medium;\" mce_style=\"font-size: medium;\"><span style=\"font-family: verdana, geneva;\" mce_style=\"font-family: verdana, geneva;\">(<span style=\"color: rgb(0, 0, 0);\" mce_style=\"color: #000000;\">Tambi\u00e9n Isabel de Briviesca y Salazar, y algunas pecheras, quisieron probar las dulces bellotas del bateo -aunque siempre saben mejor asadas al fuego-. Quiteria de Palacios \u00cd\u00f1iguez; Andr\u00e9s Mart\u00edn Toledano; Mar\u00eda \u00c1lvarez, casada con Andr\u00e9s de Morales, pecheros; Isabel Alonso; Luc\u00eda Romana, casada con Gaspar de Uxena; Ana de Morales; Luc\u00eda Romana, casada con Mart\u00edn Alonso; Ana de Moya; Mari Cabello; Juana Capoche; In\u00e9s de la Plaza; Mar\u00eda Mart\u00edn; Francisca Hern\u00e1ndez; y Diego Ram\u00edrez de Isaba, El Vizca\u00edno).<\/span><\/span><\/span><\/p>\n<p style=\"text-align: justify;\" mce_style=\"text-align: justify;\"><\/p>\n<p style=\"text-align: justify;\" mce_style=\"text-align: justify;\"><\/p>\n<p style=\"text-align: center;\" mce_style=\"text-align: center;\"><img loading=\"lazy\" decoding=\"async\" class=\" size-full wp-image-2222 size-full wp-image-2222\" src=\"http:\/\/www.cervantinaesquivias.org\/wordpress\/wp-content\/uploads\/2015\/11\/desposorios-48.jpg\" mce_src=\"http:\/\/www.cervantinaesquivias.org\/wordpress\/wp-content\/uploads\/2015\/11\/desposorios-48.jpg\" alt=\"alt\" width=\"709\" height=\"1066\" srcset=\"http:\/\/www.cervantinaesquivias.org\/wordpress\/wp-content\/uploads\/2015\/11\/desposorios-48.jpg 709w, http:\/\/www.cervantinaesquivias.org\/wordpress\/wp-content\/uploads\/2015\/11\/desposorios-48-200x300.jpg 200w, http:\/\/www.cervantinaesquivias.org\/wordpress\/wp-content\/uploads\/2015\/11\/desposorios-48-681x1024.jpg 681w\" sizes=\"auto, (max-width: 709px) 100vw, 709px\" \/><\/p>\n<p style=\"text-align: center;\" mce_style=\"text-align: center;\"><span style=\"color: rgb(255, 0, 0);\" mce_style=\"color: #ff0000;\"><span style=\"font-size: medium;\" mce_style=\"font-size: medium;\"><span style=\"color: rgb(0, 0, 0);\" mce_style=\"color: #000000;\"><span style=\"font-family: verdana, geneva;\" mce_style=\"font-family: verdana, geneva;\">(Ana de Guzm\u00e1n y C\u00e1rdenas, se mostraba as\u00ed de feliz por su asistencia a los desposorios de Catalina de Salazar y Palacios. Ana, de nueve a\u00f1os de edad, era hija de Isabel de C\u00e1rdenas y Salazar y de Blas D\u00e1valos y Ayala, y, por tanto, hermana de Aldonza de C\u00e1rdenas)<\/span><\/span><\/span><\/span><\/p>\n<p style=\"text-align: justify;\" mce_style=\"text-align: justify;\"><\/p>\n<p style=\"text-align: justify;\" mce_style=\"text-align: justify;\"><\/p>\n<p style=\"text-align: center;\" mce_style=\"text-align: center;\"><img loading=\"lazy\" decoding=\"async\" class=\" size-full wp-image-2223 size-full wp-image-2223\" src=\"http:\/\/www.cervantinaesquivias.org\/wordpress\/wp-content\/uploads\/2015\/11\/desposorios-49-.jpg\" mce_src=\"http:\/\/www.cervantinaesquivias.org\/wordpress\/wp-content\/uploads\/2015\/11\/desposorios-49-.jpg\" alt=\"alt\" width=\"709\" height=\"1066\" srcset=\"http:\/\/www.cervantinaesquivias.org\/wordpress\/wp-content\/uploads\/2015\/11\/desposorios-49-.jpg 709w, http:\/\/www.cervantinaesquivias.org\/wordpress\/wp-content\/uploads\/2015\/11\/desposorios-49--200x300.jpg 200w, http:\/\/www.cervantinaesquivias.org\/wordpress\/wp-content\/uploads\/2015\/11\/desposorios-49--681x1024.jpg 681w\" sizes=\"auto, (max-width: 709px) 100vw, 709px\" \/><\/p>\n<p style=\"text-align: center;\" mce_style=\"text-align: center;\"><span style=\"font-size: medium;\" mce_style=\"font-size: medium;\"><span style=\"font-family: verdana, geneva;\" mce_style=\"font-family: verdana, geneva;\">(Do\u00f1a Jer\u00f3nima de Salazar y Do\u00f1a Petronila de Salazar y Ayala, disfrutando de la fiesta).<\/span><\/span><\/p>\n<p style=\"text-align: justify;\" mce_style=\"text-align: justify;\"><\/p>\n<p style=\"text-align: justify;\" mce_style=\"text-align: justify;\"><\/p>\n<p style=\"text-align: center;\" mce_style=\"text-align: center;\"><img loading=\"lazy\" decoding=\"async\" class=\" size-full wp-image-2224 size-full wp-image-2224\" src=\"http:\/\/www.cervantinaesquivias.org\/wordpress\/wp-content\/uploads\/2015\/11\/desposorios-50.jpg\" mce_src=\"http:\/\/www.cervantinaesquivias.org\/wordpress\/wp-content\/uploads\/2015\/11\/desposorios-50.jpg\" alt=\"alt\" width=\"709\" height=\"471\" srcset=\"http:\/\/www.cervantinaesquivias.org\/wordpress\/wp-content\/uploads\/2015\/11\/desposorios-50.jpg 709w, http:\/\/www.cervantinaesquivias.org\/wordpress\/wp-content\/uploads\/2015\/11\/desposorios-50-300x199.jpg 300w\" sizes=\"auto, (max-width: 709px) 100vw, 709px\" \/><\/p>\n<p style=\"text-align: center;\" mce_style=\"text-align: center;\"><span style=\"font-size: medium;\" mce_style=\"font-size: medium;\"><span style=\"font-family: verdana, geneva;\" mce_style=\"font-family: verdana, geneva;\">(Quiteria de Palacios \u00cd\u00f1iguez y Quiteria de Palacios Salazar, por delante de Andr\u00e9s Mart\u00edn Toledano y su esposa, Isabel Alonso).<\/span><\/span><\/p>\n<p style=\"text-align: justify;\" mce_style=\"text-align: justify;\"><\/p>\n<p style=\"text-align: justify;\" mce_style=\"text-align: justify;\"><\/p>\n<p style=\"text-align: center;\" mce_style=\"text-align: center;\"><img loading=\"lazy\" decoding=\"async\" class=\" size-full wp-image-2225 size-full wp-image-2225\" src=\"http:\/\/www.cervantinaesquivias.org\/wordpress\/wp-content\/uploads\/2015\/11\/desposorios-51-.jpg\" mce_src=\"http:\/\/www.cervantinaesquivias.org\/wordpress\/wp-content\/uploads\/2015\/11\/desposorios-51-.jpg\" alt=\"alt\" width=\"709\" height=\"471\" srcset=\"http:\/\/www.cervantinaesquivias.org\/wordpress\/wp-content\/uploads\/2015\/11\/desposorios-51-.jpg 709w, http:\/\/www.cervantinaesquivias.org\/wordpress\/wp-content\/uploads\/2015\/11\/desposorios-51--300x199.jpg 300w\" sizes=\"auto, (max-width: 709px) 100vw, 709px\" \/><\/p>\n<p style=\"text-align: center;\" mce_style=\"text-align: center;\"><span style=\"font-size: medium;\" mce_style=\"font-size: medium;\"><span style=\"font-family: verdana, geneva;\" mce_style=\"font-family: verdana, geneva;\">(Los pecheros respetaban la presencia de su alcalde, Andr\u00e9s Mart\u00edn Toledano, al tiempo que cantaban canciones populares del Lugar de Esquivias, como: \u00abLos higos de las higueras\u00bb y otras canciones similares, adecuadas al acto que se estaba celebrando con los desposorios de Miguel y Catalina).<\/span><\/span><\/p>\n<p style=\"text-align: justify;\" mce_style=\"text-align: justify;\"><\/p>\n<p style=\"text-align: center;\" mce_style=\"text-align: center;\"><img loading=\"lazy\" decoding=\"async\" class=\" size-full wp-image-2226 size-full wp-image-2226\" src=\"http:\/\/www.cervantinaesquivias.org\/wordpress\/wp-content\/uploads\/2015\/11\/desposorios-52.jpg\" mce_src=\"http:\/\/www.cervantinaesquivias.org\/wordpress\/wp-content\/uploads\/2015\/11\/desposorios-52.jpg\" alt=\"alt\" width=\"709\" height=\"471\" srcset=\"http:\/\/www.cervantinaesquivias.org\/wordpress\/wp-content\/uploads\/2015\/11\/desposorios-52.jpg 709w, http:\/\/www.cervantinaesquivias.org\/wordpress\/wp-content\/uploads\/2015\/11\/desposorios-52-300x199.jpg 300w\" sizes=\"auto, (max-width: 709px) 100vw, 709px\" \/><\/p>\n<p style=\"text-align: center;\" mce_style=\"text-align: center;\"><span style=\"font-size: large;\" mce_style=\"font-size: large;\"><span style=\"color: rgb(255, 0, 0);\" mce_style=\"color: #ff0000;\"><span style=\"font-size: medium;\" mce_style=\"font-size: medium;\"><span style=\"color: rgb(0, 0, 0);\" mce_style=\"color: #000000;\"><span style=\"font-family: verdana, geneva;\" mce_style=\"font-family: verdana, geneva;\">(De izquierda a derecha: Mar\u00eda Juana Rodr\u00edguez; Mar\u00eda Romana; Ana Rodr\u00edguez; Ana de Morales; In\u00e9s de la Plaza; El Vizca\u00edno; Mar\u00eda In\u00e9s Ram\u00edrez; Luc\u00eda Romana; Luc\u00eda Fern\u00e1ndez; Mar\u00eda \u00c1lvarez; Francisca Hern\u00e1ndez; Pedro Alonso, zagal; Luc\u00eda Romana; Francisca Mar\u00eda Romana; y In\u00e9s L\u00f3pez, casada con Bartolom\u00e9 Doblado).\u00a0<\/span><\/span><\/span><\/span><\/span><\/p>\n<p style=\"text-align: justify;\" mce_style=\"text-align: justify;\"><\/p>\n<p style=\"text-align: justify;\" mce_style=\"text-align: justify;\"><\/p>\n<p style=\"text-align: center;\" mce_style=\"text-align: center;\"><img loading=\"lazy\" decoding=\"async\" class=\" size-full wp-image-2227 size-full wp-image-2227\" src=\"http:\/\/www.cervantinaesquivias.org\/wordpress\/wp-content\/uploads\/2015\/11\/desposorios-53-.jpg\" mce_src=\"http:\/\/www.cervantinaesquivias.org\/wordpress\/wp-content\/uploads\/2015\/11\/desposorios-53-.jpg\" alt=\"alt\" width=\"709\" height=\"549\" srcset=\"http:\/\/www.cervantinaesquivias.org\/wordpress\/wp-content\/uploads\/2015\/11\/desposorios-53-.jpg 709w, http:\/\/www.cervantinaesquivias.org\/wordpress\/wp-content\/uploads\/2015\/11\/desposorios-53--300x232.jpg 300w\" sizes=\"auto, (max-width: 709px) 100vw, 709px\" \/><\/p>\n<p style=\"text-align: center;\" mce_style=\"text-align: center;\"><span style=\"font-size: medium;\" mce_style=\"font-size: medium;\"><span style=\"font-family: verdana, geneva;\" mce_style=\"font-family: verdana, geneva;\">(Los Quixada no cambiaban de actitud, encabezados por el joven Mayorazgo, Gabriel Quixada de Salazar; detr\u00e1s de \u00e9l: Don Alonso Quixada de Salazar; Do\u00f1a Mar\u00eda Quixada de Salazar; Don Gutierre Quixada de Salazar, hermano de Don Juan Quixada de Salazar; otro hermano, Don Gabriel Quixada de Salazar, el viejo; Do\u00f1a Leonor de Sal\u00e7edo, esposa de Don Juan; y Don Juan Quixada de Salazar. Orgullosos los dos del car\u00e1cter que demuestra su hijo Gabriel Quixada de Salazar a su temprana edad).<\/span><\/span><\/p>\n<p style=\"text-align: justify;\" mce_style=\"text-align: justify;\"><\/p>\n<p style=\"text-align: justify;\" mce_style=\"text-align: justify;\"><\/p>\n<p style=\"text-align: center;\" mce_style=\"text-align: center;\"><img loading=\"lazy\" decoding=\"async\" class=\" size-full wp-image-2228 size-full wp-image-2228\" src=\"http:\/\/www.cervantinaesquivias.org\/wordpress\/wp-content\/uploads\/2015\/11\/desposorios-54.jpg\" mce_src=\"http:\/\/www.cervantinaesquivias.org\/wordpress\/wp-content\/uploads\/2015\/11\/desposorios-54.jpg\" alt=\"alt\" width=\"709\" height=\"599\" srcset=\"http:\/\/www.cervantinaesquivias.org\/wordpress\/wp-content\/uploads\/2015\/11\/desposorios-54.jpg 709w, http:\/\/www.cervantinaesquivias.org\/wordpress\/wp-content\/uploads\/2015\/11\/desposorios-54-300x253.jpg 300w\" sizes=\"auto, (max-width: 709px) 100vw, 709px\" \/><\/p>\n<p style=\"text-align: center;\" mce_style=\"text-align: center;\"><span style=\"font-size: medium;\" mce_style=\"font-size: medium;\"><span style=\"font-family: verdana, geneva;\" mce_style=\"font-family: verdana, geneva;\">(En primer plano, Don Juan Quixada de Salazar, que gan\u00f3 Carta Executoria de Hidalguia en la Chanciller\u00eda de Valladolid, para los Quixada del Lugar de Esquivias, en un gesto de prepotencia, que inculc\u00f3 a su hijo Gabriel Quixada de Salazar, para demostrar a todos quien ostentaba el mayor poder entre los hidalgos del Lugar. A su diestra, en similar actitud, Don Gabriel Quixada de Salazar, el viejo, hermano de Don Juan, y Don Alonso Quixada de Salazar, hijo primog\u00e9nito del anterior).<\/span><\/span><\/p>\n<p style=\"text-align: justify;\" mce_style=\"text-align: justify;\"><\/p>\n<p style=\"text-align: justify;\" mce_style=\"text-align: justify;\"><\/p>\n<p style=\"text-align: center;\" mce_style=\"text-align: center;\"><img loading=\"lazy\" decoding=\"async\" class=\" size-full wp-image-2229 size-full wp-image-2229\" src=\"http:\/\/www.cervantinaesquivias.org\/wordpress\/wp-content\/uploads\/2015\/11\/desposorios-55.jpg\" mce_src=\"http:\/\/www.cervantinaesquivias.org\/wordpress\/wp-content\/uploads\/2015\/11\/desposorios-55.jpg\" alt=\"alt\" width=\"709\" height=\"1159\" srcset=\"http:\/\/www.cervantinaesquivias.org\/wordpress\/wp-content\/uploads\/2015\/11\/desposorios-55.jpg 709w, http:\/\/www.cervantinaesquivias.org\/wordpress\/wp-content\/uploads\/2015\/11\/desposorios-55-184x300.jpg 184w, http:\/\/www.cervantinaesquivias.org\/wordpress\/wp-content\/uploads\/2015\/11\/desposorios-55-626x1024.jpg 626w\" sizes=\"auto, (max-width: 709px) 100vw, 709px\" \/><\/p>\n<p style=\"text-align: center;\" mce_style=\"text-align: center;\"><span style=\"font-size: medium;\" mce_style=\"font-size: medium;\"><span style=\"font-family: verdana, geneva;\" mce_style=\"font-family: verdana, geneva;\">(Un nuevo altercado que provocaron los Quixada contra los Salazar, que Don Lope Garc\u00eda de Salazar afront\u00f3 con energ\u00eda, quiz\u00e1s vali\u00e9ndose de su corputencia, respecto a Gabriel Quixada. Tambi\u00e9n es cierto que tuvo que interceder el Duque de B\u00e9jar, poniendo a cada uno en su sitio, siendo este vitoreado por todos los presentes. V\u00edtores que se mezclaban con los improperios que las familias pecheras propinaban a los Quixada, por provocar estos altercados, incluso, siendo secundados por el p\u00fablico presente, eso si, estoicamente soportado por los Quixada, que no les hizo cambiar el gesto. Mientras, Francisca Hern\u00e1ndez, esposa de Gaspar de Uxena, no se perd\u00eda detalle para despu\u00e9s pasar la \u00abinformaci\u00f3n\u00bb a las dem\u00e1s pecheras).<\/span><\/span><\/p>\n<p style=\"text-align: justify;\" mce_style=\"text-align: justify;\"><\/p>\n<p style=\"text-align: justify;\" mce_style=\"text-align: justify;\"><\/p>\n<p style=\"text-align: center;\" mce_style=\"text-align: center;\"><\/p>\n<p style=\"text-align: center;\" mce_style=\"text-align: center;\"><img loading=\"lazy\" decoding=\"async\" class=\" size-full wp-image-2230 size-full wp-image-2230\" src=\"http:\/\/www.cervantinaesquivias.org\/wordpress\/wp-content\/uploads\/2015\/11\/desp-06.jpg\" mce_src=\"http:\/\/www.cervantinaesquivias.org\/wordpress\/wp-content\/uploads\/2015\/11\/desp-06.jpg\" alt=\"alt\" width=\"709\" height=\"472\" srcset=\"http:\/\/www.cervantinaesquivias.org\/wordpress\/wp-content\/uploads\/2015\/11\/desp-06.jpg 709w, http:\/\/www.cervantinaesquivias.org\/wordpress\/wp-content\/uploads\/2015\/11\/desp-06-300x200.jpg 300w\" sizes=\"auto, (max-width: 709px) 100vw, 709px\" \/><\/p>\n<p style=\"text-align: center;\" mce_style=\"text-align: center;\"><span style=\"font-size: medium;\" mce_style=\"font-size: medium;\"><span style=\"font-family: verdana, geneva;\" mce_style=\"font-family: verdana, geneva;\">(Se vivieron unos momentos tensos, por que los pecheros recriminaban a los Quixada la actitud que, desde el primer momento estaban demostrando en estos desposorios, al tiempo que les ped\u00edan explicaciones. La respuesta de Don Juan Quixada y Salazar fue contundente: \u00abLos Quixada no dan explicaciones por sus actos, y menos a los pecheros\u00bb. Don Alonso Quixada se Salazar observaba la escena expectante, mientras que el Mayorazgo Gabriel Quixada de Salazar, al igual que su padre, no se alteraba lo mas m\u00ednimo. Las exigencias de los pecheros, dio lugar a insultos por parte de todos hacia los Quixada, en los que tambi\u00e9n el publico particip\u00f3 de forma acalorada, sin que por ello los Quixada se inmutaran).\u00a0<\/span><\/span><\/p>\n<p style=\"text-align: justify;\" mce_style=\"text-align: justify;\"><\/p>\n<p style=\"text-align: justify;\" mce_style=\"text-align: justify;\"><\/p>\n<p style=\"text-align: justify;\" mce_style=\"text-align: justify;\"><\/p>\n<p style=\"text-align: center;\" mce_style=\"text-align: center;\"><img loading=\"lazy\" decoding=\"async\" class=\" size-full wp-image-2231 size-full wp-image-2231\" src=\"http:\/\/www.cervantinaesquivias.org\/wordpress\/wp-content\/uploads\/2015\/11\/desposorios-56.jpg\" mce_src=\"http:\/\/www.cervantinaesquivias.org\/wordpress\/wp-content\/uploads\/2015\/11\/desposorios-56.jpg\" alt=\"alt\" width=\"709\" height=\"471\" srcset=\"http:\/\/www.cervantinaesquivias.org\/wordpress\/wp-content\/uploads\/2015\/11\/desposorios-56.jpg 709w, http:\/\/www.cervantinaesquivias.org\/wordpress\/wp-content\/uploads\/2015\/11\/desposorios-56-300x199.jpg 300w\" sizes=\"auto, (max-width: 709px) 100vw, 709px\" \/><\/p>\n<p style=\"text-align: center;\" mce_style=\"text-align: center;\"><span style=\"font-size: medium;\" mce_style=\"font-size: medium;\"><span style=\"font-family: verdana, geneva;\" mce_style=\"font-family: verdana, geneva;\">(Los comentarios entre la pecheras no se dejaron esperar. Cuchicheos, burlas, dimes y diretes, se mezclaban con los c\u00e1nticos populares. Vivas a los novios, a la madre de la novia, a los hermanos del novio y&#8230; al acompa\u00f1amiento, sobre todo. Toda una fiesta).<\/span><\/span><\/p>\n<p style=\"text-align: justify;\" mce_style=\"text-align: justify;\"><\/p>\n<p style=\"text-align: justify;\" mce_style=\"text-align: justify;\"><\/p>\n<p style=\"text-align: center;\" mce_style=\"text-align: center;\"><img loading=\"lazy\" decoding=\"async\" class=\" size-full wp-image-2232 size-full wp-image-2232\" src=\"http:\/\/www.cervantinaesquivias.org\/wordpress\/wp-content\/uploads\/2015\/11\/desposorios-57.jpg\" mce_src=\"http:\/\/www.cervantinaesquivias.org\/wordpress\/wp-content\/uploads\/2015\/11\/desposorios-57.jpg\" alt=\"alt\" width=\"709\" height=\"471\" srcset=\"http:\/\/www.cervantinaesquivias.org\/wordpress\/wp-content\/uploads\/2015\/11\/desposorios-57.jpg 709w, http:\/\/www.cervantinaesquivias.org\/wordpress\/wp-content\/uploads\/2015\/11\/desposorios-57-300x199.jpg 300w\" sizes=\"auto, (max-width: 709px) 100vw, 709px\" \/><\/p>\n<p style=\"text-align: center;\" mce_style=\"text-align: center;\"><span style=\"font-size: medium;\" mce_style=\"font-size: medium;\"><span style=\"font-family: verdana, geneva;\" mce_style=\"font-family: verdana, geneva;\">(Cuando las angostas calles lo permit\u00edan, se formaba de nuevo el cortejo nupcial, camino de la Plaza Principal, acompa\u00f1ados siempre de numeroso p\u00fablico que no se quisieron perder estos desposorios).<\/span><\/span><\/p>\n<p style=\"text-align: justify;\" mce_style=\"text-align: justify;\"><\/p>\n<p style=\"text-align: justify;\" mce_style=\"text-align: justify;\"><\/p>\n<p style=\"text-align: center;\" mce_style=\"text-align: center;\"><img loading=\"lazy\" decoding=\"async\" class=\" size-full wp-image-2233 size-full wp-image-2233\" src=\"http:\/\/www.cervantinaesquivias.org\/wordpress\/wp-content\/uploads\/2015\/11\/desposorios-58.jpg\" mce_src=\"http:\/\/www.cervantinaesquivias.org\/wordpress\/wp-content\/uploads\/2015\/11\/desposorios-58.jpg\" alt=\"alt\" width=\"709\" height=\"471\" srcset=\"http:\/\/www.cervantinaesquivias.org\/wordpress\/wp-content\/uploads\/2015\/11\/desposorios-58.jpg 709w, http:\/\/www.cervantinaesquivias.org\/wordpress\/wp-content\/uploads\/2015\/11\/desposorios-58-300x199.jpg 300w\" sizes=\"auto, (max-width: 709px) 100vw, 709px\" \/><\/p>\n<p style=\"text-align: center;\" mce_style=\"text-align: center;\"><span style=\"color: rgb(255, 0, 0);\" mce_style=\"color: #ff0000;\"><span style=\"font-size: medium;\" mce_style=\"font-size: medium;\"><span style=\"color: rgb(0, 0, 0);\" mce_style=\"color: #000000;\"><span style=\"font-family: verdana, geneva;\" mce_style=\"font-family: verdana, geneva;\">(Las j\u00f3venes Salazar lanzaban al vuelo sus pensamientos. Sus ilusiones de juventud).<\/span><\/span><\/span><\/span><\/p>\n<p style=\"text-align: justify;\" mce_style=\"text-align: justify;\"><\/p>\n<p style=\"text-align: justify;\" mce_style=\"text-align: justify;\"><\/p>\n<p style=\"text-align: center;\" mce_style=\"text-align: center;\"><img loading=\"lazy\" decoding=\"async\" class=\" size-full wp-image-2234 size-full wp-image-2234\" src=\"http:\/\/www.cervantinaesquivias.org\/wordpress\/wp-content\/uploads\/2015\/11\/desposorios-59-.jpg\" mce_src=\"http:\/\/www.cervantinaesquivias.org\/wordpress\/wp-content\/uploads\/2015\/11\/desposorios-59-.jpg\" alt=\"alt\" width=\"709\" height=\"471\" srcset=\"http:\/\/www.cervantinaesquivias.org\/wordpress\/wp-content\/uploads\/2015\/11\/desposorios-59-.jpg 709w, http:\/\/www.cervantinaesquivias.org\/wordpress\/wp-content\/uploads\/2015\/11\/desposorios-59--300x199.jpg 300w\" sizes=\"auto, (max-width: 709px) 100vw, 709px\" \/><\/p>\n<p style=\"text-align: center;\" mce_style=\"text-align: center;\"><span style=\"font-size: medium;\" mce_style=\"font-size: medium;\"><span style=\"font-family: verdana, geneva;\" mce_style=\"font-family: verdana, geneva;\">(Quienes pusieron la nota mas alta, fueron las mujeres pecheras que, no siendo invitadas a los desposorios, prestas acud\u00edan para criticar todo aquello que pudieran, ya fuera sobre lo visto en estos desposorios, como comentarios de las personas que a los mismos acudieran, \u00absacando a relucir\u00bb todo aquello que sirviera de jocoso comentario. Incluso porfiaban a ver cual de ellas transmit\u00eda mas informaci\u00f3n a las dem\u00e1s pecheras o al p\u00fablico en general. De izquierda a derecha: Mar\u00eda de Cuellar, esposa de Ant\u00f3n Doblado, y Luisa de la Cruz, casada con Francisco Pastrana, fueron las mas activas).<\/span><\/span><\/p>\n<p style=\"text-align: justify;\" mce_style=\"text-align: justify;\"><\/p>\n<p style=\"text-align: justify;\" mce_style=\"text-align: justify;\"><\/p>\n<p style=\"text-align: center;\" mce_style=\"text-align: center;\"><img loading=\"lazy\" decoding=\"async\" class=\" size-full wp-image-2235 size-full wp-image-2235\" src=\"http:\/\/www.cervantinaesquivias.org\/wordpress\/wp-content\/uploads\/2015\/11\/desposorios-60.jpg\" mce_src=\"http:\/\/www.cervantinaesquivias.org\/wordpress\/wp-content\/uploads\/2015\/11\/desposorios-60.jpg\" alt=\"alt\" width=\"709\" height=\"741\" srcset=\"http:\/\/www.cervantinaesquivias.org\/wordpress\/wp-content\/uploads\/2015\/11\/desposorios-60.jpg 709w, http:\/\/www.cervantinaesquivias.org\/wordpress\/wp-content\/uploads\/2015\/11\/desposorios-60-287x300.jpg 287w\" sizes=\"auto, (max-width: 709px) 100vw, 709px\" \/><\/p>\n<p style=\"text-align: center;\" mce_style=\"text-align: center;\"><span style=\"font-size: medium;\" mce_style=\"font-size: medium;\"><span style=\"font-family: verdana, geneva;\" mce_style=\"font-family: verdana, geneva;\">(Catalina de Salazar y Palacios y Miguel de Cervantes Saavedra, dejaban patente su alegr\u00eda)<\/span><\/span><\/p>\n<p style=\"text-align: justify;\" mce_style=\"text-align: justify;\"><\/p>\n<p style=\"text-align: justify;\" mce_style=\"text-align: justify;\"><\/p>\n<p style=\"text-align: center;\" mce_style=\"text-align: center;\"><img loading=\"lazy\" decoding=\"async\" class=\" size-full wp-image-2236 size-full wp-image-2236\" src=\"http:\/\/www.cervantinaesquivias.org\/wordpress\/wp-content\/uploads\/2015\/11\/desposorios-61.jpg\" mce_src=\"http:\/\/www.cervantinaesquivias.org\/wordpress\/wp-content\/uploads\/2015\/11\/desposorios-61.jpg\" alt=\"alt\" width=\"709\" height=\"744\" srcset=\"http:\/\/www.cervantinaesquivias.org\/wordpress\/wp-content\/uploads\/2015\/11\/desposorios-61.jpg 709w, http:\/\/www.cervantinaesquivias.org\/wordpress\/wp-content\/uploads\/2015\/11\/desposorios-61-286x300.jpg 286w\" sizes=\"auto, (max-width: 709px) 100vw, 709px\" \/><\/p>\n<p style=\"text-align: center;\" mce_style=\"text-align: center;\"><span style=\"font-size: medium;\" mce_style=\"font-size: medium;\"><span style=\"font-family: verdana, geneva;\" mce_style=\"font-family: verdana, geneva;\">(Los reci\u00e9n desposados no dejaban de saludar a los vecinos que acudieron a presenciar el cortejo nupcial).<\/span><\/span><\/p>\n<p style=\"text-align: justify;\" mce_style=\"text-align: justify;\"><\/p>\n<p style=\"text-align: justify;\" mce_style=\"text-align: justify;\"><\/p>\n<p style=\"text-align: center;\" mce_style=\"text-align: center;\"><img loading=\"lazy\" decoding=\"async\" class=\" size-full wp-image-2237 size-full wp-image-2237\" src=\"http:\/\/www.cervantinaesquivias.org\/wordpress\/wp-content\/uploads\/2015\/11\/desposorios-62.jpg\" mce_src=\"http:\/\/www.cervantinaesquivias.org\/wordpress\/wp-content\/uploads\/2015\/11\/desposorios-62.jpg\" alt=\"alt\" width=\"709\" height=\"1109\" srcset=\"http:\/\/www.cervantinaesquivias.org\/wordpress\/wp-content\/uploads\/2015\/11\/desposorios-62.jpg 709w, http:\/\/www.cervantinaesquivias.org\/wordpress\/wp-content\/uploads\/2015\/11\/desposorios-62-192x300.jpg 192w, http:\/\/www.cervantinaesquivias.org\/wordpress\/wp-content\/uploads\/2015\/11\/desposorios-62-655x1024.jpg 655w\" sizes=\"auto, (max-width: 709px) 100vw, 709px\" \/><\/p>\n<p style=\"text-align: center;\" mce_style=\"text-align: center;\"><span style=\"font-size: medium;\" mce_style=\"font-size: medium;\"><span style=\"font-family: verdana, geneva;\" mce_style=\"font-family: verdana, geneva;\">(Do\u00f1a Catalina de Palacios y Salazar, madre de Catalina de Salazar y Palacios, muestra su mejor sonrisa, una vez que ha casado a su hija. Parece que, de momento, ha dejado a un lado el recuerdo constante -sobre todo en p\u00fablico- hacia su difunto esposo Hernando de Salazar y Vozmediano. Y Rodrigo de Cervantes tambi\u00e9n se muestra satisfecho. Mientras, detr\u00e1s, Don Juan Sanz Escribano y el Duque de B\u00e9jar, que se frota las manos. \u00bfEstar\u00eda pensando en el banquete nupcial?. A la derecha de Do\u00f1a Catalina de Palacios, aparece un joven que se hall\u00f3 todo el tiempo de los desposorios observando todos los detalles. Su nombre: Diego Peces).<\/span><\/span><\/p>\n<p style=\"text-align: justify;\" mce_style=\"text-align: justify;\"><\/p>\n<p style=\"text-align: justify;\" mce_style=\"text-align: justify;\"><\/p>\n<p style=\"text-align: center;\" mce_style=\"text-align: center;\"><img loading=\"lazy\" decoding=\"async\" class=\" size-full wp-image-2238 size-full wp-image-2238\" src=\"http:\/\/www.cervantinaesquivias.org\/wordpress\/wp-content\/uploads\/2015\/11\/desposorios-63.jpg\" mce_src=\"http:\/\/www.cervantinaesquivias.org\/wordpress\/wp-content\/uploads\/2015\/11\/desposorios-63.jpg\" alt=\"alt\" width=\"709\" height=\"471\" srcset=\"http:\/\/www.cervantinaesquivias.org\/wordpress\/wp-content\/uploads\/2015\/11\/desposorios-63.jpg 709w, http:\/\/www.cervantinaesquivias.org\/wordpress\/wp-content\/uploads\/2015\/11\/desposorios-63-300x199.jpg 300w\" sizes=\"auto, (max-width: 709px) 100vw, 709px\" \/><\/p>\n<p style=\"text-align: center;\" mce_style=\"text-align: center;\"><span style=\"font-size: medium;\" mce_style=\"font-size: medium;\"><span style=\"font-family: verdana, geneva;\" mce_style=\"font-family: verdana, geneva;\">(En la Plaza Principal, todos van tomando posiciones, seg\u00fan su estado y condici\u00f3n: A la izquierda, los Salazar se agrupan para comentar las provocaciones de que han sido objeto por parte de los Quixada, que, lejos de lamentarlo, les ha servido para hacerles frente, acus\u00e1ndoles de su falta de limpieza de sangre en su ascendencia, y de una Carta Executoria, a su juicio, mal ganada. En otro lado de la Plaza se sit\u00faan Cervantes, Catalina y otros invitados, mientras, los Quixada, fuera de escena, hacen lo mismo que los Salazar, y quien sabe si pertrechan una nueva provocaci\u00f3n).<\/span><\/span><\/p>\n<p style=\"text-align: justify;\" mce_style=\"text-align: justify;\"><\/p>\n<p style=\"text-align: justify;\" mce_style=\"text-align: justify;\"><\/p>\n<p style=\"text-align: center;\" mce_style=\"text-align: center;\"><img loading=\"lazy\" decoding=\"async\" class=\" size-full wp-image-2239 size-full wp-image-2239\" src=\"http:\/\/www.cervantinaesquivias.org\/wordpress\/wp-content\/uploads\/2015\/11\/desposorios-64.jpg\" mce_src=\"http:\/\/www.cervantinaesquivias.org\/wordpress\/wp-content\/uploads\/2015\/11\/desposorios-64.jpg\" alt=\"alt\" width=\"709\" height=\"471\" srcset=\"http:\/\/www.cervantinaesquivias.org\/wordpress\/wp-content\/uploads\/2015\/11\/desposorios-64.jpg 709w, http:\/\/www.cervantinaesquivias.org\/wordpress\/wp-content\/uploads\/2015\/11\/desposorios-64-300x199.jpg 300w\" sizes=\"auto, (max-width: 709px) 100vw, 709px\" \/><\/p>\n<p style=\"text-align: center;\" mce_style=\"text-align: center;\"><span style=\"font-size: medium;\" mce_style=\"font-size: medium;\"><span style=\"font-family: verdana, geneva;\" mce_style=\"font-family: verdana, geneva;\">(Catalina de Salazar y Palacios, atiende a las pecheras con el cari\u00f1o de que hizo gala hacia estas familias).<\/span><\/span><\/p>\n<p style=\"text-align: justify;\" mce_style=\"text-align: justify;\"><\/p>\n<p style=\"text-align: justify;\" mce_style=\"text-align: justify;\">\n<p><!--nextpage--><\/p>\n<p><\/p>\n<\/p>\n<p style=\"text-align: center;\" mce_style=\"text-align: center;\"><img loading=\"lazy\" decoding=\"async\" class=\" size-full wp-image-2240 size-full wp-image-2240\" src=\"http:\/\/www.cervantinaesquivias.org\/wordpress\/wp-content\/uploads\/2015\/11\/desposorios-65.jpg\" mce_src=\"http:\/\/www.cervantinaesquivias.org\/wordpress\/wp-content\/uploads\/2015\/11\/desposorios-65.jpg\" alt=\"alt\" width=\"709\" height=\"471\" srcset=\"http:\/\/www.cervantinaesquivias.org\/wordpress\/wp-content\/uploads\/2015\/11\/desposorios-65.jpg 709w, http:\/\/www.cervantinaesquivias.org\/wordpress\/wp-content\/uploads\/2015\/11\/desposorios-65-300x199.jpg 300w\" sizes=\"auto, (max-width: 709px) 100vw, 709px\" \/><\/p>\n<p style=\"text-align: center;\" mce_style=\"text-align: center;\"><span style=\"font-size: medium;\" mce_style=\"font-size: medium;\"><span style=\"font-family: verdana, geneva;\" mce_style=\"font-family: verdana, geneva;\">(Un nutrido n\u00famero de pecheros esperan con inter\u00e9s la celebraci\u00f3n del baile nupcial entre Miguel y Catalina, con las fachadas de las viviendas engalanadas como corresponde a estos desposorios).<\/span><\/span><\/p>\n<p style=\"text-align: justify;\" mce_style=\"text-align: justify;\"><\/p>\n<p style=\"text-align: justify;\" mce_style=\"text-align: justify;\"><\/p>\n<p style=\"text-align: center;\" mce_style=\"text-align: center;\"><img loading=\"lazy\" decoding=\"async\" class=\" size-full wp-image-2241 size-full wp-image-2241\" src=\"http:\/\/www.cervantinaesquivias.org\/wordpress\/wp-content\/uploads\/2015\/11\/desposorios-66-.jpg\" mce_src=\"http:\/\/www.cervantinaesquivias.org\/wordpress\/wp-content\/uploads\/2015\/11\/desposorios-66-.jpg\" alt=\"alt\" width=\"709\" height=\"520\" srcset=\"http:\/\/www.cervantinaesquivias.org\/wordpress\/wp-content\/uploads\/2015\/11\/desposorios-66-.jpg 709w, http:\/\/www.cervantinaesquivias.org\/wordpress\/wp-content\/uploads\/2015\/11\/desposorios-66--300x220.jpg 300w\" sizes=\"auto, (max-width: 709px) 100vw, 709px\" \/><\/p>\n<p style=\"text-align: center;\" mce_style=\"text-align: center;\"><span style=\"font-size: medium;\" mce_style=\"font-size: medium;\"><span style=\"font-family: verdana, geneva;\" mce_style=\"font-family: verdana, geneva;\">(Otra vista de los pecheros, esperando comience el baile nupcial. Al fondo, la posada de El Vizca\u00edno, con colgaduras en sus balcones).<\/span><\/span><\/p>\n<p style=\"text-align: justify;\" mce_style=\"text-align: justify;\"><\/p>\n<p style=\"text-align: justify;\" mce_style=\"text-align: justify;\"><\/p>\n<p style=\"text-align: center;\" mce_style=\"text-align: center;\"><img loading=\"lazy\" decoding=\"async\" class=\" size-full wp-image-2242 size-full wp-image-2242\" src=\"http:\/\/www.cervantinaesquivias.org\/wordpress\/wp-content\/uploads\/2015\/11\/desposorios-67.jpg\" mce_src=\"http:\/\/www.cervantinaesquivias.org\/wordpress\/wp-content\/uploads\/2015\/11\/desposorios-67.jpg\" alt=\"alt\" width=\"709\" height=\"471\" srcset=\"http:\/\/www.cervantinaesquivias.org\/wordpress\/wp-content\/uploads\/2015\/11\/desposorios-67.jpg 709w, http:\/\/www.cervantinaesquivias.org\/wordpress\/wp-content\/uploads\/2015\/11\/desposorios-67-300x199.jpg 300w\" sizes=\"auto, (max-width: 709px) 100vw, 709px\" \/><\/p>\n<p style=\"text-align: center;\" mce_style=\"text-align: center;\"><span style=\"font-size: medium;\" mce_style=\"font-size: medium;\"><span style=\"font-family: verdana, geneva;\" mce_style=\"font-family: verdana, geneva;\">(Las mujeres pecheras se impacientan. El baile no comienza y ellas tienen prisa, pues tienen que ir a sus casas a preparar la comida, Juana Diaz, Catalina de Pastrana y Luisa de la Cruz, protestan en\u00e9rgicamente porque \u00abesto no es formalidad\u00bb. Al fin y al cabo, estas mujeres han venido a divertirse, pues tienen derecho a ello, por tradici\u00f3n popular).<\/span><\/span><\/p>\n<p style=\"text-align: justify;\" mce_style=\"text-align: justify;\"><\/p>\n<p style=\"text-align: justify;\" mce_style=\"text-align: justify;\"><\/p>\n<p style=\"text-align: center;\" mce_style=\"text-align: center;\"><img loading=\"lazy\" decoding=\"async\" class=\" size-full wp-image-2243 size-full wp-image-2243\" src=\"http:\/\/www.cervantinaesquivias.org\/wordpress\/wp-content\/uploads\/2015\/11\/desposorios-68.jpg\" mce_src=\"http:\/\/www.cervantinaesquivias.org\/wordpress\/wp-content\/uploads\/2015\/11\/desposorios-68.jpg\" alt=\"alt\" width=\"709\" height=\"471\" srcset=\"http:\/\/www.cervantinaesquivias.org\/wordpress\/wp-content\/uploads\/2015\/11\/desposorios-68.jpg 709w, http:\/\/www.cervantinaesquivias.org\/wordpress\/wp-content\/uploads\/2015\/11\/desposorios-68-300x199.jpg 300w\" sizes=\"auto, (max-width: 709px) 100vw, 709px\" \/><\/p>\n<p style=\"text-align: center;\" mce_style=\"text-align: center;\"><span style=\"font-size: medium;\" mce_style=\"font-size: medium;\"><span style=\"font-family: verdana, geneva;\" mce_style=\"font-family: verdana, geneva;\">(Como se tem\u00eda, de nuevo los Quixada vuelven a la carga contra los Salazar, llam\u00e1ndoles ladronzuelos y mentirosos. Gabriel Quixada de Salazar, que no se arredra, es contestado por Don Lope Garc\u00eda de Salazar, a los cuales secundan sendas familias, echando mano a sus espadas. El ambiente se vuelve muy tenso. Gritos de los amigos de Cervantes y Catalina. Los Salazar y los Quixada, jaleados por los suyos, mientras que las mujeres pecheras sin rubor demuestran su alegr\u00eda al ver, por fin, que entre estas dos familias pueda correr la sangre, no fuera a pasar como anta\u00f1o, que llegaron a sacar las espadas dentro del templo parroquial, para inmediatamente ser separados por los asistentes. Aunque bien sab\u00edan todos que siempre que ha habido estos retos, ha sido en presencia de gente, que les ha separado. Pero este momento es cr\u00edtico. Ha llegado a unos extremos que no presagian nada bueno. Los gritos de unos se mezclan con el jalear de los Salazar y los Quixada, al mismo tiempo que con la algarab\u00eda de las pecheras. Y todo, aprovechando la celebraci\u00f3n de estos desposorios).<\/span><\/span><\/p>\n<p style=\"text-align: justify;\" mce_style=\"text-align: justify;\"><\/p>\n<p style=\"text-align: center;\" mce_style=\"text-align: center;\"><\/p>\n<p style=\"text-align: center;\" mce_style=\"text-align: center;\"><img loading=\"lazy\" decoding=\"async\" class=\" size-full wp-image-2244 size-full wp-image-2244\" src=\"http:\/\/www.cervantinaesquivias.org\/wordpress\/wp-content\/uploads\/2015\/11\/desp-07.jpg\" mce_src=\"http:\/\/www.cervantinaesquivias.org\/wordpress\/wp-content\/uploads\/2015\/11\/desp-07.jpg\" alt=\"alt\" width=\"709\" height=\"472\" srcset=\"http:\/\/www.cervantinaesquivias.org\/wordpress\/wp-content\/uploads\/2015\/11\/desp-07.jpg 709w, http:\/\/www.cervantinaesquivias.org\/wordpress\/wp-content\/uploads\/2015\/11\/desp-07-300x200.jpg 300w\" sizes=\"auto, (max-width: 709px) 100vw, 709px\" \/><\/p>\n<p style=\"text-align: center;\" mce_style=\"text-align: center;\"><span style=\"font-size: medium;\" mce_style=\"font-size: medium;\"><span style=\"font-family: verdana, geneva;\" mce_style=\"font-family: verdana, geneva;\">(Gabriel Quixada de Salazar, ten\u00eda muy bien asumido cual era su papel en la vida social del Lugar de Esquivias. Don Lope Garc\u00eda de Salazar le hizo frente con decisi\u00f3n, pero el joven Moyorazgo no se arredraba. Se sent\u00eda apoyado por toda su familia, dispuestos a desenvainar sus espadas cuando \u00e9l diera la orden, y solo entonces. No pesta\u00f1e\u00f3 ni un instante. Mirando fijamente a los ojos a Don Lope, aguant\u00f3 estoicamente las bravuconadas del Salazar. Hab\u00edan venido a crear problemas a los Salazar, y no ser\u00edan estos quienes les echaran atr\u00e1s).<\/span><\/span><\/p>\n<p style=\"text-align: center;\" mce_style=\"text-align: center;\"><\/p>\n<p style=\"text-align: center;\" mce_style=\"text-align: center;\"><\/p>\n<p style=\"text-align: center;\" mce_style=\"text-align: center;\"><\/p>\n<p style=\"text-align: center;\" mce_style=\"text-align: center;\"><img loading=\"lazy\" decoding=\"async\" class=\" size-full wp-image-2245 size-full wp-image-2245\" src=\"http:\/\/www.cervantinaesquivias.org\/wordpress\/wp-content\/uploads\/2015\/11\/desp-08.jpg\" mce_src=\"http:\/\/www.cervantinaesquivias.org\/wordpress\/wp-content\/uploads\/2015\/11\/desp-08.jpg\" alt=\"alt\" width=\"709\" height=\"538\" srcset=\"http:\/\/www.cervantinaesquivias.org\/wordpress\/wp-content\/uploads\/2015\/11\/desp-08.jpg 709w, http:\/\/www.cervantinaesquivias.org\/wordpress\/wp-content\/uploads\/2015\/11\/desp-08-300x228.jpg 300w\" sizes=\"auto, (max-width: 709px) 100vw, 709px\" \/><\/p>\n<p style=\"text-align: center;\" mce_style=\"text-align: center;\"><span style=\"font-family: verdana, geneva; font-size: medium; line-height: 1.3em;\" mce_style=\"font-family: verdana, geneva; font-size: medium; line-height: 1.3em;\">(En esta ocasi\u00f3n, es Miguel de Cervantes el que pone paz entre estas dos familias, con la energ\u00eda que le da haber sido soldado en la mayor batalla que vieron los siglos pasados y ver\u00e1n los venideros. La actitud de Cervantes es contundente, con su espada desenvainada pone su mirada penetrante en los rostros de los Salazar y Quixada, haci\u00e9ndoles deponer su actitud. Vitores, aplausos y parabienes secundan lo que Miguel de Cervantes ha resuelto. Todo es alegr\u00eda, salvo las mujeres pecheras que vuelven a quedarse sin ver \u00abque la sangre llegue al rio\u00bb, como era habitual entre los Quixada y los Salazar. Entretanto, a Do\u00f1a Catalina de Palacios y Salazar le ha dado un soponcio, lo que hace que todos los presentes se dirijan con actitudes agresivas hacia los Salazar y los Quixadas, por entender que han sido ellos los que han provocado este episodio, y no el recuerdo de su difunto esposo. Al tiempo, el p\u00fablico asistente tambi\u00e9n participa en recriminar esta actitud a las dos familias).<\/span><\/p>\n<p style=\"text-align: justify;\" mce_style=\"text-align: justify;\"><\/p>\n<p style=\"text-align: justify;\" mce_style=\"text-align: justify;\"><\/p>\n<p style=\"text-align: center;\" mce_style=\"text-align: center;\"><img loading=\"lazy\" decoding=\"async\" class=\" size-full wp-image-2246 size-full wp-image-2246\" src=\"http:\/\/www.cervantinaesquivias.org\/wordpress\/wp-content\/uploads\/2015\/11\/desposorios-70.jpg\" mce_src=\"http:\/\/www.cervantinaesquivias.org\/wordpress\/wp-content\/uploads\/2015\/11\/desposorios-70.jpg\" alt=\"alt\" width=\"709\" height=\"471\" srcset=\"http:\/\/www.cervantinaesquivias.org\/wordpress\/wp-content\/uploads\/2015\/11\/desposorios-70.jpg 709w, http:\/\/www.cervantinaesquivias.org\/wordpress\/wp-content\/uploads\/2015\/11\/desposorios-70-300x199.jpg 300w\" sizes=\"auto, (max-width: 709px) 100vw, 709px\" \/><\/p>\n<p style=\"text-align: center;\" mce_style=\"text-align: center;\"><span style=\"font-size: medium;\" mce_style=\"font-size: medium;\"><span style=\"font-family: verdana, geneva;\" mce_style=\"font-family: verdana, geneva;\">(Aldonza de C\u00e1rdenas y Juana Lorenzo, han preparado un baile nupcial en honor de Catalina, que inician a un lado de la Plaza. Sugerente, delicado, al son de La Chacona).<\/span><\/span><\/p>\n<p style=\"text-align: justify;\" mce_style=\"text-align: justify;\"><\/p>\n<p style=\"text-align: justify;\" mce_style=\"text-align: justify;\"><\/p>\n<p style=\"text-align: center;\" mce_style=\"text-align: center;\"><img loading=\"lazy\" decoding=\"async\" class=\" size-full wp-image-2247 size-full wp-image-2247\" src=\"http:\/\/www.cervantinaesquivias.org\/wordpress\/wp-content\/uploads\/2015\/11\/desp-09.jpg\" mce_src=\"http:\/\/www.cervantinaesquivias.org\/wordpress\/wp-content\/uploads\/2015\/11\/desp-09.jpg\" alt=\"alt\" width=\"709\" height=\"472\" srcset=\"http:\/\/www.cervantinaesquivias.org\/wordpress\/wp-content\/uploads\/2015\/11\/desp-09.jpg 709w, http:\/\/www.cervantinaesquivias.org\/wordpress\/wp-content\/uploads\/2015\/11\/desp-09-300x200.jpg 300w\" sizes=\"auto, (max-width: 709px) 100vw, 709px\" \/><\/p>\n<p style=\"text-align: center;\" mce_style=\"text-align: center;\"><span style=\"font-size: medium;\" mce_style=\"font-size: medium;\"><span style=\"font-family: verdana, geneva;\" mce_style=\"font-family: verdana, geneva;\">(Las dos j\u00f3venes se erigen en el centro de atenci\u00f3n de todos, sin saber que era lo que ten\u00edan preparado. Con delicadeza, y sus suaves movimientos, env\u00edan un mensaje a los reci\u00e9n desposados, que les sirva para vivir el futuro con armon\u00eda, confianza y respeto).<\/span><\/span><\/p>\n<p style=\"text-align: justify;\" mce_style=\"text-align: justify;\"><\/p>\n<p style=\"text-align: justify;\" mce_style=\"text-align: justify;\"><\/p>\n<p style=\"text-align: justify;\" mce_style=\"text-align: justify;\"><\/p>\n<p style=\"text-align: center;\" mce_style=\"text-align: center;\"><img loading=\"lazy\" decoding=\"async\" class=\" size-full wp-image-2248 size-full wp-image-2248\" src=\"http:\/\/www.cervantinaesquivias.org\/wordpress\/wp-content\/uploads\/2015\/11\/desposorios-72.jpg\" mce_src=\"http:\/\/www.cervantinaesquivias.org\/wordpress\/wp-content\/uploads\/2015\/11\/desposorios-72.jpg\" alt=\"alt\" width=\"709\" height=\"471\" srcset=\"http:\/\/www.cervantinaesquivias.org\/wordpress\/wp-content\/uploads\/2015\/11\/desposorios-72.jpg 709w, http:\/\/www.cervantinaesquivias.org\/wordpress\/wp-content\/uploads\/2015\/11\/desposorios-72-300x199.jpg 300w\" sizes=\"auto, (max-width: 709px) 100vw, 709px\" \/><\/p>\n<p style=\"text-align: center;\" mce_style=\"text-align: center;\"><span style=\"font-size: medium;\" mce_style=\"font-size: medium;\"><span style=\"font-family: verdana, geneva;\" mce_style=\"font-family: verdana, geneva;\">(Con el velo con que desarrollan la coreograf\u00eda preparada por estas dos mozas, separan a Catalina de Miguel, que se queda est\u00e1tico, presenciando la escena, mientras Catalina inicia unos pasos de baile al ritmo que le marcan Aldonza de C\u00e1rdenas y Juana Lorenzo).\u00a0<\/span><\/span><\/p>\n<p style=\"text-align: justify;\" mce_style=\"text-align: justify;\"><\/p>\n<p style=\"text-align: justify;\" mce_style=\"text-align: justify;\"><\/p>\n<p style=\"text-align: center;\" mce_style=\"text-align: center;\"><img loading=\"lazy\" decoding=\"async\" class=\" size-full wp-image-2249 size-full wp-image-2249\" src=\"http:\/\/www.cervantinaesquivias.org\/wordpress\/wp-content\/uploads\/2015\/11\/desposorios-73.jpg\" mce_src=\"http:\/\/www.cervantinaesquivias.org\/wordpress\/wp-content\/uploads\/2015\/11\/desposorios-73.jpg\" alt=\"alt\" width=\"709\" height=\"471\" srcset=\"http:\/\/www.cervantinaesquivias.org\/wordpress\/wp-content\/uploads\/2015\/11\/desposorios-73.jpg 709w, http:\/\/www.cervantinaesquivias.org\/wordpress\/wp-content\/uploads\/2015\/11\/desposorios-73-300x199.jpg 300w\" sizes=\"auto, (max-width: 709px) 100vw, 709px\" \/><\/p>\n<p style=\"text-align: center;\" mce_style=\"text-align: center;\"><span style=\"font-size: medium;\" mce_style=\"font-size: medium;\"><span style=\"font-family: verdana, geneva;\" mce_style=\"font-family: verdana, geneva;\">(Las dos mozas animan a Catalina a que ense\u00f1e tambi\u00e9n ella sus pololos, que no consiguen dada su timidez).<\/span>\u00a0<\/span><\/p>\n<p style=\"text-align: justify;\" mce_style=\"text-align: justify;\"><\/p>\n<p style=\"text-align: justify;\" mce_style=\"text-align: justify;\"><\/p>\n<p style=\"text-align: center;\" mce_style=\"text-align: center;\"><img loading=\"lazy\" decoding=\"async\" class=\" size-full wp-image-2250 size-full wp-image-2250\" src=\"http:\/\/www.cervantinaesquivias.org\/wordpress\/wp-content\/uploads\/2015\/11\/desposorios-74.jpg\" mce_src=\"http:\/\/www.cervantinaesquivias.org\/wordpress\/wp-content\/uploads\/2015\/11\/desposorios-74.jpg\" alt=\"alt\" width=\"709\" height=\"471\" srcset=\"http:\/\/www.cervantinaesquivias.org\/wordpress\/wp-content\/uploads\/2015\/11\/desposorios-74.jpg 709w, http:\/\/www.cervantinaesquivias.org\/wordpress\/wp-content\/uploads\/2015\/11\/desposorios-74-300x199.jpg 300w\" sizes=\"auto, (max-width: 709px) 100vw, 709px\" \/><\/p>\n<p style=\"text-align: center;\" mce_style=\"text-align: center;\"><span style=\"font-size: medium;\" mce_style=\"font-size: medium;\"><span style=\"font-family: verdana, geneva;\" mce_style=\"font-family: verdana, geneva;\">(Poco a poco las tres j\u00f3venes salen bailando hasta el centro de la Plaza. Ante la viveza del ritmo de La Chacona, desarrollan un baile a contrapunto, elegante, persuasivo, lleno de arte y fragilidad).<\/span><\/span><\/p>\n<p style=\"text-align: justify;\" mce_style=\"text-align: justify;\"><\/p>\n<p style=\"text-align: justify;\" mce_style=\"text-align: justify;\"><\/p>\n<p style=\"text-align: center;\" mce_style=\"text-align: center;\"><img loading=\"lazy\" decoding=\"async\" class=\" size-full wp-image-2251 size-full wp-image-2251\" src=\"http:\/\/www.cervantinaesquivias.org\/wordpress\/wp-content\/uploads\/2015\/11\/desposorios-75.jpg\" mce_src=\"http:\/\/www.cervantinaesquivias.org\/wordpress\/wp-content\/uploads\/2015\/11\/desposorios-75.jpg\" alt=\"alt\" width=\"709\" height=\"471\" srcset=\"http:\/\/www.cervantinaesquivias.org\/wordpress\/wp-content\/uploads\/2015\/11\/desposorios-75.jpg 709w, http:\/\/www.cervantinaesquivias.org\/wordpress\/wp-content\/uploads\/2015\/11\/desposorios-75-300x199.jpg 300w\" sizes=\"auto, (max-width: 709px) 100vw, 709px\" \/><\/p>\n<p style=\"text-align: center;\" mce_style=\"text-align: center;\"><span style=\"font-size: medium;\" mce_style=\"font-size: medium;\"><span style=\"font-family: verdana, geneva;\" mce_style=\"font-family: verdana, geneva;\">(Catalina, Juana y Aldonza, como si de una sola persona se tratara, danzan y danzan ante la expectaci\u00f3n de todos).<\/span><\/span><\/p>\n<p style=\"text-align: justify;\" mce_style=\"text-align: justify;\"><\/p>\n<p style=\"text-align: justify;\" mce_style=\"text-align: justify;\"><\/p>\n<p style=\"text-align: center;\" mce_style=\"text-align: center;\"><img loading=\"lazy\" decoding=\"async\" class=\" size-full wp-image-2252 size-full wp-image-2252\" src=\"http:\/\/www.cervantinaesquivias.org\/wordpress\/wp-content\/uploads\/2015\/11\/desp-10.jpg\" mce_src=\"http:\/\/www.cervantinaesquivias.org\/wordpress\/wp-content\/uploads\/2015\/11\/desp-10.jpg\" alt=\"alt\" width=\"709\" height=\"472\" srcset=\"http:\/\/www.cervantinaesquivias.org\/wordpress\/wp-content\/uploads\/2015\/11\/desp-10.jpg 709w, http:\/\/www.cervantinaesquivias.org\/wordpress\/wp-content\/uploads\/2015\/11\/desp-10-300x200.jpg 300w\" sizes=\"auto, (max-width: 709px) 100vw, 709px\" \/><\/p>\n<p style=\"text-align: center;\" mce_style=\"text-align: center;\"><span style=\"font-size: medium;\" mce_style=\"font-size: medium;\"><span style=\"font-family: verdana, geneva;\" mce_style=\"font-family: verdana, geneva;\">(Al final del baile, Aldonza y Juana, vuelve a llevar a Catalina al lado de Miguel, volviendo sobre sus danzantes pasos).<\/span><\/span><\/p>\n<p style=\"text-align: justify;\" mce_style=\"text-align: justify;\"><\/p>\n<p style=\"text-align: justify;\" mce_style=\"text-align: justify;\"><\/p>\n<p style=\"text-align: center;\" mce_style=\"text-align: center;\"><img loading=\"lazy\" decoding=\"async\" class=\" size-full wp-image-2253 size-full wp-image-2253\" src=\"http:\/\/www.cervantinaesquivias.org\/wordpress\/wp-content\/uploads\/2015\/11\/desposorios-76.jpg\" mce_src=\"http:\/\/www.cervantinaesquivias.org\/wordpress\/wp-content\/uploads\/2015\/11\/desposorios-76.jpg\" alt=\"alt\" width=\"709\" height=\"471\" srcset=\"http:\/\/www.cervantinaesquivias.org\/wordpress\/wp-content\/uploads\/2015\/11\/desposorios-76.jpg 709w, http:\/\/www.cervantinaesquivias.org\/wordpress\/wp-content\/uploads\/2015\/11\/desposorios-76-300x199.jpg 300w\" sizes=\"auto, (max-width: 709px) 100vw, 709px\" \/><\/p>\n<p style=\"text-align: center;\" mce_style=\"text-align: center;\"><span style=\"font-size: medium;\" mce_style=\"font-size: medium;\"><span style=\"font-family: verdana, geneva;\" mce_style=\"font-family: verdana, geneva;\">(El baile nupcial ha sido seguido con inusitado inter\u00e9s y emoci\u00f3n por parte de las pecheras. Alguna, como Fabiana Gallega -en primer plano, a la izquierda-, casada con Andr\u00e9s Ram\u00edrez, y madre de seis hijos, no puede contener la emoci\u00f3n y ha de enjugarse las l\u00e1grimas. Y eso que Fabiana Gallega fue una de las mujeres pecheras mas activas e incordiantes durante todo el recorrido, pero la emoci\u00f3n la sobrepas\u00f3 con creces).<\/span><\/span><\/p>\n<p style=\"text-align: justify;\" mce_style=\"text-align: justify;\"><\/p>\n<p style=\"text-align: justify;\" mce_style=\"text-align: justify;\"><\/p>\n<p style=\"text-align: center;\" mce_style=\"text-align: center;\"><img loading=\"lazy\" decoding=\"async\" class=\" size-full wp-image-2254 size-full wp-image-2254\" src=\"http:\/\/www.cervantinaesquivias.org\/wordpress\/wp-content\/uploads\/2015\/11\/desposorios-77.jpg\" mce_src=\"http:\/\/www.cervantinaesquivias.org\/wordpress\/wp-content\/uploads\/2015\/11\/desposorios-77.jpg\" alt=\"alt\" width=\"709\" height=\"471\" srcset=\"http:\/\/www.cervantinaesquivias.org\/wordpress\/wp-content\/uploads\/2015\/11\/desposorios-77.jpg 709w, http:\/\/www.cervantinaesquivias.org\/wordpress\/wp-content\/uploads\/2015\/11\/desposorios-77-300x199.jpg 300w\" sizes=\"auto, (max-width: 709px) 100vw, 709px\" \/><\/p>\n<p style=\"text-align: center;\" mce_style=\"text-align: center;\"><span style=\"font-size: medium;\" mce_style=\"font-size: medium;\"><span style=\"font-family: verdana, geneva;\" mce_style=\"font-family: verdana, geneva;\">(El cortejo nupcial se despidi\u00f3 en la Casa Segunda del Mayorazgo de los Quixada del Lugar de Esquivias, en el patio principal, asom\u00e1ndose Miguel de Cervantes y Catalina de Salazar al balc\u00f3n central).\u00a0<\/span><\/span><\/p>\n<p style=\"text-align: justify;\" mce_style=\"text-align: justify;\"><\/p>\n<p style=\"text-align: center;\" mce_style=\"text-align: center;\"><img loading=\"lazy\" decoding=\"async\" class=\" size-full wp-image-2255 size-full wp-image-2255\" src=\"http:\/\/www.cervantinaesquivias.org\/wordpress\/wp-content\/uploads\/2015\/11\/desposorios-78.jpg\" mce_src=\"http:\/\/www.cervantinaesquivias.org\/wordpress\/wp-content\/uploads\/2015\/11\/desposorios-78.jpg\" alt=\"alt\" width=\"709\" height=\"1066\" srcset=\"http:\/\/www.cervantinaesquivias.org\/wordpress\/wp-content\/uploads\/2015\/11\/desposorios-78.jpg 709w, http:\/\/www.cervantinaesquivias.org\/wordpress\/wp-content\/uploads\/2015\/11\/desposorios-78-200x300.jpg 200w, http:\/\/www.cervantinaesquivias.org\/wordpress\/wp-content\/uploads\/2015\/11\/desposorios-78-681x1024.jpg 681w\" sizes=\"auto, (max-width: 709px) 100vw, 709px\" \/><\/p>\n<p style=\"text-align: center;\" mce_style=\"text-align: center;\"><span style=\"font-size: medium;\" mce_style=\"font-size: medium;\"><span style=\"font-family: verdana, geneva;\" mce_style=\"font-family: verdana, geneva;\">(Catalina de Salazar y Palacios y Miguel de Cervantes y Saavedra, saludan a todos los asistentes a sus desposorios y, de manera inquebrantable, a todos los que, en a\u00f1os y siglos venideros, seguir\u00e1n celebrando esta boda, porque as\u00ed lo quiso la ventura y la magia del Pr\u00edncipe de los Ingenios).<\/span><\/span><\/p>\n<p style=\"text-align: justify;\" mce_style=\"text-align: justify;\"><\/p>\n<p style=\"text-align: center;\" mce_style=\"text-align: center;\"><span style=\"font-size: medium;\" mce_style=\"font-size: medium;\"><span style=\"font-family: verdana, geneva;\" mce_style=\"font-family: verdana, geneva;\"><b><u>FICHA T\u00c9CNICA<\/u><\/b><\/span><\/span><\/p>\n<p style=\"text-align: center;\" mce_style=\"text-align: center;\"><span style=\"font-size: medium;\" mce_style=\"font-size: medium;\"><span style=\"font-family: verdana, geneva;\" mce_style=\"font-family: verdana, geneva;\"><b><u><br \/><\/u><\/b><\/span><\/span><\/p>\n<p style=\"text-align: center;\" mce_style=\"text-align: center;\"><u><span style=\"font-size: medium;\" mce_style=\"font-size: medium;\"><span style=\"font-family: verdana, geneva;\" mce_style=\"font-family: verdana, geneva;\"><b>Reparto<\/b><\/span><\/span><\/u><\/p>\n<p style=\"text-align: center;\" mce_style=\"text-align: center;\"><span style=\"font-size: medium;\" mce_style=\"font-size: medium;\"><span style=\"font-family: verdana, geneva;\" mce_style=\"font-family: verdana, geneva;\">Miguel de Cervantes&#8230;Jos\u00e9 Mar\u00eda Medina Navarro<\/span><\/span><\/p>\n<p style=\"text-align: center;\" mce_style=\"text-align: center;\"><span style=\"font-size: medium;\" mce_style=\"font-size: medium;\"><span style=\"font-family: verdana, geneva;\" mce_style=\"font-family: verdana, geneva;\">Catalina de Salazar&#8230;Ver\u00f3nica Garc\u00eda<\/span><\/span><\/p>\n<p style=\"text-align: center;\" mce_style=\"text-align: center;\"><span style=\"font-size: medium;\" mce_style=\"font-size: medium;\"><span style=\"font-family: verdana, geneva;\" mce_style=\"font-family: verdana, geneva;\">Don Rodrigo Mex\u00eda&#8230;Angel Luis Hermida<\/span><\/span><\/p>\n<p style=\"text-align: center;\" mce_style=\"text-align: center;\"><span style=\"font-size: medium;\" mce_style=\"font-size: medium;\"><span style=\"font-family: verdana, geneva;\" mce_style=\"font-family: verdana, geneva;\">Do\u00f1a Catalina de Palacios&#8230;Clara Truchado<\/span><\/span><\/p>\n<p style=\"text-align: center;\" mce_style=\"text-align: center;\"><span style=\"font-size: medium;\" mce_style=\"font-size: medium;\"><span style=\"font-family: verdana, geneva;\" mce_style=\"font-family: verdana, geneva;\">Andrea de Cervantes&#8230;Susana Garc\u00eda<\/span><\/span><\/p>\n<p style=\"text-align: center;\" mce_style=\"text-align: center;\"><span style=\"font-size: medium;\" mce_style=\"font-size: medium;\"><span style=\"font-family: verdana, geneva;\" mce_style=\"font-family: verdana, geneva;\">El Duque de B\u00e9jar&#8230;Sabino de Diego<\/span><\/span><\/p>\n<p style=\"text-align: center;\" mce_style=\"text-align: center;\"><span style=\"font-size: medium;\" mce_style=\"font-size: medium;\"><span style=\"font-family: verdana, geneva;\" mce_style=\"font-family: verdana, geneva;\">Don Juan de Palacios&#8230;Luis Serrano<\/span><\/span><\/p>\n<p style=\"text-align: center;\" mce_style=\"text-align: center;\"><span style=\"font-size: medium;\" mce_style=\"font-size: medium;\"><span style=\"font-family: verdana, geneva;\" mce_style=\"font-family: verdana, geneva;\">El Doctor Escribano&#8230;David<\/span><\/span><\/p>\n<p style=\"text-align: center;\" mce_style=\"text-align: center;\"><span style=\"font-size: medium;\" mce_style=\"font-size: medium;\"><span style=\"font-family: verdana, geneva;\" mce_style=\"font-family: verdana, geneva;\">Magdalena de Cervantes&#8230;Josefi<\/span><\/span><\/p>\n<p style=\"text-align: center;\" mce_style=\"text-align: center;\"><span style=\"font-size: medium;\" mce_style=\"font-size: medium;\"><span style=\"font-family: verdana, geneva;\" mce_style=\"font-family: verdana, geneva;\">Constanza de Ovando&#8230;Olivia Novillo<\/span><\/span><\/p>\n<p style=\"text-align: center;\" mce_style=\"text-align: center;\"><span style=\"font-size: medium;\" mce_style=\"font-size: medium;\"><span style=\"font-family: verdana, geneva;\" mce_style=\"font-family: verdana, geneva;\">Rodrigo de Cervantes&#8230;Ricardo<\/span><\/span><\/p>\n<p style=\"text-align: center;\" mce_style=\"text-align: center;\"><span style=\"font-size: medium;\" mce_style=\"font-size: medium;\"><span style=\"font-family: verdana, geneva;\" mce_style=\"font-family: verdana, geneva;\">Do\u00f1a Juana Gayt\u00e1n&#8230;Julia Santano<\/span><\/span><\/p>\n<p style=\"text-align: center;\" mce_style=\"text-align: center;\"><span style=\"font-size: medium;\" mce_style=\"font-size: medium;\"><span style=\"font-family: verdana, geneva;\" mce_style=\"font-family: verdana, geneva;\">Don Hernando de Gaona&#8230;Alberto Sim\u00f3n<\/span><\/span><\/p>\n<p style=\"text-align: center;\" mce_style=\"text-align: center;\"><span style=\"font-size: medium;\" mce_style=\"font-size: medium;\"><span style=\"font-family: verdana, geneva;\" mce_style=\"font-family: verdana, geneva;\">Do\u00f1a Luisa de Godoy&#8230;Inmaculada Truchado<\/span><\/span><\/p>\n<p style=\"text-align: center;\" mce_style=\"text-align: center;\"><span style=\"font-size: medium;\" mce_style=\"font-size: medium;\"><span style=\"font-family: verdana, geneva;\" mce_style=\"font-family: verdana, geneva;\">Sancho Gaona&#8230;Mariano V\u00e1zquez<\/span><\/span><\/p>\n<p style=\"text-align: center;\" mce_style=\"text-align: center;\"><span style=\"font-size: medium;\" mce_style=\"font-size: medium;\"><span style=\"font-family: verdana, geneva;\" mce_style=\"font-family: verdana, geneva;\">El Vizca\u00edno&#8230;Rafael Soto<\/span><\/span><\/p>\n<p style=\"text-align: center;\" mce_style=\"text-align: center;\"><span style=\"font-size: medium;\" mce_style=\"font-size: medium;\"><span style=\"font-family: verdana, geneva;\" mce_style=\"font-family: verdana, geneva;\">La Vizca\u00edna&#8230;Carmen Torrej\u00f3n<\/span><\/span><\/p>\n<p style=\"text-align: center;\" mce_style=\"text-align: center;\"><span style=\"font-size: medium;\" mce_style=\"font-size: medium;\"><span style=\"font-family: verdana, geneva;\" mce_style=\"font-family: verdana, geneva;\">Don Lope Garcia de Salazar&#8230;Rub\u00e9n Moreno<\/span><\/span><\/p>\n<p style=\"text-align: center;\" mce_style=\"text-align: center;\"><span style=\"font-size: medium;\" mce_style=\"font-size: medium;\"><span style=\"font-family: verdana, geneva;\" mce_style=\"font-family: verdana, geneva;\">Gabriel Quixada de Salazar&#8230;Marco C\u00e1mara<\/span><\/span><\/p>\n<p style=\"text-align: center;\" mce_style=\"text-align: center;\"><span style=\"font-size: medium;\" mce_style=\"font-size: medium;\"><span style=\"font-family: verdana, geneva;\" mce_style=\"font-family: verdana, geneva;\"><br \/><\/span><\/span><\/p>\n<p style=\"text-align: center;\" mce_style=\"text-align: center;\"><u><b><span style=\"font-size: medium;\" mce_style=\"font-size: medium;\"><span style=\"font-family: verdana, geneva;\" mce_style=\"font-family: verdana, geneva;\">Familia Salazar y Palacios<\/span><\/span><\/b><\/u><\/p>\n<p style=\"text-align: center;\" mce_style=\"text-align: center;\"><span style=\"font-size: medium;\" mce_style=\"font-size: medium;\"><span style=\"font-family: verdana, geneva;\" mce_style=\"font-family: verdana, geneva;\">Do\u00f1a Petronila de la Cuadra&#8230;Mari Cruz Herrera<\/span><\/span><\/p>\n<p style=\"text-align: center;\" mce_style=\"text-align: center;\"><span style=\"font-size: medium;\" mce_style=\"font-size: medium;\"><span style=\"font-family: verdana, geneva;\" mce_style=\"font-family: verdana, geneva;\">Do\u00f1a Mar\u00eda de Salazar&#8230;Mar\u00eda Jos\u00e9 Castillejo<\/span><\/span><\/p>\n<p style=\"text-align: center;\" mce_style=\"text-align: center;\"><span style=\"font-size: medium;\" mce_style=\"font-size: medium;\"><span style=\"font-family: verdana, geneva;\" mce_style=\"font-family: verdana, geneva;\">Mar\u00eda de C\u00e1rdenas&#8230;Mar\u00eda \u00c1ngeles Morales<\/span><\/span><\/p>\n<p style=\"text-align: center;\" mce_style=\"text-align: center;\"><span style=\"font-size: medium;\" mce_style=\"font-size: medium;\"><span style=\"font-family: verdana, geneva;\" mce_style=\"font-family: verdana, geneva;\">Isabel de C\u00e1rdenas&#8230;Mari Paz S\u00e1nchez<\/span><\/span><\/p>\n<p style=\"text-align: center;\" mce_style=\"text-align: center;\"><span style=\"font-size: medium;\" mce_style=\"font-size: medium;\"><span style=\"font-family: verdana, geneva;\" mce_style=\"font-family: verdana, geneva;\">Juana de Santill\u00e1n&#8230;Lola Salas<\/span><\/span><\/p>\n<p style=\"text-align: center;\" mce_style=\"text-align: center;\"><span style=\"font-size: medium;\" mce_style=\"font-size: medium;\"><span style=\"font-family: verdana, geneva;\" mce_style=\"font-family: verdana, geneva;\">Mar\u00eda de Guzm\u00e1n y C\u00e1rdenas&#8230;Pepi Portero<\/span><\/span><\/p>\n<p style=\"text-align: center;\" mce_style=\"text-align: center;\"><span style=\"font-size: medium;\" mce_style=\"font-size: medium;\"><span style=\"font-family: verdana, geneva;\" mce_style=\"font-family: verdana, geneva;\">Isabel de C\u00e1rdenas y Salazar&#8230;Pilar Mart\u00edn<\/span><\/span><\/p>\n<p style=\"text-align: center;\" mce_style=\"text-align: center;\"><span style=\"font-size: medium;\" mce_style=\"font-size: medium;\"><span style=\"font-family: verdana, geneva;\" mce_style=\"font-family: verdana, geneva;\">Elvira D\u00e1valos y Toledo&#8230;Mar\u00eda Jos\u00e9 Torrej\u00f3n<\/span><\/span><\/p>\n<p style=\"text-align: center;\" mce_style=\"text-align: center;\"><span style=\"font-size: medium;\" mce_style=\"font-size: medium;\"><span style=\"font-family: verdana, geneva;\" mce_style=\"font-family: verdana, geneva;\">Ana Loren\u00e7ana&#8230;Canita<\/span><\/span><\/p>\n<p style=\"text-align: center;\" mce_style=\"text-align: center;\"><span style=\"font-size: medium;\" mce_style=\"font-size: medium;\"><span style=\"font-family: verdana, geneva;\" mce_style=\"font-family: verdana, geneva;\">Juana Lorenzo&#8230;Mar\u00eda Hermida<\/span><\/span><\/p>\n<p style=\"text-align: center;\" mce_style=\"text-align: center;\"><span style=\"font-size: medium;\" mce_style=\"font-size: medium;\"><span style=\"font-family: verdana, geneva;\" mce_style=\"font-family: verdana, geneva;\">Aldonza de C\u00e1rdenas&#8230;Katia Gal\u00e1n<\/span><\/span><\/p>\n<p style=\"text-align: center;\" mce_style=\"text-align: center;\"><span style=\"font-size: medium;\" mce_style=\"font-size: medium;\"><span style=\"font-family: verdana, geneva;\" mce_style=\"font-family: verdana, geneva;\">Jer\u00f3nima de Salazar&#8230;Acacia Serrano<\/span><\/span><\/p>\n<p style=\"text-align: center;\" mce_style=\"text-align: center;\"><span style=\"font-size: medium;\" mce_style=\"font-size: medium;\"><span style=\"font-family: verdana, geneva;\" mce_style=\"font-family: verdana, geneva;\">Mar\u00eda de Briviesca&#8230;Carmina Mart\u00edn<\/span><\/span><\/p>\n<p style=\"text-align: center;\" mce_style=\"text-align: center;\"><span style=\"font-size: medium;\" mce_style=\"font-size: medium;\"><span style=\"font-family: verdana, geneva;\" mce_style=\"font-family: verdana, geneva;\">Isabel de Briviesca&#8230;Roc\u00edo Salas<\/span><\/span><\/p>\n<p style=\"text-align: center;\" mce_style=\"text-align: center;\"><span style=\"font-size: medium;\" mce_style=\"font-size: medium;\"><span style=\"font-family: verdana, geneva;\" mce_style=\"font-family: verdana, geneva;\">Catalina de Briviesca&#8230;Luc\u00eda Cabello<\/span><\/span><\/p>\n<p style=\"text-align: center;\" mce_style=\"text-align: center;\"><span style=\"font-size: medium;\" mce_style=\"font-size: medium;\"><span style=\"font-family: verdana, geneva;\" mce_style=\"font-family: verdana, geneva;\">Quiteria de Palacios \u00cd\u00f1iguez&#8230;Olga Mar\u00eda Casamayor<\/span><\/span><\/p>\n<p style=\"text-align: center;\" mce_style=\"text-align: center;\"><span style=\"font-size: medium;\" mce_style=\"font-size: medium;\"><span style=\"font-family: verdana, geneva;\" mce_style=\"font-family: verdana, geneva;\">Petronila de Salazar y Ayala&#8230;Paloma Barneto<\/span><\/span><\/p>\n<p style=\"text-align: center;\" mce_style=\"text-align: center;\"><span style=\"font-size: medium;\" mce_style=\"font-size: medium;\"><span style=\"font-family: verdana, geneva;\" mce_style=\"font-family: verdana, geneva;\">Quiteria de Palacios y Salazar&#8230;Nerea Casamayor<\/span><\/span><\/p>\n<p style=\"text-align: center;\" mce_style=\"text-align: center;\"><span style=\"font-size: medium;\" mce_style=\"font-size: medium;\">Alonso de Guzm\u00e1n y C\u00e1rdenas&#8230;Sergio Seves<\/span><\/p>\n<p style=\"text-align: center;\" mce_style=\"text-align: center;\"><span style=\"font-size: medium;\" mce_style=\"font-size: medium;\"><span style=\"font-family: verdana, geneva;\" mce_style=\"font-family: verdana, geneva;\">El ni\u00f1o Antonio de Briviesca y Salazar&#8230;Sergio Mart\u00ednez<\/span><\/span><\/p>\n<p style=\"text-align: center;\" mce_style=\"text-align: center;\"><span style=\"font-size: medium;\" mce_style=\"font-size: medium;\"><span style=\"font-family: verdana, geneva;\" mce_style=\"font-family: verdana, geneva;\">El ni\u00f1o Sebasti\u00e1n de Briviesca y Salazar&#8230;Ra\u00fal Mart\u00ednez<\/span><\/span><\/p>\n<p style=\"text-align: center;\" mce_style=\"text-align: center;\"><span style=\"font-size: medium;\" mce_style=\"font-size: medium;\"><span style=\"font-family: verdana, geneva;\" mce_style=\"font-family: verdana, geneva;\">La ni\u00f1a Juana de Briviesca y Salazar&#8230;Alba Mart\u00ednez.<\/span><\/span><\/p>\n<p style=\"text-align: center;\" mce_style=\"text-align: center;\"><\/p>\n<p style=\"text-align: center;\" mce_style=\"text-align: center;\"><span style=\"font-size: medium;\" mce_style=\"font-size: medium;\"><span style=\"font-family: verdana, geneva;\" mce_style=\"font-family: verdana, geneva;\"><b><u>Familia de Pecheros<\/u><\/b><\/span><\/span><\/p>\n<p style=\"text-align: center;\" mce_style=\"text-align: center;\"><span style=\"font-size: medium;\" mce_style=\"font-size: medium;\"><span style=\"font-family: verdana, geneva;\" mce_style=\"font-family: verdana, geneva;\">Andr\u00e9s Mart\u00edn Toledano. Alcalde&#8230;Antonio Garc\u00eda<\/span><\/span><\/p>\n<p style=\"text-align: center;\" mce_style=\"text-align: center;\"><span style=\"font-size: medium;\" mce_style=\"font-size: medium;\"><span style=\"font-family: verdana, geneva;\" mce_style=\"font-family: verdana, geneva;\">Ana Rodr\u00edguez&#8230;Inmaculada Sim\u00f3n<\/span><\/span><\/p>\n<p style=\"text-align: center;\" mce_style=\"text-align: center;\"><span style=\"font-size: medium;\" mce_style=\"font-size: medium;\"><span style=\"font-family: verdana, geneva;\" mce_style=\"font-family: verdana, geneva;\">Mar\u00eda Juana Rodriguez&#8230;Rosi G\u00f3mez-Caro<\/span><\/span><\/p>\n<p style=\"text-align: center;\" mce_style=\"text-align: center;\"><span style=\"font-size: medium;\" mce_style=\"font-size: medium;\"><span style=\"font-family: verdana, geneva;\" mce_style=\"font-family: verdana, geneva;\">Isabel Alonso&#8230;Paqui Vargas<\/span><\/span><\/p>\n<p style=\"text-align: center;\" mce_style=\"text-align: center;\"><span style=\"font-size: medium;\" mce_style=\"font-size: medium;\"><span style=\"font-family: verdana, geneva;\" mce_style=\"font-family: verdana, geneva;\">Francisca Mar\u00eda Romana&#8230;Emilia Garc\u00eda<\/span><\/span><\/p>\n<p style=\"text-align: center;\" mce_style=\"text-align: center;\"><span style=\"font-size: medium;\" mce_style=\"font-size: medium;\"><span style=\"font-family: verdana, geneva;\" mce_style=\"font-family: verdana, geneva;\">Juana de Vozmediano&#8230;Angeli Naranjo<\/span><\/span><\/p>\n<p style=\"text-align: center;\" mce_style=\"text-align: center;\"><span style=\"font-size: medium;\" mce_style=\"font-size: medium;\"><span style=\"font-family: verdana, geneva;\" mce_style=\"font-family: verdana, geneva;\">In\u00e9s de la Plaza&#8230;Petra<\/span><\/span><\/p>\n<p style=\"text-align: center;\" mce_style=\"text-align: center;\"><span style=\"font-size: medium;\" mce_style=\"font-size: medium;\"><span style=\"font-family: verdana, geneva;\" mce_style=\"font-family: verdana, geneva;\">Francisca Hern\u00e1ndez&#8230;Margari de la Plaza<\/span><\/span><\/p>\n<p style=\"text-align: center;\" mce_style=\"text-align: center;\"><span style=\"font-size: medium;\" mce_style=\"font-size: medium;\"><span style=\"font-family: verdana, geneva;\" mce_style=\"font-family: verdana, geneva;\">Ana de la Pe\u00f1a&#8230;Carmen Gil<\/span><\/span><\/p>\n<p style=\"text-align: center;\" mce_style=\"text-align: center;\"><span style=\"font-size: medium;\" mce_style=\"font-size: medium;\"><span style=\"font-family: verdana, geneva;\" mce_style=\"font-family: verdana, geneva;\">Mar\u00eda Mart\u00edn&#8230;Antonia Mart\u00ednez<\/span><\/span><\/p>\n<p style=\"text-align: center;\" mce_style=\"text-align: center;\"><span style=\"font-size: medium;\" mce_style=\"font-size: medium;\"><span style=\"font-family: verdana, geneva;\" mce_style=\"font-family: verdana, geneva;\">Pedro Alonso&#8230;David Ruiz<\/span><\/span><\/p>\n<p style=\"text-align: center;\" mce_style=\"text-align: center;\"><span style=\"font-size: medium;\" mce_style=\"font-size: medium;\"><span style=\"font-family: verdana, geneva;\" mce_style=\"font-family: verdana, geneva;\">Ana de Morales&#8230;Al\u00eda<\/span><\/span><\/p>\n<p style=\"text-align: center;\" mce_style=\"text-align: center;\"><span style=\"font-size: medium;\" mce_style=\"font-size: medium;\"><span style=\"font-family: verdana, geneva;\" mce_style=\"font-family: verdana, geneva;\">Mar\u00eda In\u00e9s Ram\u00edrez&#8230;Angelines Mart\u00ednez<\/span><\/span><\/p>\n<p style=\"text-align: center;\" mce_style=\"text-align: center;\"><span style=\"font-size: medium;\" mce_style=\"font-size: medium;\"><span style=\"font-family: verdana, geneva;\" mce_style=\"font-family: verdana, geneva;\">Ana de Moya&#8230;Juani Auguis<\/span><\/span><\/p>\n<p style=\"text-align: center;\" mce_style=\"text-align: center;\"><span style=\"font-size: medium;\" mce_style=\"font-size: medium;\"><span style=\"font-family: verdana, geneva;\" mce_style=\"font-family: verdana, geneva;\">Isabel de Uxena&#8230;Beni G\u00f3mez<\/span><\/span><\/p>\n<p style=\"text-align: center;\" mce_style=\"text-align: center;\"><span style=\"font-size: medium;\" mce_style=\"font-size: medium;\"><span style=\"font-family: verdana, geneva;\" mce_style=\"font-family: verdana, geneva;\">Juana de Uxena&#8230;Teresa Rodriguez<\/span><\/span><\/p>\n<p style=\"text-align: center;\" mce_style=\"text-align: center;\"><span style=\"font-size: medium;\" mce_style=\"font-size: medium;\"><span style=\"font-family: verdana, geneva;\" mce_style=\"font-family: verdana, geneva;\">Luc\u00eda Romana&#8230;Mar\u00eda Antonia Correos<\/span><\/span><\/p>\n<p style=\"text-align: center;\" mce_style=\"text-align: center;\"><span style=\"font-size: medium;\" mce_style=\"font-size: medium;\"><span style=\"font-family: verdana, geneva;\" mce_style=\"font-family: verdana, geneva;\">Luc\u00eda Romana&#8230;Maria Antonia Vecina<\/span><\/span><\/p>\n<p style=\"text-align: center;\" mce_style=\"text-align: center;\"><span style=\"font-size: medium;\" mce_style=\"font-size: medium;\"><span style=\"font-family: verdana, geneva;\" mce_style=\"font-family: verdana, geneva;\">Mar\u00eda Romana&#8230;Jacin Portero<\/span><\/span><\/p>\n<p style=\"text-align: center;\" mce_style=\"text-align: center;\"><span style=\"font-size: medium;\" mce_style=\"font-size: medium;\"><span style=\"font-family: verdana, geneva;\" mce_style=\"font-family: verdana, geneva;\">Catalina Carrasco y Uxena&#8230;Sof\u00eda<\/span><\/span><\/p>\n<p style=\"text-align: center;\" mce_style=\"text-align: center;\"><span style=\"font-size: medium;\" mce_style=\"font-size: medium;\"><span style=\"font-family: verdana, geneva;\" mce_style=\"font-family: verdana, geneva;\">Mar\u00eda Mart\u00edn&#8230;Lola Carmona<\/span><\/span><\/p>\n<p style=\"text-align: center;\" mce_style=\"text-align: center;\"><\/p>\n<p style=\"text-align: center;\" mce_style=\"text-align: center;\"><span style=\"font-size: medium;\" mce_style=\"font-size: medium;\"><span style=\"font-family: verdana, geneva;\" mce_style=\"font-family: verdana, geneva;\"><b><u>Familia Quixada de Salazar<\/u><\/b><\/span><\/span><\/p>\n<p style=\"text-align: center;\" mce_style=\"text-align: center;\"><span style=\"font-size: medium;\" mce_style=\"font-size: medium;\"><span style=\"font-family: verdana, geneva;\" mce_style=\"font-family: verdana, geneva;\">Gabriel Quixada de Salazar. Mayorazgo&#8230;Marco C\u00e1mara<\/span><\/span><\/p>\n<p style=\"text-align: center;\" mce_style=\"text-align: center;\"><span style=\"font-size: medium;\" mce_style=\"font-size: medium;\"><span style=\"font-family: verdana, geneva;\" mce_style=\"font-family: verdana, geneva;\">Alonso Quixada de Salazar&#8230;Alex<\/span><\/span><\/p>\n<p style=\"text-align: center;\" mce_style=\"text-align: center;\"><span style=\"font-size: medium;\" mce_style=\"font-size: medium;\"><span style=\"font-family: verdana, geneva;\" mce_style=\"font-family: verdana, geneva;\">Juan Quixada de Salazar&#8230;Jos\u00e9 Antonio Seves<\/span><\/span><\/p>\n<p style=\"text-align: center;\" mce_style=\"text-align: center;\"><span style=\"font-size: medium;\" mce_style=\"font-size: medium;\"><span style=\"font-family: verdana, geneva;\" mce_style=\"font-family: verdana, geneva;\">Leonor de Sal\u00e7edo&#8230;Pilar Dur\u00e1n<\/span><\/span><\/p>\n<p style=\"text-align: center;\" mce_style=\"text-align: center;\"><span style=\"font-size: medium;\" mce_style=\"font-size: medium;\"><span style=\"font-family: verdana, geneva;\" mce_style=\"font-family: verdana, geneva;\">Mar\u00eda Quixada de Salazar&#8230;Clara Eugenia<\/span><\/span><\/p>\n<p style=\"text-align: center;\" mce_style=\"text-align: center;\"><span style=\"font-size: medium;\" mce_style=\"font-size: medium;\"><span style=\"font-family: verdana, geneva;\" mce_style=\"font-family: verdana, geneva;\">Gutierre Quixada de Salazar&#8230;Pili Pinto<\/span><\/span><\/p>\n<p style=\"text-align: center;\" mce_style=\"text-align: center;\"><span style=\"font-size: medium;\" mce_style=\"font-size: medium;\"><span style=\"font-family: verdana, geneva;\" mce_style=\"font-family: verdana, geneva;\">Gabriel Quixada de Salazar, el viejo&#8230;Paco Santano.<\/span><\/span><\/p>\n<p style=\"text-align: center;\" mce_style=\"text-align: center;\"><\/p>\n<p style=\"text-align: center;\" mce_style=\"text-align: center;\"><span style=\"font-size: medium;\" mce_style=\"font-size: medium;\"><span style=\"font-family: verdana, geneva;\" mce_style=\"font-family: verdana, geneva;\"><b><u>Mujeres de Pecheros (criticonas)<\/u><\/b><\/span><\/span><\/p>\n<p style=\"text-align: center;\" mce_style=\"text-align: center;\"><span style=\"font-size: medium;\" mce_style=\"font-size: medium;\"><span style=\"font-family: verdana, geneva;\" mce_style=\"font-family: verdana, geneva;\">Mar\u00eda \u00c1lvarez&#8230;Ana Bel\u00e9n de Diego<\/span><\/span><\/p>\n<p style=\"text-align: center;\" mce_style=\"text-align: center;\"><span style=\"font-size: medium;\" mce_style=\"font-size: medium;\"><span style=\"font-family: verdana, geneva;\" mce_style=\"font-family: verdana, geneva;\">Mari Cabello&#8230;Ana Celia<\/span><\/span><\/p>\n<p style=\"text-align: center;\" mce_style=\"text-align: center;\"><span style=\"font-size: medium;\" mce_style=\"font-size: medium;\"><span style=\"font-family: verdana, geneva;\" mce_style=\"font-family: verdana, geneva;\">Juana Capoche&#8230;Maria Jes\u00fas Garc\u00eda<\/span><\/span><\/p>\n<p style=\"text-align: center;\" mce_style=\"text-align: center;\"><span style=\"font-size: medium;\" mce_style=\"font-size: medium;\"><span style=\"font-family: verdana, geneva;\" mce_style=\"font-family: verdana, geneva;\">Catalina de Cepeda&#8230;Ana Mar\u00eda de Diego Ruffiangel<\/span><\/span><\/p>\n<p style=\"text-align: center;\" mce_style=\"text-align: center;\"><span style=\"font-size: medium;\" mce_style=\"font-size: medium;\"><span style=\"font-family: verdana, geneva;\" mce_style=\"font-family: verdana, geneva;\">Luisa de la Cruz&#8230;Ana Mar\u00eda de Diego Romero<\/span><\/span><\/p>\n<p style=\"text-align: center;\" mce_style=\"text-align: center;\"><span style=\"font-size: medium;\" mce_style=\"font-size: medium;\"><span style=\"font-family: verdana, geneva;\" mce_style=\"font-family: verdana, geneva;\">Mar\u00eda de Cuellar&#8230;Bel\u00e9n D\u00edaz<\/span><\/span><\/p>\n<p style=\"text-align: center;\" mce_style=\"text-align: center;\"><span style=\"font-size: medium;\" mce_style=\"font-size: medium;\"><span style=\"font-family: verdana, geneva;\" mce_style=\"font-family: verdana, geneva;\">Juana D\u00edaz&#8230;Cristina S\u00e1nchez Sotelo<\/span><\/span><\/p>\n<p style=\"text-align: center;\" mce_style=\"text-align: center;\"><span style=\"font-size: medium;\" mce_style=\"font-size: medium;\"><span style=\"font-size: medium;\" mce_style=\"font-size: medium;\"><span style=\"font-family: verdana, geneva;\" mce_style=\"font-family: verdana, geneva;\">Luc\u00eda Fern\u00e1ndez&#8230;Silvia Naranjo<\/span><\/span><\/span><\/p>\n<p style=\"text-align: center;\" mce_style=\"text-align: center;\"><span style=\"font-size: medium;\" mce_style=\"font-size: medium;\"><span style=\"font-family: verdana, geneva;\" mce_style=\"font-family: verdana, geneva;\">Fabiana Gallega&#8230;S\u00e9fora Bargue\u00f1o<\/span><\/span><\/p>\n<p style=\"text-align: center;\" mce_style=\"text-align: center;\"><span style=\"font-size: medium;\" mce_style=\"font-size: medium;\"><span style=\"font-family: verdana, geneva;\" mce_style=\"font-family: verdana, geneva;\">Antonia Hern\u00e1ndez&#8230;Bel\u00e9n G\u00f3mez<\/span><\/span><\/p>\n<p style=\"text-align: center;\" mce_style=\"text-align: center;\"><span style=\"font-size: medium;\" mce_style=\"font-size: medium;\"><span style=\"font-family: verdana, geneva;\" mce_style=\"font-family: verdana, geneva;\">In\u00e9s L\u00f3pez&#8230;Almudena Torrej\u00f3n<\/span><\/span><\/p>\n<p style=\"text-align: center;\" mce_style=\"text-align: center;\"><span style=\"font-size: medium;\" mce_style=\"font-size: medium;\"><span style=\"font-family: verdana, geneva;\" mce_style=\"font-family: verdana, geneva;\">Guiomar Pantoja&#8230;Isabel Garc\u00eda<\/span><\/span><\/p>\n<p style=\"text-align: center;\" mce_style=\"text-align: center;\"><span style=\"font-size: medium;\" mce_style=\"font-size: medium;\"><span style=\"font-family: verdana, geneva;\" mce_style=\"font-family: verdana, geneva;\">Catalina de Pastrana&#8230;Agustina Rabad\u00e1n<\/span><\/span><\/p>\n<p style=\"text-align: center;\" mce_style=\"text-align: center;\"><span style=\"font-size: medium;\" mce_style=\"font-size: medium;\"><span style=\"font-family: verdana, geneva;\" mce_style=\"font-family: verdana, geneva;\"><br \/><\/span><\/span><\/p>\n<p style=\"text-align: center;\" mce_style=\"text-align: center;\"><span style=\"font-size: medium;\" mce_style=\"font-size: medium;\"><span style=\"font-family: verdana, geneva;\" mce_style=\"font-family: verdana, geneva;\">Idea y Gui\u00f3n original: \u00a0Sabino de Diego Romero<\/span><\/span><\/p>\n<p style=\"text-align: center;\" mce_style=\"text-align: center;\"><span style=\"font-size: medium;\" mce_style=\"font-size: medium;\"><span style=\"font-family: verdana, geneva;\" mce_style=\"font-family: verdana, geneva;\"><br \/><\/span><\/span><\/p>\n<p style=\"text-align: center;\" mce_style=\"text-align: center;\"><span style=\"font-size: small;\" mce_style=\"font-family: verdana, geneva; font-size: small;\"><u><b><span style=\"font-size: medium;\" mce_style=\"font-size: medium;\"><span style=\"font-family: verdana, geneva;\" mce_style=\"font-family: verdana, geneva;\">Vestuario<\/span><\/span><\/b><\/u><\/span><\/p>\n<p style=\"text-align: center;\" mce_style=\"text-align: center;\"><span style=\"font-size: medium;\" mce_style=\"font-size: medium;\"><span style=\"font-family: verdana, geneva;\" mce_style=\"font-family: verdana, geneva;\">&#8211;Casa de Cervantes<\/span><\/span><\/p>\n<p style=\"text-align: center;\" mce_style=\"text-align: center;\"><span style=\"font-size: medium;\" mce_style=\"font-size: medium;\"><span style=\"font-family: verdana, geneva;\" mce_style=\"font-family: verdana, geneva;\">&#8211;Asociaci\u00f3n de Mujeres \u00abCatalina de Palacios\u00bb<\/span><\/span><\/p>\n<p style=\"text-align: center;\" mce_style=\"text-align: center;\"><span style=\"font-size: medium;\" mce_style=\"font-size: medium;\"><span style=\"font-family: verdana, geneva;\" mce_style=\"font-family: verdana, geneva;\">&#8211;Particulares.<\/span><\/span><\/p>\n<p style=\"text-align: center;\" mce_style=\"text-align: center;\"><span style=\"font-size: medium;\" mce_style=\"font-size: medium;\"><span style=\"font-family: verdana, geneva;\" mce_style=\"font-family: verdana, geneva;\"><br \/><\/span><\/span><\/p>\n<p style=\"text-align: center;\" mce_style=\"text-align: center;\"><span style=\"font-size: medium;\" mce_style=\"font-size: medium;\"><span style=\"font-family: verdana, geneva;\" mce_style=\"font-family: verdana, geneva;\"><b><u>Reportaje gr\u00e1fico<\/u><\/b><\/span><\/span><\/p>\n<p style=\"text-align: center;\" mce_style=\"text-align: center;\"><span style=\"font-size: medium;\" mce_style=\"font-size: medium;\"><span style=\"font-family: verdana, geneva;\" mce_style=\"font-family: verdana, geneva;\">&#8211;Fotoestudio DEDI.<\/span><\/span><\/p>\n<p style=\"text-align: center;\" mce_style=\"text-align: center;\"><span style=\"font-family: verdana, geneva; font-size: small;\" mce_style=\"font-family: verdana, geneva; font-size: small;\">&#8211;Rub\u00e9n Mendiz\u00e1bal.<\/span><\/p>\n<p style=\"text-align: center;\" mce_style=\"text-align: center;\"><span style=\"font-family: verdana, geneva; font-size: small;\" mce_style=\"font-family: verdana, geneva; font-size: small;\"><br \/><\/span><\/p>\n<p style=\"text-align: center;\" mce_style=\"text-align: center;\"><span style=\"font-size: medium;\" mce_style=\"font-size: medium;\"><span style=\"font-family: verdana, geneva;\" mce_style=\"font-family: verdana, geneva;\">Pregonero (Gabriel Ruiz): \u00a0Antonio Garc\u00eda Moya<\/span><\/span><\/p>\n<p style=\"text-align: center;\" mce_style=\"text-align: center;\"><span style=\"font-size: medium;\" mce_style=\"font-size: medium;\"><span style=\"font-family: verdana, geneva;\" mce_style=\"font-family: verdana, geneva;\">M\u00fasico (Alonso de Guzm\u00e1n y C\u00e1rdenas): \u00a0Sergio Seves<\/span><\/span><\/p>\n<p style=\"text-align: center;\" mce_style=\"text-align: center;\"><span style=\"font-size: medium;\" mce_style=\"font-size: medium;\"><span style=\"font-family: verdana, geneva;\" mce_style=\"font-family: verdana, geneva;\">Coro: Coral \u00abCatalina de Palacios\u00bb<\/span><\/span><\/p>\n<p style=\"text-align: center;\" mce_style=\"text-align: center;\"><span style=\"font-size: medium;\" mce_style=\"font-size: medium;\"><span style=\"font-family: verdana, geneva;\" mce_style=\"font-family: verdana, geneva;\">Baile nupcial: Grupo \u00abSue\u00f1os de Gadir\u00bb<\/span><\/span><\/p>\n<p style=\"text-align: center;\" mce_style=\"text-align: center;\"><span style=\"font-size: medium;\" mce_style=\"font-size: medium;\"><span style=\"font-family: verdana, geneva;\" mce_style=\"font-family: verdana, geneva;\">Sonido: Grupo de Teatro \u00abCandilejas\u00bb<\/span><\/span><\/p>\n<p style=\"text-align: center;\" mce_style=\"text-align: center;\"><span style=\"font-size: medium;\" mce_style=\"font-size: medium;\"><span style=\"font-family: verdana, geneva;\" mce_style=\"font-family: verdana, geneva;\">M\u00fasica: La Chacona, de Juan Ara\u00f1\u00e9s<\/span><\/span><\/p>\n<p style=\"text-align: center;\" mce_style=\"text-align: center;\"><span style=\"font-size: medium;\" mce_style=\"font-size: medium;\"><span style=\"font-family: verdana, geneva;\" mce_style=\"font-family: verdana, geneva;\">Atrezzo: \u00a0Susana Garc\u00eda Moya<\/span><\/span><\/p>\n<p style=\"text-align: center;\" mce_style=\"text-align: center;\"><span style=\"font-size: medium;\" mce_style=\"font-size: medium;\"><span style=\"font-family: verdana, geneva;\" mce_style=\"font-family: verdana, geneva;\"><br \/><\/span><\/span><\/p>\n<p style=\"text-align: center;\" mce_style=\"text-align: center;\"><span style=\"font-size: medium;\" mce_style=\"font-size: medium;\"><span style=\"font-family: verdana, geneva;\" mce_style=\"font-family: verdana, geneva;\">Producci\u00f3n: Excmo. Ayuntamiento de Esquivias<\/span><\/span><\/p>\n<p style=\"text-align: center;\" mce_style=\"text-align: center;\"><span style=\"font-size: medium;\" mce_style=\"font-size: medium;\"><span style=\"font-family: verdana, geneva;\" mce_style=\"font-family: verdana, geneva;\"><br \/><\/span><\/span><\/p>\n<p style=\"text-align: center;\" mce_style=\"text-align: center;\"><span style=\"font-size: medium;\" mce_style=\"font-size: medium;\"><span style=\"font-family: verdana, geneva;\" mce_style=\"font-family: verdana, geneva;\">Direcci\u00f3n: \u00a0Diego Peces<\/span><\/span><\/p>\n<p style=\"text-align: center;\" mce_style=\"text-align: center;\"><\/p>\n<p style=\"text-align: right;\" mce_style=\"text-align: right;\"><i><b><span style=\"font-family: helvetica;\" mce_style=\"font-family: helvetica;\">Sabino de Diego.<\/span><\/b><\/i><\/p>\n<p style=\"text-align: justify;\" mce_style=\"text-align: justify;\"><\/p>\n<p style=\"text-align: justify;\" mce_style=\"text-align: justify;\"><\/p>\n<p style=\"text-align: justify;\" mce_style=\"text-align: justify;\"><\/p>\n<p style=\"text-align: justify;\" mce_style=\"text-align: justify;\"><\/p>\n<p style=\"text-align: justify;\" mce_style=\"text-align: justify;\"><span style=\"font-size: medium;\" mce_style=\"font-size: medium;\"><span style=\"font-family: verdana, geneva;\" mce_style=\"font-family: verdana, geneva;\"><br \/><\/span><\/span><\/p>\n<p style=\"text-align: justify;\" mce_style=\"text-align: justify;\"><span style=\"font-family: verdana, geneva; font-size: small;\" mce_style=\"font-family: verdana, geneva; font-size: small;\"><br \/><\/span><\/p>\n","protected":false},"excerpt":{"rendered":"<p>El Excmo. Ayuntamiento de Esquivias ha organizando los Desposorios de Cervantes y Catalina, dentro de la XXXVI Edici\u00f3n de las [&hellip;]<\/p>\n","protected":false},"author":1,"featured_media":2172,"comment_status":"open","ping_status":"open","sticky":false,"template":"","format":"standard","meta":{"footnotes":""},"categories":[7],"tags":[],"class_list":["post-2256","post","type-post","status-publish","format-standard","has-post-thumbnail","hentry","category-noticias-cervantina"],"_links":{"self":[{"href":"http:\/\/www.cervantinaesquivias.org\/wordpress\/wp-json\/wp\/v2\/posts\/2256","targetHints":{"allow":["GET"]}}],"collection":[{"href":"http:\/\/www.cervantinaesquivias.org\/wordpress\/wp-json\/wp\/v2\/posts"}],"about":[{"href":"http:\/\/www.cervantinaesquivias.org\/wordpress\/wp-json\/wp\/v2\/types\/post"}],"author":[{"embeddable":true,"href":"http:\/\/www.cervantinaesquivias.org\/wordpress\/wp-json\/wp\/v2\/users\/1"}],"replies":[{"embeddable":true,"href":"http:\/\/www.cervantinaesquivias.org\/wordpress\/wp-json\/wp\/v2\/comments?post=2256"}],"version-history":[{"count":0,"href":"http:\/\/www.cervantinaesquivias.org\/wordpress\/wp-json\/wp\/v2\/posts\/2256\/revisions"}],"wp:featuredmedia":[{"embeddable":true,"href":"http:\/\/www.cervantinaesquivias.org\/wordpress\/wp-json\/wp\/v2\/media\/2172"}],"wp:attachment":[{"href":"http:\/\/www.cervantinaesquivias.org\/wordpress\/wp-json\/wp\/v2\/media?parent=2256"}],"wp:term":[{"taxonomy":"category","embeddable":true,"href":"http:\/\/www.cervantinaesquivias.org\/wordpress\/wp-json\/wp\/v2\/categories?post=2256"},{"taxonomy":"post_tag","embeddable":true,"href":"http:\/\/www.cervantinaesquivias.org\/wordpress\/wp-json\/wp\/v2\/tags?post=2256"}],"curies":[{"name":"wp","href":"https:\/\/api.w.org\/{rel}","templated":true}]}}