{"id":22,"date":"2010-06-27T07:33:12","date_gmt":"2010-06-27T07:33:12","guid":{"rendered":"http:\/\/www.cervantinaesquivias.org\/wordpress\/2010\/06\/27\/mayorazgo-de-los-quijada\/"},"modified":"2023-03-17T12:17:01","modified_gmt":"2023-03-17T12:17:01","slug":"mayorazgo-de-los-quijada","status":"publish","type":"post","link":"http:\/\/www.cervantinaesquivias.org\/wordpress\/2010\/06\/27\/mayorazgo-de-los-quijada\/","title":{"rendered":"Mayorazgo de los Quijada"},"content":{"rendered":"<p style=\"text-align: justify;\" mce_style=\"text-align: justify;\"><span style=\"font-size: medium;\" mce_style=\"font-size: medium;\"><span style=\"font-family: verdana, geneva;\" mce_style=\"font-family: verdana, geneva;\">Casa palacial del siglo XVI. Fue la casa principal de los quijadas esquivianos, pues en ella es donde se estableci\u00f3 el primer Quijada que vino a Esquivias: el Bachiller Juan Quijada, oriundo de Vecilla de Valderaduey (Valladolid), que hab\u00eda seguido la carrera de leyes y fue corregidor de Talavera de la Reina, y despu\u00e9s teniente corregidor de Toledo y letrado de la Inquisici\u00f3n.<\/span><\/span><\/p>\n<p style=\"text-align: justify;\" mce_style=\"text-align: justify;\"><span style=\"font-size: medium;\" mce_style=\"font-size: medium;\"><span style=\"font-family: verdana, geneva;\" mce_style=\"font-family: verdana, geneva;\">La fachada principal en la planta baja conserva de su original \u00fanicamente el portal\u00f3n, el recercado general, la cornisa y el escudo, siendo lo m\u00e1s destacable de la misma el presentar dos escudos her\u00e1ldicos pertenecientes a los Quijada de Esquivias y a Gutierre Quijada, antepasado de Alonso Quijada.<\/span><\/span><\/p>\n<p style=\"text-align: justify;\" mce_style=\"text-align: justify;\"><span style=\"font-size: medium;\" mce_style=\"font-size: medium;\"><span style=\"font-family: verdana, geneva;\" mce_style=\"font-family: verdana, geneva;\">A ambos lados del escudo de Gutierre Quijada aparecen las cruces de las \u00f3rdenes de Malta y de Santiago, dos de las \u00f3rdenes militares m\u00e1s importantes de Espa\u00f1a, a las que pertenec\u00edan los Quijada.<\/span><\/span><\/p>\n<p style=\"text-align: justify;\" mce_style=\"text-align: justify;\"><span style=\"font-size: medium;\" mce_style=\"font-size: medium;\"><span style=\"font-family: verdana, geneva;\" mce_style=\"font-family: verdana, geneva;\">Dentro de esta formidable vivienda hay a\u00fan un precioso brocal de piedra de colmenar que tiene tambi\u00e9n grabado el escudo del dintel.<\/span><\/span><\/p>\n<p style=\"text-align: justify;\" mce_style=\"text-align: justify;\"><span style=\"font-size: medium;\" mce_style=\"font-size: medium;\"><span style=\"font-family: verdana, geneva;\" mce_style=\"font-family: verdana, geneva;\"><br \/><\/span><\/span><\/p>\n<p style=\"TEXT-ALIGN: center\" mce_style=\"TEXT-ALIGN: center\"><img decoding=\"async\" class=\" size-full wp-image-21\" alt=\"alt\" src=\"http:\/\/www.cervantinaesquivias.org\/wordpress\/wp-content\/uploads\/2010\/06\/mayorazgo-quijada.jpg\" width=\"663 height=322 mce_src=images\/stories\/Monumentos\/mayorazgo-quijada.jpg\" srcset=\"http:\/\/www.cervantinaesquivias.org\/wordpress\/wp-content\/uploads\/2010\/06\/mayorazgo-quijada.jpg 800w, http:\/\/www.cervantinaesquivias.org\/wordpress\/wp-content\/uploads\/2010\/06\/mayorazgo-quijada-300x169.jpg 300w, http:\/\/www.cervantinaesquivias.org\/wordpress\/wp-content\/uploads\/2010\/06\/mayorazgo-quijada-768x432.jpg 768w\" sizes=\"(max-width: 800px) 100vw, 800px\" \/><\/p>\n<p><\/p>\n","protected":false},"excerpt":{"rendered":"<p>Casa palacial del siglo XVI. Fue la casa principal de los quijadas esquivianos, pues en ella es donde se estableci\u00f3 [&hellip;]<\/p>\n","protected":false},"author":1,"featured_media":21,"comment_status":"open","ping_status":"open","sticky":false,"template":"","format":"standard","meta":{"footnotes":""},"categories":[11,8],"tags":[],"class_list":["post-22","post","type-post","status-publish","format-standard","has-post-thumbnail","hentry","category-esquivias-quijote","category-monumentos-de-esquivias"],"_links":{"self":[{"href":"http:\/\/www.cervantinaesquivias.org\/wordpress\/wp-json\/wp\/v2\/posts\/22","targetHints":{"allow":["GET"]}}],"collection":[{"href":"http:\/\/www.cervantinaesquivias.org\/wordpress\/wp-json\/wp\/v2\/posts"}],"about":[{"href":"http:\/\/www.cervantinaesquivias.org\/wordpress\/wp-json\/wp\/v2\/types\/post"}],"author":[{"embeddable":true,"href":"http:\/\/www.cervantinaesquivias.org\/wordpress\/wp-json\/wp\/v2\/users\/1"}],"replies":[{"embeddable":true,"href":"http:\/\/www.cervantinaesquivias.org\/wordpress\/wp-json\/wp\/v2\/comments?post=22"}],"version-history":[{"count":1,"href":"http:\/\/www.cervantinaesquivias.org\/wordpress\/wp-json\/wp\/v2\/posts\/22\/revisions"}],"predecessor-version":[{"id":2678,"href":"http:\/\/www.cervantinaesquivias.org\/wordpress\/wp-json\/wp\/v2\/posts\/22\/revisions\/2678"}],"wp:featuredmedia":[{"embeddable":true,"href":"http:\/\/www.cervantinaesquivias.org\/wordpress\/wp-json\/wp\/v2\/media\/21"}],"wp:attachment":[{"href":"http:\/\/www.cervantinaesquivias.org\/wordpress\/wp-json\/wp\/v2\/media?parent=22"}],"wp:term":[{"taxonomy":"category","embeddable":true,"href":"http:\/\/www.cervantinaesquivias.org\/wordpress\/wp-json\/wp\/v2\/categories?post=22"},{"taxonomy":"post_tag","embeddable":true,"href":"http:\/\/www.cervantinaesquivias.org\/wordpress\/wp-json\/wp\/v2\/tags?post=22"}],"curies":[{"name":"wp","href":"https:\/\/api.w.org\/{rel}","templated":true}]}}