{"id":2168,"date":"2015-11-05T17:42:43","date_gmt":"2015-11-05T17:42:43","guid":{"rendered":"http:\/\/www.cervantinaesquivias.org\/wordpress\/2015\/11\/05\/don-emilio-maganto-pavon-distinguido-como-socio-de-honor-de-la-sociedad-cervantina-de-esquivias\/"},"modified":"2015-11-05T17:42:43","modified_gmt":"2015-11-05T17:42:43","slug":"don-emilio-maganto-pavon-distinguido-como-socio-de-honor-de-la-sociedad-cervantina-de-esquivias","status":"publish","type":"post","link":"http:\/\/www.cervantinaesquivias.org\/wordpress\/2015\/11\/05\/don-emilio-maganto-pavon-distinguido-como-socio-de-honor-de-la-sociedad-cervantina-de-esquivias\/","title":{"rendered":"DON EMILIO MAGANTO PAV\u00d3N, DISTINGUIDO COMO SOCIO DE HONOR DE LA SOCIEDAD CERVANTINA DE ESQUIVIAS."},"content":{"rendered":"<p style=\"text-align: center;\" mce_style=\"text-align: center;\"><\/p>\n<p style=\"text-align: justify;\" mce_style=\"text-align: justify;\"><span style=\"font-size: medium;\" mce_style=\"font-size: medium;\"><span style=\"font-family: verdana, geneva;\" mce_style=\"font-family: verdana, geneva;\">La Junta Directiva de la Sociedad Cervantina de Esquivias, a propuesta de su Presidente, Don Jos\u00e9 Rosell Villasevil, ha tomado el acuerdo, por unanimidad, de nombrar a Don Emilio Maganto Pav\u00f3n, Socio de Honor de esta Asociaci\u00f3n Cultural.<\/span><\/span><\/p>\n<p style=\"text-align: center;\" mce_style=\"text-align: center;\"><\/p>\n<p style=\"text-align: center;\" mce_style=\"text-align: center;\"><\/p>\n<p style=\"text-align: center;\" mce_style=\"text-align: center;\"><\/p>\n<p style=\"text-align: center;\" mce_style=\"text-align: center;\"><span style=\"font-size: medium;\" mce_style=\"font-size: medium;\"><span style=\"font-family: verdana, geneva;\" mce_style=\"font-family: verdana, geneva;\"><img loading=\"lazy\" decoding=\"async\" class=\" size-full wp-image-2167 size-full wp-image-2167\" src=\"http:\/\/www.cervantinaesquivias.org\/wordpress\/wp-content\/uploads\/2015\/11\/emilio-maganto-foto-web.jpg\" mce_src=\"http:\/\/www.cervantinaesquivias.org\/wordpress\/wp-content\/uploads\/2015\/11\/emilio-maganto-foto-web.jpg\" alt=\"alt\" width=\"693\" height=\"1133\" srcset=\"http:\/\/www.cervantinaesquivias.org\/wordpress\/wp-content\/uploads\/2015\/11\/emilio-maganto-foto-web.jpg 693w, http:\/\/www.cervantinaesquivias.org\/wordpress\/wp-content\/uploads\/2015\/11\/emilio-maganto-foto-web-183x300.jpg 183w, http:\/\/www.cervantinaesquivias.org\/wordpress\/wp-content\/uploads\/2015\/11\/emilio-maganto-foto-web-626x1024.jpg 626w\" sizes=\"auto, (max-width: 693px) 100vw, 693px\" \/><\/span><\/span><\/p>\n<p style=\"text-align: center;\" mce_style=\"text-align: center;\"><\/p>\n<p style=\"text-align: center;\" mce_style=\"text-align: center;\"><\/p>\n<p><\/p>\n<p style=\"text-align: justify;\" mce_style=\"text-align: justify;\"><span style=\"font-size: medium;\" mce_style=\"font-size: medium;\"><span style=\"font-family: verdana, geneva;\" mce_style=\"font-family: verdana, geneva;\">Don Emilio Maganto, en su faceta como investigador cervantino, ha hallado important\u00edsimos documentos relacionados con la vida de Miguel de Cervantes, publicando sus descubrimientos en ocho libros y ensayos, dedicados al Pr\u00edncipe de las Letras. Los mas recientes: \u00abAna de Villafranca, amante de Miguel de Cervantes\u00bb (2011); \u00abIsabel de Saavedra, los enigmas en la vida de la hija de Cervantes\u00bb (2013); \u00abLa Partida de Bautismo de Miguel de Cervantes y sus detractores\u00bb (2015).<\/span><\/span><\/p>\n<p style=\"text-align: justify;\" mce_style=\"text-align: justify;\"><span style=\"font-size: medium;\" mce_style=\"font-size: medium;\"><span style=\"font-family: verdana, geneva;\" mce_style=\"font-family: verdana, geneva;\">Entre los documentos hallados en sus investigaciones, se hallan: el Acta de Velaciones de Miguel de Cervantes y Catalina de Salazar; m\u00e1s de treinta documentos sobre la familia de Ana de Villafranca; el Acta de Bautismo de Isabel de Saavedra, hija de Cervantes, de fecha 09 de Abril de 1584, ocho meses antes de sus desposorios con la hidalga esquiviana Catalina de Salazar, rectificando con ello la supuesta fecha de nacimiento de esta ni\u00f1a, que otros investigadores situaron el 19 de Noviembre de 1584, veinte d\u00edas antes de la boda de Cervantes y Catalina.<\/span><\/span><\/p>\n<p style=\"text-align: justify;\" mce_style=\"text-align: justify;\"><span style=\"font-size: medium;\" mce_style=\"font-size: medium;\"><span style=\"font-family: verdana, geneva;\" mce_style=\"font-family: verdana, geneva;\">Esta afici\u00f3n a la investigaci\u00f3n, la ha compaginado con su profesi\u00f3n de Ur\u00f3logo, habiendo sido Jefe de Secci\u00f3n de Urolog\u00eda del Hospital Ram\u00f3n y Cajal, hasta su jubilaci\u00f3n. Exprofesor Asociado de Urolog\u00eda de la Universidad de Alcal\u00e1 de Henares. Doctor en Medicina por la Universidad Complutense. Calificaci\u00f3n Sobresaliente <i>Cum laude<\/i>. Acad\u00e9mico Correspondiente de la Real Academia de Medicina del Distrito Universitario de Asturias y Le\u00f3n. Miembro del <i>Historical Commitee<\/i> de la Asociaci\u00f3n Europea de Urolog\u00eda como delegado espa\u00f1ol, durante ocho a\u00f1os. Inspirador, Coordinador y responsable de la Oficina de Historia de la Asociaci\u00f3n Espa\u00f1ola de Urolog\u00eda. Exvicepresidente de la Sociedad Urol\u00f3gica Madrile\u00f1a durante tres a\u00f1os. Despu\u00e9s de jubilado, ha recibido el premio <i>\u00abEnrique Suender\u00bb<\/i>, m\u00e1ximo galard\u00f3n que concede la Sociedad Urol\u00f3gica Madrile\u00f1a. Autor de 19 libros y Editor, Coordinador y Coautor de otras 14 obras. Autor de 150 publicaciones y art\u00edculos en revistas espa\u00f1olas y extranjeras. Autor o Coautor de 100 Comunicaciones a Congresos Nacionales e Internacionales.<\/span><\/span><\/p>\n<p style=\"text-align: justify;\" mce_style=\"text-align: justify;\"><span style=\"font-size: medium;\" mce_style=\"font-size: medium;\"><span style=\"font-family: verdana, geneva;\" mce_style=\"font-family: verdana, geneva;\">La entrega de la acreditaci\u00f3n como Socio de Honor a Don Emilio Maganto, tendr\u00e1 lugar en el transcurso del Banquete de Bodas de Cervantes y Catalina, que la Sociedad Cervantina de Esquivias tienen programado para el d\u00eda 12 de Diciembre de 2015, en conmemoraci\u00f3n del CDXXXI Aniversario de los desposorios de Cervantes y \u00a0Catalina.<\/span><\/span><\/p>\n<p style=\"text-align: justify;\" mce_style=\"text-align: justify;\"><span style=\"font-size: medium;\" mce_style=\"font-size: medium;\"><span style=\"font-family: verdana, geneva;\" mce_style=\"font-family: verdana, geneva;\">En fecha previa, el 11 de Diciembre de 2015, Don Emilio Maganto pronunciar\u00e1 una Conferencia bajo el t\u00edtulo \u00abLa ceremonia de Velaciones de Miguel de Cervantes y Catalina de Salazar\u00bb. A las 19,00 horas, en la Casa de Cultura de Esquivias. A la que todos se hallan invitados. La asistencia, de entrada libre hasta completar aforo.<\/span><\/span><\/p>\n<p style=\"text-align: justify;\" mce_style=\"text-align: justify;\"><\/p>\n<p style=\"text-align: right;\" mce_style=\"text-align: right;\"><span style=\"font-size: medium;\" mce_style=\"font-size: medium;\"><span mce_style=\"font-family: verdana, geneva;\"><i style=\"style\" mce_style=\"style\"><b style=\"style\" mce_style=\"style\"><span style=\"font-size: small;\" mce_style=\"font-size: small;\"><span style=\"font-family: helvetica;\" mce_style=\"font-family: helvetica;\">Sabino de Diego.<\/span><\/span><\/b><\/i><\/span><\/span><\/p>\n<p style=\"text-align: center;\" mce_style=\"text-align: center;\"><\/p>\n<p style=\"text-align: justify;\" mce_style=\"text-align: justify;\"><\/p>\n<p style=\"text-align: center;\" mce_style=\"text-align: center;\"><span style=\"font-size: medium;\" mce_style=\"font-size: medium;\"><span style=\"font-family: verdana, geneva;\" mce_style=\"font-family: verdana, geneva;\"><br \/><\/span><\/span><\/p>\n","protected":false},"excerpt":{"rendered":"<p>La Junta Directiva de la Sociedad Cervantina de Esquivias, a propuesta de su Presidente, Don Jos\u00e9 Rosell Villasevil, ha tomado [&hellip;]<\/p>\n","protected":false},"author":1,"featured_media":2167,"comment_status":"open","ping_status":"open","sticky":false,"template":"","format":"standard","meta":{"footnotes":""},"categories":[7],"tags":[],"class_list":["post-2168","post","type-post","status-publish","format-standard","has-post-thumbnail","hentry","category-noticias-cervantina"],"_links":{"self":[{"href":"http:\/\/www.cervantinaesquivias.org\/wordpress\/wp-json\/wp\/v2\/posts\/2168","targetHints":{"allow":["GET"]}}],"collection":[{"href":"http:\/\/www.cervantinaesquivias.org\/wordpress\/wp-json\/wp\/v2\/posts"}],"about":[{"href":"http:\/\/www.cervantinaesquivias.org\/wordpress\/wp-json\/wp\/v2\/types\/post"}],"author":[{"embeddable":true,"href":"http:\/\/www.cervantinaesquivias.org\/wordpress\/wp-json\/wp\/v2\/users\/1"}],"replies":[{"embeddable":true,"href":"http:\/\/www.cervantinaesquivias.org\/wordpress\/wp-json\/wp\/v2\/comments?post=2168"}],"version-history":[{"count":0,"href":"http:\/\/www.cervantinaesquivias.org\/wordpress\/wp-json\/wp\/v2\/posts\/2168\/revisions"}],"wp:featuredmedia":[{"embeddable":true,"href":"http:\/\/www.cervantinaesquivias.org\/wordpress\/wp-json\/wp\/v2\/media\/2167"}],"wp:attachment":[{"href":"http:\/\/www.cervantinaesquivias.org\/wordpress\/wp-json\/wp\/v2\/media?parent=2168"}],"wp:term":[{"taxonomy":"category","embeddable":true,"href":"http:\/\/www.cervantinaesquivias.org\/wordpress\/wp-json\/wp\/v2\/categories?post=2168"},{"taxonomy":"post_tag","embeddable":true,"href":"http:\/\/www.cervantinaesquivias.org\/wordpress\/wp-json\/wp\/v2\/tags?post=2168"}],"curies":[{"name":"wp","href":"https:\/\/api.w.org\/{rel}","templated":true}]}}