{"id":2164,"date":"2015-10-22T14:31:56","date_gmt":"2015-10-22T14:31:56","guid":{"rendered":"http:\/\/www.cervantinaesquivias.org\/wordpress\/2015\/10\/22\/don-jose-rosell-villasevil-y-don-emilio-maganto-pavon-conferenciantes-en-la-xii-semana-cultural-de-quintanar-de-la-orden\/"},"modified":"2015-10-22T14:31:56","modified_gmt":"2015-10-22T14:31:56","slug":"don-jose-rosell-villasevil-y-don-emilio-maganto-pavon-conferenciantes-en-la-xii-semana-cultural-de-quintanar-de-la-orden","status":"publish","type":"post","link":"http:\/\/www.cervantinaesquivias.org\/wordpress\/2015\/10\/22\/don-jose-rosell-villasevil-y-don-emilio-maganto-pavon-conferenciantes-en-la-xii-semana-cultural-de-quintanar-de-la-orden\/","title":{"rendered":"DON JOSE ROSELL VILLASEVIL y DON EMILIO MAGANTO PAV\u00d3N, CONFERENCIANTES EN LA XII SEMANA CULTURAL DE QUINTANAR DE LA ORDEN."},"content":{"rendered":"<p style=\"text-align: justify;\" mce_style=\"text-align: justify;\"><span style=\"font-size: medium;\" mce_style=\"font-size: medium;\"><span style=\"font-family: verdana, geneva;\" mce_style=\"font-family: verdana, geneva;\">La Asociaci\u00f3n Cultural Santiago Ap\u00f3stol, de Quintanar de la Orden, ha organizado la XII Semana Cultural, que se viene desarrollando en esta localidad toledana y cervantina, desde el d\u00eda 19 de Octubre de 2015.<\/span><\/span><\/p>\n<p><\/p>\n<p style=\"text-align: justify;\" mce_style=\"text-align: justify;\"><span style=\"font-size: medium;\" mce_style=\"font-size: medium;\"><span style=\"font-family: verdana, geneva;\" mce_style=\"font-family: verdana, geneva;\">Entre las personas que intervienen en dichos actos, se hallan Don Jos\u00e9 Rosell Villasevil y Don Emilio Maganto Pav\u00f3n, vinculados ambos a la Sociedad Cervantina de Esquivias, llevando a esta Semana Cultural, que se desarrolla en torno a la vida de Miguel de Cervantes Saavedra, el esp\u00edritu y la magia de la vida del Pr\u00edncipe de las Letras Hispanas.<\/span><\/span><\/p>\n<p style=\"text-align: justify;\" mce_style=\"text-align: justify;\"><\/p>\n<p style=\"text-align: justify;\" mce_style=\"text-align: justify;\"><\/p>\n<p style=\"text-align: center;\" mce_style=\"text-align: center;\"><img loading=\"lazy\" decoding=\"async\" class=\" size-full wp-image-2162 size-full wp-image-2162\" src=\"http:\/\/www.cervantinaesquivias.org\/wordpress\/wp-content\/uploads\/2015\/10\/jose-rosell-340.jpg\" mce_src=\"http:\/\/www.cervantinaesquivias.org\/wordpress\/wp-content\/uploads\/2015\/10\/jose-rosell-340.jpg\" alt=\"alt\" width=\"340\" height=\"274\" srcset=\"http:\/\/www.cervantinaesquivias.org\/wordpress\/wp-content\/uploads\/2015\/10\/jose-rosell-340.jpg 340w, http:\/\/www.cervantinaesquivias.org\/wordpress\/wp-content\/uploads\/2015\/10\/jose-rosell-340-300x242.jpg 300w\" sizes=\"auto, (max-width: 340px) 100vw, 340px\" \/><\/p>\n<p style=\"text-align: center;\" mce_style=\"text-align: center;\">(Don Jos\u00e9 Rosell, el 19-X-2015)<\/p>\n<p style=\"text-align: justify;\" mce_style=\"text-align: justify;\"><span style=\"font-size: medium;\" mce_style=\"font-size: medium;\"><span style=\"font-family: verdana, geneva;\" mce_style=\"font-family: verdana, geneva;\"><br \/><\/span><\/span><\/p>\n<p style=\"text-align: justify;\" mce_style=\"text-align: justify;\"><span style=\"font-size: medium;\" mce_style=\"font-size: medium;\"><span style=\"font-family: verdana, geneva;\" mce_style=\"font-family: verdana, geneva;\">Don Jos\u00e9 Rosell Villasevil, disert\u00f3 sobre las figuras de Santa Teresa de Jes\u00fas y de Miguel de Cervantes, destacando la admiraci\u00f3n que siempre mostr\u00f3 el escritor sobre la santa de \u00c1vila: <i>\u00abEran lectores completamente activos, durante toda su vida. Ten\u00edan muchas cosas en com\u00fan, porque Santa Teresa le\u00eda muchos libros de caballer\u00edas y Cervantes supo valorar mucho a la Santa\u00bb.\u00a0<\/i><\/span><\/span><\/p>\n<p style=\"text-align: justify;\" mce_style=\"text-align: justify;\"><\/p>\n<p style=\"text-align: justify;\" mce_style=\"text-align: justify;\"><\/p>\n<p style=\"text-align: center;\" mce_style=\"text-align: center;\"><img loading=\"lazy\" decoding=\"async\" class=\" size-full wp-image-2163 size-full wp-image-2163\" src=\"http:\/\/www.cervantinaesquivias.org\/wordpress\/wp-content\/uploads\/2015\/10\/emilio-maganto-340.jpg\" mce_src=\"http:\/\/www.cervantinaesquivias.org\/wordpress\/wp-content\/uploads\/2015\/10\/emilio-maganto-340.jpg\" alt=\"alt\" width=\"340\" height=\"365\" srcset=\"http:\/\/www.cervantinaesquivias.org\/wordpress\/wp-content\/uploads\/2015\/10\/emilio-maganto-340.jpg 340w, http:\/\/www.cervantinaesquivias.org\/wordpress\/wp-content\/uploads\/2015\/10\/emilio-maganto-340-279x300.jpg 279w\" sizes=\"auto, (max-width: 340px) 100vw, 340px\" \/><\/p>\n<p style=\"text-align: center;\" mce_style=\"text-align: center;\">(Don Emilio Maganto, el 21-X-2015)<\/p>\n<p style=\"text-align: justify;\" mce_style=\"text-align: justify;\"><span style=\"font-size: medium;\" mce_style=\"font-size: medium;\"><span style=\"font-family: verdana, geneva;\" mce_style=\"font-family: verdana, geneva;\"><i><br \/><\/i><\/span><\/span><\/p>\n<p style=\"text-align: justify;\" mce_style=\"text-align: justify;\"><span style=\"font-size: medium;\" mce_style=\"font-size: medium;\"><span style=\"font-family: verdana, geneva;\" mce_style=\"font-family: verdana, geneva;\">Por su parte, Don Emilio Maganto Pav\u00f3n, pronunci\u00f3 una conferencia bajo el t\u00edtulo \u00abAna de Villafranca, amante de Miguel de Cervantes, y su hija, Isabel de Saavedra\u00bb. Don Emilio Maganto, a trav\u00e9s de los documentos hallados por \u00e9l, dio todo tipo de detalles de la convulsa relaci\u00f3n que existi\u00f3 entre Miguel de Cervantes y Ana de Villafranca, fruto de la cual, vino al mundo Isabel de Saavedra, reconocida por Cervantes como su hija.<\/span><\/span><\/p>\n<p style=\"text-align: justify;\" mce_style=\"text-align: justify;\"><span style=\"font-size: medium;\" mce_style=\"font-size: medium;\"><span style=\"font-family: verdana, geneva;\" mce_style=\"font-family: verdana, geneva;\">El nutrido p\u00fablico asistente, supo apreciar la categor\u00eda de los temas tratados, a trav\u00e9s de los detalles expuestos por ambos, sobre la vida de Miguel de Cervantes.<\/span><\/span><\/p>\n<p style=\"text-align: justify;\" mce_style=\"text-align: justify;\"><\/p>\n<p style=\"text-align: right;\" mce_style=\"text-align: right;\"><span style=\"font-size: medium;\" mce_style=\"font-size: medium;\"><span style=\"font-size: small;\" mce_style=\"font-size: small;\"><span style=\"font-family: helvetica;\" mce_style=\"font-family: helvetica;\"><i><b>Sabino de Diego.<\/b><\/i><\/span><\/span><\/span><\/p>\n<p><\/p>\n","protected":false},"excerpt":{"rendered":"<p>La Asociaci\u00f3n Cultural Santiago Ap\u00f3stol, de Quintanar de la Orden, ha organizado la XII Semana Cultural, que se viene desarrollando [&hellip;]<\/p>\n","protected":false},"author":1,"featured_media":2162,"comment_status":"open","ping_status":"open","sticky":false,"template":"","format":"standard","meta":{"footnotes":""},"categories":[7],"tags":[],"class_list":["post-2164","post","type-post","status-publish","format-standard","has-post-thumbnail","hentry","category-noticias-cervantina"],"_links":{"self":[{"href":"http:\/\/www.cervantinaesquivias.org\/wordpress\/wp-json\/wp\/v2\/posts\/2164","targetHints":{"allow":["GET"]}}],"collection":[{"href":"http:\/\/www.cervantinaesquivias.org\/wordpress\/wp-json\/wp\/v2\/posts"}],"about":[{"href":"http:\/\/www.cervantinaesquivias.org\/wordpress\/wp-json\/wp\/v2\/types\/post"}],"author":[{"embeddable":true,"href":"http:\/\/www.cervantinaesquivias.org\/wordpress\/wp-json\/wp\/v2\/users\/1"}],"replies":[{"embeddable":true,"href":"http:\/\/www.cervantinaesquivias.org\/wordpress\/wp-json\/wp\/v2\/comments?post=2164"}],"version-history":[{"count":0,"href":"http:\/\/www.cervantinaesquivias.org\/wordpress\/wp-json\/wp\/v2\/posts\/2164\/revisions"}],"wp:featuredmedia":[{"embeddable":true,"href":"http:\/\/www.cervantinaesquivias.org\/wordpress\/wp-json\/wp\/v2\/media\/2162"}],"wp:attachment":[{"href":"http:\/\/www.cervantinaesquivias.org\/wordpress\/wp-json\/wp\/v2\/media?parent=2164"}],"wp:term":[{"taxonomy":"category","embeddable":true,"href":"http:\/\/www.cervantinaesquivias.org\/wordpress\/wp-json\/wp\/v2\/categories?post=2164"},{"taxonomy":"post_tag","embeddable":true,"href":"http:\/\/www.cervantinaesquivias.org\/wordpress\/wp-json\/wp\/v2\/tags?post=2164"}],"curies":[{"name":"wp","href":"https:\/\/api.w.org\/{rel}","templated":true}]}}