{"id":2141,"date":"2015-09-04T16:55:59","date_gmt":"2015-09-04T16:55:59","guid":{"rendered":"http:\/\/www.cervantinaesquivias.org\/wordpress\/2015\/09\/04\/qcatalina-fuente-de-inspiracion-de-cervantesq-de-sabino-de-diego-esquivias-2015\/"},"modified":"2015-09-04T16:55:59","modified_gmt":"2015-09-04T16:55:59","slug":"qcatalina-fuente-de-inspiracion-de-cervantesq-de-sabino-de-diego-esquivias-2015","status":"publish","type":"post","link":"http:\/\/www.cervantinaesquivias.org\/wordpress\/2015\/09\/04\/qcatalina-fuente-de-inspiracion-de-cervantesq-de-sabino-de-diego-esquivias-2015\/","title":{"rendered":"\u00abCatalina, fuente de inspiraci\u00f3n de Cervantes\u00bb, de Sabino de Diego. ESQUIVIAS 2015."},"content":{"rendered":"<p style=\"text-align: justify;\" mce_style=\"text-align: justify;\"><span style=\"font-size: medium;\" mce_style=\"font-size: medium;\"><span style=\"font-family: verdana, geneva;\" mce_style=\"font-family: verdana, geneva;\">El libro \u00abCatalina, Fuente de inspiraci\u00f3n de Cervantes\u00bb, del que es autor Sabino de Diego Romero, ha sido presentado en Esquivias, en el marco incomparable de la Bodega de la Casa-Museo de Cervantes.<\/span><\/span><\/p>\n<p style=\"text-align: justify;\" mce_style=\"text-align: justify;\"><\/p>\n<p style=\"text-align: justify;\" mce_style=\"text-align: justify;\"><\/p>\n<p style=\"text-align: center;\" mce_style=\"text-align: center;\"><img loading=\"lazy\" decoding=\"async\" class=\" size-full wp-image-2135 size-full wp-image-2135\" src=\"http:\/\/www.cervantinaesquivias.org\/wordpress\/wp-content\/uploads\/2015\/09\/catalina-portada.jpg\" mce_src=\"http:\/\/www.cervantinaesquivias.org\/wordpress\/wp-content\/uploads\/2015\/09\/catalina-portada.jpg\" alt=\"alt\" width=\"709\" height=\"971\" srcset=\"http:\/\/www.cervantinaesquivias.org\/wordpress\/wp-content\/uploads\/2015\/09\/catalina-portada.jpg 709w, http:\/\/www.cervantinaesquivias.org\/wordpress\/wp-content\/uploads\/2015\/09\/catalina-portada-219x300.jpg 219w\" sizes=\"auto, (max-width: 709px) 100vw, 709px\" \/><\/p>\n<p style=\"text-align: justify;\" mce_style=\"text-align: justify;\"><\/p>\n<p style=\"text-align: justify;\" mce_style=\"text-align: justify;\"><\/p>\n<p style=\"text-align: justify;\" mce_style=\"text-align: justify;\"><span style=\"font-size: medium;\" mce_style=\"font-size: medium;\"><span style=\"font-family: verdana, geneva;\" mce_style=\"font-family: verdana, geneva;\">Basado en los documentos hallados en los archivos parroquiales de Esquivias, en el libro se narra la relaci\u00f3n que se form\u00f3 entre Cervantes y Catalina, sus ilusiones, esperanzas, anhelos, y los momentos de tristezas y desasosiegos. En su segunda etapa, Catalina, s\u00f3lo con su presencia inspiradora, y la vivencia de Cervantes en el Lugar de Esquivias, ejercen<\/span><\/span><\/p>\n<p style=\"text-align: justify;\" mce_style=\"text-align: justify;\"><\/p>\n<p><!--more--><\/p>\n<p><\/p>\n<p style=\"text-align: justify;\" mce_style=\"text-align: justify;\"><span style=\"font-size: medium;\" mce_style=\"font-size: medium;\"><span style=\"font-family: verdana, geneva;\" mce_style=\"font-family: verdana, geneva;\">una influencia decisiva en su mente creadora, para realizar su obra cumbre: El Hidalgo Don Quixote de la Mancha.<\/span><\/span><\/p>\n<p style=\"text-align: justify;\" mce_style=\"text-align: justify;\"><span style=\"font-size: medium;\" mce_style=\"font-size: medium;\"><span style=\"font-family: verdana, geneva;\" mce_style=\"font-family: verdana, geneva;\">Catalina, apart\u00e1ndose del concepto de sumisa lugare\u00f1a, se nos muestra con una personalidad que contrasta con las mujeres de su \u00e9poca, dada la cultura recibida, y el conocimiento que ten\u00eda de la lectura y la escritura.<\/span><\/span><\/p>\n<p><\/p>\n<p style=\"text-align: justify;\" mce_style=\"text-align: justify;\"><span style=\"font-size: medium;\" mce_style=\"font-size: medium;\"><span style=\"font-family: verdana, geneva;\" mce_style=\"font-family: verdana, geneva;\">Sabino de Diego, ha sido Presidente de la Sociedad Cervantina de Esquivias, y en la actualidad es Director Ejecutivo de dicha Asociaci\u00f3n Cultura, habiendo digitalizado absolutamente todos los documentos existentes en los archivos parroquiales, desde el a\u00f1o 1562 a 1725, tanto si son de Bautizos, Desposorios o Defunciones.<\/span><\/span><\/p>\n<p style=\"text-align: justify;\" mce_style=\"text-align: justify;\"><span style=\"font-family: verdana, geneva; font-size: medium; line-height: 1.3em;\" mce_style=\"font-family: verdana, geneva; font-size: medium; line-height: 1.3em;\">La afici\u00f3n cervantina de Sabino de Diego, le fue inculcada por su padre, Mill\u00e1n de Diego Nieto, y por el insigne cervantista esquiviano Francisco Guardia Navarro, inclinando su afici\u00f3n a la transcripci\u00f3n de los documentos que se hallan custodiados en la archivos parroquiales de Esquivias.<\/span><\/p>\n<p style=\"text-align: justify;\" mce_style=\"text-align: justify;\"><span style=\"font-size: medium;\" mce_style=\"font-size: medium;\"><span style=\"font-family: verdana, geneva;\" mce_style=\"font-family: verdana, geneva;\">Con la edici\u00f3n de este libro, dedicado a Catalina de Salazar y Palacios, y la transcripci\u00f3n de documentos in\u00e9ditos, que ha supuesto, adem\u00e1s, la formaci\u00f3n completa de su \u00c1rbol Geneal\u00f3gico, ha culminando esta obra, que representa su \u00f3pera prima, pretendiendo dejar a esta gran mujer en el lugar que le corresponde frente a interesadas insidias hacia su persona; <i>\u00abexponiendo la narraci\u00f3n desde el conocimiento que de los acontecimientos tuviera Catalina, ya fuera por su propia experiencia o por lo que de ellos le comentara Cervantes\u00bb<\/i>.<\/span><\/span><\/p>\n<p style=\"text-align: justify;\" mce_style=\"text-align: justify;\"><\/p>\n<p style=\"text-align: justify;\" mce_style=\"text-align: justify;\"><span style=\"font-size: medium;\" mce_style=\"font-size: medium;\"><span style=\"font-family: verdana, geneva;\" mce_style=\"font-family: verdana, geneva;\">Abri\u00f3 el acto Do\u00f1a Milagros del Barrio, Alcaldesa de Esquivias, que resalt\u00f3 lo importante que resulta de la afloraci\u00f3n de escritores esquivianos en los \u00faltimos tiempos, que supone un aliciente mas en el devenir de este pueblo, eminentemente cervantino.<\/span><\/span><\/p>\n<p style=\"text-align: justify;\" mce_style=\"text-align: justify;\"><\/p>\n<p style=\"text-align: justify;\" mce_style=\"text-align: justify;\"><span style=\"font-size: medium;\" mce_style=\"font-size: medium;\"><span style=\"font-family: verdana, geneva;\" mce_style=\"font-family: verdana, geneva;\">La presentaci\u00f3n corri\u00f3 a cargo de Don Jos\u00e9 Rosell Villasevil, Presidente de la Sociedad Cervantina de Esquivias, que puso ese toque po\u00e9tico del que hace gala en todo aquello que, con su flu\u00eddo lenguaje, imprime, dej\u00e1ndose llevar por la relaci\u00f3n personal y familiar, que tiene desde hace muchos a\u00f1os con el autor.<\/span><\/span><\/p>\n<p style=\"text-align: center;\" mce_style=\"text-align: center;\"><\/p>\n<p style=\"text-align: center;\" mce_style=\"text-align: center;\"><img loading=\"lazy\" decoding=\"async\" class=\" size-full wp-image-2136 size-full wp-image-2136\" src=\"http:\/\/www.cervantinaesquivias.org\/wordpress\/wp-content\/uploads\/2015\/09\/pres.-don-vicente.jpg\" mce_src=\"http:\/\/www.cervantinaesquivias.org\/wordpress\/wp-content\/uploads\/2015\/09\/pres.-don-vicente.jpg\" alt=\"alt\" width=\"709\" height=\"490\" srcset=\"http:\/\/www.cervantinaesquivias.org\/wordpress\/wp-content\/uploads\/2015\/09\/pres.-don-vicente.jpg 709w, http:\/\/www.cervantinaesquivias.org\/wordpress\/wp-content\/uploads\/2015\/09\/pres.-don-vicente-300x207.jpg 300w\" sizes=\"auto, (max-width: 709px) 100vw, 709px\" \/><\/p>\n<p style=\"text-align: center;\" mce_style=\"text-align: center;\"><\/p>\n<p style=\"text-align: justify;\" mce_style=\"text-align: justify;\"><span style=\"font-size: medium;\" mce_style=\"font-size: medium;\"><span style=\"font-family: verdana, geneva;\" mce_style=\"font-family: verdana, geneva;\">Intervino a continuaci\u00f3n Don Vicente Ruiz Rubio, p\u00e1rroco titular de la iglesia de Esquivias, como el autor del Pr\u00f3logo, del que entresacamos el siguiente p\u00e1rrafo: <i>\u00ab&#8230;El autor centra, fundamentalmente, su estudio en torno a los hidalgos que, por otra parte, es l\u00f3gico, ya que era el grupo al que pertenece Catalina de Salazar y Palacios. La documentaci\u00f3n y genealog\u00edas, por cierto, las m\u00e1s completas que he visto publicadas, que nos ofrece Sabino de Diego, as\u00ed lo ponen de manifiesto&#8230;\u00bb<\/i><\/span><\/span><\/p>\n<p style=\"text-align: justify;\" mce_style=\"text-align: justify;\"><\/p>\n<p style=\"text-align: center;\" mce_style=\"text-align: center;\"><\/p>\n<p style=\"text-align: justify;\" mce_style=\"text-align: justify;\"><\/p>\n<p style=\"text-align: justify;\" mce_style=\"text-align: justify;\"><span style=\"font-size: medium;\" mce_style=\"font-size: medium;\"><span style=\"font-family: verdana, geneva;\" mce_style=\"font-family: verdana, geneva;\">A continuaci\u00f3n, tom\u00f3 la palabra Sabino de Diego, autor del libro, destacando algunos aspectos en la vida de Catalina de Salazar y Palacios, principalmente por la formaci\u00f3n de su \u00e1rbol geneal\u00f3gico, con un total de 388 personas, ya sea por ascendencia o colaterales de esta insigne mujer.\u00a0<\/span><\/span><\/p>\n<p style=\"text-align: justify;\" mce_style=\"text-align: justify;\"><\/p>\n<p style=\"text-align: justify;\" mce_style=\"text-align: justify;\"><span style=\"font-size: medium;\" mce_style=\"font-size: medium;\"><span style=\"font-family: verdana, geneva;\" mce_style=\"font-family: verdana, geneva;\">El motivo de la cubierta del libro, de excelente calidad, ha sido realizado, al pastel, por Juan Antonio S\u00e1nchez L\u00f3pez, que ha sabido reflejar con detalle, la posible influencia que debi\u00f3 ejercer Catalina sobre el Pr\u00edncipe de la Letras.<\/span><\/span><\/p>\n<p style=\"text-align: justify;\" mce_style=\"text-align: justify;\"><\/p>\n<p style=\"text-align: justify;\" mce_style=\"text-align: justify;\"><\/p>\n<p style=\"text-align: justify;\" mce_style=\"text-align: justify;\"><span style=\"font-size: medium;\" mce_style=\"font-size: medium;\"><span style=\"font-family: verdana, geneva;\" mce_style=\"font-family: verdana, geneva;\"><br \/><\/span><\/span><\/p>\n<p style=\"text-align: center;\" mce_style=\"text-align: center;\"><img loading=\"lazy\" decoding=\"async\" class=\" size-full wp-image-2137 size-full wp-image-2137\" src=\"http:\/\/www.cervantinaesquivias.org\/wordpress\/wp-content\/uploads\/2015\/09\/catalina-bautizo.jpg\" mce_src=\"http:\/\/www.cervantinaesquivias.org\/wordpress\/wp-content\/uploads\/2015\/09\/catalina-bautizo.jpg\" alt=\"alt\" width=\"709\" height=\"812\" srcset=\"http:\/\/www.cervantinaesquivias.org\/wordpress\/wp-content\/uploads\/2015\/09\/catalina-bautizo.jpg 709w, http:\/\/www.cervantinaesquivias.org\/wordpress\/wp-content\/uploads\/2015\/09\/catalina-bautizo-262x300.jpg 262w\" sizes=\"auto, (max-width: 709px) 100vw, 709px\" \/><\/p>\n<p style=\"text-align: justify;\" mce_style=\"text-align: justify;\"><\/p>\n<p style=\"text-align: center;\" mce_style=\"text-align: center;\">(Bautizo de Catalina de Salazar y Palacios, en la iglesia de Santa Mar\u00eda de Esquivias. 12-XI-1565).<\/p>\n<p style=\"text-align: justify;\" mce_style=\"text-align: justify;\"><\/p>\n<p style=\"text-align: justify;\" mce_style=\"text-align: justify;\"><\/p>\n<p style=\"text-align: justify;\" mce_style=\"text-align: justify;\"><span style=\"font-size: medium;\" mce_style=\"font-size: medium;\"><span style=\"font-family: verdana, geneva;\" mce_style=\"font-family: verdana, geneva;\">Para el interior del libro, Rafael Vargas Sim\u00f3n ha realizado cinco l\u00e1minas a plumilla, que reflejan motivos esenciales en la vida de Catalina, y de Cervantes, que aportan al libro un toque especial.<\/span><\/span><\/p>\n<p style=\"text-align: justify;\" mce_style=\"text-align: justify;\"><\/p>\n<p style=\"text-align: center;\" mce_style=\"text-align: center;\"><img loading=\"lazy\" decoding=\"async\" class=\" size-full wp-image-2138 size-full wp-image-2138\" src=\"http:\/\/www.cervantinaesquivias.org\/wordpress\/wp-content\/uploads\/2015\/09\/catalina-muerte-de-cervantes.jpg\" mce_src=\"http:\/\/www.cervantinaesquivias.org\/wordpress\/wp-content\/uploads\/2015\/09\/catalina-muerte-de-cervantes.jpg\" alt=\"alt\" width=\"709\" height=\"1012\" srcset=\"http:\/\/www.cervantinaesquivias.org\/wordpress\/wp-content\/uploads\/2015\/09\/catalina-muerte-de-cervantes.jpg 709w, http:\/\/www.cervantinaesquivias.org\/wordpress\/wp-content\/uploads\/2015\/09\/catalina-muerte-de-cervantes-210x300.jpg 210w\" sizes=\"auto, (max-width: 709px) 100vw, 709px\" \/><\/p>\n<p style=\"text-align: center;\" mce_style=\"text-align: center;\">(Catalina, asistiendo a Cervantes en el momento de su fallecimiento).<\/p>\n<p style=\"text-align: justify;\" mce_style=\"text-align: justify;\"><\/p>\n<p style=\"text-align: justify;\" mce_style=\"text-align: justify;\"><\/p>\n<p style=\"text-align: justify;\" mce_style=\"text-align: justify;\"><span style=\"font-size: medium;\" mce_style=\"font-size: medium;\"><span style=\"font-family: verdana, geneva;\" mce_style=\"font-family: verdana, geneva;\">Se complement\u00f3 la presentaci\u00f3n del libro, con la exposici\u00f3n de los originales de dichos cuadros.<\/span><\/span><\/p>\n<p style=\"text-align: justify;\" mce_style=\"text-align: justify;\"><\/p>\n<p style=\"text-align: justify;\" mce_style=\"text-align: justify;\"><span style=\"font-size: medium;\" mce_style=\"font-size: medium;\"><span style=\"font-family: verdana, geneva;\" mce_style=\"font-family: verdana, geneva;\">La presentaci\u00f3n tuvo lugar en:<\/span><\/span><\/p>\n<p style=\"text-align: justify;\" mce_style=\"text-align: justify;\"><span style=\"font-size: medium;\" mce_style=\"font-size: medium;\"><span style=\"font-family: verdana, geneva;\" mce_style=\"font-family: verdana, geneva;\">La bodega de la Casa-Museo de Cervantes de Esquivias.<\/span><\/span><\/p>\n<p style=\"text-align: justify;\" mce_style=\"text-align: justify;\"><span style=\"font-size: medium;\" mce_style=\"font-size: medium;\"><span style=\"font-family: verdana, geneva;\" mce_style=\"font-family: verdana, geneva;\">El d\u00eda 16 de Septiembre de 2015.<\/span><\/span><\/p>\n<p style=\"text-align: justify;\" mce_style=\"text-align: justify;\"><span style=\"font-size: medium;\" mce_style=\"font-size: medium;\"><span style=\"font-family: verdana, geneva;\" mce_style=\"font-family: verdana, geneva;\">A las 20,00 horas. \u00a0\u00a0<\/span><\/span><\/p>\n<p style=\"text-align: justify;\" mce_style=\"text-align: justify;\"><span style=\"font-size: medium;\" mce_style=\"font-size: medium;\"><span style=\"font-family: verdana, geneva;\" mce_style=\"font-family: verdana, geneva;\"><br \/><\/span><\/span><\/p>\n<p style=\"text-align: justify;\" mce_style=\"text-align: justify;\"><span style=\"font-size: medium;\" mce_style=\"font-size: medium;\"><span style=\"font-family: verdana, geneva;\" mce_style=\"font-family: verdana, geneva;\">La caracter\u00edsticas del libro son:<\/span><\/span><\/p>\n<p style=\"text-align: justify;\" mce_style=\"text-align: justify;\"><span style=\"font-size: medium;\" mce_style=\"font-size: medium;\"><span style=\"font-family: verdana, geneva;\" mce_style=\"font-family: verdana, geneva;\">Formato \u00a015&#215;21.<\/span><\/span><\/p>\n<p style=\"text-align: justify;\" mce_style=\"text-align: justify;\"><span style=\"font-size: medium;\" mce_style=\"font-size: medium;\"><span style=\"font-family: verdana, geneva;\" mce_style=\"font-family: verdana, geneva;\">306 p\u00e1ginas.<\/span><\/span><\/p>\n<p style=\"text-align: justify;\" mce_style=\"text-align: justify;\"><span style=\"font-size: medium;\" mce_style=\"font-size: medium;\"><span style=\"font-family: verdana, geneva;\" mce_style=\"font-family: verdana, geneva;\">Editado por Punto Rojo Libros.<\/span><\/span><\/p>\n<p style=\"text-align: justify;\" mce_style=\"text-align: justify;\"><span style=\"font-size: medium;\" mce_style=\"font-size: medium;\">C\u00f3dito <span style=\"font-size: large;\" mce_style=\"font-size: large;\">ISBN 9788416513031<\/span><\/span><\/p>\n<p style=\"text-align: justify;\" mce_style=\"text-align: justify;\"><\/p>\n<p style=\"text-align: justify;\" mce_style=\"text-align: justify;\"><\/p>\n<p style=\"text-align: center;\" mce_style=\"text-align: center;\"><img loading=\"lazy\" decoding=\"async\" class=\" size-full wp-image-2139 size-full wp-image-2139\" src=\"http:\/\/www.cervantinaesquivias.org\/wordpress\/wp-content\/uploads\/2015\/09\/pres.-sabino.jpg\" mce_src=\"http:\/\/www.cervantinaesquivias.org\/wordpress\/wp-content\/uploads\/2015\/09\/pres.-sabino.jpg\" alt=\"alt\" width=\"709\" height=\"707\" srcset=\"http:\/\/www.cervantinaesquivias.org\/wordpress\/wp-content\/uploads\/2015\/09\/pres.-sabino.jpg 709w, http:\/\/www.cervantinaesquivias.org\/wordpress\/wp-content\/uploads\/2015\/09\/pres.-sabino-300x300.jpg 300w, http:\/\/www.cervantinaesquivias.org\/wordpress\/wp-content\/uploads\/2015\/09\/pres.-sabino-150x150.jpg 150w\" sizes=\"auto, (max-width: 709px) 100vw, 709px\" \/><\/p>\n<p style=\"text-align: justify;\" mce_style=\"text-align: justify;\"><span style=\"font-size: medium;\" mce_style=\"font-size: medium;\"><span style=\"font-size: large;\" mce_style=\"font-size: large;\"><br \/><\/span><\/span><\/p>\n<p style=\"text-align: justify;\" mce_style=\"text-align: justify;\"><span style=\"font-size: medium;\" mce_style=\"font-size: medium;\"><span style=\"font-family: verdana, geneva;\" mce_style=\"font-family: verdana, geneva;\"><i>\u00ab&#8230;En su persona, su ejemplo y su entorno, hall\u00f3 Cervantes el germen de sus mejores ideas literarias. Cuando Miguel se hallaba a su lado, en esa paz que se respira en el Lugar de Esquivias, le flu\u00edan las ideas que plasmaba en sus hojas; trazando con su pluma signos de oro para bien de la Literatura Universal&#8230;\u00bb.<\/i><\/span><\/span><\/p>\n<p style=\"text-align: justify;\" mce_style=\"text-align: justify;\"><\/p>\n<p style=\"text-align: justify;\" mce_style=\"text-align: justify;\"><span style=\"font-size: medium;\" mce_style=\"font-size: medium;\"><span style=\"font-family: verdana, geneva;\" mce_style=\"font-family: verdana, geneva;\"><br \/><\/span><\/span><\/p>\n<p style=\"text-align: center;\" mce_style=\"text-align: center;\"><img loading=\"lazy\" decoding=\"async\" class=\" size-full wp-image-2140 size-full wp-image-2140\" src=\"http:\/\/www.cervantinaesquivias.org\/wordpress\/wp-content\/uploads\/2015\/09\/pres.-publico.jpg\" mce_src=\"http:\/\/www.cervantinaesquivias.org\/wordpress\/wp-content\/uploads\/2015\/09\/pres.-publico.jpg\" alt=\"alt\" width=\"709\" height=\"509\" srcset=\"http:\/\/www.cervantinaesquivias.org\/wordpress\/wp-content\/uploads\/2015\/09\/pres.-publico.jpg 709w, http:\/\/www.cervantinaesquivias.org\/wordpress\/wp-content\/uploads\/2015\/09\/pres.-publico-300x215.jpg 300w\" sizes=\"auto, (max-width: 709px) 100vw, 709px\" \/><\/p>\n<p style=\"text-align: justify;\" mce_style=\"text-align: justify;\"><span style=\"font-size: medium;\" mce_style=\"font-size: medium;\"><span style=\"font-family: verdana, geneva;\" mce_style=\"font-family: verdana, geneva;\">\u00a0<\/span><\/span><\/p>\n<p style=\"text-align: center;\" mce_style=\"text-align: center;\">(Aspecto del p\u00fablico asistente en la presentaci\u00f3n del libro).<\/p>\n<p style=\"text-align: center;\" mce_style=\"text-align: center;\"><\/p>\n<p style=\"text-align: justify;\" mce_style=\"text-align: justify;\"><span style=\"font-size: medium;\" mce_style=\"font-size: medium;\"><span style=\"font-family: verdana, geneva;\" mce_style=\"font-family: verdana, geneva;\">El eminente cervantista, A. Robert Lauer, Profesor de la Universidad de Oklahoma, EEUU, ha publicado una rese\u00f1a sobre el libro \u00abCatalina, fuente de inspiraci\u00f3n de Cervantes\u00bb en la p\u00e1gina web del Coloquio Cervantino que coordina. Para ver dicha rese\u00f1a, pinchar en el siguiente enlace:<\/span><\/span><\/p>\n<p style=\"text-align: justify;\" mce_style=\"text-align: justify;\"><\/p>\n<p style=\"text-align: center;\" mce_style=\"text-align: center;\"><a href=\"https:\/\/lists.ou.edu\/cgi-bin\/wa?A2=ind1510&#038;L=CERVANTES-L&#038;F=&#038;S=&#038;P=3410\" mce_href=\"https:\/\/lists.ou.edu\/cgi-bin\/wa?A2=ind1510&#038;L=CERVANTES-L&#038;F=&#038;S=&#038;P=3410\">RESE\u00d1A DE A. ROBERT LAUER.<\/a><\/p>\n<p style=\"text-align: justify;\" mce_style=\"text-align: justify;\"><\/p>\n<p style=\"text-align: justify;\" mce_style=\"text-align: justify;\"><\/p>\n<p style=\"text-align: justify;\" mce_style=\"text-align: justify;\"><\/p>\n<p style=\"text-align: justify;\" mce_style=\"text-align: justify;\"><\/p>\n<p style=\"text-align: justify;\" mce_style=\"text-align: justify;\"><\/p>\n<p style=\"text-align: justify;\" mce_style=\"text-align: justify;\"><\/p>\n<p style=\"text-align: justify;\" mce_style=\"text-align: justify;\"><\/p>\n<p style=\"text-align: justify;\" mce_style=\"text-align: justify;\"><span style=\"font-size: medium;\" mce_style=\"font-size: medium;\"><span style=\"font-family: verdana, geneva;\" mce_style=\"font-family: verdana, geneva;\"><br \/><\/span><\/span><\/p>\n","protected":false},"excerpt":{"rendered":"<p>El libro \u00abCatalina, Fuente de inspiraci\u00f3n de Cervantes\u00bb, del que es autor Sabino de Diego Romero, ha sido presentado en [&hellip;]<\/p>\n","protected":false},"author":1,"featured_media":2135,"comment_status":"open","ping_status":"open","sticky":false,"template":"","format":"standard","meta":{"footnotes":""},"categories":[7],"tags":[],"class_list":["post-2141","post","type-post","status-publish","format-standard","has-post-thumbnail","hentry","category-noticias-cervantina"],"_links":{"self":[{"href":"http:\/\/www.cervantinaesquivias.org\/wordpress\/wp-json\/wp\/v2\/posts\/2141","targetHints":{"allow":["GET"]}}],"collection":[{"href":"http:\/\/www.cervantinaesquivias.org\/wordpress\/wp-json\/wp\/v2\/posts"}],"about":[{"href":"http:\/\/www.cervantinaesquivias.org\/wordpress\/wp-json\/wp\/v2\/types\/post"}],"author":[{"embeddable":true,"href":"http:\/\/www.cervantinaesquivias.org\/wordpress\/wp-json\/wp\/v2\/users\/1"}],"replies":[{"embeddable":true,"href":"http:\/\/www.cervantinaesquivias.org\/wordpress\/wp-json\/wp\/v2\/comments?post=2141"}],"version-history":[{"count":0,"href":"http:\/\/www.cervantinaesquivias.org\/wordpress\/wp-json\/wp\/v2\/posts\/2141\/revisions"}],"wp:featuredmedia":[{"embeddable":true,"href":"http:\/\/www.cervantinaesquivias.org\/wordpress\/wp-json\/wp\/v2\/media\/2135"}],"wp:attachment":[{"href":"http:\/\/www.cervantinaesquivias.org\/wordpress\/wp-json\/wp\/v2\/media?parent=2141"}],"wp:term":[{"taxonomy":"category","embeddable":true,"href":"http:\/\/www.cervantinaesquivias.org\/wordpress\/wp-json\/wp\/v2\/categories?post=2141"},{"taxonomy":"post_tag","embeddable":true,"href":"http:\/\/www.cervantinaesquivias.org\/wordpress\/wp-json\/wp\/v2\/tags?post=2141"}],"curies":[{"name":"wp","href":"https:\/\/api.w.org\/{rel}","templated":true}]}}