{"id":2134,"date":"2015-08-24T13:56:03","date_gmt":"2015-08-24T13:56:03","guid":{"rendered":"http:\/\/www.cervantinaesquivias.org\/wordpress\/2015\/08\/24\/posando-en-la-casa-grande-de-esquivias-ano-1962\/"},"modified":"2015-08-24T13:56:03","modified_gmt":"2015-08-24T13:56:03","slug":"posando-en-la-casa-grande-de-esquivias-ano-1962","status":"publish","type":"post","link":"http:\/\/www.cervantinaesquivias.org\/wordpress\/2015\/08\/24\/posando-en-la-casa-grande-de-esquivias-ano-1962\/","title":{"rendered":"POSANDO EN LA CASA GRANDE DE ESQUIVIAS. A\u00d1O 1962."},"content":{"rendered":"<p style=\"text-align: justify;\"><\/p>\n<p style=\"text-align: justify;\"><\/p>\n<p style=\"text-align: center;\"><img loading=\"lazy\" decoding=\"async\" class=\" size-full wp-image-2133 size-full wp-image-2133\" src=\"http:\/\/www.cervantinaesquivias.org\/wordpress\/wp-content\/uploads\/2015\/08\/foto-antigua.jpg\" mce_src=\"http:\/\/www.cervantinaesquivias.org\/wordpress\/wp-content\/uploads\/2015\/08\/foto-antigua.jpg\" alt=\"alt\" width=\"641\" height=\"880\" srcset=\"http:\/\/www.cervantinaesquivias.org\/wordpress\/wp-content\/uploads\/2015\/08\/foto-antigua.jpg 641w, http:\/\/www.cervantinaesquivias.org\/wordpress\/wp-content\/uploads\/2015\/08\/foto-antigua-219x300.jpg 219w\" sizes=\"auto, (max-width: 641px) 100vw, 641px\" \/><\/p>\n<p style=\"text-align: justify;\"><\/p>\n<p style=\"text-align: justify;\"><\/p>\n<p style=\"text-align: justify;\"><span style=\"font-size: medium;\" mce_style=\"font-size: medium;\"><span style=\"font-family: verdana, geneva;\" mce_style=\"font-family: verdana, geneva;\">La foto est\u00e1 tomada en el patio de la Casa Grande de Esquivias, pasado el verano del a\u00f1o 1962.<\/span><\/span><\/p>\n<p style=\"text-align: justify;\"><span style=\"font-size: medium;\" mce_style=\"font-size: medium;\"><span style=\"font-family: verdana, geneva;\" mce_style=\"font-family: verdana, geneva;\">En la foto vemos, en la fila superior, de izquierda a derecha:<\/span><\/span><\/p>\n<p style=\"text-align: justify;\"><span style=\"font-size: medium;\" mce_style=\"font-size: medium;\"><span style=\"font-family: verdana, geneva;\" mce_style=\"font-family: verdana, geneva;\">Aurelio Alonso (el Cuso); Calixto Garc\u00eda (Longinos); Joaqu\u00edn del Barrio; y Leandro (de Sese\u00f1a).<\/span><\/span><\/p>\n<p style=\"text-align: justify;\"><span style=\"font-size: medium;\" mce_style=\"font-size: medium;\"><span style=\"font-family: verdana, geneva;\" mce_style=\"font-family: verdana, geneva;\">En la fila inferior, de izquierda a derecha: Gerardo Alonso (hijo de Aurelio); y Mar\u00ed Garc\u00eda (hija de Calixto).<\/span><\/span><\/p>\n<p style=\"text-align: justify;\"><font face=\"verdana, geneva\" size=\"3\">La an\u00e9cdota es que Calixto se halla \u00absentado\u00bb sobre un caballito de cart\u00f3n, que un fot\u00f3grafo se dej\u00f3 en Esquivias, pasadas las fiestas patronales, mientras que Gerardo y Mar\u00ed sujetan al caballito.<\/font><\/p>\n<p style=\"text-align: justify;\"><\/p>\n<p style=\"text-align: right;\"><span style=\"font-size: small; font-family: helvetica;\" mce_style=\"font-size: small; font-family: helvetica;\"><b><i>Sabino de Diego.<\/i><\/b><\/span><\/p>\n","protected":false},"excerpt":{"rendered":"<p>La foto est\u00e1 tomada en el patio de la Casa Grande de Esquivias, pasado el verano del a\u00f1o 1962. En [&hellip;]<\/p>\n","protected":false},"author":1,"featured_media":2133,"comment_status":"open","ping_status":"open","sticky":false,"template":"","format":"standard","meta":{"footnotes":""},"categories":[10],"tags":[],"class_list":["post-2134","post","type-post","status-publish","format-standard","has-post-thumbnail","hentry","category-foto-del-recuerdo-foto-del-recuerdo"],"_links":{"self":[{"href":"http:\/\/www.cervantinaesquivias.org\/wordpress\/wp-json\/wp\/v2\/posts\/2134","targetHints":{"allow":["GET"]}}],"collection":[{"href":"http:\/\/www.cervantinaesquivias.org\/wordpress\/wp-json\/wp\/v2\/posts"}],"about":[{"href":"http:\/\/www.cervantinaesquivias.org\/wordpress\/wp-json\/wp\/v2\/types\/post"}],"author":[{"embeddable":true,"href":"http:\/\/www.cervantinaesquivias.org\/wordpress\/wp-json\/wp\/v2\/users\/1"}],"replies":[{"embeddable":true,"href":"http:\/\/www.cervantinaesquivias.org\/wordpress\/wp-json\/wp\/v2\/comments?post=2134"}],"version-history":[{"count":0,"href":"http:\/\/www.cervantinaesquivias.org\/wordpress\/wp-json\/wp\/v2\/posts\/2134\/revisions"}],"wp:featuredmedia":[{"embeddable":true,"href":"http:\/\/www.cervantinaesquivias.org\/wordpress\/wp-json\/wp\/v2\/media\/2133"}],"wp:attachment":[{"href":"http:\/\/www.cervantinaesquivias.org\/wordpress\/wp-json\/wp\/v2\/media?parent=2134"}],"wp:term":[{"taxonomy":"category","embeddable":true,"href":"http:\/\/www.cervantinaesquivias.org\/wordpress\/wp-json\/wp\/v2\/categories?post=2134"},{"taxonomy":"post_tag","embeddable":true,"href":"http:\/\/www.cervantinaesquivias.org\/wordpress\/wp-json\/wp\/v2\/tags?post=2134"}],"curies":[{"name":"wp","href":"https:\/\/api.w.org\/{rel}","templated":true}]}}