{"id":2132,"date":"2015-08-19T11:16:45","date_gmt":"2015-08-19T11:16:45","guid":{"rendered":"http:\/\/www.cervantinaesquivias.org\/wordpress\/2015\/08\/19\/la-estrella-nominada-como-cervantes-y-sus-cuatro-planetas-dulcinea-quixote-rocinante-y-sancho\/"},"modified":"2015-08-19T11:16:45","modified_gmt":"2015-08-19T11:16:45","slug":"la-estrella-nominada-como-cervantes-y-sus-cuatro-planetas-dulcinea-quixote-rocinante-y-sancho","status":"publish","type":"post","link":"http:\/\/www.cervantinaesquivias.org\/wordpress\/2015\/08\/19\/la-estrella-nominada-como-cervantes-y-sus-cuatro-planetas-dulcinea-quixote-rocinante-y-sancho\/","title":{"rendered":"LA ESTRELLA MU ARAE, NOMBRADA COMO CERVANTES Y SUS CUATRO PLANETAS: DULCINEA, ROCINANTE, QUIXOTE Y SANCHO."},"content":{"rendered":"<p style=\"text-align: justify;\" mce_style=\"text-align: justify;\"><\/p>\n<p style=\"text-align: center;\" mce_style=\"text-align: center;\"><u><span style=\"font-size: medium;\" mce_style=\"font-size: medium;\"><b>CAP\u00cdTULO PRIMERO<\/b><\/span><\/u><\/p>\n<p style=\"text-align: center;\" mce_style=\"text-align: center;\"><span style=\"font-size: medium;\" mce_style=\"font-size: medium;\"><b><span style=\"font-family: 'comic sans ms', sans-serif;\" mce_style=\"font-family: 'comic sans ms', sans-serif;\">E S T A \u00a0 F U E \u00a0 L A \u00a0 P R O P U E S T A<\/span><\/b><\/span><\/p>\n<p style=\"text-align: justify;\" mce_style=\"text-align: justify;\"><\/p>\n<p style=\"text-align: justify;\" mce_style=\"text-align: justify;\"><span style=\"font-size: medium;\" mce_style=\"font-size: medium;\"><span style=\"font-family: verdana, geneva;\" mce_style=\"font-family: verdana, geneva;\">Propuesta para nombrar a la estrella <i><b>\u00abMu Arae\u00bb<\/b><\/i> con el nombre de Cervantes, y sus cuatro planetas con los de: Dulcinea, Rocinante, Quixote y Sancho.<\/span><\/span><\/p>\n<p style=\"text-align: justify;\" mce_style=\"text-align: justify;\"><\/p>\n<p><span style=\"font-size: medium;\" mce_style=\"font-size: medium;\"><span style=\"font-family: verdana, geneva;\" mce_style=\"font-family: verdana, geneva;\"><\/span><\/span><\/p>\n<p><!--more--><\/p>\n<p><\/p>\n<p><\/p>\n<p><\/p>\n<p style=\"text-align: justify;\" mce_style=\"text-align: justify;\"><span style=\"font-size: medium;\" mce_style=\"font-size: medium;\"><span style=\"font-family: verdana, geneva;\" mce_style=\"font-family: verdana, geneva;\">El Planetario de Pamplona y la Sociedad Espa\u00f1ola de Astronom\u00eda (SEA), con el apoyo del Instituto Cervantes, participan en el proceso que ha puesto en marcha la Uni\u00f3n Astron\u00f3mica Internacional (IAU), para bautizar a los 20 nuevos sistemas planetarios descubiertos en los \u00faltimos a\u00f1os.<\/span><\/span><\/p>\n<p style=\"text-align: justify;\" mce_style=\"text-align: justify;\"><span style=\"font-size: medium;\" mce_style=\"font-size: medium;\"><span style=\"font-family: verdana, geneva;\" mce_style=\"font-family: verdana, geneva;\">Propone a la estrella \u00abMu Arae\u00bb y sus cuatro planetas, para bautizarlos con el nombre de Cervantes y los principales personajes del Quijote, en una votaci\u00f3n que se halla abierta desde el d\u00eda 12 de Agosto de 2015, al 31 de Octubre de 2015, para elegirlo entre otras opciones posibles.<\/span><\/span><\/p>\n<p style=\"text-align: justify;\" mce_style=\"text-align: justify;\"><span style=\"font-size: medium;\" mce_style=\"font-size: medium;\"><span style=\"font-family: verdana, geneva;\" mce_style=\"font-family: verdana, geneva;\">La estrella <i><b>\u00abMu Arae\u00bb<\/b><\/i> (HD 160691), es una estrella de tipo solar visible a simple vista, en la Constelaci\u00f3n Altar, situada aprox. a 50 a\u00f1os\/luz.<\/span><\/span><\/p>\n<p style=\"text-align: justify;\" mce_style=\"text-align: justify;\"><span style=\"font-size: medium;\" mce_style=\"font-size: medium;\"><span style=\"font-family: verdana, geneva;\" mce_style=\"font-family: verdana, geneva;\">Alrededor de esta estrella, giran cuatro planetas.<\/span><\/span><\/p>\n<p style=\"text-align: justify;\" mce_style=\"text-align: justify;\"><span style=\"font-size: medium;\" mce_style=\"font-size: medium;\"><span style=\"font-family: verdana, geneva;\" mce_style=\"font-family: verdana, geneva;\">La propuesta es que la estrella pase a ser nombrada Cervantes, y su cuatro planetas: Dulcinea, Rocinante, Quixote y Sancho, por este orden de proximidad a la estrella (Cervantes).<\/span><\/span><\/p>\n<p style=\"text-align: justify;\" mce_style=\"text-align: justify;\"><span style=\"font-size: medium;\" mce_style=\"font-size: medium;\"><span style=\"font-family: verdana, geneva;\" mce_style=\"font-family: verdana, geneva;\">La justificaci\u00f3n viene dada por el siguiente comentario:<\/span><\/span><\/p>\n<p style=\"text-align: justify;\" mce_style=\"text-align: justify;\"><span style=\"font-size: medium;\" mce_style=\"font-size: medium;\"><span style=\"font-family: verdana, geneva;\" mce_style=\"font-family: verdana, geneva;\">\u00abEn la Constelaci\u00f3n de Altar, <b><i>Ara<\/i><\/b>, en torno a una estrella sin nombre propio, conocida con la letra <i><b>mu<\/b><\/i>, cuatro planetas trazan su trayectoria.<\/span><\/span><\/p>\n<p style=\"text-align: justify;\" mce_style=\"text-align: justify;\"><span style=\"font-size: medium;\" mce_style=\"font-size: medium;\"><span style=\"font-family: verdana, geneva;\" mce_style=\"font-family: verdana, geneva;\">Alrededor de un autor de fama universal, tambi\u00e9n giran sus cuatro personajes principales: Quixote, el protagonista, en una \u00f3rbita adoexc\u00e9ntrica, como corresponde a su car\u00e1cter, junto a su fiel compa\u00f1ero, Rocinante, en el centro de la escena; el bueno de Sancho, el ingenioso escudero, movi\u00e9ndose lentamente por las \u00ednsulas exteriores del sistema; la Dulcinea encantada, tan dif\u00edcil de contemplar para Don Quixote, sus verdaderas formas, cerca del coraz\u00f3n del escritor (en parang\u00f3n con su esposa Catalina).<\/span><\/span><\/p>\n<p style=\"text-align: justify;\" mce_style=\"text-align: justify;\"><\/p>\n<p style=\"text-align: center;\" mce_style=\"text-align: center;\"><img loading=\"lazy\" decoding=\"async\" class=\" size-full wp-image-2130 size-full wp-image-2130\" src=\"http:\/\/www.cervantinaesquivias.org\/wordpress\/wp-content\/uploads\/2015\/08\/estrella-cervantes.jpg\" mce_src=\"http:\/\/www.cervantinaesquivias.org\/wordpress\/wp-content\/uploads\/2015\/08\/estrella-cervantes.jpg\" alt=\"alt\" width=\"709\" height=\"173\" srcset=\"http:\/\/www.cervantinaesquivias.org\/wordpress\/wp-content\/uploads\/2015\/08\/estrella-cervantes.jpg 709w, http:\/\/www.cervantinaesquivias.org\/wordpress\/wp-content\/uploads\/2015\/08\/estrella-cervantes-300x73.jpg 300w\" sizes=\"auto, (max-width: 709px) 100vw, 709px\" \/><\/p>\n<p style=\"text-align: justify;\" mce_style=\"text-align: justify;\"><span style=\"font-size: medium;\" mce_style=\"font-size: medium;\"><span style=\"font-family: verdana, geneva;\" mce_style=\"font-family: verdana, geneva;\"><br \/><\/span><\/span><\/p>\n<p style=\"text-align: justify;\" mce_style=\"text-align: justify;\"><span style=\"font-size: medium;\" mce_style=\"font-size: medium;\"><span style=\"font-family: verdana, geneva;\" mce_style=\"font-family: verdana, geneva;\">Ahora, cuatro siglos despu\u00e9s de que Cervantes escribiera su sorprendente historia, tenemos la oportunidad de votar para que esta estrella lleve su nombre: La Estrella Cervantes.<\/span><\/span><\/p>\n<p style=\"text-align: justify;\" mce_style=\"text-align: justify;\"><\/p>\n<p style=\"text-align: center;\" mce_style=\"text-align: center;\"><b><span style=\"font-size: medium;\" mce_style=\"font-size: medium;\"><u>CAP\u00cdTULO SEGUNDO<\/u><\/span><\/b><\/p>\n<p style=\"text-align: center;\" mce_style=\"text-align: center;\"><span style=\"font-size: medium; line-height: 1.3em; text-align: justify;\" mce_style=\"font-family: verdana, geneva; font-size: medium; line-height: 1.3em; text-align: justify;\"><b style=\"style\" mce_style=\"style\"><span style=\"font-family: 'comic sans ms', sans-serif;\" mce_style=\"font-family: 'comic sans ms', sans-serif;\">E S T E \u00a0 F U E \u00a0 E L \u00a0 R E S U L T A DO<\/span><\/b><\/span><\/p>\n<p style=\"text-align: center;\" mce_style=\"text-align: center;\"><\/p>\n<p><span style=\"font-size: medium; line-height: 1.3em; text-align: justify;\" mce_style=\"font-family: verdana, geneva; font-size: medium; line-height: 1.3em; text-align: justify;\"><b style=\"style\" mce_style=\"style\">La propuesta cervantina, por iniciativa del Planetario de Pamplona y la Sociedad Espa\u00f1ola de Astronom\u00eda, ha sido aprobada por la mayor\u00eda de votos obtenidos sobre la candidatura de Cervantes, como estrella, y de Dulcinea, Rocinante, Quijote y Sancho, como sus cuatro sat\u00e9lites.<\/b><\/span><\/p>\n<p style=\"text-align: center;\" mce_style=\"text-align: center;\"><\/p>\n<p style=\"text-align: justify;\" mce_style=\"text-align: justify;\"><span mce_style=\"font-family: verdana, geneva;\"><span style=\"line-height: 20.8px;\" mce_style=\"line-height: 20.8px;\"><b style=\"style\" mce_style=\"style\"><span style=\"font-size: medium;\" mce_style=\"font-size: medium;\">Para ver todo el contenido, pinchar sobre el icono de Don Quijote:<\/span><\/b><\/span><\/span><\/p>\n<p style=\"text-align: center;\" mce_style=\"text-align: center;\"><\/p>\n<p style=\"text-align: center;\" mce_style=\"text-align: center;\"><span style=\"font-size: medium;\" mce_style=\"font-size: medium;\"><span style=\"font-family: verdana, geneva;\" mce_style=\"font-family: verdana, geneva;\"><a href=\"http:\/\/estrellacervantes.es\/\" mce_href=\"http:\/\/estrellacervantes.es\/\"><img loading=\"lazy\" decoding=\"async\" class=\" size-full wp-image-2131 size-full wp-image-2131\" src=\"http:\/\/www.cervantinaesquivias.org\/wordpress\/wp-content\/uploads\/2015\/08\/estrella-cervantes-300x300.jpg\" mce_src=\"http:\/\/www.cervantinaesquivias.org\/wordpress\/wp-content\/uploads\/2015\/08\/estrella-cervantes-300x300.jpg\" alt=\"alt\" width=\"300\" height=\"300\" srcset=\"http:\/\/www.cervantinaesquivias.org\/wordpress\/wp-content\/uploads\/2015\/08\/estrella-cervantes-300x300.jpg 300w, http:\/\/www.cervantinaesquivias.org\/wordpress\/wp-content\/uploads\/2015\/08\/estrella-cervantes-300x300-150x150.jpg 150w\" sizes=\"auto, (max-width: 300px) 100vw, 300px\" \/><\/a><\/span><\/span><\/p>\n<p style=\"text-align: center;\" mce_style=\"text-align: center;\"><\/p>\n<p style=\"text-align: justify;\" mce_style=\"text-align: justify;\"><\/p>\n<p style=\"text-align: justify;\" mce_style=\"text-align: justify;\"><\/p>\n<p style=\"text-align: right;\" mce_style=\"text-align: right;\"><i><b><span style=\"font-family: helvetica;\" mce_style=\"font-family: helvetica;\">Sabino de Diego.<\/span><\/b><\/i><\/p>\n","protected":false},"excerpt":{"rendered":"<p>CAP\u00cdTULO PRIMERO E S T A \u00a0 F U E \u00a0 L A \u00a0 P R O P U E [&hellip;]<\/p>\n","protected":false},"author":1,"featured_media":2130,"comment_status":"open","ping_status":"open","sticky":false,"template":"","format":"standard","meta":{"footnotes":""},"categories":[7],"tags":[],"class_list":["post-2132","post","type-post","status-publish","format-standard","has-post-thumbnail","hentry","category-noticias-cervantina"],"_links":{"self":[{"href":"http:\/\/www.cervantinaesquivias.org\/wordpress\/wp-json\/wp\/v2\/posts\/2132","targetHints":{"allow":["GET"]}}],"collection":[{"href":"http:\/\/www.cervantinaesquivias.org\/wordpress\/wp-json\/wp\/v2\/posts"}],"about":[{"href":"http:\/\/www.cervantinaesquivias.org\/wordpress\/wp-json\/wp\/v2\/types\/post"}],"author":[{"embeddable":true,"href":"http:\/\/www.cervantinaesquivias.org\/wordpress\/wp-json\/wp\/v2\/users\/1"}],"replies":[{"embeddable":true,"href":"http:\/\/www.cervantinaesquivias.org\/wordpress\/wp-json\/wp\/v2\/comments?post=2132"}],"version-history":[{"count":0,"href":"http:\/\/www.cervantinaesquivias.org\/wordpress\/wp-json\/wp\/v2\/posts\/2132\/revisions"}],"wp:featuredmedia":[{"embeddable":true,"href":"http:\/\/www.cervantinaesquivias.org\/wordpress\/wp-json\/wp\/v2\/media\/2130"}],"wp:attachment":[{"href":"http:\/\/www.cervantinaesquivias.org\/wordpress\/wp-json\/wp\/v2\/media?parent=2132"}],"wp:term":[{"taxonomy":"category","embeddable":true,"href":"http:\/\/www.cervantinaesquivias.org\/wordpress\/wp-json\/wp\/v2\/categories?post=2132"},{"taxonomy":"post_tag","embeddable":true,"href":"http:\/\/www.cervantinaesquivias.org\/wordpress\/wp-json\/wp\/v2\/tags?post=2132"}],"curies":[{"name":"wp","href":"https:\/\/api.w.org\/{rel}","templated":true}]}}