{"id":2123,"date":"2015-08-11T11:34:39","date_gmt":"2015-08-11T11:34:39","guid":{"rendered":"http:\/\/www.cervantinaesquivias.org\/wordpress\/2015\/08\/11\/monaguillos-en-esquivias-ano-1983\/"},"modified":"2015-08-11T11:34:39","modified_gmt":"2015-08-11T11:34:39","slug":"monaguillos-en-esquivias-ano-1983","status":"publish","type":"post","link":"http:\/\/www.cervantinaesquivias.org\/wordpress\/2015\/08\/11\/monaguillos-en-esquivias-ano-1983\/","title":{"rendered":"MONAGUILLOS EN ESQUIVIAS. A\u00d1O 1983."},"content":{"rendered":"<p style=\"text-align: center;\" mce_style=\"text-align: center;\"><\/p>\n<p style=\"text-align: center;\" mce_style=\"text-align: center;\"><img loading=\"lazy\" decoding=\"async\" class=\" size-full wp-image-2122 size-full wp-image-2122\" src=\"http:\/\/www.cervantinaesquivias.org\/wordpress\/wp-content\/uploads\/2015\/08\/monaguillos-1983-web.jpg\" mce_src=\"http:\/\/www.cervantinaesquivias.org\/wordpress\/wp-content\/uploads\/2015\/08\/monaguillos-1983-web.jpg\" alt=\"alt\" width=\"630\" height=\"461\" srcset=\"http:\/\/www.cervantinaesquivias.org\/wordpress\/wp-content\/uploads\/2015\/08\/monaguillos-1983-web.jpg 630w, http:\/\/www.cervantinaesquivias.org\/wordpress\/wp-content\/uploads\/2015\/08\/monaguillos-1983-web-300x220.jpg 300w\" sizes=\"auto, (max-width: 630px) 100vw, 630px\" \/><\/p>\n<p style=\"text-align: center;\" mce_style=\"text-align: center;\"><\/p>\n<p style=\"text-align: justify;\"><span style=\"font-size: medium;\" mce_style=\"font-size: medium;\"><span style=\"font-family: verdana, geneva;\" mce_style=\"font-family: verdana, geneva;\">La instant\u00e1nea recoge el grupo de monaguillos que el a\u00f1o 1983 lo eran de la parroquia de Esquivias, adem\u00e1s de Loli Hernando.<\/span><\/span><\/p>\n<p style=\"text-align: justify;\"><span style=\"font-size: medium;\" mce_style=\"font-size: medium;\"><span style=\"font-family: verdana, geneva;\" mce_style=\"font-family: verdana, geneva;\">Don Vicente Ruiz Rubio, cura p\u00e1rroco de Esquivias, lo sigue siendo a la fecha de hoy, Agosto de 2015.<\/span><\/span><\/p>\n<p style=\"text-align: justify;\"><span style=\"font-size: medium;\" mce_style=\"font-size: medium;\"><span style=\"font-family: verdana, geneva;\" mce_style=\"font-family: verdana, geneva;\">Deber\u00edan hallarse realizando los preparativos para la fiesta de Santa B\u00e1rbara, por lo que es de suponer que la foto estar\u00eda tomada a primeros de diciembre de dicho a\u00f1o.<\/span><\/span><\/p>\n<p style=\"text-align: justify;\"><span style=\"font-size: medium;\" mce_style=\"font-size: medium;\"><span style=\"font-family: verdana, geneva;\" mce_style=\"font-family: verdana, geneva;\">En la fila de arriba, de izquierda a derecha: Loli Hern\u00e1ndo y Don Vicente Ruiz Rubio.<\/span><\/span><\/p>\n<p style=\"text-align: justify;\"><span style=\"font-size: medium;\" mce_style=\"font-size: medium;\"><span style=\"font-family: verdana, geneva;\" mce_style=\"font-family: verdana, geneva;\">En la siguiente fila, de izquierda a derecha: Mario de Diego; Mariano Torrej\u00f3n; Javier Torrej\u00f3n; Alberto S\u00e1nchez; Jos\u00e9 Manuel Castillo; Juan Carlos Torrej\u00f3n y \u00a0Calixto S\u00e1ncjhez.<\/span><\/span><\/p>\n<p style=\"text-align: justify;\"><\/p>\n<p style=\"text-align: right;\"><i><b><span style=\"font-family: helvetica;\" mce_style=\"font-family: helvetica;\">Sabino de Diego.<\/span><\/b><\/i><\/p>\n<p style=\"text-align: center;\" mce_style=\"text-align: center;\"><\/p>\n<p style=\"text-align: center;\" mce_style=\"text-align: center;\"><\/p>\n<p style=\"text-align: center;\" mce_style=\"text-align: center;\"><\/p>\n<p style=\"text-align: center;\" mce_style=\"text-align: center;\"><\/p>\n","protected":false},"excerpt":{"rendered":"<p>La instant\u00e1nea recoge el grupo de monaguillos que el a\u00f1o 1983 lo eran de la parroquia de Esquivias, adem\u00e1s de [&hellip;]<\/p>\n","protected":false},"author":1,"featured_media":2122,"comment_status":"open","ping_status":"open","sticky":false,"template":"","format":"standard","meta":{"footnotes":""},"categories":[10],"tags":[],"class_list":["post-2123","post","type-post","status-publish","format-standard","has-post-thumbnail","hentry","category-foto-del-recuerdo-foto-del-recuerdo"],"_links":{"self":[{"href":"http:\/\/www.cervantinaesquivias.org\/wordpress\/wp-json\/wp\/v2\/posts\/2123","targetHints":{"allow":["GET"]}}],"collection":[{"href":"http:\/\/www.cervantinaesquivias.org\/wordpress\/wp-json\/wp\/v2\/posts"}],"about":[{"href":"http:\/\/www.cervantinaesquivias.org\/wordpress\/wp-json\/wp\/v2\/types\/post"}],"author":[{"embeddable":true,"href":"http:\/\/www.cervantinaesquivias.org\/wordpress\/wp-json\/wp\/v2\/users\/1"}],"replies":[{"embeddable":true,"href":"http:\/\/www.cervantinaesquivias.org\/wordpress\/wp-json\/wp\/v2\/comments?post=2123"}],"version-history":[{"count":0,"href":"http:\/\/www.cervantinaesquivias.org\/wordpress\/wp-json\/wp\/v2\/posts\/2123\/revisions"}],"wp:featuredmedia":[{"embeddable":true,"href":"http:\/\/www.cervantinaesquivias.org\/wordpress\/wp-json\/wp\/v2\/media\/2122"}],"wp:attachment":[{"href":"http:\/\/www.cervantinaesquivias.org\/wordpress\/wp-json\/wp\/v2\/media?parent=2123"}],"wp:term":[{"taxonomy":"category","embeddable":true,"href":"http:\/\/www.cervantinaesquivias.org\/wordpress\/wp-json\/wp\/v2\/categories?post=2123"},{"taxonomy":"post_tag","embeddable":true,"href":"http:\/\/www.cervantinaesquivias.org\/wordpress\/wp-json\/wp\/v2\/tags?post=2123"}],"curies":[{"name":"wp","href":"https:\/\/api.w.org\/{rel}","templated":true}]}}