{"id":2116,"date":"2015-07-11T09:37:52","date_gmt":"2015-07-11T09:37:52","guid":{"rendered":"http:\/\/www.cervantinaesquivias.org\/wordpress\/2015\/07\/11\/nueva-edicion-del-quijote-en-bable-principado-de-asturias-abril-2015\/"},"modified":"2015-07-11T09:37:52","modified_gmt":"2015-07-11T09:37:52","slug":"nueva-edicion-del-quijote-en-bable-principado-de-asturias-abril-2015","status":"publish","type":"post","link":"http:\/\/www.cervantinaesquivias.org\/wordpress\/2015\/07\/11\/nueva-edicion-del-quijote-en-bable-principado-de-asturias-abril-2015\/","title":{"rendered":"NUEVA EDICION DEL QUIJOTE EN BABLE. PRINCIPADO DE ASTURIAS. ABRIL 2015."},"content":{"rendered":"<p style=\"text-align: justify;\" mce_style=\"text-align: justify;\"><span style=\"font-size: medium;\" mce_style=\"font-size: medium;\"><span style=\"font-family: verdana, geneva;\" mce_style=\"font-family: verdana, geneva;\">Con el benepl\u00e1cito de la <i>Conseyer\u00eda d&#8217;Educaci\u00f3n, Cultura y Deporte del Princip\u00e1u d&#8217;Asturies<\/i>, Editorial Lar\u00eda, S.L. ha editado la Primera y Segunda Parte de Don Quixote de la Mancha en BABLE. Primera Edici\u00f3n, Abril de 2015, en dos tomos.<\/span><\/span><\/p>\n<p style=\"text-align: justify;\" mce_style=\"text-align: justify;\"><span style=\"font-size: medium;\" mce_style=\"font-size: medium;\"><span style=\"font-family: verdana, geneva;\" mce_style=\"font-family: verdana, geneva;\">El ISBN de la obra completa es: \u00a0978-84-92600-43-4.<\/span><\/span><\/p>\n<p style=\"text-align: justify;\" mce_style=\"text-align: justify;\"><\/p>\n<p style=\"text-align: center;\" mce_style=\"text-align: center;\"><span style=\"font-size: medium;\" mce_style=\"font-size: medium;\"><span style=\"font-family: verdana, geneva;\" mce_style=\"font-family: verdana, geneva;\"><img loading=\"lazy\" decoding=\"async\" class=\" size-full wp-image-2114 size-full wp-image-2114\" src=\"http:\/\/www.cervantinaesquivias.org\/wordpress\/wp-content\/uploads\/2015\/07\/bable-primera-parte.jpg\" mce_src=\"http:\/\/www.cervantinaesquivias.org\/wordpress\/wp-content\/uploads\/2015\/07\/bable-primera-parte.jpg\" alt=\"alt\" width=\"709\" height=\"973\" srcset=\"http:\/\/www.cervantinaesquivias.org\/wordpress\/wp-content\/uploads\/2015\/07\/bable-primera-parte.jpg 709w, http:\/\/www.cervantinaesquivias.org\/wordpress\/wp-content\/uploads\/2015\/07\/bable-primera-parte-219x300.jpg 219w\" sizes=\"auto, (max-width: 709px) 100vw, 709px\" \/><br \/><\/span><\/span><\/p>\n<p style=\"text-align: justify;\" mce_style=\"text-align: justify;\"><\/p>\n<p style=\"text-align: justify;\" mce_style=\"text-align: justify;\"><\/p>\n<p style=\"text-align: justify;\" mce_style=\"text-align: justify;\"><\/p>\n<p><\/p>\n<p><\/p>\n<p><\/p>\n<p style=\"text-align: center;\" mce_style=\"text-align: center;\"><img loading=\"lazy\" decoding=\"async\" class=\" size-full wp-image-2115 size-full wp-image-2115\" src=\"http:\/\/www.cervantinaesquivias.org\/wordpress\/wp-content\/uploads\/2015\/07\/bable-segunda-parte.jpg\" mce_src=\"http:\/\/www.cervantinaesquivias.org\/wordpress\/wp-content\/uploads\/2015\/07\/bable-segunda-parte.jpg\" alt=\"alt\" width=\"709\" height=\"973\" srcset=\"http:\/\/www.cervantinaesquivias.org\/wordpress\/wp-content\/uploads\/2015\/07\/bable-segunda-parte.jpg 709w, http:\/\/www.cervantinaesquivias.org\/wordpress\/wp-content\/uploads\/2015\/07\/bable-segunda-parte-219x300.jpg 219w\" sizes=\"auto, (max-width: 709px) 100vw, 709px\" \/><\/p>\n<p style=\"text-align: justify;\" mce_style=\"text-align: justify;\"><\/p>\n<p style=\"text-align: justify;\" mce_style=\"text-align: justify;\"><span style=\"font-size: medium;\" mce_style=\"font-size: medium;\"><span style=\"font-family: verdana, geneva;\" mce_style=\"font-family: verdana, geneva;\">Nuestros colaboradores y amigos, Juan Carlos Villaverde Amieva, de la Universidad de Oviedo, y Clara Ibraim \u00c1lvarez Dopico, nos env\u00edan los dos tomos que componen esta edici\u00f3n en BABLE, para enriquecer la colecci\u00f3n de Ediciones del Quixote en diferentes lenguas, que se hallan expuestas en el Museo-Casa de Cervantes de Esquivias.<\/span><\/span><\/p>\n<p style=\"text-align: justify;\" mce_style=\"text-align: justify;\"><font face=\"verdana, geneva\" size=\"3\">Esta Edici\u00f3n es restringida y numerada, siendo esta Edici\u00f3n la n\u00fam. 0159.<\/font><\/p>\n<p style=\"text-align: justify;\" mce_style=\"text-align: justify;\"><span style=\"font-size: medium;\" mce_style=\"font-size: medium;\"><span style=\"font-family: verdana, geneva;\" mce_style=\"font-family: verdana, geneva;\">Con el agradecimiento de la Sociedad Cervantina de Esquivias, a nuestros amigos donantes.<\/span><\/span><\/p>\n<p style=\"text-align: justify;\" mce_style=\"text-align: justify;\"><\/p>\n<p style=\"text-align: right;\" mce_style=\"text-align: right;\"><span style=\"font-size: medium;\" mce_style=\"font-size: medium;\"><span mce_style=\"font-family: verdana, geneva;\"><i style=\"style\" mce_style=\"style\"><b style=\"style\" mce_style=\"style\"><span style=\"font-size: small;\" mce_style=\"font-size: small;\"><span style=\"font-family: helvetica;\" mce_style=\"font-family: helvetica;\">Sabino de Diego.<\/span><\/span><\/b><\/i><\/span><\/span><\/p>\n","protected":false},"excerpt":{"rendered":"<p>Con el benepl\u00e1cito de la Conseyer\u00eda d&#8217;Educaci\u00f3n, Cultura y Deporte del Princip\u00e1u d&#8217;Asturies, Editorial Lar\u00eda, S.L. ha editado la Primera [&hellip;]<\/p>\n","protected":false},"author":1,"featured_media":2114,"comment_status":"open","ping_status":"open","sticky":false,"template":"","format":"standard","meta":{"footnotes":""},"categories":[7],"tags":[],"class_list":["post-2116","post","type-post","status-publish","format-standard","has-post-thumbnail","hentry","category-noticias-cervantina"],"_links":{"self":[{"href":"http:\/\/www.cervantinaesquivias.org\/wordpress\/wp-json\/wp\/v2\/posts\/2116","targetHints":{"allow":["GET"]}}],"collection":[{"href":"http:\/\/www.cervantinaesquivias.org\/wordpress\/wp-json\/wp\/v2\/posts"}],"about":[{"href":"http:\/\/www.cervantinaesquivias.org\/wordpress\/wp-json\/wp\/v2\/types\/post"}],"author":[{"embeddable":true,"href":"http:\/\/www.cervantinaesquivias.org\/wordpress\/wp-json\/wp\/v2\/users\/1"}],"replies":[{"embeddable":true,"href":"http:\/\/www.cervantinaesquivias.org\/wordpress\/wp-json\/wp\/v2\/comments?post=2116"}],"version-history":[{"count":0,"href":"http:\/\/www.cervantinaesquivias.org\/wordpress\/wp-json\/wp\/v2\/posts\/2116\/revisions"}],"wp:featuredmedia":[{"embeddable":true,"href":"http:\/\/www.cervantinaesquivias.org\/wordpress\/wp-json\/wp\/v2\/media\/2114"}],"wp:attachment":[{"href":"http:\/\/www.cervantinaesquivias.org\/wordpress\/wp-json\/wp\/v2\/media?parent=2116"}],"wp:term":[{"taxonomy":"category","embeddable":true,"href":"http:\/\/www.cervantinaesquivias.org\/wordpress\/wp-json\/wp\/v2\/categories?post=2116"},{"taxonomy":"post_tag","embeddable":true,"href":"http:\/\/www.cervantinaesquivias.org\/wordpress\/wp-json\/wp\/v2\/tags?post=2116"}],"curies":[{"name":"wp","href":"https:\/\/api.w.org\/{rel}","templated":true}]}}