{"id":2113,"date":"2015-06-13T11:27:23","date_gmt":"2015-06-13T11:27:23","guid":{"rendered":"http:\/\/www.cervantinaesquivias.org\/wordpress\/2015\/06\/13\/miguel-de-cervantes-saavedra-hijo-adoptivo-y-catalina-de-salazar-y-palacios-hija-predilecta-esquivias-11-06-2015\/"},"modified":"2015-06-13T11:27:23","modified_gmt":"2015-06-13T11:27:23","slug":"miguel-de-cervantes-saavedra-hijo-adoptivo-y-catalina-de-salazar-y-palacios-hija-predilecta-esquivias-11-06-2015","status":"publish","type":"post","link":"http:\/\/www.cervantinaesquivias.org\/wordpress\/2015\/06\/13\/miguel-de-cervantes-saavedra-hijo-adoptivo-y-catalina-de-salazar-y-palacios-hija-predilecta-esquivias-11-06-2015\/","title":{"rendered":"MIGUEL DE CERVANTES SAAVEDRA, HIJO ADOPTIVO Y CATALINA DE SALAZAR Y PALACIOS, HIJA PREDILECTA, ESQUIVIAS 11-06-2015."},"content":{"rendered":"<p style=\"text-align: center;\" mce_style=\"text-align: center;\"><\/p>\n<p style=\"text-align: justify;\" mce_style=\"text-align: justify;\"><span style=\"font-size: medium;\" mce_style=\"font-size: medium;\"><span style=\"font-family: verdana, geneva;\" mce_style=\"font-family: verdana, geneva;\">La Sociedad Cervantina de Esquivias, se congratula por el nombramiento de Miguel de Cervantes Saavedra, como Hijo Adoptivo de Esquivias, y de Catalina de Salazar y Palacios, como Hija Predilecta de Esquivias.<\/span><\/span><\/p>\n<p style=\"text-align: justify;\" mce_style=\"text-align: justify;\"><span style=\"font-size: medium;\" mce_style=\"font-size: medium;\"><span style=\"font-family: verdana, geneva;\" mce_style=\"font-family: verdana, geneva;\">El acuerdo, tomado por unanimidad del Pleno de la Corporaci\u00f3n Municipal, en reuni\u00f3n plenaria de fecha 26 de marzo de 2015, aprueba dichos nombramientos, y, una vez realizados los tr\u00e1mites pertinentes, se realiz\u00f3 la declaraci\u00f3n Institucional el d\u00eda 11 de junio de 2015, en el Sal\u00f3n de Plenos del Ayuntamiento de Esquivias.<\/span><\/span><\/p>\n<p style=\"text-align: center;\" mce_style=\"text-align: center;\"><\/p>\n<p style=\"text-align: center;\" mce_style=\"text-align: center;\"><\/p>\n<p style=\"text-align: center;\" mce_style=\"text-align: center;\"><img loading=\"lazy\" decoding=\"async\" class=\" size-full wp-image-2111 size-full wp-image-2111\" src=\"http:\/\/www.cervantinaesquivias.org\/wordpress\/wp-content\/uploads\/2015\/06\/cervantes-354-web.jpg\" mce_src=\"http:\/\/www.cervantinaesquivias.org\/wordpress\/wp-content\/uploads\/2015\/06\/cervantes-354-web.jpg\" alt=\"alt\" mce_style=\"margin-left: 60px; margin-right: 60px;\" style=\"margin-left: 60px; margin-right: 60px;\" width=\"354\" height=\"606\" srcset=\"http:\/\/www.cervantinaesquivias.org\/wordpress\/wp-content\/uploads\/2015\/06\/cervantes-354-web.jpg 354w, http:\/\/www.cervantinaesquivias.org\/wordpress\/wp-content\/uploads\/2015\/06\/cervantes-354-web-175x300.jpg 175w\" sizes=\"auto, (max-width: 354px) 100vw, 354px\" \/><img loading=\"lazy\" decoding=\"async\" class=\" size-full wp-image-2112 size-full wp-image-2112\" src=\"http:\/\/www.cervantinaesquivias.org\/wordpress\/wp-content\/uploads\/2015\/06\/catalina-340-web.jpg\" mce_src=\"http:\/\/www.cervantinaesquivias.org\/wordpress\/wp-content\/uploads\/2015\/06\/catalina-340-web.jpg\" alt=\"alt\" width=\"340\" height=\"464\" srcset=\"http:\/\/www.cervantinaesquivias.org\/wordpress\/wp-content\/uploads\/2015\/06\/catalina-340-web.jpg 340w, http:\/\/www.cervantinaesquivias.org\/wordpress\/wp-content\/uploads\/2015\/06\/catalina-340-web-220x300.jpg 220w\" sizes=\"auto, (max-width: 340px) 100vw, 340px\" \/><\/p>\n<p style=\"text-align: center;\" mce_style=\"text-align: center;\">\u00a0 \u00a0 \u00a0 \u00a0 \u00a0 (Estatua de Miguel de Cervantes, en la Plaza Mayor de Esquivias) \u00a0 \u00a0 \u00a0 \u00a0 \u00a0 (Busto de Catalina de Salazar, en la Plaza de Espa\u00f1a de Esquivias).<\/p>\n<p style=\"text-align: center;\" mce_style=\"text-align: center;\"><\/p>\n<p style=\"text-align: center;\" mce_style=\"text-align: center;\"><\/p>\n<p><\/p>\n<\/p>\n<p style=\"text-align: justify;\" mce_style=\"text-align: justify;\"><span style=\"font-family: verdana, geneva; font-size: medium; line-height: 1.3em; text-align: justify;\" mce_style=\"font-family: verdana, geneva; font-size: medium; line-height: 1.3em; text-align: justify;\">Remont\u00e1ndonos al hecho en s\u00ed, La Sociedad Cervantina de Esquivias, por boca de su presidente, Don Jos\u00e9 Rosell Villasevil, propuso al Ayuntamiento de Esquivias se produjera dicho nombramiento, en el transcurso de las Jornadas Cervantina de Diciembre de 2011.<\/span><\/p>\n<p style=\"text-align: justify;\" mce_style=\"text-align: justify;\"><span style=\"font-size: medium;\" mce_style=\"font-size: medium;\"><span style=\"font-family: verdana, geneva;\" mce_style=\"font-family: verdana, geneva;\">Una vez elaborado el Reglamento que regula dichos nombramientos, la Corporaci\u00f3n Municipal, toma el acuerdo un\u00e1nime, reconociendo la deuda que, el pueblo de Esquivias, ten\u00eda con Miguel de Cervantes Saavedra y con su esposa, la esquiviana Catalina de Salazar y Palacios, que, a pesar de haber transcurrido 430 a\u00f1os desde los desposorios del Pr\u00edncipe de las Letras Hispanas con la Hidalga Esquiviana, ha llegado a buen fin.<\/span><\/span><\/p>\n<p style=\"text-align: justify;\" mce_style=\"text-align: justify;\"><span style=\"font-size: medium;\" mce_style=\"font-size: medium;\"><span style=\"font-family: verdana, geneva;\" mce_style=\"font-family: verdana, geneva;\">La Sociedad Cervantina de Esquivias, felicita al Pleno de la Corporaci\u00f3n Municipal por los acuerdos adoptados, y se enorgullece de haber contado entre sus vecinos con las relevantes figuras de Miguel de Cervantes Saavedra y Catalina de Salazar y Palacios.<\/span><\/span><\/p>\n<p style=\"text-align: justify;\" mce_style=\"text-align: justify;\"><\/p>\n<p style=\"text-align: right;\" mce_style=\"text-align: right;\"><span style=\"font-size: medium;\" mce_style=\"font-size: medium;\"><span style=\"font-size: small;\" mce_style=\"font-size: small;\"><span style=\"font-family: helvetica;\" mce_style=\"font-family: helvetica;\"><i><b>Sabino de Diego.<\/b><\/i><\/span><\/span><\/span><\/p>\n<p style=\"text-align: center;\" mce_style=\"text-align: center;\"><\/p>\n<p style=\"text-align: center;\" mce_style=\"text-align: center;\"><\/p>\n<p style=\"text-align: center;\" mce_style=\"text-align: center;\"><\/p>\n<p style=\"text-align: center;\" mce_style=\"text-align: center;\"><\/p>\n<p style=\"text-align: center;\" mce_style=\"text-align: center;\"><\/p>\n<p style=\"text-align: center;\" mce_style=\"text-align: center;\"><\/p>\n<p style=\"text-align: center;\" mce_style=\"text-align: center;\"><\/p>\n<p style=\"text-align: center;\" mce_style=\"text-align: center;\"><\/p>\n<p style=\"text-align: center;\" mce_style=\"text-align: center;\"><\/p>\n<p style=\"text-align: center;\" mce_style=\"text-align: center;\">\u00a0 \u00a0 \u00a0 \u00a0 \u00a0 \u00a0 \u00a0 \u00a0\u00a0<span style=\"font-size: 12.1599998474121px; line-height: 1.3em;\" mce_style=\"font-size: 12.1599998474121px; line-height: 1.3em;\">\u00a0 \u00a0 \u00a0 \u00a0 \u00a0 \u00a0 \u00a0 \u00a0 \u00a0 \u00a0 \u00a0 \u00a0 \u00a0 \u00a0 \u00a0 \u00a0 \u00a0 \u00a0 \u00a0<\/span><span style=\"font-size: 12.1599998474121px; line-height: 1.3em;\" mce_style=\"font-size: 12.1599998474121px; line-height: 1.3em;\">\u00a0 \u00a0<\/span><\/p>\n","protected":false},"excerpt":{"rendered":"<p>La Sociedad Cervantina de Esquivias, se congratula por el nombramiento de Miguel de Cervantes Saavedra, como Hijo Adoptivo de Esquivias, [&hellip;]<\/p>\n","protected":false},"author":1,"featured_media":2111,"comment_status":"open","ping_status":"open","sticky":false,"template":"","format":"standard","meta":{"footnotes":""},"categories":[7],"tags":[],"class_list":["post-2113","post","type-post","status-publish","format-standard","has-post-thumbnail","hentry","category-noticias-cervantina"],"_links":{"self":[{"href":"http:\/\/www.cervantinaesquivias.org\/wordpress\/wp-json\/wp\/v2\/posts\/2113","targetHints":{"allow":["GET"]}}],"collection":[{"href":"http:\/\/www.cervantinaesquivias.org\/wordpress\/wp-json\/wp\/v2\/posts"}],"about":[{"href":"http:\/\/www.cervantinaesquivias.org\/wordpress\/wp-json\/wp\/v2\/types\/post"}],"author":[{"embeddable":true,"href":"http:\/\/www.cervantinaesquivias.org\/wordpress\/wp-json\/wp\/v2\/users\/1"}],"replies":[{"embeddable":true,"href":"http:\/\/www.cervantinaesquivias.org\/wordpress\/wp-json\/wp\/v2\/comments?post=2113"}],"version-history":[{"count":0,"href":"http:\/\/www.cervantinaesquivias.org\/wordpress\/wp-json\/wp\/v2\/posts\/2113\/revisions"}],"wp:featuredmedia":[{"embeddable":true,"href":"http:\/\/www.cervantinaesquivias.org\/wordpress\/wp-json\/wp\/v2\/media\/2111"}],"wp:attachment":[{"href":"http:\/\/www.cervantinaesquivias.org\/wordpress\/wp-json\/wp\/v2\/media?parent=2113"}],"wp:term":[{"taxonomy":"category","embeddable":true,"href":"http:\/\/www.cervantinaesquivias.org\/wordpress\/wp-json\/wp\/v2\/categories?post=2113"},{"taxonomy":"post_tag","embeddable":true,"href":"http:\/\/www.cervantinaesquivias.org\/wordpress\/wp-json\/wp\/v2\/tags?post=2113"}],"curies":[{"name":"wp","href":"https:\/\/api.w.org\/{rel}","templated":true}]}}