{"id":2099,"date":"2015-05-21T11:02:10","date_gmt":"2015-05-21T11:02:10","guid":{"rendered":"http:\/\/www.cervantinaesquivias.org\/wordpress\/2015\/05\/21\/las-jornadas-cervantinas-de-esquivias-declaradas-bien-de-interes-turistico-regional-de-castilla-la-mandha-mayo-de-2015\/"},"modified":"2015-05-21T11:02:10","modified_gmt":"2015-05-21T11:02:10","slug":"las-jornadas-cervantinas-de-esquivias-declaradas-bien-de-interes-turistico-regional-de-castilla-la-mandha-mayo-de-2015","status":"publish","type":"post","link":"http:\/\/www.cervantinaesquivias.org\/wordpress\/2015\/05\/21\/las-jornadas-cervantinas-de-esquivias-declaradas-bien-de-interes-turistico-regional-de-castilla-la-mandha-mayo-de-2015\/","title":{"rendered":"LAS JORNADAS CERVANTINAS DE ESQUIVIAS, DECLARADAS \u00abFIESTA DE INTER\u00c9S TUR\u00cdSTICO REGIONAL DE CASTILLA LA MANCHA\u00bb. 20 DE MAYO DE 2015."},"content":{"rendered":"<p style=\"text-align: center;\" mce_style=\"text-align: center;\"><span style=\"font-size: medium;\" mce_style=\"font-size: medium;\"><b><u>NOTICIA DE EXCEPCION<\/u><\/b><\/span><\/p>\n<p style=\"text-align: justify;\" mce_style=\"text-align: justify;\"><span style=\"font-size: medium;\" mce_style=\"font-size: medium;\">La Consejer\u00eda de Empleo y Econom\u00eda de la JCCM, y en su nombre, la Direcci\u00f3n General de Turismo y Artesan\u00eda, ha tenido a bien declarar las JORNADAS CERVANTINAS DE ESQUIVIAS, como <b>\u00abFIESTA DE INTER\u00c9S TUR\u00cdSTICO REGIONAL DE CASTILLA LA MANCHA\u00bb<\/b>, atendiendo as\u00ed, la solicitud que el Ayuntamiento de Esquivias, con el acuerdo un\u00e1nime del Pleno de la Corporaci\u00f3n Municipal, en fecha 02 de Abril de 2012, solicit\u00f3 al citado Organismo, en base al Decreto que lo regula.<\/span><\/p>\n<p style=\"text-align: justify;\" mce_style=\"text-align: justify;\"><span style=\"font-size: medium;\" mce_style=\"font-size: medium;\">La resoluci\u00f3n de 20 de Mayo de 2015, dice, entre otras cosas:<\/span><\/p>\n<p style=\"text-align: justify;\" mce_style=\"text-align: justify;\"><span style=\"font-size: medium;\" mce_style=\"font-size: medium;\"><b><i>\u00abConceder la Declaraci\u00f3n de Fiesta de Inter\u00e9s Tur\u00edstico Regional de Castilla-La Mancha a las denominadas Jornadas Cervantinas de Esquivias (Toledo), que se celebra en esta localidad las fechas previas al 12 de diciembre de cada a\u00f1o.\u00bb<\/i><\/b><\/span><\/p>\n<p style=\"text-align: center;\" mce_style=\"text-align: center;\"><\/p>\n<p><\/p>\n<p><\/p>\n<p style=\"text-align: center;\" mce_style=\"text-align: center;\"><img loading=\"lazy\" decoding=\"async\" class=\" size-full wp-image-2098 size-full wp-image-2098\" src=\"http:\/\/www.cervantinaesquivias.org\/wordpress\/wp-content\/uploads\/2015\/05\/boda-150.jpg\" mce_src=\"http:\/\/www.cervantinaesquivias.org\/wordpress\/wp-content\/uploads\/2015\/05\/boda-150.jpg\" alt=\"alt\" width=\"950\" height=\"1396\" srcset=\"http:\/\/www.cervantinaesquivias.org\/wordpress\/wp-content\/uploads\/2015\/05\/boda-150.jpg 950w, http:\/\/www.cervantinaesquivias.org\/wordpress\/wp-content\/uploads\/2015\/05\/boda-150-204x300.jpg 204w, http:\/\/www.cervantinaesquivias.org\/wordpress\/wp-content\/uploads\/2015\/05\/boda-150-697x1024.jpg 697w, http:\/\/www.cervantinaesquivias.org\/wordpress\/wp-content\/uploads\/2015\/05\/boda-150-768x1129.jpg 768w\" sizes=\"auto, (max-width: 950px) 100vw, 950px\" \/><\/p>\n<p style=\"text-align: center;\" mce_style=\"text-align: center;\"><span style=\"font-size: medium;\" mce_style=\"font-size: medium;\"><b><i><br \/><\/i><\/b><\/span><\/p>\n<p style=\"text-align: justify;\" mce_style=\"text-align: justify;\"><span style=\"font-size: medium;\" mce_style=\"font-size: medium;\">Las Jornadas Cervantinas de Esquivias, se vienen celebrando en esta Villa desde el a\u00f1o 1979, de forma ininterrumpida, por iniciativa de la Sociedad Cervantina de Esquivias, donde se ensalzan los valores y hechos cervantinos que este pueblo atesora.<\/span><\/p>\n<p style=\"text-align: justify;\" mce_style=\"text-align: justify;\"><span style=\"font-size: medium;\" mce_style=\"font-size: medium;\">En el transcurso de los a\u00f1os, el Ayuntamiento de Esquivias, que en cada momento haya gobernado, ha participado activamente en dichas Jornadas Cervantinas, como s\u00edmbolo de su ra\u00edz hist\u00f3rica y cervantina.<\/span><\/p>\n<p style=\"text-align: justify;\" mce_style=\"text-align: justify;\"><span style=\"font-size: medium;\" mce_style=\"font-size: medium;\">La transcendencia social, historia y tradici\u00f3n que conlleva la celebraci\u00f3n de las Jornadas Cervantinas de Esquivias, se evidencian por s\u00ed mismas al versar alrededor de la figura de Miguel de Cervantes Saavedra, a nivel internacional, y de la esquiviana Catalina de Salazar y Palacios, que, al desposarse con el Ilustre Manco, supo apaciguar su azarosa vida.<\/span><\/p>\n<p style=\"text-align: justify;\" mce_style=\"text-align: justify;\"><span style=\"font-size: medium;\" mce_style=\"font-size: medium;\">La Sociedad Cervantina de Esquivias, se enorgullece por la declaraci\u00f3n de las Jornadas Cervantinas como Fiesta de Inter\u00e9s Tur\u00edstico Regional, que colma con satisfacci\u00f3n el denodado trabajo, que, durante todos estos a\u00f1os pasados, ha desarrollado por el bien de Esquivias, y, para conocimiento de todos, de su realidad cervantina.<\/span><\/p>\n<p style=\"text-align: justify;\" mce_style=\"text-align: justify;\"><span style=\"font-size: medium;\" mce_style=\"font-size: medium;\">La Sociedad Cervantina de Esquivias, felicita al Equipo de Gobierno del Ayuntamiento de Esquivias, por la declaraci\u00f3n conseguida, que han sabido, junto con el Pleno de la Corporaci\u00f3n Municipal, apoyar, encauzar y resaltar, los acontecimientos que sucedieron un 12 de Diciembre de 1584, en que Miguel de Cervantes se despos\u00f3 con la esquiviana Catalina de Salazar y Palacios, incorporando al entonces <b>LUGAR, <\/b>y hoy Villa de Esquivias, en la Historia de la Literatura Universal.<\/span><\/p>\n<p style=\"text-align: justify;\" mce_style=\"text-align: justify;\"><span style=\"font-size: medium;\" mce_style=\"font-size: medium;\">Esta felicitaci\u00f3n, se hace extensiva a todas las personas, naturales y vecinos de Esquivias, como herederos del legado cultural que nos dej\u00f3 el Pr\u00edncipe de las Letras, Miguel de Cervantes Saavedra.<\/span><\/p>\n<p style=\"text-align: justify;\" mce_style=\"text-align: justify;\"><span style=\"font-size: medium;\" mce_style=\"font-size: medium;\">En estas fechas, renacen con mas fuerza aquellos personajes, naturales y vecinos del Lugar de Esquivias, \u00a0que al ser contempor\u00e1neos de Cervantes, \u00e9ste incluy\u00f3 en su magna obra \u00abDon Quixote de la Mancha\u00bb, como son:<\/span><\/p>\n<p style=\"text-align: justify;\" mce_style=\"text-align: justify;\"><span style=\"font-size: medium;\" mce_style=\"font-size: medium;\"><br \/><\/span><\/p>\n<p style=\"text-align: center;\" mce_style=\"text-align: center;\"><span style=\"font-size: medium;\" mce_style=\"font-size: medium;\">Don Alonso Quixada de Salazar.<\/span><\/p>\n<p style=\"text-align: center;\" mce_style=\"text-align: center;\"><span style=\"font-size: medium;\" mce_style=\"font-size: medium;\">El Cura Pero P\u00e9rez.<\/span><\/p>\n<p style=\"text-align: center;\" mce_style=\"text-align: center;\"><span style=\"font-size: medium;\" mce_style=\"font-size: medium;\">El Bachiller Sans\u00f3n Carrasco.<\/span><\/p>\n<p style=\"text-align: center;\" mce_style=\"text-align: center;\"><span style=\"font-size: medium;\" mce_style=\"font-size: medium;\"><span style=\"font-family: verdana, geneva;\" mce_style=\"font-family: verdana, geneva;\">El morisco Ricote.<\/span><\/span><\/p>\n<p style=\"text-align: center;\" mce_style=\"text-align: center;\"><span style=\"font-size: medium;\" mce_style=\"font-size: medium;\"><span style=\"font-family: verdana, geneva;\" mce_style=\"font-family: verdana, geneva;\">La Torralba.<\/span><\/span><\/p>\n<p style=\"text-align: center;\" mce_style=\"text-align: center;\"><span style=\"font-size: medium;\" mce_style=\"font-size: medium;\"><span style=\"font-family: verdana, geneva;\" mce_style=\"font-family: verdana, geneva;\">La Tolosa.<\/span><\/span><\/p>\n<p style=\"text-align: center;\" mce_style=\"text-align: center;\"><span style=\"font-size: medium;\" mce_style=\"font-size: medium;\"><span style=\"font-family: verdana, geneva;\" mce_style=\"font-family: verdana, geneva;\">Sancho Panza.<\/span><\/span><\/p>\n<p style=\"text-align: center;\" mce_style=\"text-align: center;\"><span style=\"font-size: medium;\" mce_style=\"font-size: medium;\"><span style=\"font-family: verdana, geneva;\" mce_style=\"font-family: verdana, geneva;\">El Vizca\u00edno.<\/span><\/span><\/p>\n<p style=\"text-align: center;\" mce_style=\"text-align: center;\"><span style=\"font-size: medium;\" mce_style=\"font-size: medium;\"><span style=\"font-family: verdana, geneva;\" mce_style=\"font-family: verdana, geneva;\">Pedro Alonso.<\/span><\/span><\/p>\n<p style=\"text-align: center;\" mce_style=\"text-align: center;\"><span style=\"font-size: medium;\" mce_style=\"font-size: medium;\"><span style=\"font-family: verdana, geneva;\" mce_style=\"font-family: verdana, geneva;\">Pedro Cascajo.<\/span><\/span><\/p>\n<p style=\"text-align: center;\" mce_style=\"text-align: center;\"><span style=\"font-size: medium;\" mce_style=\"font-size: medium;\"><span style=\"font-family: verdana, geneva;\" mce_style=\"font-family: verdana, geneva;\">Juana Guti\u00e9rrez.<\/span><\/span><\/p>\n<p style=\"text-align: center;\" mce_style=\"text-align: center;\"><span style=\"font-size: medium;\" mce_style=\"font-size: medium;\"><span style=\"font-family: verdana, geneva;\" mce_style=\"font-family: verdana, geneva;\">Aldonza\u00a0Lorenzo.<\/span><\/span><\/p>\n<p style=\"text-align: center;\" mce_style=\"text-align: center;\"><span style=\"font-family: verdana, geneva; font-size: small;\">Maese Nicol\u00e1s.<\/span><\/p>\n<p style=\"text-align: center;\" mce_style=\"text-align: center;\"><span style=\"font-family: verdana, geneva; font-size: small;\">Do\u00f1a Rodr\u00edguez.<\/span><\/p>\n<p style=\"text-align: justify;\" mce_style=\"text-align: justify;\"><span style=\"font-size: small;\" mce_style=\"font-size: small;\"><br \/><\/span><\/p>\n<p style=\"text-align: right;\" mce_style=\"text-align: right;\"><span style=\"font-size: small;\" mce_style=\"font-size: small;\"><i><b><span style=\"font-family: helvetica;\" mce_style=\"font-family: helvetica;\">Sabino de Diego.<\/span><\/b><\/i><\/span><\/p>\n<p style=\"text-align: justify;\" mce_style=\"text-align: justify;\"><\/p>\n<p style=\"text-align: justify;\" mce_style=\"text-align: justify;\"><\/p>\n<p style=\"text-align: justify;\" mce_style=\"text-align: justify;\"><\/p>\n<p style=\"text-align: justify;\" mce_style=\"text-align: justify;\"><\/p>\n<p style=\"text-align: justify;\" mce_style=\"text-align: justify;\"><\/p>\n<p style=\"text-align: justify;\" mce_style=\"text-align: justify;\"><span style=\"font-size: medium;\" mce_style=\"font-size: medium;\"><br \/><\/span><\/p>\n","protected":false},"excerpt":{"rendered":"<p>NOTICIA DE EXCEPCION La Consejer\u00eda de Empleo y Econom\u00eda de la JCCM, y en su nombre, la Direcci\u00f3n General de [&hellip;]<\/p>\n","protected":false},"author":1,"featured_media":2098,"comment_status":"open","ping_status":"open","sticky":false,"template":"","format":"standard","meta":{"footnotes":""},"categories":[14],"tags":[],"class_list":["post-2099","post","type-post","status-publish","format-standard","has-post-thumbnail","hentry","category-jornadas-cervantinas"],"_links":{"self":[{"href":"http:\/\/www.cervantinaesquivias.org\/wordpress\/wp-json\/wp\/v2\/posts\/2099","targetHints":{"allow":["GET"]}}],"collection":[{"href":"http:\/\/www.cervantinaesquivias.org\/wordpress\/wp-json\/wp\/v2\/posts"}],"about":[{"href":"http:\/\/www.cervantinaesquivias.org\/wordpress\/wp-json\/wp\/v2\/types\/post"}],"author":[{"embeddable":true,"href":"http:\/\/www.cervantinaesquivias.org\/wordpress\/wp-json\/wp\/v2\/users\/1"}],"replies":[{"embeddable":true,"href":"http:\/\/www.cervantinaesquivias.org\/wordpress\/wp-json\/wp\/v2\/comments?post=2099"}],"version-history":[{"count":0,"href":"http:\/\/www.cervantinaesquivias.org\/wordpress\/wp-json\/wp\/v2\/posts\/2099\/revisions"}],"wp:featuredmedia":[{"embeddable":true,"href":"http:\/\/www.cervantinaesquivias.org\/wordpress\/wp-json\/wp\/v2\/media\/2098"}],"wp:attachment":[{"href":"http:\/\/www.cervantinaesquivias.org\/wordpress\/wp-json\/wp\/v2\/media?parent=2099"}],"wp:term":[{"taxonomy":"category","embeddable":true,"href":"http:\/\/www.cervantinaesquivias.org\/wordpress\/wp-json\/wp\/v2\/categories?post=2099"},{"taxonomy":"post_tag","embeddable":true,"href":"http:\/\/www.cervantinaesquivias.org\/wordpress\/wp-json\/wp\/v2\/tags?post=2099"}],"curies":[{"name":"wp","href":"https:\/\/api.w.org\/{rel}","templated":true}]}}