{"id":2090,"date":"2015-05-08T11:56:33","date_gmt":"2015-05-08T11:56:33","guid":{"rendered":"http:\/\/www.cervantinaesquivias.org\/wordpress\/2015\/05\/08\/i-congreso-internacional-qmudejares-y-moriscos-en-el-espacio-y-en-el-tiempoq-novelda-2015\/"},"modified":"2015-05-08T11:56:33","modified_gmt":"2015-05-08T11:56:33","slug":"i-congreso-internacional-qmudejares-y-moriscos-en-el-espacio-y-en-el-tiempoq-novelda-2015","status":"publish","type":"post","link":"http:\/\/www.cervantinaesquivias.org\/wordpress\/2015\/05\/08\/i-congreso-internacional-qmudejares-y-moriscos-en-el-espacio-y-en-el-tiempoq-novelda-2015\/","title":{"rendered":"I  CONGRESO INTERNACIONAL \u00abMUD\u00c9JARES Y MORISCOS EN EL ESPACIO Y EN EL TIEMPO\u00bb. NOVELDA 2015."},"content":{"rendered":"<p style=\"text-align: justify;\" mce_style=\"text-align: justify;\"><\/p>\n<p style=\"text-align: center;\" mce_style=\"text-align: center;\"><u><b><span style=\"font-size: medium;\" mce_style=\"font-size: medium;\">CAPITULO \u00a0I<\/span><\/b><\/u><\/p>\n<p style=\"text-align: justify;\" mce_style=\"text-align: justify;\"><\/p>\n<p style=\"text-align: justify;\" mce_style=\"text-align: justify;\"><span style=\"font-size: large;\" mce_style=\"font-size: large;\"><span style=\"font-size: medium;\" mce_style=\"font-size: medium;\">El Ayuntamiento de Novelda (Alicante) a trav\u00e9s de su Concejal\u00eda de Cultura y Patrimonio, ha organizado el I Congreso Internacional \u00abMud\u00e9jares y Moriscos en el espacio y en el tiempo\u00bb.\u00a0<\/span><\/span><\/p>\n<p style=\"text-align: justify;\" mce_style=\"text-align: justify;\"><\/p>\n<p style=\"text-align: center;\" mce_style=\"text-align: center;\"><img loading=\"lazy\" decoding=\"async\" class=\" size-full wp-image-2085 size-full wp-image-2085\" src=\"http:\/\/www.cervantinaesquivias.org\/wordpress\/wp-content\/uploads\/2015\/05\/moriscos-novelda-portada-2015-web.jpg\" mce_src=\"http:\/\/www.cervantinaesquivias.org\/wordpress\/wp-content\/uploads\/2015\/05\/moriscos-novelda-portada-2015-web.jpg\" alt=\"alt\" width=\"709\" height=\"505\" srcset=\"http:\/\/www.cervantinaesquivias.org\/wordpress\/wp-content\/uploads\/2015\/05\/moriscos-novelda-portada-2015-web.jpg 709w, http:\/\/www.cervantinaesquivias.org\/wordpress\/wp-content\/uploads\/2015\/05\/moriscos-novelda-portada-2015-web-300x214.jpg 300w\" sizes=\"auto, (max-width: 709px) 100vw, 709px\" \/><\/p>\n<p style=\"text-align: justify;\" mce_style=\"text-align: justify;\"><span style=\"font-size: large;\" mce_style=\"font-size: large;\"><span style=\"font-family: verdana, geneva;\" mce_style=\"font-family: verdana, geneva;\"><br \/><\/span><\/span><\/p>\n<p style=\"text-align: justify;\" mce_style=\"text-align: justify;\"><span style=\"font-size: large;\" mce_style=\"font-size: large;\"><span style=\"font-size: medium;\" mce_style=\"font-size: medium;\"><span style=\"font-family: verdana, geneva;\" mce_style=\"font-family: verdana, geneva;\">En dicho Congreso, los ponentes profundizar\u00e1n en todo lo relativo a la expulsi\u00f3n de los Moriscos, acaecido a principios del Siglo XVII en Espa\u00f1a, con la repercusi\u00f3n que este hecho supuso para la poblaci\u00f3n, morisca y espa\u00f1ola, por las ra\u00edces que entre ambas culturas se hab\u00edan producido.<\/span><\/span><\/span><\/p>\n<p style=\"text-align: justify;\" mce_style=\"text-align: justify;\"><span style=\"font-size: large;\" mce_style=\"font-size: large;\"><span style=\"font-size: medium;\" mce_style=\"font-size: medium;\"><span style=\"font-family: verdana, geneva;\" mce_style=\"font-family: verdana, geneva;\">Cervantes no quiso que este hecho quedara en el olvido y en la Segunda Parte del Quijote dej\u00f3 patente su repulsa literaria en boca del morisco Ricote y de Sancho Panza.<\/span><\/span><\/span><\/p>\n<p style=\"text-align: justify;\" mce_style=\"text-align: justify;\"><span style=\"font-size: large;\" mce_style=\"font-size: large;\"><span style=\"font-size: medium;\" mce_style=\"font-size: medium;\"><span style=\"font-family: verdana, geneva;\" mce_style=\"font-family: verdana, geneva;\">Entre los ponentes a este Congreso, se halla nuestro amigo Houssem Eddine Chachia, que alca\u00f1z\u00f3 el doctorado por la Universidad La Manouba, de T\u00fanez, con la tesis sobre Fray Francisco Ximenez de Santa Catalina, esquiviano de los Siglos XVII y XVIII.<\/span><\/span><\/span><\/p>\n<p style=\"text-align: justify;\" mce_style=\"text-align: justify;\"><span style=\"font-size: large;\" mce_style=\"font-size: large;\"><span style=\"font-size: medium;\" mce_style=\"font-size: medium;\"><span style=\"font-family: verdana, geneva;\" mce_style=\"font-family: verdana, geneva;\">La Sociedad Cervantina de Esquivias, mantiene lazos de amistad y colaboraci\u00f3n con el Doctor Houssem Eddine Chachia.<\/span><\/span><\/span><\/p>\n<p style=\"text-align: justify;\" mce_style=\"text-align: justify;\"><\/p>\n<p style=\"text-align: center;\" mce_style=\"text-align: center;\"><span style=\"font-size: large;\" mce_style=\"font-size: large;\"><span style=\"font-family: verdana, geneva;\" mce_style=\"font-family: verdana, geneva;\"><img loading=\"lazy\" decoding=\"async\" class=\" size-full wp-image-2086 size-full wp-image-2086\" src=\"http:\/\/www.cervantinaesquivias.org\/wordpress\/wp-content\/uploads\/2015\/05\/moriscos-novelda-programa-2015-web.jpg\" mce_src=\"http:\/\/www.cervantinaesquivias.org\/wordpress\/wp-content\/uploads\/2015\/05\/moriscos-novelda-programa-2015-web.jpg\" alt=\"alt\" width=\"709\" height=\"505\" srcset=\"http:\/\/www.cervantinaesquivias.org\/wordpress\/wp-content\/uploads\/2015\/05\/moriscos-novelda-programa-2015-web.jpg 709w, http:\/\/www.cervantinaesquivias.org\/wordpress\/wp-content\/uploads\/2015\/05\/moriscos-novelda-programa-2015-web-300x214.jpg 300w\" sizes=\"auto, (max-width: 709px) 100vw, 709px\" \/><\/span><\/span><\/p>\n<p style=\"text-align: center;\" mce_style=\"text-align: center;\"><\/p>\n<p style=\"text-align: center;\" mce_style=\"text-align: center;\"><\/p>\n<p style=\"text-align: center;\" mce_style=\"text-align: center;\"><span style=\"font-size: medium;\" mce_style=\"font-size: medium;\"><b><u>CAPITULO \u00a0II<\/u><\/b><\/span><\/p>\n<p style=\"text-align: justify;\" mce_style=\"text-align: justify;\"><span style=\"font-size: medium;\" mce_style=\"font-size: medium;\"><span style=\"font-family: verdana, geneva;\" mce_style=\"font-family: verdana, geneva;\">El Congreso se celebr\u00f3 en la Sala Parroquial de Novelda (Alicante), constituyendo un notable \u00e9xito de participaci\u00f3n y p\u00fablico asistente.<\/span><\/span><\/p>\n<p style=\"text-align: justify;\" mce_style=\"text-align: justify;\"><span style=\"font-size: medium;\" mce_style=\"font-size: medium;\"><span style=\"font-family: verdana, geneva;\" mce_style=\"font-family: verdana, geneva;\"><\/span><\/span>\u00a0<\/p>\n<p style=\"text-align: center;\" mce_style=\"text-align: center;\"><img loading=\"lazy\" decoding=\"async\" class=\" size-full wp-image-2087 size-full wp-image-2087\" src=\"http:\/\/www.cervantinaesquivias.org\/wordpress\/wp-content\/uploads\/2015\/05\/congreso-novelda.-mesa-redonda.jpg\" mce_src=\"http:\/\/www.cervantinaesquivias.org\/wordpress\/wp-content\/uploads\/2015\/05\/congreso-novelda.-mesa-redonda.jpg\" alt=\"alt\" width=\"709\" height=\"399\" srcset=\"http:\/\/www.cervantinaesquivias.org\/wordpress\/wp-content\/uploads\/2015\/05\/congreso-novelda.-mesa-redonda.jpg 709w, http:\/\/www.cervantinaesquivias.org\/wordpress\/wp-content\/uploads\/2015\/05\/congreso-novelda.-mesa-redonda-300x169.jpg 300w\" sizes=\"auto, (max-width: 709px) 100vw, 709px\" \/><\/p>\n<p style=\"text-align: center;\" mce_style=\"text-align: center;\">(Mesa Redonda, donde participaron representantes de Universidades y de Ricote -Murcia-).<\/p>\n<p style=\"text-align: center;\" mce_style=\"text-align: center;\"><\/p>\n<p style=\"text-align: center;\" mce_style=\"text-align: center;\"><img loading=\"lazy\" decoding=\"async\" class=\" size-full wp-image-2088 size-full wp-image-2088\" src=\"http:\/\/www.cervantinaesquivias.org\/wordpress\/wp-content\/uploads\/2015\/05\/congreso-novelda-s.-de-diego.-e.jpg\" mce_src=\"http:\/\/www.cervantinaesquivias.org\/wordpress\/wp-content\/uploads\/2015\/05\/congreso-novelda-s.-de-diego.-e.jpg\" alt=\"alt\" width=\"709\" height=\"472\" srcset=\"http:\/\/www.cervantinaesquivias.org\/wordpress\/wp-content\/uploads\/2015\/05\/congreso-novelda-s.-de-diego.-e.jpg 709w, http:\/\/www.cervantinaesquivias.org\/wordpress\/wp-content\/uploads\/2015\/05\/congreso-novelda-s.-de-diego.-e-300x200.jpg 300w\" sizes=\"auto, (max-width: 709px) 100vw, 709px\" \/><\/p>\n<p style=\"text-align: center;\" mce_style=\"text-align: center;\">(El Doctor en Geograf\u00eda e Historia, Don Enrique P\u00e9rez Ca\u00f1amares, y Sabino de Diego, en representaci\u00f3n de la Sociedad Cervantina de Esquivias en el Congreso).<\/p>\n<p style=\"text-align: center;\" mce_style=\"text-align: center;\"><\/p>\n<p style=\"text-align: center;\" mce_style=\"text-align: center;\"><img loading=\"lazy\" decoding=\"async\" class=\" size-full wp-image-2089 size-full wp-image-2089\" src=\"http:\/\/www.cervantinaesquivias.org\/wordpress\/wp-content\/uploads\/2015\/05\/congreso-novelda-publico.jpg\" mce_src=\"http:\/\/www.cervantinaesquivias.org\/wordpress\/wp-content\/uploads\/2015\/05\/congreso-novelda-publico.jpg\" alt=\"alt\" width=\"709\" height=\"472\" srcset=\"http:\/\/www.cervantinaesquivias.org\/wordpress\/wp-content\/uploads\/2015\/05\/congreso-novelda-publico.jpg 709w, http:\/\/www.cervantinaesquivias.org\/wordpress\/wp-content\/uploads\/2015\/05\/congreso-novelda-publico-300x200.jpg 300w\" sizes=\"auto, (max-width: 709px) 100vw, 709px\" \/><\/p>\n<p style=\"text-align: center;\" mce_style=\"text-align: center;\">(Aspecto de la Sala de P\u00fablico a primera hora de la ma\u00f1ana).<\/p>\n<p style=\"text-align: right;\" mce_style=\"text-align: right;\"><\/p>\n<p style=\"text-align: right;\" mce_style=\"text-align: right;\"><span style=\"font-size: small;\" mce_style=\"font-size: small;\"><span style=\"font-family: helvetica;\" mce_style=\"font-family: helvetica;\"><i><b>Sabino de Diego.<\/b><\/i><\/span><\/span><\/p>\n<p style=\"text-align: center;\" mce_style=\"text-align: center;\"><\/p>\n<p style=\"text-align: center;\" mce_style=\"text-align: center;\"><\/p>\n<p style=\"text-align: center;\" mce_style=\"text-align: center;\"><\/p>\n<p style=\"text-align: center;\" mce_style=\"text-align: center;\"><span style=\"font-size: large;\" mce_style=\"font-size: large;\"><span style=\"font-family: verdana, geneva;\" mce_style=\"font-family: verdana, geneva;\"><br \/><\/span><\/span><\/p>\n","protected":false},"excerpt":{"rendered":"<p>CAPITULO \u00a0I El Ayuntamiento de Novelda (Alicante) a trav\u00e9s de su Concejal\u00eda de Cultura y Patrimonio, ha organizado el I [&hellip;]<\/p>\n","protected":false},"author":1,"featured_media":2085,"comment_status":"open","ping_status":"open","sticky":false,"template":"","format":"standard","meta":{"footnotes":""},"categories":[7],"tags":[],"class_list":["post-2090","post","type-post","status-publish","format-standard","has-post-thumbnail","hentry","category-noticias-cervantina"],"_links":{"self":[{"href":"http:\/\/www.cervantinaesquivias.org\/wordpress\/wp-json\/wp\/v2\/posts\/2090","targetHints":{"allow":["GET"]}}],"collection":[{"href":"http:\/\/www.cervantinaesquivias.org\/wordpress\/wp-json\/wp\/v2\/posts"}],"about":[{"href":"http:\/\/www.cervantinaesquivias.org\/wordpress\/wp-json\/wp\/v2\/types\/post"}],"author":[{"embeddable":true,"href":"http:\/\/www.cervantinaesquivias.org\/wordpress\/wp-json\/wp\/v2\/users\/1"}],"replies":[{"embeddable":true,"href":"http:\/\/www.cervantinaesquivias.org\/wordpress\/wp-json\/wp\/v2\/comments?post=2090"}],"version-history":[{"count":0,"href":"http:\/\/www.cervantinaesquivias.org\/wordpress\/wp-json\/wp\/v2\/posts\/2090\/revisions"}],"wp:featuredmedia":[{"embeddable":true,"href":"http:\/\/www.cervantinaesquivias.org\/wordpress\/wp-json\/wp\/v2\/media\/2085"}],"wp:attachment":[{"href":"http:\/\/www.cervantinaesquivias.org\/wordpress\/wp-json\/wp\/v2\/media?parent=2090"}],"wp:term":[{"taxonomy":"category","embeddable":true,"href":"http:\/\/www.cervantinaesquivias.org\/wordpress\/wp-json\/wp\/v2\/categories?post=2090"},{"taxonomy":"post_tag","embeddable":true,"href":"http:\/\/www.cervantinaesquivias.org\/wordpress\/wp-json\/wp\/v2\/tags?post=2090"}],"curies":[{"name":"wp","href":"https:\/\/api.w.org\/{rel}","templated":true}]}}