{"id":2065,"date":"2015-03-01T18:38:05","date_gmt":"2015-03-01T18:38:05","guid":{"rendered":"http:\/\/www.cervantinaesquivias.org\/wordpress\/2015\/03\/01\/escudo-nobiliario-de-los-vivar-y-salazar-de-esquivias-en-el-palacios-de-congresos-de-madrid\/"},"modified":"2015-03-01T18:38:05","modified_gmt":"2015-03-01T18:38:05","slug":"escudo-nobiliario-de-los-vivar-y-salazar-de-esquivias-en-el-palacios-de-congresos-de-madrid","status":"publish","type":"post","link":"http:\/\/www.cervantinaesquivias.org\/wordpress\/2015\/03\/01\/escudo-nobiliario-de-los-vivar-y-salazar-de-esquivias-en-el-palacios-de-congresos-de-madrid\/","title":{"rendered":"ESCUDO NOBILIARIO DE LOS VIVAR Y SALAZAR DE ESQUIVIAS, EN EL PALACIO DE CONGRESOS DE MADRID."},"content":{"rendered":"<p style=\"text-align: justify;\" mce_style=\"text-align: justify;\"><span style=\"font-size: medium;\" mce_style=\"font-size: medium;\"><span style=\"font-family: verdana, geneva;\" mce_style=\"font-family: verdana, geneva;\">En el Palacios de Exposiciones y Congresos del Paseo de la Castellana de Madrid, se halla instalado, en el rellano de la escalinata de dicho palacio, un escudo her\u00e1ldico de Don Lope de Vivar y Salazar, Hidalgo del Siglo XVI del Lugar de Esquivias (Toledo).<\/span><\/span><\/p>\n<p style=\"text-align: justify;\" mce_style=\"text-align: justify;\"><\/p>\n<p style=\"text-align: center;\" mce_style=\"text-align: center;\"><img loading=\"lazy\" decoding=\"async\" class=\" size-full wp-image-2063 size-full wp-image-2063\" src=\"http:\/\/www.cervantinaesquivias.org\/wordpress\/wp-content\/uploads\/2015\/03\/palacio-de-congresos.jpg\" mce_src=\"http:\/\/www.cervantinaesquivias.org\/wordpress\/wp-content\/uploads\/2015\/03\/palacio-de-congresos.jpg\" alt=\"alt\" width=\"709\" height=\"444\" srcset=\"http:\/\/www.cervantinaesquivias.org\/wordpress\/wp-content\/uploads\/2015\/03\/palacio-de-congresos.jpg 709w, http:\/\/www.cervantinaesquivias.org\/wordpress\/wp-content\/uploads\/2015\/03\/palacio-de-congresos-300x188.jpg 300w\" sizes=\"auto, (max-width: 709px) 100vw, 709px\" \/><\/p>\n<p style=\"text-align: justify;\" mce_style=\"text-align: justify;\"><\/p>\n<p style=\"text-align: justify;\" mce_style=\"text-align: justify;\"><\/p>\n<p><span style=\"font-size: medium;\" mce_style=\"font-size: medium;\"><span style=\"font-family: verdana, geneva;\" mce_style=\"font-family: verdana, geneva;\"><\/span><\/span><\/p>\n<p><!--more--><\/p>\n<p><\/p>\n<\/p>\n<p><\/p>\n<p style=\"text-align: justify;\" mce_style=\"text-align: justify;\"><span style=\"font-size: medium;\" mce_style=\"font-size: medium;\"><span style=\"font-family: verdana, geneva;\" mce_style=\"font-family: verdana, geneva;\">Dicho escudo fue desmontado de la fachada de donde fuera su propietario en el siglo XVI, Don Lope de Vivar y familia, a mediados del siglo XX, y montado en dicho Palacio de Exposiciones solo por el mero motivo de decoraci\u00f3n.<\/span><\/span><\/p>\n<p style=\"text-align: justify;\" mce_style=\"text-align: justify;\"><\/p>\n<p style=\"text-align: justify;\" mce_style=\"text-align: justify;\"><\/p>\n<p style=\"text-align: center;\" mce_style=\"text-align: center;\"><img loading=\"lazy\" decoding=\"async\" class=\" size-full wp-image-2064 size-full wp-image-2064\" src=\"http:\/\/www.cervantinaesquivias.org\/wordpress\/wp-content\/uploads\/2015\/03\/escudo-de-vivar-y-salazar-hoy-desaparecido.jpg\" mce_src=\"http:\/\/www.cervantinaesquivias.org\/wordpress\/wp-content\/uploads\/2015\/03\/escudo-de-vivar-y-salazar-hoy-desaparecido.jpg\" alt=\"alt\" width=\"414\" height=\"636\" srcset=\"http:\/\/www.cervantinaesquivias.org\/wordpress\/wp-content\/uploads\/2015\/03\/escudo-de-vivar-y-salazar-hoy-desaparecido.jpg 414w, http:\/\/www.cervantinaesquivias.org\/wordpress\/wp-content\/uploads\/2015\/03\/escudo-de-vivar-y-salazar-hoy-desaparecido-195x300.jpg 195w\" sizes=\"auto, (max-width: 414px) 100vw, 414px\" \/><\/p>\n<p style=\"text-align: justify;\" mce_style=\"text-align: justify;\"><span style=\"font-size: medium;\" mce_style=\"font-size: medium;\"><span style=\"font-family: verdana, geneva;\" mce_style=\"font-family: verdana, geneva;\"><br \/><\/span><\/span><\/p>\n<p style=\"text-align: justify;\" mce_style=\"text-align: justify;\"><span style=\"font-size: medium;\" mce_style=\"font-size: medium;\"><span style=\"font-family: verdana, geneva;\" mce_style=\"font-family: verdana, geneva;\">De la documentaci\u00f3n procedente de los archivos parroquiales de Esquivias, se desprende que:<\/span><\/span><\/p>\n<p style=\"text-align: justify;\" mce_style=\"text-align: justify;\"><span style=\"font-size: medium;\" mce_style=\"font-size: medium;\"><span style=\"font-family: verdana, geneva;\" mce_style=\"font-family: verdana, geneva;\">Don Lope de Vivar y Salazar, era un Hidalgo que ostentaba el Mayorazgo de esta familia del Lugar de Esquivias.<\/span><\/span><\/p>\n<p style=\"text-align: justify;\" mce_style=\"text-align: justify;\"><span style=\"font-size: medium;\" mce_style=\"font-size: medium;\"><span style=\"font-family: verdana, geneva;\" mce_style=\"font-family: verdana, geneva;\">Se hallaba desposado con Do\u00f1a Ana Urreta de Salazar, pariente en 4\u00ba grado ascendente de consanguinidad con Catalina de Salazar y Palacios, esposa de Miguel de Cervantes, y fueron sus descendientes:<\/span><\/span><\/p>\n<p style=\"text-align: justify;\" mce_style=\"text-align: justify;\"><span style=\"font-size: medium;\" mce_style=\"font-size: medium;\"><span style=\"font-family: verdana, geneva;\" mce_style=\"font-family: verdana, geneva;\">1.- Rodrigo de Vivar y Salazar -puesto este nombre en memoria de Don Rodrigo Diaz de Vivar, sin relaci\u00f3n de parentesco demostrado con \u00e9l-, casado con Do\u00f1a Ana de Contreras, de cuyo matrimonio naci\u00f3, entre otros, Diego (17-III-1564). Otro de los hijos de este matrimonio fue: Lope de Vivar y Salazar, que cas\u00f3 con Do\u00f1a Ana de Vivar y Salazar, de cuyo matrimonio nacieron: Alonso (05-VIII-1591; Ana (11-XII-1592); Rodrigo (05-III-1594); Agust\u00edn (07-IX-1596) y Antonio (21-V-1601), entre otros.<\/span><\/span><\/p>\n<p style=\"text-align: justify;\" mce_style=\"text-align: justify;\"><span style=\"font-size: medium;\" mce_style=\"font-size: medium;\"><span style=\"font-family: verdana, geneva;\" mce_style=\"font-family: verdana, geneva;\">Do\u00f1a Ana de Vivar y Salazar falleci\u00f3 en 20-I-1620, habiendo nombrado por su albacea a Francisco de Palacios y Vozmendiano, hermano de Catalina de Salazar y Palacios.<\/span><\/span><\/p>\n<p style=\"text-align: justify;\" mce_style=\"text-align: justify;\"><span style=\"font-size: medium;\" mce_style=\"font-size: medium;\"><span style=\"font-family: verdana, geneva;\" mce_style=\"font-family: verdana, geneva;\"><br \/><\/span><\/span><\/p>\n<p style=\"text-align: justify;\" mce_style=\"text-align: justify;\"><span style=\"font-size: medium;\" mce_style=\"font-size: medium;\"><span style=\"font-family: verdana, geneva;\" mce_style=\"font-family: verdana, geneva;\">2.- Antonio de Vivar y Salazar -Alcalde del Lugar de Esquivias por el estado de los hijos dalgo en el a\u00f1o de 1583-, casado en primeras nupcias con Do\u00f1a Juana L\u00f3pez, y en segundas nupcias con Do\u00f1a Luisa de Chinchilla. De su primer matrimonio naci\u00f3 Antonio de Vivar y Salazar (30-VII-1568). Este Antonio de Vivar fue Alcalde de Esquivias por el estado de los hijos dalgo del Lugar en el a\u00f1o de 1602.\u00a0<\/span><\/span><\/p>\n<p style=\"text-align: justify;\" mce_style=\"text-align: justify;\"><\/p>\n<p style=\"text-align: justify;\" mce_style=\"text-align: justify;\"><span style=\"font-size: medium;\" mce_style=\"font-size: medium;\"><span style=\"font-family: verdana, geneva;\" mce_style=\"font-family: verdana, geneva;\">La Genealog\u00eda de los Vivar y Salazar es mas amplia a\u00fan, que requiere otro tipo de publicaci\u00f3n, una vez analizados todos los documentos relativos a estos apellidos de la hidalgu\u00eda esquiviana.<\/span><\/span><\/p>\n<p style=\"text-align: justify;\" mce_style=\"text-align: justify;\"><span style=\"font-size: medium;\" mce_style=\"font-size: medium;\"><span style=\"font-family: verdana, geneva;\" mce_style=\"font-family: verdana, geneva;\"><br \/><\/span><\/span><\/p>\n<p style=\"text-align: justify;\" mce_style=\"text-align: justify;\"><span style=\"font-size: medium;\" mce_style=\"font-size: medium;\"><span style=\"font-family: verdana, geneva;\" mce_style=\"font-family: verdana, geneva;\">En la segunda quincena del mes de febrero de 2015, los medios de comunicaci\u00f3n social dan la noticia de que el Ministerio de Industria de Espa\u00f1a, propietario del inmueble, va a permitir el derribo del actual edificio \u00a0contruy\u00e9ndose otro en su lugar, por lo que, una vez cumplido el objeto que llev\u00f3 a instalar el escudo de los Vivar y Salazar, solo con objeto de decorar, la Sociedad Cervantina de Esquivias hace una llamada de atenci\u00f3n para que el Ayuntamiento de Esquivias, actual o el que se forme de las pr\u00f3ximas Elecciones Municipales de Mayo 2015, haga las gestiones oportunas ante quien corresponda, para que este escudo vuelva a ser instalado en el lugar que corresponda, por tratarse de una parte de la historia del entonces Lugar, y hoy Villa de Esquivias.<\/span><\/span><\/p>\n<p style=\"text-align: justify;\" mce_style=\"text-align: justify;\"><\/p>\n<p style=\"text-align: right;\" mce_style=\"text-align: right;\"><span style=\"font-size: medium;\" mce_style=\"font-size: medium;\"><span style=\"font-size: small;\" mce_style=\"font-size: small;\"><span style=\"font-family: helvetica;\" mce_style=\"font-family: helvetica;\"><i><b>Sabino de Diego.<\/b><\/i><\/span><\/span><\/span><\/p>\n<p style=\"text-align: justify;\" mce_style=\"text-align: justify;\"><span style=\"font-size: medium;\" mce_style=\"font-size: medium;\"><span style=\"font-family: verdana, geneva;\" mce_style=\"font-family: verdana, geneva;\"><br \/><\/span><\/span><\/p>\n<p style=\"text-align: justify;\" mce_style=\"text-align: justify;\"><span style=\"font-size: medium;\" mce_style=\"font-size: medium;\"><span style=\"font-family: verdana, geneva;\" mce_style=\"font-family: verdana, geneva;\"><br \/><\/span><\/span><\/p>\n<p><\/p>\n","protected":false},"excerpt":{"rendered":"<p>En el Palacios de Exposiciones y Congresos del Paseo de la Castellana de Madrid, se halla instalado, en el rellano [&hellip;]<\/p>\n","protected":false},"author":1,"featured_media":2063,"comment_status":"open","ping_status":"open","sticky":false,"template":"","format":"standard","meta":{"footnotes":""},"categories":[9],"tags":[],"class_list":["post-2065","post","type-post","status-publish","format-standard","has-post-thumbnail","hentry","category-noticias-de-la-web"],"_links":{"self":[{"href":"http:\/\/www.cervantinaesquivias.org\/wordpress\/wp-json\/wp\/v2\/posts\/2065","targetHints":{"allow":["GET"]}}],"collection":[{"href":"http:\/\/www.cervantinaesquivias.org\/wordpress\/wp-json\/wp\/v2\/posts"}],"about":[{"href":"http:\/\/www.cervantinaesquivias.org\/wordpress\/wp-json\/wp\/v2\/types\/post"}],"author":[{"embeddable":true,"href":"http:\/\/www.cervantinaesquivias.org\/wordpress\/wp-json\/wp\/v2\/users\/1"}],"replies":[{"embeddable":true,"href":"http:\/\/www.cervantinaesquivias.org\/wordpress\/wp-json\/wp\/v2\/comments?post=2065"}],"version-history":[{"count":0,"href":"http:\/\/www.cervantinaesquivias.org\/wordpress\/wp-json\/wp\/v2\/posts\/2065\/revisions"}],"wp:featuredmedia":[{"embeddable":true,"href":"http:\/\/www.cervantinaesquivias.org\/wordpress\/wp-json\/wp\/v2\/media\/2063"}],"wp:attachment":[{"href":"http:\/\/www.cervantinaesquivias.org\/wordpress\/wp-json\/wp\/v2\/media?parent=2065"}],"wp:term":[{"taxonomy":"category","embeddable":true,"href":"http:\/\/www.cervantinaesquivias.org\/wordpress\/wp-json\/wp\/v2\/categories?post=2065"},{"taxonomy":"post_tag","embeddable":true,"href":"http:\/\/www.cervantinaesquivias.org\/wordpress\/wp-json\/wp\/v2\/tags?post=2065"}],"curies":[{"name":"wp","href":"https:\/\/api.w.org\/{rel}","templated":true}]}}