{"id":2043,"date":"2014-12-14T12:09:57","date_gmt":"2014-12-14T12:09:57","guid":{"rendered":"http:\/\/www.cervantinaesquivias.org\/wordpress\/2014\/12\/14\/celebracion-de-las-xxxv-jornadas-cervantinas-de-esquivias-diciembre-de-2014\/"},"modified":"2014-12-14T12:09:57","modified_gmt":"2014-12-14T12:09:57","slug":"celebracion-de-las-xxxv-jornadas-cervantinas-de-esquivias-diciembre-de-2014","status":"publish","type":"post","link":"http:\/\/www.cervantinaesquivias.org\/wordpress\/2014\/12\/14\/celebracion-de-las-xxxv-jornadas-cervantinas-de-esquivias-diciembre-de-2014\/","title":{"rendered":"CELEBRACION DE LAS XXXV JORNADAS CERVANTINAS DE ESQUIVIAS. Diciembre de 2014"},"content":{"rendered":"<p style=\"text-align: justify;\" mce_style=\"text-align: justify;\"><span style=\"font-size: medium;\" mce_style=\"font-size: medium;\"><span style=\"font-family: verdana, geneva;\" mce_style=\"font-family: verdana, geneva;\">Se han celebrado en Esquivias las XXXV Jornadas Cervantinas, que organizan conjuntamente el Ayuntamiento y la Sociedad Cervantina de Esquivias.<\/span><\/span><\/p>\n<p style=\"text-align: justify;\" mce_style=\"text-align: justify;\"><\/p>\n<p style=\"text-align: center;\" mce_style=\"text-align: center;\"><img loading=\"lazy\" decoding=\"async\" class=\" size-full wp-image-2018 size-full wp-image-2018\" src=\"http:\/\/www.cervantinaesquivias.org\/wordpress\/wp-content\/uploads\/2014\/12\/programa-xxxv-jornadas-anv.jpg\" mce_src=\"http:\/\/www.cervantinaesquivias.org\/wordpress\/wp-content\/uploads\/2014\/12\/programa-xxxv-jornadas-anv.jpg\" alt=\"alt\" width=\"709\" height=\"363\" srcset=\"http:\/\/www.cervantinaesquivias.org\/wordpress\/wp-content\/uploads\/2014\/12\/programa-xxxv-jornadas-anv.jpg 709w, http:\/\/www.cervantinaesquivias.org\/wordpress\/wp-content\/uploads\/2014\/12\/programa-xxxv-jornadas-anv-300x154.jpg 300w\" sizes=\"auto, (max-width: 709px) 100vw, 709px\" \/><\/p>\n<p style=\"text-align: justify;\" mce_style=\"text-align: justify;\"><\/p>\n<p style=\"text-align: justify;\" mce_style=\"text-align: justify;\"><\/p>\n<p style=\"text-align: center;\" mce_style=\"text-align: center;\"><img loading=\"lazy\" decoding=\"async\" class=\" size-full wp-image-2019 size-full wp-image-2019\" src=\"http:\/\/www.cervantinaesquivias.org\/wordpress\/wp-content\/uploads\/2014\/12\/programa-xxxv-jornadas-rev.jpg\" mce_src=\"http:\/\/www.cervantinaesquivias.org\/wordpress\/wp-content\/uploads\/2014\/12\/programa-xxxv-jornadas-rev.jpg\" alt=\"alt\" width=\"709\" height=\"363\" srcset=\"http:\/\/www.cervantinaesquivias.org\/wordpress\/wp-content\/uploads\/2014\/12\/programa-xxxv-jornadas-rev.jpg 709w, http:\/\/www.cervantinaesquivias.org\/wordpress\/wp-content\/uploads\/2014\/12\/programa-xxxv-jornadas-rev-300x154.jpg 300w\" sizes=\"auto, (max-width: 709px) 100vw, 709px\" \/><\/p>\n<p style=\"text-align: justify;\" mce_style=\"text-align: justify;\"><span style=\"font-size: medium;\" mce_style=\"font-size: medium;\"><span style=\"font-family: verdana, geneva;\" mce_style=\"font-family: verdana, geneva;\"><br \/><\/span><\/span><\/p>\n<p style=\"text-align: justify;\" mce_style=\"text-align: justify;\"><span style=\"font-size: medium;\" mce_style=\"font-size: medium;\"><span style=\"font-family: verdana, geneva;\" mce_style=\"font-family: verdana, geneva;\">Nuevamente, y en conmemoraci\u00f3n del CDXXX Aniversario de los desposorios de Miguel de Cervantes Saavedra con la esquiviana Catalina de Salazar y Palacios, se han desarrollado diversos actos para rememorar dicha boda celebrada en<\/span><\/span><\/p>\n<p><!--more--><\/p>\n<p><\/p>\n<p style=\"text-align: justify;\" mce_style=\"text-align: justify;\"><span style=\"font-size: medium;\" mce_style=\"font-size: medium;\"><span style=\"font-family: verdana, geneva;\" mce_style=\"font-family: verdana, geneva;\">Esquivias el 12 de Diciembre de 1584.<\/span><\/span><\/p>\n<p style=\"text-align: justify;\" mce_style=\"text-align: justify;\"><span style=\"font-family: verdana, geneva; font-size: medium; line-height: 1.3em;\" mce_style=\"font-family: verdana, geneva; font-size: medium; line-height: 1.3em;\">La presentaci\u00f3n de las Jornadas Cervantinas 2014, tuvo lugar en la incomparable Sala Miguel de Cervantes de la Casa de Am\u00e9rica en Madrid (Cibeles), al que acudi\u00f3 numeroso p\u00fablico, y que cont\u00f3 con la presencia de D. Marcial<\/span><b style=\"font-family: verdana, geneva; font-size: medium; line-height: 1.3em;\" mce_style=\"font-family: verdana, geneva; font-size: medium; line-height: 1.3em;\">\u00a0<\/b><span style=\"font-family: verdana, geneva; font-size: medium; line-height: 1.3em;\" mce_style=\"font-family: verdana, geneva; font-size: medium; line-height: 1.3em;\">Mart\u00edn Hellin, Consejero de Educaci\u00f3n Cultura y Deportes de la JCCM, de Do\u00f1a Elena Fern\u00e1ndez de Velasco Hern\u00e1ndez, Alcaldesa de Esquivias y Don Jos\u00e9 Rosell Villasevil, Presidente de la Sociedad Cervantina de Esquivias, actuando como presentador y coordinador del acto Don Tom\u00e1s Poveda, Director General de la Casa de Am\u00e9rica.<\/span><\/p>\n<p style=\"text-align: justify;\" mce_style=\"text-align: justify;\"><\/p>\n<p style=\"text-align: justify;\" mce_style=\"text-align: justify;\"><\/p>\n<p style=\"text-align: center;\" mce_style=\"text-align: center;\"><img loading=\"lazy\" decoding=\"async\" class=\" size-full wp-image-2020 size-full wp-image-2020\" src=\"http:\/\/www.cervantinaesquivias.org\/wordpress\/wp-content\/uploads\/2014\/12\/xxxv-presentacion.jpg\" mce_src=\"http:\/\/www.cervantinaesquivias.org\/wordpress\/wp-content\/uploads\/2014\/12\/xxxv-presentacion.jpg\" alt=\"alt\" width=\"680\" height=\"320\" srcset=\"http:\/\/www.cervantinaesquivias.org\/wordpress\/wp-content\/uploads\/2014\/12\/xxxv-presentacion.jpg 680w, http:\/\/www.cervantinaesquivias.org\/wordpress\/wp-content\/uploads\/2014\/12\/xxxv-presentacion-300x141.jpg 300w\" sizes=\"auto, (max-width: 680px) 100vw, 680px\" \/><\/p>\n<p style=\"text-align: center;\" mce_style=\"text-align: center;\">(Do\u00f1a Elena Fern\u00e1ndez de Velasco, Don Marcial Mar\u00edn, Don Tom\u00e1s Poveda y Don Jos\u00e9 Rosell).<\/p>\n<p style=\"text-align: justify;\" mce_style=\"text-align: justify;\"><\/p>\n<p style=\"text-align: justify;\" mce_style=\"text-align: justify;\"><span style=\"font-size: medium;\" mce_style=\"font-size: medium;\"><span style=\"font-family: verdana, geneva;\" mce_style=\"font-family: verdana, geneva;\">Don Tom\u00e1s Poveda tuvo unas sentidas palabras sobre la celebraci\u00f3n de la Edici\u00f3n numero 35 de las Jornadas Cervantinas de Esquivias \u00ab&#8230;a mis treinta y siete a\u00f1os, recordar que el pueblo de Esquivias y la Sociedad Cervantina llevan treinta y cinco celebrando la efem\u00e9rides de la boda de Cervantes y Catalina, adquiere una especial singularidad&#8230;\u00bb<\/span><\/span><\/p>\n<p style=\"text-align: justify;\" mce_style=\"text-align: justify;\"><span style=\"font-size: medium;\" mce_style=\"font-size: medium;\"><span style=\"font-family: verdana, geneva;\" mce_style=\"font-family: verdana, geneva;\">Do\u00f1a Elena Fern\u00e1ndez de Velasco, destac\u00f3 el exfuerzo que se hace d\u00eda a d\u00eda para realizar estas Jornadas, invitando a todo el que desee acudir a Esquivias durante los d\u00edas 05 al 12 de Diciembre, d\u00f3nde ser\u00e1n recibidos con los brazos abiertos.<\/span><\/span><\/p>\n<p style=\"text-align: justify;\" mce_style=\"text-align: justify;\"><span style=\"font-size: medium;\" mce_style=\"font-size: medium;\"><span mce_style=\"font-family: verdana, geneva;\"><span style=\"font-family: verdana, geneva;\" mce_style=\"font-family: verdana, geneva;\">Por su parte Don Jos\u00e9 Rosell Villasevil, con su f\u00e1cil palabra, como esquiviano que se siente, dio gracias porque a Miguel de Cervantes no le concecieran permiso para cruzar el Atl\u00e1ntico, pues posiblemente no habr\u00eda llegado a Esquivias, no se habr\u00eda casado con la esquiviana Catalina de Salazar y Palacios, y, considerando que esta dama esquiviana fuera su musa, su inspiraci\u00f3n, no habr\u00eda comenzado su inmortal obra con \u00abEn un Lugar de la Mancha&#8230;\u00bb sino que habr\u00eda escrito \u00abEn un Lugar de <\/span><span style=\"color: rgb(0, 0, 0);\" mce_style=\"color: #000000;\"><span style=\"font-family: verdana, geneva;\" mce_style=\"font-family: verdana, geneva;\">Macondo&#8230;\u00bb<\/span><\/span><\/span><\/span><\/p>\n<p style=\"text-align: justify;\" mce_style=\"text-align: justify;\"><span style=\"font-size: medium;\" mce_style=\"font-size: medium;\"><span style=\"font-family: verdana, geneva;\" mce_style=\"font-family: verdana, geneva;\">Don Marcial Mar\u00edn, anim\u00f3 a todos a participar en estas Jornadas Cervantinas, y a continuaci\u00f3n en todos los actos que la Instituci\u00f3n que el preside va a desarrollar por toda la geograf\u00eda de Castilla la Mancha en honor y gloria de la figura de Don Quijote de la Mancha y \u00a0de Miguel de Cervantes Saavedra en el Cuarto Centenario de la publicaci\u00f3n de la segunda parte de Don Quijote de la Mancha.<\/span><\/span><\/p>\n<p style=\"text-align: justify;\" mce_style=\"text-align: justify;\"><span style=\"font-family: verdana, geneva; font-size: small;\">Si se desea ver el video de la presentaci\u00f3n de las XXXV Jornadas Cervantinas, pinchar en el siguiente enlace:<\/span><\/p>\n<p style=\"text-align: justify;\" mce_style=\"text-align: justify;\"><span style=\"font-family: verdana, geneva; font-size: small;\"><br \/><\/span><\/p>\n<p style=\"text-align: center;\" mce_style=\"text-align: center;\"><span style=\"font-size: medium;\" mce_style=\"font-size: medium;\"><span style=\"font-family: verdana, geneva;\" mce_style=\"font-family: verdana, geneva;\"><a href=\"https:\/\/www.youtube.com\/watch?v=BtJNBWoZ4Fk\" mce_href=\"https:\/\/www.youtube.com\/watch?v=BtJNBWoZ4Fk\">PRESENTACION EN LA CASA DE AMERICA DE MADRID<\/a><\/span><\/span><\/p>\n<p style=\"text-align: center;\" mce_style=\"text-align: center;\"><\/p>\n<p style=\"text-align: justify;\" mce_style=\"text-align: justify;\"><span style=\"font-size: medium;\" mce_style=\"font-size: medium;\"><span style=\"font-family: verdana, geneva;\" mce_style=\"font-family: verdana, geneva;\"><b><u>Preg\u00f3n de las Jornadas.<\/u><\/b><\/span><\/span><\/p>\n<p style=\"text-align: justify;\" mce_style=\"text-align: justify;\"><span style=\"font-size: medium;\" mce_style=\"font-size: medium;\"><span style=\"font-family: verdana, geneva;\" mce_style=\"font-family: verdana, geneva;\">El d\u00eda 05 de Diciembre de 2014, en el Convento de Capuchinos de Esquivias, tuvo lugar el Preg\u00f3n de las XXXV Jornadas Cervantinas, que corri\u00f3 a cargo de Don Jos\u00e9 Jaime Alonso, Viceconsejero de Educaci\u00f3n, Cultura y Deporte de la JCCM.<\/span><\/span><\/p>\n<p style=\"text-align: justify;\" mce_style=\"text-align: justify;\"><span style=\"font-size: medium;\" mce_style=\"font-size: medium;\"><span style=\"font-family: verdana, geneva;\" mce_style=\"font-family: verdana, geneva;\">Como todo Preg\u00f3n que se precie, fue ameno en la forma y en el fondo, subrayando algunos de los p\u00e1rrafos que dijera el Consejero en la Presentaci\u00f3n de las Jornadas.<\/span><\/span><\/p>\n<p style=\"text-align: justify;\" mce_style=\"text-align: justify;\"><span style=\"font-size: medium;\" mce_style=\"font-size: medium;\"><span style=\"font-family: verdana, geneva;\" mce_style=\"font-family: verdana, geneva;\">A continuaci\u00f3n, Don Jos\u00e9 Jaime Alonso y las Autoridades Locales procedieron a inaugurar la exposici\u00f3n itinerante de pintura y escultura de la obra de Miguel de Cervantes, titulada \u00abLos Caminos del Quijote\u00bb de la Asociaci\u00f3n de Artistas Pl\u00e1sticos \u00abLa Cig\u00fce\u00f1a\u00bb, interviniendo Don Casildo Ferreras, as\u00ed como Don Antonio S\u00e1nchez, Presidente de dicha Asociaci\u00f3n, leyendo un poema compuesto por \u00e9l mismo.<\/span><\/span><\/p>\n<p style=\"text-align: justify;\" mce_style=\"text-align: justify;\"><\/p>\n<p style=\"text-align: justify;\" mce_style=\"text-align: justify;\"><\/p>\n<p style=\"text-align: center;\" mce_style=\"text-align: center;\"><img loading=\"lazy\" decoding=\"async\" class=\" size-full wp-image-2021 size-full wp-image-2021\" src=\"http:\/\/www.cervantinaesquivias.org\/wordpress\/wp-content\/uploads\/2014\/12\/xxxv-exp-2014-1.jpg\" mce_src=\"http:\/\/www.cervantinaesquivias.org\/wordpress\/wp-content\/uploads\/2014\/12\/xxxv-exp-2014-1.jpg\" alt=\"alt\" width=\"709\" height=\"517\" srcset=\"http:\/\/www.cervantinaesquivias.org\/wordpress\/wp-content\/uploads\/2014\/12\/xxxv-exp-2014-1.jpg 709w, http:\/\/www.cervantinaesquivias.org\/wordpress\/wp-content\/uploads\/2014\/12\/xxxv-exp-2014-1-300x219.jpg 300w\" sizes=\"auto, (max-width: 709px) 100vw, 709px\" \/><\/p>\n<p style=\"text-align: center;\" mce_style=\"text-align: center;\">(Algunos trabajos sobre cap\u00edtulos del Quijote)<\/p>\n<p style=\"text-align: justify;\" mce_style=\"text-align: justify;\"><\/p>\n<p style=\"text-align: justify;\" mce_style=\"text-align: justify;\"><\/p>\n<p style=\"text-align: center;\" mce_style=\"text-align: center;\"><img loading=\"lazy\" decoding=\"async\" class=\" size-full wp-image-2022 size-full wp-image-2022\" src=\"http:\/\/www.cervantinaesquivias.org\/wordpress\/wp-content\/uploads\/2014\/12\/xxxv-exp-2014-2.jpg\" mce_src=\"http:\/\/www.cervantinaesquivias.org\/wordpress\/wp-content\/uploads\/2014\/12\/xxxv-exp-2014-2.jpg\" alt=\"alt\" width=\"709\" height=\"1305\" srcset=\"http:\/\/www.cervantinaesquivias.org\/wordpress\/wp-content\/uploads\/2014\/12\/xxxv-exp-2014-2.jpg 709w, http:\/\/www.cervantinaesquivias.org\/wordpress\/wp-content\/uploads\/2014\/12\/xxxv-exp-2014-2-163x300.jpg 163w, http:\/\/www.cervantinaesquivias.org\/wordpress\/wp-content\/uploads\/2014\/12\/xxxv-exp-2014-2-556x1024.jpg 556w\" sizes=\"auto, (max-width: 709px) 100vw, 709px\" \/><\/p>\n<p style=\"text-align: center;\" mce_style=\"text-align: center;\">(Una de las esculturas de la exposici\u00f3n)<\/p>\n<p style=\"text-align: justify;\" mce_style=\"text-align: justify;\"><\/p>\n<p style=\"text-align: justify;\" mce_style=\"text-align: justify;\"><\/p>\n<p style=\"text-align: center;\" mce_style=\"text-align: center;\"><img loading=\"lazy\" decoding=\"async\" class=\" size-full wp-image-2023 size-full wp-image-2023\" src=\"http:\/\/www.cervantinaesquivias.org\/wordpress\/wp-content\/uploads\/2014\/12\/xxxv-exp-2014-3.jpg\" mce_src=\"http:\/\/www.cervantinaesquivias.org\/wordpress\/wp-content\/uploads\/2014\/12\/xxxv-exp-2014-3.jpg\" alt=\"alt\" width=\"709\" height=\"269\" srcset=\"http:\/\/www.cervantinaesquivias.org\/wordpress\/wp-content\/uploads\/2014\/12\/xxxv-exp-2014-3.jpg 709w, http:\/\/www.cervantinaesquivias.org\/wordpress\/wp-content\/uploads\/2014\/12\/xxxv-exp-2014-3-300x114.jpg 300w\" sizes=\"auto, (max-width: 709px) 100vw, 709px\" \/><\/p>\n<p style=\"text-align: center;\" mce_style=\"text-align: center;\">(Transparencias sobre motivos quijotescos)<\/p>\n<p style=\"text-align: center;\" mce_style=\"text-align: center;\"><\/p>\n<p style=\"text-align: justify;\" mce_style=\"text-align: justify;\"><\/p>\n<p style=\"text-align: center;\" mce_style=\"text-align: center;\"><img loading=\"lazy\" decoding=\"async\" class=\" size-full wp-image-2024 size-full wp-image-2024\" src=\"http:\/\/www.cervantinaesquivias.org\/wordpress\/wp-content\/uploads\/2014\/12\/xxxv-exp-2014-4.jpg\" mce_src=\"http:\/\/www.cervantinaesquivias.org\/wordpress\/wp-content\/uploads\/2014\/12\/xxxv-exp-2014-4.jpg\" alt=\"alt\" width=\"709\" height=\"286\" srcset=\"http:\/\/www.cervantinaesquivias.org\/wordpress\/wp-content\/uploads\/2014\/12\/xxxv-exp-2014-4.jpg 709w, http:\/\/www.cervantinaesquivias.org\/wordpress\/wp-content\/uploads\/2014\/12\/xxxv-exp-2014-4-300x121.jpg 300w\" sizes=\"auto, (max-width: 709px) 100vw, 709px\" \/><\/p>\n<p style=\"text-align: center;\" mce_style=\"text-align: center;\"><span style=\"font-size: medium;\" mce_style=\"font-size: medium;\"><span style=\"font-size: small;\" mce_style=\"font-size: small;\">(La exposici\u00f3n se hallaba compuesta por pinturas y esculturas sobre cada uno de los cap\u00edtulos de la Primera Parte del Quijote).<\/span><\/span><\/p>\n<p style=\"text-align: justify;\" mce_style=\"text-align: justify;\"><\/p>\n<p style=\"text-align: justify;\" mce_style=\"text-align: justify;\"><\/p>\n<p style=\"text-align: justify;\" mce_style=\"text-align: justify;\"><span style=\"font-size: medium;\" mce_style=\"font-size: medium;\"><span style=\"font-family: verdana, geneva;\" mce_style=\"font-family: verdana, geneva;\">Como no pod\u00eda faltar en estas fechas, la Asociaci\u00f3n de Mujeres \u00abCatalina de Palacios\u00bb de Esquivias, mont\u00f3 un Bel\u00e9n Navide\u00f1o en el Convento de Capuchinos de Esquivias, que se hallar\u00e1 expuesto al p\u00fablico hasta el d\u00eda 06 de Enero de 2015. En todo este tiempo, los donativos que se recauden, as\u00ed como los alimentos no perecederos que los vecinos de Esquivias tienen a bien llevar, se entregar\u00e1n a C\u00e1ritas Parroquial para que sean distribuidos en la forma que estime conveniente esta Instituci\u00f3n.<\/span><\/span><\/p>\n<p style=\"text-align: justify;\" mce_style=\"text-align: justify;\"><\/p>\n<p style=\"text-align: center;\" mce_style=\"text-align: center;\"><img loading=\"lazy\" decoding=\"async\" class=\" size-full wp-image-2025 size-full wp-image-2025\" src=\"http:\/\/www.cervantinaesquivias.org\/wordpress\/wp-content\/uploads\/2014\/12\/xxxv-belen-2014-2.jpg\" mce_src=\"http:\/\/www.cervantinaesquivias.org\/wordpress\/wp-content\/uploads\/2014\/12\/xxxv-belen-2014-2.jpg\" alt=\"alt\" width=\"709\" height=\"531\" srcset=\"http:\/\/www.cervantinaesquivias.org\/wordpress\/wp-content\/uploads\/2014\/12\/xxxv-belen-2014-2.jpg 709w, http:\/\/www.cervantinaesquivias.org\/wordpress\/wp-content\/uploads\/2014\/12\/xxxv-belen-2014-2-300x225.jpg 300w\" sizes=\"auto, (max-width: 709px) 100vw, 709px\" \/><\/p>\n<p style=\"text-align: justify;\" mce_style=\"text-align: justify;\"><\/p>\n<p style=\"text-align: justify;\" mce_style=\"text-align: justify;\"><\/p>\n<p style=\"text-align: justify;\" mce_style=\"text-align: justify;\"><\/p>\n<p style=\"text-align: center;\" mce_style=\"text-align: center;\"><img loading=\"lazy\" decoding=\"async\" class=\" size-full wp-image-2026 size-full wp-image-2026\" src=\"http:\/\/www.cervantinaesquivias.org\/wordpress\/wp-content\/uploads\/2014\/12\/xxxv-belen-2014-1.jpg\" mce_src=\"http:\/\/www.cervantinaesquivias.org\/wordpress\/wp-content\/uploads\/2014\/12\/xxxv-belen-2014-1.jpg\" alt=\"alt\" width=\"709\" height=\"531\" srcset=\"http:\/\/www.cervantinaesquivias.org\/wordpress\/wp-content\/uploads\/2014\/12\/xxxv-belen-2014-1.jpg 709w, http:\/\/www.cervantinaesquivias.org\/wordpress\/wp-content\/uploads\/2014\/12\/xxxv-belen-2014-1-300x225.jpg 300w\" sizes=\"auto, (max-width: 709px) 100vw, 709px\" \/><\/p>\n<p style=\"text-align: justify;\" mce_style=\"text-align: justify;\"><span style=\"font-size: medium;\" mce_style=\"font-size: medium;\"><span style=\"font-family: verdana, geneva;\" mce_style=\"font-family: verdana, geneva;\"><br \/><\/span><\/span><\/p>\n<p style=\"text-align: justify;\" mce_style=\"text-align: justify;\"><\/p>\n<p style=\"text-align: justify;\" mce_style=\"text-align: justify;\"><\/p>\n<p style=\"text-align: center;\" mce_style=\"text-align: center;\"><img loading=\"lazy\" decoding=\"async\" class=\" size-full wp-image-2027 size-full wp-image-2027\" src=\"http:\/\/www.cervantinaesquivias.org\/wordpress\/wp-content\/uploads\/2014\/12\/xxxv-belen-2014-3.jpg\" mce_src=\"http:\/\/www.cervantinaesquivias.org\/wordpress\/wp-content\/uploads\/2014\/12\/xxxv-belen-2014-3.jpg\" alt=\"alt\" width=\"709\" height=\"531\" srcset=\"http:\/\/www.cervantinaesquivias.org\/wordpress\/wp-content\/uploads\/2014\/12\/xxxv-belen-2014-3.jpg 709w, http:\/\/www.cervantinaesquivias.org\/wordpress\/wp-content\/uploads\/2014\/12\/xxxv-belen-2014-3-300x225.jpg 300w\" sizes=\"auto, (max-width: 709px) 100vw, 709px\" \/><\/p>\n<p style=\"text-align: center;\" mce_style=\"text-align: center;\"><\/p>\n<p style=\"text-align: justify;\" mce_style=\"text-align: justify;\"><\/p>\n<p style=\"text-align: justify;\" mce_style=\"text-align: justify;\"><span style=\"font-size: medium;\" mce_style=\"font-size: medium;\"><span style=\"font-family: verdana, geneva;\" mce_style=\"font-family: verdana, geneva;\">En cuanto a los actos programados fueron:<\/span><\/span><\/p>\n<p style=\"text-align: justify;\" mce_style=\"text-align: justify;\"><span style=\"font-size: medium;\" mce_style=\"font-size: medium;\"><span style=\"font-family: verdana, geneva;\" mce_style=\"font-family: verdana, geneva;\"><b><u>D\u00eda 06 y 07 de Diciembre.<\/u><\/b><\/span><\/span><\/p>\n<p style=\"text-align: justify;\" mce_style=\"text-align: justify;\"><span style=\"font-size: medium;\" mce_style=\"font-size: medium;\"><span style=\"font-family: verdana, geneva;\" mce_style=\"font-family: verdana, geneva;\">Representaci\u00f3n de las Estampas Esquive\u00f1as, con \u00abDos Sue\u00f1os\u00bb, <\/span><span style=\"font-family: verdana, geneva;\" mce_style=\"font-family: verdana, geneva;\">que<\/span><\/span><span style=\"font-size: medium;\" mce_style=\"font-size: medium;\"><span style=\"font-family: verdana, geneva;\" mce_style=\"font-family: verdana, geneva;\">\u00a0recrearon la llegada de Cervantes a Esquivias, en Septiembre de 1584 y la escenificaci\u00f3n del Cap\u00edtulo XLIII de la Segunda Parte del Quijote.<\/span><\/span><\/p>\n<p style=\"text-align: justify;\" mce_style=\"text-align: justify;\"><\/p>\n<p style=\"text-align: center;\" mce_style=\"text-align: center;\"><img loading=\"lazy\" decoding=\"async\" class=\" size-full wp-image-2028 size-full wp-image-2028\" src=\"http:\/\/www.cervantinaesquivias.org\/wordpress\/wp-content\/uploads\/2014\/12\/xxxv-estampas-2014-4.jpg\" mce_src=\"http:\/\/www.cervantinaesquivias.org\/wordpress\/wp-content\/uploads\/2014\/12\/xxxv-estampas-2014-4.jpg\" alt=\"alt\" width=\"709\" height=\"479\" srcset=\"http:\/\/www.cervantinaesquivias.org\/wordpress\/wp-content\/uploads\/2014\/12\/xxxv-estampas-2014-4.jpg 709w, http:\/\/www.cervantinaesquivias.org\/wordpress\/wp-content\/uploads\/2014\/12\/xxxv-estampas-2014-4-300x203.jpg 300w\" sizes=\"auto, (max-width: 709px) 100vw, 709px\" \/><\/p>\n<p style=\"text-align: center;\" mce_style=\"text-align: center;\">(Do\u00f1a Isabel de Sosa, Sanchica, Diego de Hondaro y Cervantes)<\/p>\n<p style=\"text-align: justify;\" mce_style=\"text-align: justify;\"><\/p>\n<p style=\"text-align: justify;\" mce_style=\"text-align: justify;\"><\/p>\n<p style=\"text-align: center;\" mce_style=\"text-align: center;\"><img loading=\"lazy\" decoding=\"async\" class=\" size-full wp-image-2029 size-full wp-image-2029\" src=\"http:\/\/www.cervantinaesquivias.org\/wordpress\/wp-content\/uploads\/2014\/12\/xxxv-estampas-2014-3.jpg\" mce_src=\"http:\/\/www.cervantinaesquivias.org\/wordpress\/wp-content\/uploads\/2014\/12\/xxxv-estampas-2014-3.jpg\" alt=\"alt\" width=\"709\" height=\"485\" srcset=\"http:\/\/www.cervantinaesquivias.org\/wordpress\/wp-content\/uploads\/2014\/12\/xxxv-estampas-2014-3.jpg 709w, http:\/\/www.cervantinaesquivias.org\/wordpress\/wp-content\/uploads\/2014\/12\/xxxv-estampas-2014-3-300x205.jpg 300w\" sizes=\"auto, (max-width: 709px) 100vw, 709px\" \/><\/p>\n<p style=\"text-align: center;\" mce_style=\"text-align: center;\">(Catalina de Salazar informa a su madre y a su t\u00edo Juan de Palacios de las pretensiones de Cervantes por comenzar un noviazgo entre ambos).<\/p>\n<p style=\"text-align: justify;\" mce_style=\"text-align: justify;\"><\/p>\n<p style=\"text-align: justify;\" mce_style=\"text-align: justify;\"><\/p>\n<p style=\"text-align: center;\" mce_style=\"text-align: center;\"><img loading=\"lazy\" decoding=\"async\" class=\" size-full wp-image-2030 size-full wp-image-2030\" src=\"http:\/\/www.cervantinaesquivias.org\/wordpress\/wp-content\/uploads\/2014\/12\/xxxv-estampas-2014-5.jpg\" mce_src=\"http:\/\/www.cervantinaesquivias.org\/wordpress\/wp-content\/uploads\/2014\/12\/xxxv-estampas-2014-5.jpg\" alt=\"alt\" width=\"709\" height=\"468\" srcset=\"http:\/\/www.cervantinaesquivias.org\/wordpress\/wp-content\/uploads\/2014\/12\/xxxv-estampas-2014-5.jpg 709w, http:\/\/www.cervantinaesquivias.org\/wordpress\/wp-content\/uploads\/2014\/12\/xxxv-estampas-2014-5-300x198.jpg 300w\" sizes=\"auto, (max-width: 709px) 100vw, 709px\" \/><\/p>\n<p style=\"text-align: center;\" mce_style=\"text-align: center;\">(Cervantes convence a todos sobre sus pretensiones, salvo a su futura suegra).<\/p>\n<p style=\"text-align: justify;\" mce_style=\"text-align: justify;\"><\/p>\n<p style=\"text-align: justify;\" mce_style=\"text-align: justify;\"><\/p>\n<p style=\"text-align: center;\" mce_style=\"text-align: center;\"><img loading=\"lazy\" decoding=\"async\" class=\" size-full wp-image-2031 size-full wp-image-2031\" src=\"http:\/\/www.cervantinaesquivias.org\/wordpress\/wp-content\/uploads\/2014\/12\/xxxv-estampas-2014-2.jpg\" mce_src=\"http:\/\/www.cervantinaesquivias.org\/wordpress\/wp-content\/uploads\/2014\/12\/xxxv-estampas-2014-2.jpg\" alt=\"alt\" width=\"709\" height=\"383\" srcset=\"http:\/\/www.cervantinaesquivias.org\/wordpress\/wp-content\/uploads\/2014\/12\/xxxv-estampas-2014-2.jpg 709w, http:\/\/www.cervantinaesquivias.org\/wordpress\/wp-content\/uploads\/2014\/12\/xxxv-estampas-2014-2-300x162.jpg 300w\" sizes=\"auto, (max-width: 709px) 100vw, 709px\" \/><\/p>\n<p style=\"text-align: center;\" mce_style=\"text-align: center;\">(Cervantes se integra f\u00e1cilmente en la sociedad esquiviana de la \u00e9poca).<\/p>\n<p style=\"text-align: justify;\" mce_style=\"text-align: justify;\"><\/p>\n<p style=\"text-align: justify;\" mce_style=\"text-align: justify;\"><\/p>\n<p style=\"text-align: center;\" mce_style=\"text-align: center;\"><img loading=\"lazy\" decoding=\"async\" class=\" size-full wp-image-2032 size-full wp-image-2032\" src=\"http:\/\/www.cervantinaesquivias.org\/wordpress\/wp-content\/uploads\/2014\/12\/xxxv-estampas-2014-10.jpg\" mce_src=\"http:\/\/www.cervantinaesquivias.org\/wordpress\/wp-content\/uploads\/2014\/12\/xxxv-estampas-2014-10.jpg\" alt=\"alt\" width=\"709\" height=\"987\" srcset=\"http:\/\/www.cervantinaesquivias.org\/wordpress\/wp-content\/uploads\/2014\/12\/xxxv-estampas-2014-10.jpg 709w, http:\/\/www.cervantinaesquivias.org\/wordpress\/wp-content\/uploads\/2014\/12\/xxxv-estampas-2014-10-216x300.jpg 216w\" sizes=\"auto, (max-width: 709px) 100vw, 709px\" \/><\/p>\n<p style=\"text-align: center;\" mce_style=\"text-align: center;\">(Don Quijote no se dio por aludido ante el gesto y las maneras despectivas de Dulcinea).<\/p>\n<p style=\"text-align: justify;\" mce_style=\"text-align: justify;\"><\/p>\n<p style=\"text-align: justify;\" mce_style=\"text-align: justify;\"><\/p>\n<p style=\"text-align: center;\" mce_style=\"text-align: center;\"><img loading=\"lazy\" decoding=\"async\" class=\" size-full wp-image-2033 size-full wp-image-2033\" src=\"http:\/\/www.cervantinaesquivias.org\/wordpress\/wp-content\/uploads\/2014\/12\/xxxv-estampas-2014-12.jpg\" mce_src=\"http:\/\/www.cervantinaesquivias.org\/wordpress\/wp-content\/uploads\/2014\/12\/xxxv-estampas-2014-12.jpg\" alt=\"alt\" width=\"709\" height=\"716\" srcset=\"http:\/\/www.cervantinaesquivias.org\/wordpress\/wp-content\/uploads\/2014\/12\/xxxv-estampas-2014-12.jpg 709w, http:\/\/www.cervantinaesquivias.org\/wordpress\/wp-content\/uploads\/2014\/12\/xxxv-estampas-2014-12-297x300.jpg 297w, http:\/\/www.cervantinaesquivias.org\/wordpress\/wp-content\/uploads\/2014\/12\/xxxv-estampas-2014-12-150x150.jpg 150w\" sizes=\"auto, (max-width: 709px) 100vw, 709px\" \/><\/p>\n<p style=\"text-align: center;\" mce_style=\"text-align: center;\">(Sancho ha escuchado los consejos de Don Quijote, y ya se considera en condiciones de gobernar la \u00cdnsula).<\/p>\n<p style=\"text-align: justify;\" mce_style=\"text-align: justify;\"><\/p>\n<p style=\"text-align: justify;\" mce_style=\"text-align: justify;\"><\/p>\n<p style=\"text-align: center;\" mce_style=\"text-align: center;\"><img loading=\"lazy\" decoding=\"async\" class=\" size-full wp-image-2034 size-full wp-image-2034\" src=\"http:\/\/www.cervantinaesquivias.org\/wordpress\/wp-content\/uploads\/2014\/12\/xxxv-estampas-2014-11.jpg\" mce_src=\"http:\/\/www.cervantinaesquivias.org\/wordpress\/wp-content\/uploads\/2014\/12\/xxxv-estampas-2014-11.jpg\" alt=\"alt\" width=\"709\" height=\"811\" srcset=\"http:\/\/www.cervantinaesquivias.org\/wordpress\/wp-content\/uploads\/2014\/12\/xxxv-estampas-2014-11.jpg 709w, http:\/\/www.cervantinaesquivias.org\/wordpress\/wp-content\/uploads\/2014\/12\/xxxv-estampas-2014-11-262x300.jpg 262w\" sizes=\"auto, (max-width: 709px) 100vw, 709px\" \/><\/p>\n<p style=\"text-align: center;\" mce_style=\"text-align: center;\">(Sancho no aprecia la burla que le hacen los Duques al nombrarle gobernador).<\/p>\n<p style=\"text-align: justify;\" mce_style=\"text-align: justify;\"><\/p>\n<p style=\"text-align: justify;\" mce_style=\"text-align: justify;\"><span mce_style=\"font-family: verdana, geneva; font-size: x-small;\"><span style=\"font-size: small;\" mce_style=\"font-size: small;\"><b style=\"style\" mce_style=\"style\"><u style=\"style\" mce_style=\"style\"><span style=\"font-size: medium;\" mce_style=\"font-size: medium;\"><span style=\"font-family: verdana, geneva;\" mce_style=\"font-family: verdana, geneva;\">D\u00eda 08 de Diciembre.<\/span><\/span><\/u><\/b><\/span><\/span><\/p>\n<p style=\"text-align: justify;\" mce_style=\"text-align: justify;\"><span mce_style=\"font-family: verdana, geneva; font-size: x-small;\"><span style=\"font-size: medium;\" mce_style=\"font-size: medium;\"><span style=\"font-family: verdana, geneva;\" mce_style=\"font-family: verdana, geneva;\">Visita Escenificada a la Casa-Museo de Cervantes, con \u00abEcos de Una Boda y el Greco\u00bb, con representaci\u00f3n en sus estancias de diversas escenas de la vida cotidiana de esta Casa en fechas posteriores a los desposorios de Miguel de Cervantes Saavedra con Catalina de Salazar y Palacios.<\/span><\/span><\/span><\/p>\n<p style=\"text-align: justify;\" mce_style=\"text-align: justify;\"><span style=\"font-size: medium;\" mce_style=\"font-size: medium;\"><span style=\"font-family: verdana, geneva;\" mce_style=\"font-family: verdana, geneva;\"><br \/><\/span><\/span><\/p>\n<p style=\"text-align: center;\" mce_style=\"text-align: center;\"><img loading=\"lazy\" decoding=\"async\" class=\" size-full wp-image-2035 size-full wp-image-2035\" src=\"http:\/\/www.cervantinaesquivias.org\/wordpress\/wp-content\/uploads\/2014\/12\/xxxv-quijote-y-sancho.jpg\" mce_src=\"http:\/\/www.cervantinaesquivias.org\/wordpress\/wp-content\/uploads\/2014\/12\/xxxv-quijote-y-sancho.jpg\" alt=\"alt\" width=\"709\" height=\"531\" srcset=\"http:\/\/www.cervantinaesquivias.org\/wordpress\/wp-content\/uploads\/2014\/12\/xxxv-quijote-y-sancho.jpg 709w, http:\/\/www.cervantinaesquivias.org\/wordpress\/wp-content\/uploads\/2014\/12\/xxxv-quijote-y-sancho-300x225.jpg 300w\" sizes=\"auto, (max-width: 709px) 100vw, 709px\" \/><\/p>\n<p style=\"text-align: center;\" mce_style=\"text-align: center;\">(Don Quijote y Sancho Panza en la cocina de la Casa, alimentando, uno su esp\u00edritu y el otro su cuerpo)<\/p>\n<p style=\"text-align: justify;\" mce_style=\"text-align: justify;\"><\/p>\n<p style=\"text-align: justify;\" mce_style=\"text-align: justify;\"><span mce_style=\"font-family: verdana, geneva; font-size: x-small;\"><span style=\"font-size: small;\" mce_style=\"font-size: small;\"><u><b><span style=\"font-size: medium;\" mce_style=\"font-size: medium;\"><span style=\"font-family: verdana, geneva;\" mce_style=\"font-family: verdana, geneva;\">D\u00eda 09 de Diciembre.<\/span><\/span><\/b><\/u><\/span><\/span><\/p>\n<p style=\"text-align: justify;\" mce_style=\"text-align: justify;\"><span mce_style=\"font-family: verdana, geneva; font-size: x-small;\"><span style=\"font-size: medium;\" mce_style=\"font-size: medium;\"><span style=\"font-family: verdana, geneva;\" mce_style=\"font-family: verdana, geneva;\">En el Convento de Capuchinos de Esquivias, tuvo lugar un Acto Po\u00e9tico Literario, donde intervino Do\u00f1a Maria Luisa Mora Alameda, poetisa, escritora, Acad\u00e9mica Correspondiente de la Real Academia de Bellas Artes y Ciencias Hist\u00f3ricas de Toledo, siendo presentada por Don Jos\u00e9 Rosell Villasevil, Presidente de la Sociedad Cervantina de Esquivias, ante Do\u00f1a Elena Fern\u00e1ndez de Velasco Hern\u00e1ndez, Alcaldesa de Esquivias.<\/span><\/span><\/span><\/p>\n<p style=\"text-align: justify;\" mce_style=\"text-align: justify;\"><span style=\"font-size: medium;\" mce_style=\"font-size: medium;\"><span style=\"font-family: verdana, geneva;\" mce_style=\"font-family: verdana, geneva;\">Maria Luisa Mora ha obtenido entre otros: el Premio Adon\u00e1is de Poes\u00eda 1993, por \u00abBusca y Captura\u00bb (Editorial Rialp); Acc\u00e9sit al Premio Adon\u00e1is de Poes\u00eda 1987, por \u00abEste largo viaje hacia la lluvia\u00bb; Premio Carmen Conde 1990, por \u00abLa mujer y la bruma\u00bb (Editorial Torremozas), entre otros.<\/span><\/span><\/p>\n<p style=\"text-align: justify;\" mce_style=\"text-align: justify;\"><\/p>\n<p style=\"text-align: center;\" mce_style=\"text-align: center;\"><img loading=\"lazy\" decoding=\"async\" class=\" size-full wp-image-2036 size-full wp-image-2036\" src=\"http:\/\/www.cervantinaesquivias.org\/wordpress\/wp-content\/uploads\/2014\/12\/xxxv-acto-poetico-.jpg\" mce_src=\"http:\/\/www.cervantinaesquivias.org\/wordpress\/wp-content\/uploads\/2014\/12\/xxxv-acto-poetico-.jpg\" alt=\"alt\" width=\"709\" height=\"531\" srcset=\"http:\/\/www.cervantinaesquivias.org\/wordpress\/wp-content\/uploads\/2014\/12\/xxxv-acto-poetico-.jpg 709w, http:\/\/www.cervantinaesquivias.org\/wordpress\/wp-content\/uploads\/2014\/12\/xxxv-acto-poetico--300x225.jpg 300w\" sizes=\"auto, (max-width: 709px) 100vw, 709px\" \/><\/p>\n<p style=\"text-align: center;\" mce_style=\"text-align: center;\">(Do\u00f1a Elena Fern\u00e1ndez de Velasco Hern\u00e1ndez, Do\u00f1a Maria Luisa Mora Alameda, y Don Jos\u00e9 Rosell Villasevil).<\/p>\n<p style=\"text-align: justify;\" mce_style=\"text-align: justify;\"><\/p>\n<p style=\"text-align: justify;\" mce_style=\"text-align: justify;\"><\/p>\n<p style=\"text-align: justify;\" mce_style=\"text-align: justify;\"><span style=\"font-size: medium;\" mce_style=\"font-size: medium;\"><u><b>D\u00eda 10 de Diciembre.<\/b><\/u><\/span><\/p>\n<p style=\"text-align: justify;\" mce_style=\"text-align: justify;\"><span style=\"font-size: medium;\" mce_style=\"font-size: medium;\"><span style=\"font-family: verdana, geneva;\" mce_style=\"font-family: verdana, geneva;\">En la Casa de Cultura, Sabino de Diego, Director Ejecutivo de la Sociedad Cervantina de Esquivias y encargado de la transcripci\u00f3n de documentos manuscritos, pronunci\u00f3 una conferencia bajo el t\u00edtulo \u00abEl Ingenioso Sancho Panza\u00bb, apoyando su intervenci\u00f3n con la proyecci\u00f3n y lectura de algunos de los documentos hallados en los Archivos Parroquiales, sobre el bautizo de Sancho, hijo de Hernando de Gaona y de Do\u00f1a Luisa de Godoy, como posible personaje en el cual se fijara Cervantes para personalizarlo en la figura de Sancho Panza.<\/span><\/span><\/p>\n<p style=\"text-align: justify;\" mce_style=\"text-align: justify;\"><span style=\"font-size: medium;\" mce_style=\"font-size: medium;\"><span style=\"font-family: verdana, geneva;\" mce_style=\"font-family: verdana, geneva;\">Como apoyo a tal conjetura, expuso 30 documentos (de los mas de 100 que ha hallado) que acreditan que su padrino de bautismo fue Don Juan de Palacios -al igual que fue de los otros tres hermanos de Sancho-, t\u00edo de la esposa de Cervantes y por tanto muy allegada la familia de su esposa Catalina con la familia Gaona\/Godoy.<\/span><\/span><\/p>\n<p style=\"text-align: justify;\" mce_style=\"text-align: justify;\"><span style=\"font-size: medium;\" mce_style=\"font-size: medium;\"><span style=\"line-height: 1.3em;\" mce_style=\"line-height: 1.3em;\"><span style=\"font-family: verdana, geneva;\" mce_style=\"font-family: verdana, geneva;\">Igualmente, demostr\u00f3 que el matrimonio formado por los padres de Sancho, siendo este ni\u00f1o, apadrinaron los bautizos de todos los moriscos del Lugar de Esquivias y sobre todo de los Ricote, por lo que, sin lugar a dudas, Sancho y Ricote debieron hallarse relacionados entre si, tanto en su ni\u00f1ez, juventud como en su madurez.<\/span><\/span><\/span><\/p>\n<p style=\"text-align: justify;\" mce_style=\"text-align: justify;\"><\/p>\n<p style=\"text-align: center;\" mce_style=\"text-align: center;\"><img loading=\"lazy\" decoding=\"async\" class=\" size-full wp-image-2037 size-full wp-image-2037\" src=\"http:\/\/www.cervantinaesquivias.org\/wordpress\/wp-content\/uploads\/2014\/12\/xxxv-conf-2014-1.jpg\" mce_src=\"http:\/\/www.cervantinaesquivias.org\/wordpress\/wp-content\/uploads\/2014\/12\/xxxv-conf-2014-1.jpg\" alt=\"alt\" width=\"709\" height=\"438\" srcset=\"http:\/\/www.cervantinaesquivias.org\/wordpress\/wp-content\/uploads\/2014\/12\/xxxv-conf-2014-1.jpg 709w, http:\/\/www.cervantinaesquivias.org\/wordpress\/wp-content\/uploads\/2014\/12\/xxxv-conf-2014-1-300x185.jpg 300w\" sizes=\"auto, (max-width: 709px) 100vw, 709px\" \/><\/p>\n<p style=\"text-align: center;\" mce_style=\"text-align: center;\">(Don Jos\u00e9 Rosell Villasevil presentando al Conferenciante Don Sabino de Diego Romero).<\/p>\n<p style=\"text-align: justify;\" mce_style=\"text-align: justify;\"><\/p>\n<p style=\"text-align: justify;\" mce_style=\"text-align: justify;\"><\/p>\n<p style=\"text-align: justify;\" mce_style=\"text-align: justify;\"><span style=\"font-size: medium;\" mce_style=\"font-size: medium;\"><span style=\"line-height: 1.3em;\" mce_style=\"line-height: 1.3em;\"><span style=\"font-family: verdana, geneva;\" mce_style=\"font-family: verdana, geneva;\"><b><u>D\u00eda 11 de Diciembre.<\/u><\/b><\/span><\/span><\/span><\/p>\n<p style=\"text-align: justify;\" mce_style=\"text-align: justify;\"><span style=\"font-family: verdana, geneva; font-size: medium; line-height: 1.3em;\" mce_style=\"font-family: verdana, geneva; font-size: medium; line-height: 1.3em;\">Como viene siendo habitual, y de la mano de Pedro Hermida Ugena, en\u00f3logo, se llev\u00f3 a cabo una Cata de Vinos en la Bodega de la Casa-Museo de Cervantes, invitando en esta ocasi\u00f3n, por primera vez, a una bodega fuera de la Regi\u00f3n de Castilla la Mancha.<\/span><\/p>\n<p style=\"text-align: justify;\" mce_style=\"text-align: justify;\"><\/p>\n<p style=\"text-align: center;\" mce_style=\"text-align: center;\"><img loading=\"lazy\" decoding=\"async\" class=\" size-full wp-image-2038 size-full wp-image-2038\" src=\"http:\/\/www.cervantinaesquivias.org\/wordpress\/wp-content\/uploads\/2014\/12\/xxxv-cata-2014-1.jpg\" mce_src=\"http:\/\/www.cervantinaesquivias.org\/wordpress\/wp-content\/uploads\/2014\/12\/xxxv-cata-2014-1.jpg\" alt=\"alt\" width=\"709\" height=\"531\" srcset=\"http:\/\/www.cervantinaesquivias.org\/wordpress\/wp-content\/uploads\/2014\/12\/xxxv-cata-2014-1.jpg 709w, http:\/\/www.cervantinaesquivias.org\/wordpress\/wp-content\/uploads\/2014\/12\/xxxv-cata-2014-1-300x225.jpg 300w\" sizes=\"auto, (max-width: 709px) 100vw, 709px\" \/><\/p>\n<p style=\"text-align: center;\" mce_style=\"text-align: center;\">(Don Fernando Rodr\u00edguez de Rivera, dirigi\u00f3 la Cata de Vinos con especial maestr\u00eda).<\/p>\n<p style=\"text-align: justify;\" mce_style=\"text-align: justify;\"><span style=\"font-family: verdana, geneva; font-size: medium; line-height: 1.3em;\" mce_style=\"font-family: verdana, geneva; font-size: medium; line-height: 1.3em;\"><br \/><\/span><\/p>\n<p style=\"text-align: justify;\" mce_style=\"text-align: justify;\"><span style=\"font-size: medium;\" mce_style=\"font-size: medium;\"><span style=\"line-height: 1.3em;\" mce_style=\"line-height: 1.3em;\"><span style=\"font-family: verdana, geneva;\" mce_style=\"font-family: verdana, geneva;\">La bodega invitada fue <b>\u00abBodegas Prado Rey\u00bb<\/b> de Gumiel de Mercado (Burgos), adscrita a las Denominaciones de Origen de Ribera del Duero y Rueda. La peculiaridad de esta bodega, es que los vi\u00f1edos los cultivan en la finca del Real Sitio de Ventosilla, con una altitud media de 900 metros y una superficie total de 520 Has, lo que la convierten en la extensi\u00f3n de vi\u00f1edo mas grande de toda la D.O., cultivando la variedades: Tempranillo, Cabernet, Sauvignon y Merlot.<\/span><\/span><\/span><\/p>\n<p style=\"text-align: justify;\" mce_style=\"text-align: justify;\"><span style=\"font-size: medium;\" mce_style=\"font-size: medium;\"><span style=\"line-height: 1.3em;\" mce_style=\"line-height: 1.3em;\"><span style=\"font-family: verdana, geneva;\" mce_style=\"font-family: verdana, geneva;\">La persona encargada de desarrollar la cata fue Don Fernando Rodriguez de Rivera, Director General de Bodegas Prado Rey.<\/span><\/span><\/span><\/p>\n<p style=\"text-align: justify;\" mce_style=\"text-align: justify;\"><span style=\"font-size: small;\" mce_style=\"font-family: verdana, geneva; font-size: small;\"><span style=\"line-height: 20.799999237060547px;\" mce_style=\"line-height: 20.799999237060547px;\"><span style=\"font-size: medium;\" mce_style=\"font-size: medium;\"><span style=\"font-family: verdana, geneva;\" mce_style=\"font-family: verdana, geneva;\">Se cataron cinco vinos: Blanco, 100% verdejo y a\u00f1ada 2009, con cinco a\u00f1os en barrica, conservando todas sus propiedades inalterables.<\/span><\/span><\/span><\/span><\/p>\n<p style=\"text-align: justify;\" mce_style=\"text-align: justify;\"><span style=\"font-size: small;\" mce_style=\"font-family: verdana, geneva; font-size: small;\"><span style=\"line-height: 20.799999237060547px;\" mce_style=\"line-height: 20.799999237060547px;\"><span style=\"font-size: medium;\" mce_style=\"font-size: medium;\"><span style=\"font-family: verdana, geneva;\" mce_style=\"font-family: verdana, geneva;\">Se cat\u00f3 un Prado Rey Rosado, un 2013 fermentado en barrica, coupage de las variedades tempranillo y merlot, de la D.O Ribera del Duero.<\/span><\/span><\/span><\/span><\/p>\n<p style=\"text-align: justify;\" mce_style=\"text-align: justify;\"><span style=\"font-size: small;\" mce_style=\"font-family: verdana, geneva; font-size: small;\"><span style=\"line-height: 20.799999237060547px;\" mce_style=\"line-height: 20.799999237060547px;\"><span style=\"font-size: medium;\" mce_style=\"font-size: medium;\"><span style=\"font-family: verdana, geneva;\" mce_style=\"font-family: verdana, geneva;\">En cuanto a los tintos, un Adaro 2010, crianza 100% Tempranillo, que sorprendi\u00f3 a los asistentes.<\/span><\/span><\/span><\/span><\/p>\n<p style=\"text-align: justify;\" mce_style=\"text-align: justify;\"><span style=\"font-size: small;\" mce_style=\"font-family: verdana, geneva; font-size: small;\"><span style=\"line-height: 20.799999237060547px;\" mce_style=\"line-height: 20.799999237060547px;\"><span style=\"font-size: medium;\" mce_style=\"font-size: medium;\"><span style=\"font-family: verdana, geneva;\" mce_style=\"font-family: verdana, geneva;\">Un Prado Rey reserva 2009, elaborado a partir de las 3 variedades que se cultivan en el vi\u00f1edo y que solamente se elabora en a\u00f1adas excepcionales.<\/span><\/span><\/span><\/span><\/p>\n<p style=\"text-align: justify;\" mce_style=\"text-align: justify;\"><span style=\"font-size: small;\" mce_style=\"font-family: verdana, geneva; font-size: small;\"><span style=\"line-height: 20.799999237060547px;\" mce_style=\"line-height: 20.799999237060547px;\"><span style=\"font-size: medium;\" mce_style=\"font-size: medium;\"><span style=\"font-family: verdana, geneva;\" mce_style=\"font-family: verdana, geneva;\">Por \u00faltimo un Prado Rey \u00c9lite 2009, 100% variedad Tempranillo. Un vino con gran intensidad y extracto, destacando por su cuerpo y concentraci\u00f3n de aromas que entusiasm\u00f3 a todos los asistentes. Una maravilla enol\u00f3gica, del que Bodegas Prado Rey debe sentirse \u00a0orgullosa.<\/span><\/span><\/span><\/span><\/p>\n<p style=\"text-align: justify;\" mce_style=\"text-align: justify;\"><span style=\"font-size: small;\" mce_style=\"font-family: verdana, geneva; font-size: small;\"><span style=\"line-height: 20.799999237060547px;\" mce_style=\"line-height: 20.799999237060547px;\"><span style=\"font-size: medium;\" mce_style=\"font-size: medium;\"><span style=\"font-family: verdana, geneva;\" mce_style=\"font-family: verdana, geneva;\">Por la trayectoria vitivin\u00edcula de Esquivias, de los Siglos XVI y XVII principalmente, hace que esta cita de la Cata de Vinos se haga poco menos que imprescindible en las Jornadas Cervantinas de Esquivias. Vinos que Cervantes destac\u00f3 en varias de sus obras, principalmente en el Pr\u00f3logo de los Trabajos de Persiles y Sigismunda <b>\u00ab&#8230;viniendo otros dos amigos y yo del famoso Lugar de Esquivias, famoso por sus ilustres linajes y por sus Ilustr\u00edsimos Vinos&#8230;\u00bb<\/b>.<\/span><\/span><\/span><\/span><\/p>\n<p style=\"text-align: justify;\" mce_style=\"text-align: justify;\"><\/p>\n<p style=\"text-align: center;\" mce_style=\"text-align: center;\"><img loading=\"lazy\" decoding=\"async\" class=\" size-full wp-image-2039 size-full wp-image-2039\" src=\"http:\/\/www.cervantinaesquivias.org\/wordpress\/wp-content\/uploads\/2014\/12\/xxxv-cata-2014-2.jpg\" mce_src=\"http:\/\/www.cervantinaesquivias.org\/wordpress\/wp-content\/uploads\/2014\/12\/xxxv-cata-2014-2.jpg\" alt=\"alt\" width=\"709\" height=\"531\" srcset=\"http:\/\/www.cervantinaesquivias.org\/wordpress\/wp-content\/uploads\/2014\/12\/xxxv-cata-2014-2.jpg 709w, http:\/\/www.cervantinaesquivias.org\/wordpress\/wp-content\/uploads\/2014\/12\/xxxv-cata-2014-2-300x225.jpg 300w\" sizes=\"auto, (max-width: 709px) 100vw, 709px\" \/><\/p>\n<p style=\"text-align: center;\" mce_style=\"text-align: center;\">(El p\u00fablico asistente sigui\u00f3 los pormenores de la Cata siguiendo las indicaciones del en\u00f3logo).<\/p>\n<p style=\"text-align: justify;\" mce_style=\"text-align: justify;\"><span style=\"font-size: small;\" mce_style=\"font-family: verdana, geneva; font-size: small;\"><span style=\"line-height: 20.799999237060547px;\" mce_style=\"line-height: 20.799999237060547px;\"><span style=\"font-size: medium;\" mce_style=\"font-size: medium;\"><span style=\"font-family: verdana, geneva;\" mce_style=\"font-family: verdana, geneva;\"><br \/><\/span><\/span><\/span><\/span><\/p>\n<p style=\"text-align: justify;\" mce_style=\"text-align: justify;\"><span style=\"font-size: small;\" mce_style=\"font-family: verdana, geneva; font-size: small;\"><span style=\"line-height: 20.799999237060547px;\" mce_style=\"line-height: 20.799999237060547px;\"><span style=\"font-size: medium;\" mce_style=\"font-size: medium;\"><span style=\"font-family: verdana, geneva;\" mce_style=\"font-family: verdana, geneva;\">Para finalizar la cata, el Maestro Miguero: Mariano V\u00e1zquez, deleit\u00f3 a los asistentes con unas migas arrieras, de la que es una de sus especialidades culinarias.<\/span><\/span><\/span><\/span><\/p>\n<p style=\"text-align: justify;\" mce_style=\"text-align: justify;\"><\/p>\n<p style=\"text-align: justify;\" mce_style=\"text-align: justify;\"><span style=\"font-size: medium;\" mce_style=\"font-size: medium;\"><span style=\"font-family: verdana, geneva;\" mce_style=\"font-family: verdana, geneva;\"><br \/><\/span><\/span><\/p>\n<p style=\"text-align: justify;\" mce_style=\"text-align: justify;\"><span style=\"font-size: small;\" mce_style=\"font-family: verdana, geneva; font-size: small;\"><span style=\"line-height: 20.799999237060547px;\" mce_style=\"line-height: 20.799999237060547px;\"><span style=\"font-size: medium;\" mce_style=\"font-size: medium;\"><span style=\"font-family: verdana, geneva;\" mce_style=\"font-family: verdana, geneva;\"><u><b>D\u00eda 12 de Diciembre.<\/b><\/u><\/span><\/span><\/span><\/span><\/p>\n<p style=\"text-align: justify;\" mce_style=\"text-align: justify;\"><span style=\"font-size: small;\" mce_style=\"font-family: verdana, geneva; font-size: small;\"><span style=\"line-height: 20.799999237060547px;\" mce_style=\"line-height: 20.799999237060547px;\"><span style=\"font-size: medium;\" mce_style=\"font-size: medium;\"><span style=\"font-family: verdana, geneva;\" mce_style=\"font-family: verdana, geneva;\">En los Salones del Complejo H-H de Esquivias, tuvo lugar este d\u00eda un Banquete de Bodas, con el que se cierran los actos desarrollados, para conmemorar los desposorios de Cervantes y Catalina.<\/span><\/span><\/span><\/span><\/p>\n<p style=\"text-align: justify;\" mce_style=\"text-align: justify;\"><span style=\"font-size: small;\" mce_style=\"font-family: verdana, geneva; font-size: small;\"><span style=\"line-height: 20.799999237060547px;\" mce_style=\"line-height: 20.799999237060547px;\"><span style=\"font-size: medium;\" mce_style=\"font-size: medium;\"><span style=\"font-family: verdana, geneva;\" mce_style=\"font-family: verdana, geneva;\">A los entrantes a base de jam\u00f3n de bellota del Monte de Esquivias, conitos de hojaldre rellenos al gusto del Jefe de Cocina, quesos curados, etc. le siguieron, como Primer Plato: Atascaburras, plato t\u00edpico manchego, paletilla de cordero lechal al horno con pimientos del piquillo y patatas panaderas, terminando con \u00abmiguelitos\u00bb, todo regado con finos vinos blanco y tinto, brindando al final por los los contrayentes con una copa de cava.<\/span><\/span><\/span><\/span><\/p>\n<p style=\"text-align: justify;\" mce_style=\"text-align: justify;\"><\/p>\n<p style=\"text-align: center;\" mce_style=\"text-align: center;\"><img loading=\"lazy\" decoding=\"async\" class=\" size-full wp-image-2040 size-full wp-image-2040\" src=\"http:\/\/www.cervantinaesquivias.org\/wordpress\/wp-content\/uploads\/2014\/12\/xxxv-cena-2014-1.jpg\" mce_src=\"http:\/\/www.cervantinaesquivias.org\/wordpress\/wp-content\/uploads\/2014\/12\/xxxv-cena-2014-1.jpg\" alt=\"alt\" width=\"709\" height=\"531\" srcset=\"http:\/\/www.cervantinaesquivias.org\/wordpress\/wp-content\/uploads\/2014\/12\/xxxv-cena-2014-1.jpg 709w, http:\/\/www.cervantinaesquivias.org\/wordpress\/wp-content\/uploads\/2014\/12\/xxxv-cena-2014-1-300x225.jpg 300w\" sizes=\"auto, (max-width: 709px) 100vw, 709px\" \/><\/p>\n<p style=\"text-align: center;\" mce_style=\"text-align: center;\">(Presidieron el banquete: Do\u00f1a Elena Fern\u00e1ndez de Velasco Hernandez, Alcaldesa de Esquivias, Don Jos\u00e9 Rosell Villasevil, Presidente de la Sociedad Cervantina de Esquivias y Don Rafael Guardia Torrej\u00f3n, en nombre y representaci\u00f3n del, siempre recordado, Ilustre Cervantista y Esquiviano: Don Francisco Guardia Navarro).<\/p>\n<p style=\"text-align: justify;\" mce_style=\"text-align: justify;\"><\/p>\n<p style=\"text-align: justify;\" mce_style=\"text-align: justify;\"><span style=\"font-size: small;\" mce_style=\"font-size: small;\"><span style=\"line-height: 20.799999237060547px;\" mce_style=\"line-height: 20.799999237060547px;\"><span style=\"font-size: medium;\" mce_style=\"font-size: medium;\"><span style=\"font-family: verdana, geneva;\" mce_style=\"font-family: verdana, geneva;\">En el transcurso del banquete, se hace lectura al Acta que contiene a los nuevos Socios de la Sociedad Cervantina de Esquivias, siendo que este a\u00f1o han solicitado su inscripci\u00f3n personas procedentes de Toledo, Madrid, Colombia y M\u00e9xico, entre otros.<\/span><\/span><\/span><\/span><\/p>\n<p style=\"text-align: justify;\" mce_style=\"text-align: justify;\"><\/p>\n<p style=\"text-align: center;\" mce_style=\"text-align: center;\"><img loading=\"lazy\" decoding=\"async\" class=\" size-full wp-image-2041 size-full wp-image-2041\" src=\"http:\/\/www.cervantinaesquivias.org\/wordpress\/wp-content\/uploads\/2014\/12\/xxxv-cena-2014-2.jpg\" mce_src=\"http:\/\/www.cervantinaesquivias.org\/wordpress\/wp-content\/uploads\/2014\/12\/xxxv-cena-2014-2.jpg\" alt=\"alt\" width=\"709\" height=\"415\" srcset=\"http:\/\/www.cervantinaesquivias.org\/wordpress\/wp-content\/uploads\/2014\/12\/xxxv-cena-2014-2.jpg 709w, http:\/\/www.cervantinaesquivias.org\/wordpress\/wp-content\/uploads\/2014\/12\/xxxv-cena-2014-2-300x176.jpg 300w\" sizes=\"auto, (max-width: 709px) 100vw, 709px\" \/><\/p>\n<p style=\"text-align: center;\" mce_style=\"text-align: center;\">(El Presidente de la Sociedad Cervantina de Esquivias en el momento de su intervenci\u00f3n).<\/p>\n<p style=\"text-align: justify;\" mce_style=\"text-align: justify;\"><\/p>\n<p style=\"text-align: justify;\" mce_style=\"text-align: justify;\"><span style=\"font-size: small;\" mce_style=\"font-size: small;\"><span style=\"line-height: 20.799999237060547px;\" mce_style=\"line-height: 20.799999237060547px;\"><span style=\"font-size: medium;\" mce_style=\"font-size: medium;\"><span style=\"font-family: verdana, geneva;\" mce_style=\"font-family: verdana, geneva;\">En el cap\u00edtulo de los discursos, tanto por parte del Ayuntamiento de Esquivias como de la Sociedad Cervantina, se hacen planes de futuro, sobre todo de cara al pr\u00f3ximo a\u00f1o, en el que se celebrar\u00e1n, entre otros:<\/span><\/span><\/span><\/span><\/p>\n<p style=\"text-align: justify;\" mce_style=\"text-align: justify;\"><span style=\"font-size: small;\" mce_style=\"font-size: small;\"><span style=\"line-height: 20.799999237060547px;\" mce_style=\"line-height: 20.799999237060547px;\"><span style=\"font-size: medium;\" mce_style=\"font-size: medium;\"><span style=\"font-family: verdana, geneva;\" mce_style=\"font-family: verdana, geneva;\">El Cuarto Centenario de la publicaci\u00f3n de la Segunda Parte del Quijote. \u00a0(31 de Octubre de 1615).<\/span><\/span><\/span><\/span><\/p>\n<p style=\"text-align: justify;\" mce_style=\"text-align: justify;\"><span style=\"font-size: small;\" mce_style=\"font-size: small;\"><span style=\"line-height: 20.799999237060547px;\" mce_style=\"line-height: 20.799999237060547px;\"><span style=\"font-size: medium;\" mce_style=\"font-size: medium;\"><span style=\"font-family: verdana, geneva;\" mce_style=\"font-family: verdana, geneva;\">El 450 Aniversario del nacimiento de Catalina de Salazar y Palacios. (\u00daltimos de Octubre de 1565).<\/span><\/span><\/span><\/span><\/p>\n<p style=\"text-align: justify;\" mce_style=\"text-align: justify;\"><span style=\"font-size: small;\" mce_style=\"font-size: small;\"><span style=\"line-height: 20.799999237060547px;\" mce_style=\"line-height: 20.799999237060547px;\"><span style=\"font-size: medium;\" mce_style=\"font-size: medium;\"><span style=\"font-family: verdana, geneva;\" mce_style=\"font-family: verdana, geneva;\">El 40 Aniversario de la fundaci\u00f3n de la Sociedad Cervantina de Esquivias, en esta \u00faltima etapa. \u00a0( 12 de Diciembre de 1975).<\/span><\/span><\/span><\/span><\/p>\n<p style=\"text-align: justify;\" mce_style=\"text-align: justify;\"><span style=\"font-size: small;\" mce_style=\"font-size: small;\"><span style=\"line-height: 20.799999237060547px;\" mce_style=\"line-height: 20.799999237060547px;\"><span style=\"font-size: medium;\" mce_style=\"font-size: medium;\"><span style=\"font-family: verdana, geneva;\" mce_style=\"font-family: verdana, geneva;\">El 431 Aniversario de los desposorios de Miguel de Cervantes Saavedra y Catalina de Salazar y Palacios. (12 de Diciembre de 1584).<\/span><\/span><\/span><\/span><\/p>\n<p style=\"text-align: justify;\" mce_style=\"text-align: justify;\"><span style=\"font-size: small;\" mce_style=\"font-size: small;\"><span style=\"line-height: 20.799999237060547px;\" mce_style=\"line-height: 20.799999237060547px;\"><span style=\"font-size: medium;\" mce_style=\"font-size: medium;\"><span style=\"font-family: verdana, geneva;\" mce_style=\"font-family: verdana, geneva;\">Afianzando los Actos que la Sociedad Cervantina de Esquivias viene desarrollando: <\/span><\/span><\/span><\/span><\/p>\n<p style=\"text-align: justify;\" mce_style=\"text-align: justify;\"><span style=\"font-size: small;\" mce_style=\"font-size: small;\"><span style=\"line-height: 20.799999237060547px;\" mce_style=\"line-height: 20.799999237060547px;\"><span style=\"font-size: medium;\" mce_style=\"font-size: medium;\"><span style=\"font-family: verdana, geneva;\" mce_style=\"font-family: verdana, geneva;\">Lectura Universal del Quijote (Le\u00edda en 2014 en 28 diferentes idiomas por 15 Embajadores y Agregados Culturales de Embajadas acreditadas en Espa\u00f1a).\u00a0<\/span><\/span><\/span><\/span><\/p>\n<p style=\"text-align: justify;\" mce_style=\"text-align: justify;\"><span style=\"font-size: small;\" mce_style=\"font-size: small;\"><span style=\"line-height: 20.799999237060547px;\" mce_style=\"line-height: 20.799999237060547px;\"><span style=\"font-size: medium;\" mce_style=\"font-size: medium;\"><span style=\"font-family: verdana, geneva;\" mce_style=\"font-family: verdana, geneva;\">Acto sobre los Personajes Vivos de Esquivias presentes en El Quijote.<\/span><\/span><\/span><\/span><\/p>\n<p style=\"text-align: justify;\" mce_style=\"text-align: justify;\"><span style=\"font-size: small;\" mce_style=\"font-size: small;\"><span style=\"line-height: 20.799999237060547px;\" mce_style=\"line-height: 20.799999237060547px;\"><span style=\"font-size: medium;\" mce_style=\"font-size: medium;\"><span style=\"font-family: verdana, geneva;\" mce_style=\"font-family: verdana, geneva;\">Acto sobre los Ilustres Personajes de Esquivias.<\/span><\/span><\/span><\/span><\/p>\n<p style=\"text-align: justify;\" mce_style=\"text-align: justify;\"><span style=\"font-size: small;\" mce_style=\"font-size: small;\"><span style=\"line-height: 20.799999237060547px;\" mce_style=\"line-height: 20.799999237060547px;\"><span style=\"font-size: medium;\" mce_style=\"font-size: medium;\"><span style=\"font-family: verdana, geneva;\" mce_style=\"font-family: verdana, geneva;\">De la XXXVI Edici\u00f3n de las Jornadas Cervantinas de Esquivias, en conmemoraci\u00f3n de los desposorios de Cervantes y Catalina&#8230;.<\/span><\/span><\/span><\/span><\/p>\n<p style=\"text-align: justify;\" mce_style=\"text-align: justify;\"><\/p>\n<p style=\"text-align: center;\" mce_style=\"text-align: center;\"><img loading=\"lazy\" decoding=\"async\" class=\" size-full wp-image-2042 size-full wp-image-2042\" src=\"http:\/\/www.cervantinaesquivias.org\/wordpress\/wp-content\/uploads\/2014\/12\/xxxv-cena-2014-3.jpg\" mce_src=\"http:\/\/www.cervantinaesquivias.org\/wordpress\/wp-content\/uploads\/2014\/12\/xxxv-cena-2014-3.jpg\" alt=\"alt\" width=\"709\" height=\"489\" srcset=\"http:\/\/www.cervantinaesquivias.org\/wordpress\/wp-content\/uploads\/2014\/12\/xxxv-cena-2014-3.jpg 709w, http:\/\/www.cervantinaesquivias.org\/wordpress\/wp-content\/uploads\/2014\/12\/xxxv-cena-2014-3-300x207.jpg 300w\" sizes=\"auto, (max-width: 709px) 100vw, 709px\" \/><\/p>\n<p style=\"text-align: center;\" mce_style=\"text-align: center;\">(El p\u00fablico asistente sigui\u00f3 con inter\u00e9s las palabras de Don Jos\u00e9 Rosell Villasevil).<\/p>\n<p style=\"text-align: justify;\" mce_style=\"text-align: justify;\"><\/p>\n<p style=\"text-align: justify;\" mce_style=\"text-align: justify;\"><span style=\"font-size: small;\" mce_style=\"font-size: small;\"><span style=\"line-height: 20.799999237060547px;\" mce_style=\"line-height: 20.799999237060547px;\"><span style=\"font-size: medium;\" mce_style=\"font-size: medium;\"><span style=\"font-family: verdana, geneva;\" mce_style=\"font-family: verdana, geneva;\"><b><u>D\u00eda 13 de Diciembre.<\/u><\/b><\/span><\/span><\/span><\/span><\/p>\n<p style=\"text-align: justify;\" mce_style=\"text-align: justify;\"><span style=\"font-size: small;\" mce_style=\"font-size: small;\"><span style=\"line-height: 20.799999237060547px;\" mce_style=\"line-height: 20.799999237060547px;\"><span style=\"font-size: medium;\" mce_style=\"font-size: medium;\"><span style=\"font-family: verdana, geneva;\" mce_style=\"font-family: verdana, geneva;\">En recuerdo, siempre imborrable, de los Socios Difuntos de la Sociedad Cervantina de Esquivias, esta Asociaci\u00f3n les dedic\u00f3 una Misa en la Iglesia Parroquial de Esquivias, que otrora fuera escenario de una de las bodas mas recordadas de la historia: La del Ilustre Manco con la Hidalga esquiviana Catalina de Salazar.<\/span><\/span><\/span><\/span><\/p>\n<p style=\"text-align: justify;\" mce_style=\"text-align: justify;\"><\/p>\n<p style=\"text-align: right;\" mce_style=\"text-align: right;\"><span style=\"font-size: small;\" mce_style=\"font-family: verdana, geneva; font-size: small;\"><span style=\"line-height: 20.799999237060547px;\" mce_style=\"line-height: 20.799999237060547px;\"><span style=\"font-family: helvetica;\" mce_style=\"font-family: helvetica;\"><i><b>Sabino de Diego.<\/b><\/i><\/span><\/span><\/span><\/p>\n<p style=\"text-align: justify;\" mce_style=\"text-align: justify;\"><span style=\"font-size: medium;\" mce_style=\"font-size: medium;\"><span style=\"line-height: 1.3em;\" mce_style=\"line-height: 1.3em;\"><span style=\"font-family: verdana, geneva;\" mce_style=\"font-family: verdana, geneva;\">\u00a0<\/span><\/span><\/span><\/p>\n<p style=\"text-align: justify;\" mce_style=\"text-align: justify;\"><\/p>\n<p style=\"text-align: justify;\" mce_style=\"text-align: justify;\"><\/p>\n<p style=\"text-align: justify;\" mce_style=\"text-align: justify;\"><\/p>\n<p style=\"text-align: justify;\" mce_style=\"text-align: justify;\"><\/p>\n<p style=\"text-align: justify;\" mce_style=\"text-align: justify;\"><span style=\"font-size: medium;\" mce_style=\"font-size: medium;\"><span style=\"line-height: 1.3em;\" mce_style=\"line-height: 1.3em;\"><span style=\"font-family: verdana, geneva;\" mce_style=\"font-family: verdana, geneva;\"><br \/><\/span><\/span><\/span><\/p>\n<p style=\"text-align: justify;\" mce_style=\"text-align: justify;\"><span style=\"font-size: medium;\" mce_style=\"font-size: medium;\">\u00a0<\/span><\/p>\n","protected":false},"excerpt":{"rendered":"<p>Se han celebrado en Esquivias las XXXV Jornadas Cervantinas, que organizan conjuntamente el Ayuntamiento y la Sociedad Cervantina de Esquivias. [&hellip;]<\/p>\n","protected":false},"author":1,"featured_media":2018,"comment_status":"open","ping_status":"open","sticky":false,"template":"","format":"standard","meta":{"footnotes":""},"categories":[14],"tags":[],"class_list":["post-2043","post","type-post","status-publish","format-standard","has-post-thumbnail","hentry","category-jornadas-cervantinas"],"_links":{"self":[{"href":"http:\/\/www.cervantinaesquivias.org\/wordpress\/wp-json\/wp\/v2\/posts\/2043","targetHints":{"allow":["GET"]}}],"collection":[{"href":"http:\/\/www.cervantinaesquivias.org\/wordpress\/wp-json\/wp\/v2\/posts"}],"about":[{"href":"http:\/\/www.cervantinaesquivias.org\/wordpress\/wp-json\/wp\/v2\/types\/post"}],"author":[{"embeddable":true,"href":"http:\/\/www.cervantinaesquivias.org\/wordpress\/wp-json\/wp\/v2\/users\/1"}],"replies":[{"embeddable":true,"href":"http:\/\/www.cervantinaesquivias.org\/wordpress\/wp-json\/wp\/v2\/comments?post=2043"}],"version-history":[{"count":0,"href":"http:\/\/www.cervantinaesquivias.org\/wordpress\/wp-json\/wp\/v2\/posts\/2043\/revisions"}],"wp:featuredmedia":[{"embeddable":true,"href":"http:\/\/www.cervantinaesquivias.org\/wordpress\/wp-json\/wp\/v2\/media\/2018"}],"wp:attachment":[{"href":"http:\/\/www.cervantinaesquivias.org\/wordpress\/wp-json\/wp\/v2\/media?parent=2043"}],"wp:term":[{"taxonomy":"category","embeddable":true,"href":"http:\/\/www.cervantinaesquivias.org\/wordpress\/wp-json\/wp\/v2\/categories?post=2043"},{"taxonomy":"post_tag","embeddable":true,"href":"http:\/\/www.cervantinaesquivias.org\/wordpress\/wp-json\/wp\/v2\/tags?post=2043"}],"curies":[{"name":"wp","href":"https:\/\/api.w.org\/{rel}","templated":true}]}}