{"id":2017,"date":"2014-11-29T15:13:13","date_gmt":"2014-11-29T15:13:13","guid":{"rendered":"http:\/\/www.cervantinaesquivias.org\/wordpress\/2014\/11\/29\/maria-del-carmen-navas-presenta-su-libro-qla-cruz-del-tiempoq\/"},"modified":"2014-11-29T15:13:13","modified_gmt":"2014-11-29T15:13:13","slug":"maria-del-carmen-navas-presenta-su-libro-qla-cruz-del-tiempoq","status":"publish","type":"post","link":"http:\/\/www.cervantinaesquivias.org\/wordpress\/2014\/11\/29\/maria-del-carmen-navas-presenta-su-libro-qla-cruz-del-tiempoq\/","title":{"rendered":"MARIA DEL CARMEN NAVAS PRESENTA SU LIBRO \u00abLA CRUZ DEL TIEMPO\u00bb"},"content":{"rendered":"<p><\/p>\n<p style=\"text-align: justify;\" mce_style=\"text-align: justify;\"><span style=\"font-size: medium;\" mce_style=\"font-size: medium;\"><span style=\"font-family: verdana, geneva;\" mce_style=\"font-family: verdana, geneva;\">La escritora Mar\u00eda del Carmen Navas Herv\u00e1s ha presentado su libro \u00abLa Cruz del Tiempo\u00bb el d\u00eda 20 de Diciembre de 2014 en el Convento de Capuchinos de Esquivias.<\/span><\/span><\/p>\n<p style=\"text-align: left;\" mce_style=\"text-align: left;\"><\/p>\n<p style=\"text-align: center;\" mce_style=\"text-align: center;\"><img loading=\"lazy\" decoding=\"async\" class=\" size-full wp-image-2013 size-full wp-image-2013\" src=\"http:\/\/www.cervantinaesquivias.org\/wordpress\/wp-content\/uploads\/2014\/11\/portada-de-la-cruz-del-tiempo.jpg\" mce_src=\"http:\/\/www.cervantinaesquivias.org\/wordpress\/wp-content\/uploads\/2014\/11\/portada-de-la-cruz-del-tiempo.jpg\" alt=\"alt\" width=\"709\" height=\"1000\" srcset=\"http:\/\/www.cervantinaesquivias.org\/wordpress\/wp-content\/uploads\/2014\/11\/portada-de-la-cruz-del-tiempo.jpg 709w, http:\/\/www.cervantinaesquivias.org\/wordpress\/wp-content\/uploads\/2014\/11\/portada-de-la-cruz-del-tiempo-213x300.jpg 213w\" sizes=\"auto, (max-width: 709px) 100vw, 709px\" \/><\/p>\n<p style=\"text-align: center;\" mce_style=\"text-align: center;\"><\/p>\n<p style=\"text-align: justify; \" mce_style=\"text-align: justify; \"><span style=\"font-size: small;\" mce_style=\"font-size: small;\"><span style=\"line-height: 20.799999237060547px;\" mce_style=\"line-height: 20.799999237060547px;\"><span style=\"font-size: medium;\" mce_style=\"font-size: medium;\"><span style=\"font-family: verdana, geneva;\" mce_style=\"font-family: verdana, geneva;\">La introducci\u00f3n del Acto corri\u00f3 a cargo de la Alcaldesa de Esquivias do\u00f1a Elena Fern\u00e1ndez de Velasco Hern\u00e1ndez, que celebr\u00f3 que de nuevo otro esquiviano se sume a<\/span><\/span><\/span><\/span><\/p>\n<p style=\"text-align: justify; \" mce_style=\"text-align: justify; \"><\/p>\n<p><span style=\"font-size: small;\" mce_style=\"font-size: small;\"><span style=\"line-height: 20.799999237060547px;\" mce_style=\"line-height: 20.799999237060547px;\"><span style=\"font-size: medium;\" mce_style=\"font-size: medium;\"><span style=\"font-family: verdana, geneva;\" mce_style=\"font-family: verdana, geneva;\"><\/span><\/span><\/span><\/span><\/p>\n<p><!--more--><\/p>\n<p><\/p>\n<p><\/p>\n<p style=\"text-align: justify; \" mce_style=\"text-align: justify; \"><span style=\"font-size: small;\" mce_style=\"font-size: small;\"><span style=\"line-height: 20.799999237060547px;\" mce_style=\"line-height: 20.799999237060547px;\"><span style=\"font-size: medium;\" mce_style=\"font-size: medium;\"><span style=\"font-family: verdana, geneva;\" mce_style=\"font-family: verdana, geneva;\">la lista de escritores que editan sus trabajos literarios.<\/span><\/span><span style=\"font-family: verdana, geneva;\" mce_style=\"font-family: verdana, geneva;\">\u00a0<\/span><\/span><\/span><\/p>\n<p style=\"text-align: justify; \" mce_style=\"text-align: justify; \"><span style=\"font-size: small;\" mce_style=\"font-size: small;\"><span style=\"line-height: 20.799999237060547px;\" mce_style=\"line-height: 20.799999237060547px;\"><span style=\"font-family: verdana, geneva;\" mce_style=\"font-family: verdana, geneva;\"><br \/><\/span><\/span><\/span><\/p>\n<p style=\"text-align: justify; \" mce_style=\"text-align: justify; \"><span style=\"font-family: verdana, geneva; font-size: medium; line-height: 1.3em;\" mce_style=\"font-family: verdana, geneva; font-size: medium; line-height: 1.3em;\">De la presentaci\u00f3n de la escritora se encarg\u00f3 Don Jos\u00e9 Rosell Villasevil, Presidente de la Sociedad Cervantina de Esquivias, a la que Mari Carmen Navas se halla vinculada.<\/span><\/p>\n<p style=\"text-align: justify; \" mce_style=\"text-align: justify; \"><\/p>\n<p style=\"text-align: center;\" mce_style=\"text-align: center;\"><span style=\"font-family: verdana, geneva; font-size: medium; line-height: 1.3em;\" mce_style=\"font-family: verdana, geneva; font-size: medium; line-height: 1.3em;\"><img loading=\"lazy\" decoding=\"async\" class=\" size-full wp-image-2014 size-full wp-image-2014\" src=\"http:\/\/www.cervantinaesquivias.org\/wordpress\/wp-content\/uploads\/2014\/11\/libro-presentacion.jpg\" mce_src=\"http:\/\/www.cervantinaesquivias.org\/wordpress\/wp-content\/uploads\/2014\/11\/libro-presentacion.jpg\" alt=\"alt\" width=\"709\" height=\"472\" srcset=\"http:\/\/www.cervantinaesquivias.org\/wordpress\/wp-content\/uploads\/2014\/11\/libro-presentacion.jpg 709w, http:\/\/www.cervantinaesquivias.org\/wordpress\/wp-content\/uploads\/2014\/11\/libro-presentacion-300x200.jpg 300w\" sizes=\"auto, (max-width: 709px) 100vw, 709px\" \/><br \/><\/span><\/p>\n<p style=\"text-align: justify;\" mce_style=\"text-align: justify;\"><\/p>\n<p style=\"text-align: justify;\" mce_style=\"text-align: justify;\"><\/p>\n<p style=\"text-align: justify;\" mce_style=\"text-align: justify;\"><span style=\"font-size: medium;\" mce_style=\"font-size: medium;\"><span style=\"font-family: verdana, geneva;\" mce_style=\"font-family: verdana, geneva;\">Las palabras de Don Jos\u00e9 Rosell, siempre llenas de poes\u00eda, ensalzaron a la escritora por su \u00abopera prima\u00bb y anim\u00f3 a todos los presentes -y a trav\u00e9s de esta p\u00e1gina a los ausentes-, con reiteraci\u00f3n, a leer \u00abLa Cruz del Tiempo\u00bb, que nos transporta a dos \u00e9pocas bien distintas entre s\u00ed: La de los Reyes Cat\u00f3licos y la del actual Siglo XXI, con una fluidez -sigui\u00f3 diciendo- que hacen de su lectura la celebraci\u00f3n por el trabajo bien hecho.<\/span><\/span><\/p>\n<p style=\"text-align: justify;\" mce_style=\"text-align: justify;\"><span style=\"font-size: medium;\" mce_style=\"font-size: medium;\"><span style=\"font-family: verdana, geneva;\" mce_style=\"font-family: verdana, geneva;\"><br \/><\/span><\/span><\/p>\n<p style=\"text-align: justify;\" mce_style=\"text-align: justify;\"><span style=\"font-size: medium;\" mce_style=\"font-size: medium;\"><span style=\"font-family: verdana, geneva;\" mce_style=\"font-family: verdana, geneva;\">Tambi\u00e9n record\u00f3 una parte de la sinopsis del libro:<\/span><\/span><\/p>\n<p style=\"text-align: justify;\" mce_style=\"text-align: justify;\"><span style=\"font-family: verdana, geneva; font-size: small;\" mce_style=\"font-family: verdana, geneva; font-size: small;\"><\/span><i style=\"font-family: verdana, geneva; font-size: medium; line-height: 1.3em;\" mce_style=\"font-family: verdana, geneva; font-size: medium; line-height: 1.3em;\">\u00abEntonces muri\u00f3 y con ello liber\u00f3 su alma\u00bb<\/i><\/p>\n<p style=\"text-align: justify;\" mce_style=\"text-align: justify;\"><span style=\"font-size: medium;\" mce_style=\"font-size: medium;\"><span style=\"font-family: verdana, geneva;\" mce_style=\"font-family: verdana, geneva;\"><i>Esta es la historia de \u00c1lvaro, un joven hu\u00e9rfano en el Toledo de los Reyes Cat\u00f3licos. Pero, \u00bfQu\u00e9 ocurre cuando un ni\u00f1o inocente es envilecido por la maldad de un hombre? \u00a0\u00bfQu\u00e9 ocurre cuando vuelcas tu amor en una mujer y te traiciona de todas las formas posibles?<\/i><\/span><\/span><\/p>\n<p style=\"text-align: center;\" mce_style=\"text-align: center;\"><\/p>\n<p style=\"text-align: center;\" mce_style=\"text-align: center;\"><\/p>\n<p style=\"text-align: center;\" mce_style=\"text-align: center;\"><img loading=\"lazy\" decoding=\"async\" class=\" size-full wp-image-2015 size-full wp-image-2015\" src=\"http:\/\/www.cervantinaesquivias.org\/wordpress\/wp-content\/uploads\/2014\/11\/autor-de-la-cruz-del-tiempo.jpg\" mce_src=\"http:\/\/www.cervantinaesquivias.org\/wordpress\/wp-content\/uploads\/2014\/11\/autor-de-la-cruz-del-tiempo.jpg\" alt=\"alt\" width=\"354\" height=\"731\" srcset=\"http:\/\/www.cervantinaesquivias.org\/wordpress\/wp-content\/uploads\/2014\/11\/autor-de-la-cruz-del-tiempo.jpg 354w, http:\/\/www.cervantinaesquivias.org\/wordpress\/wp-content\/uploads\/2014\/11\/autor-de-la-cruz-del-tiempo-145x300.jpg 145w\" sizes=\"auto, (max-width: 354px) 100vw, 354px\" \/><\/p>\n<p style=\"text-align: center;\" mce_style=\"text-align: center;\"><\/p>\n<p style=\"text-align: center;\" mce_style=\"text-align: center;\"><span style=\"font-size: medium;\" mce_style=\"font-size: medium;\"><span style=\"font-family: verdana, geneva;\" mce_style=\"font-family: verdana, geneva;\"><i><br \/><\/i><\/span><\/span><\/p>\n<p style=\"text-align: justify;\" mce_style=\"text-align: justify;\"><span style=\"font-size: medium;\" mce_style=\"font-size: medium;\"><span style=\"font-family: verdana, geneva;\" mce_style=\"font-family: verdana, geneva;\"><i>\u00abEsa ma\u00f1ana Sarah estaba especialmente nerviosa\u00bb<\/i><\/span><\/span><\/p>\n<p style=\"text-align: justify;\" mce_style=\"text-align: justify;\"><span style=\"font-size: medium;\" mce_style=\"font-size: medium;\"><span style=\"font-family: verdana, geneva;\" mce_style=\"font-family: verdana, geneva;\"><i>As\u00ed comienza la historia de Sarah, joven americana que recibe en herencia una llave, que abre una casa y un misterio milenario en el Toledo actual.<\/i><\/span><\/span><\/p>\n<p style=\"text-align: justify;\" mce_style=\"text-align: justify;\"><span style=\"font-size: medium;\" mce_style=\"font-size: medium;\"><span style=\"font-family: verdana, geneva;\" mce_style=\"font-family: verdana, geneva;\"><i>\u00bfY si al llegar a la ciudad imperial siente que ya ha estado anteriormente en ella? \u00a0\u00bfY si se encuentra atrapada por un pasado del que no puede escapar?<\/i><\/span><\/span><\/p>\n<p style=\"text-align: justify;\" mce_style=\"text-align: justify;\"><span style=\"font-size: medium;\" mce_style=\"font-size: medium;\"><span style=\"font-family: verdana, geneva;\" mce_style=\"font-family: verdana, geneva;\"><i>Estas dos historias que se unen y confluyen en un mismo punto, a pesar de su dilaci\u00f3n en el tiempo, capturan al lector, desde sus primeras l\u00edneas, sumergi\u00e9ndola en una espiral de magia y misterio.<\/i><\/span><\/span><\/p>\n<p style=\"text-align: justify;\" mce_style=\"text-align: justify;\"><span style=\"font-size: medium;\" mce_style=\"font-size: medium;\"><span style=\"font-family: verdana, geneva;\" mce_style=\"font-family: verdana, geneva;\"><i><br \/><\/i><\/span><\/span><\/p>\n<p style=\"text-align: justify;\" mce_style=\"text-align: justify;\"><span style=\"font-size: medium;\" mce_style=\"font-size: medium;\"><span style=\"font-family: verdana, geneva;\" mce_style=\"font-family: verdana, geneva;\">Finalmente intervino Mar\u00eda del Carmen Navas, que reiter\u00f3 las gracias a todo aquel que la ha apoyado, a los presentes en el acto, haciendo posible lo que desde ni\u00f1a siempre ha anhelado: escribir un libro y publicarlo, viendo colmadas con este libro todas las ilusiones depositadas en el.<\/span><\/span><\/p>\n<p style=\"text-align: justify;\" mce_style=\"text-align: justify;\"><span style=\"font-size: medium;\" mce_style=\"font-size: medium;\"><span style=\"font-family: verdana, geneva;\" mce_style=\"font-family: verdana, geneva;\"><br \/><\/span><\/span><\/p>\n<p style=\"text-align: justify;\" mce_style=\"text-align: justify;\"><span style=\"font-size: medium;\" mce_style=\"font-size: medium;\"><span style=\"font-family: verdana, geneva;\" mce_style=\"font-family: verdana, geneva;\">Prometi\u00f3 escribir <i>lo antes posible<\/i> la segunda parte de \u00abLa Cruz del Tiempo\u00bb, para lo cual ya tiene unos esbozos realizados.<\/span><\/span><\/p>\n<p style=\"text-align: justify;\" mce_style=\"text-align: justify;\"><span style=\"font-size: medium;\" mce_style=\"font-size: medium;\"><span style=\"font-family: verdana, geneva;\" mce_style=\"font-family: verdana, geneva;\"><br \/><\/span><\/span><\/p>\n<p style=\"text-align: justify;\" mce_style=\"text-align: justify;\"><span style=\"font-size: medium;\" mce_style=\"font-size: medium;\"><span style=\"font-family: verdana, geneva;\" mce_style=\"font-family: verdana, geneva;\">La presentaci\u00f3n de este libro, super\u00f3 las mas optimistas expectativas que uno se pueda imaginar. Una presentaci\u00f3n de un libro, de una escritora novel, sobre un libro que no es de prensa amarilla, ni de corrupci\u00f3n o de otros temas mas \u00abatrayentes\u00bb, con una afluencia de p\u00fablico de mas de 120 personas -bastantes permanecieron de pie-, no es usual.\u00a0<\/span><\/span><\/p>\n<p style=\"text-align: justify;\" mce_style=\"text-align: justify;\"><span style=\"font-size: medium;\" mce_style=\"font-size: medium;\"><span style=\"font-family: verdana, geneva;\" mce_style=\"font-family: verdana, geneva;\"><br \/><\/span><\/span><\/p>\n<p style=\"text-align: justify;\" mce_style=\"text-align: justify;\"><span style=\"font-size: medium;\" mce_style=\"font-size: medium;\"><span style=\"font-family: verdana, geneva;\" mce_style=\"font-family: verdana, geneva;\">Cuando nos hemos encontrado en la presentaci\u00f3n de libros como esta, donde la afluencia de p\u00fablico ronda las 20 o 30 personas, y lo hallamos normal, con la presentaci\u00f3n de \u00abLa Cruz del Tiempo\u00bb no nos queda mas que felicitar a Mar\u00eda del Carmen Navas Herv\u00e1s por su capacidad de convocatoria, y a los asistentes por su capacidad de respuesta. Enhorabuena.<\/span><\/span><\/p>\n<p style=\"text-align: justify;\" mce_style=\"text-align: justify;\"><\/p>\n<p style=\"text-align: justify;\" mce_style=\"text-align: justify;\"><\/p>\n<p style=\"text-align: center;\" mce_style=\"text-align: center;\"><img loading=\"lazy\" decoding=\"async\" class=\" size-full wp-image-2016 size-full wp-image-2016\" src=\"http:\/\/www.cervantinaesquivias.org\/wordpress\/wp-content\/uploads\/2014\/11\/libro-publico.jpg\" mce_src=\"http:\/\/www.cervantinaesquivias.org\/wordpress\/wp-content\/uploads\/2014\/11\/libro-publico.jpg\" alt=\"alt\" width=\"709\" height=\"437\" srcset=\"http:\/\/www.cervantinaesquivias.org\/wordpress\/wp-content\/uploads\/2014\/11\/libro-publico.jpg 709w, http:\/\/www.cervantinaesquivias.org\/wordpress\/wp-content\/uploads\/2014\/11\/libro-publico-300x185.jpg 300w\" sizes=\"auto, (max-width: 709px) 100vw, 709px\" \/><\/p>\n<p style=\"text-align: right;\" mce_style=\"text-align: right;\"><\/p>\n<p style=\"text-align: right;\" mce_style=\"text-align: right;\"><\/p>\n<p style=\"text-align: right;\" mce_style=\"text-align: right;\"><span style=\"font-size: small;\" mce_style=\"font-size: small;\"><span style=\"font-family: helvetica;\" mce_style=\"font-family: helvetica;\"><i><b>Sabino de Diego.<\/b><\/i><\/span><\/span><\/p>\n<p style=\"text-align: center;\" mce_style=\"text-align: center;\"><\/p>\n<p style=\"text-align: center;\" mce_style=\"text-align: center;\"><\/p>\n<p style=\"text-align: center;\" mce_style=\"text-align: center;\"><\/p>\n<p style=\"text-align: center;\" mce_style=\"text-align: center;\"><\/p>\n<p style=\"text-align: center;\" mce_style=\"text-align: center;\"><\/p>\n<p style=\"text-align: center;\" mce_style=\"text-align: center;\"><\/p>\n<p style=\"text-align: center;\" mce_style=\"text-align: center;\"><\/p>\n<p style=\"text-align: center;\" mce_style=\"text-align: center;\"><\/p>\n<p style=\"text-align: center;\" mce_style=\"text-align: center;\"><span style=\"font-size: medium;\" mce_style=\"font-size: medium;\"><span style=\"font-family: verdana, geneva;\" mce_style=\"font-family: verdana, geneva;\"><br \/><\/span><\/span><\/p>\n","protected":false},"excerpt":{"rendered":"<p>La escritora Mar\u00eda del Carmen Navas Herv\u00e1s ha presentado su libro \u00abLa Cruz del Tiempo\u00bb el d\u00eda 20 de Diciembre [&hellip;]<\/p>\n","protected":false},"author":1,"featured_media":2013,"comment_status":"open","ping_status":"open","sticky":false,"template":"","format":"standard","meta":{"footnotes":""},"categories":[9],"tags":[],"class_list":["post-2017","post","type-post","status-publish","format-standard","has-post-thumbnail","hentry","category-noticias-de-la-web"],"_links":{"self":[{"href":"http:\/\/www.cervantinaesquivias.org\/wordpress\/wp-json\/wp\/v2\/posts\/2017","targetHints":{"allow":["GET"]}}],"collection":[{"href":"http:\/\/www.cervantinaesquivias.org\/wordpress\/wp-json\/wp\/v2\/posts"}],"about":[{"href":"http:\/\/www.cervantinaesquivias.org\/wordpress\/wp-json\/wp\/v2\/types\/post"}],"author":[{"embeddable":true,"href":"http:\/\/www.cervantinaesquivias.org\/wordpress\/wp-json\/wp\/v2\/users\/1"}],"replies":[{"embeddable":true,"href":"http:\/\/www.cervantinaesquivias.org\/wordpress\/wp-json\/wp\/v2\/comments?post=2017"}],"version-history":[{"count":0,"href":"http:\/\/www.cervantinaesquivias.org\/wordpress\/wp-json\/wp\/v2\/posts\/2017\/revisions"}],"wp:featuredmedia":[{"embeddable":true,"href":"http:\/\/www.cervantinaesquivias.org\/wordpress\/wp-json\/wp\/v2\/media\/2013"}],"wp:attachment":[{"href":"http:\/\/www.cervantinaesquivias.org\/wordpress\/wp-json\/wp\/v2\/media?parent=2017"}],"wp:term":[{"taxonomy":"category","embeddable":true,"href":"http:\/\/www.cervantinaesquivias.org\/wordpress\/wp-json\/wp\/v2\/categories?post=2017"},{"taxonomy":"post_tag","embeddable":true,"href":"http:\/\/www.cervantinaesquivias.org\/wordpress\/wp-json\/wp\/v2\/tags?post=2017"}],"curies":[{"name":"wp","href":"https:\/\/api.w.org\/{rel}","templated":true}]}}