{"id":2001,"date":"2014-10-28T15:11:59","date_gmt":"2014-10-28T15:11:59","guid":{"rendered":"http:\/\/www.cervantinaesquivias.org\/wordpress\/2014\/10\/28\/sancho-panza-un-esquiviano-en-el-quijote-esquivias-31-de-octubre-de-2014\/"},"modified":"2014-10-28T15:11:59","modified_gmt":"2014-10-28T15:11:59","slug":"sancho-panza-un-esquiviano-en-el-quijote-esquivias-31-de-octubre-de-2014","status":"publish","type":"post","link":"http:\/\/www.cervantinaesquivias.org\/wordpress\/2014\/10\/28\/sancho-panza-un-esquiviano-en-el-quijote-esquivias-31-de-octubre-de-2014\/","title":{"rendered":"SANCHO PANZA. UN ESQUIVIANO DE EXCEPCI\u00d3N EN EL QUIJOTE. Esquivias, 31 de Octubre de 2014."},"content":{"rendered":"<p style=\"text-align: center;\" mce_style=\"text-align: center;\"><span style=\"font-size: medium;\" mce_style=\"font-size: medium;\"><span style=\"font-size: large;\" mce_style=\"font-size: large;\"><b>NOTICIA DE EXCEPCI\u00d3N<\/b><\/span><\/span><\/p>\n<p style=\"text-align: justify;\" mce_style=\"text-align: justify;\"><span style=\"font-size: medium;\" mce_style=\"font-size: medium;\"><span style=\"font-family: verdana, geneva;\" mce_style=\"font-family: verdana, geneva;\">Los servicios de investigaci\u00f3n de la Sociedad Cervantina, han hallado en los Archivos Parroquiales de Esquivias documentos originales, in\u00e9ditos, sobre la figura de Sancho Panza, escudero de Don Quijote de la Mancha.<\/span><\/span><\/p>\n<p><span style=\"font-family: verdana, geneva; font-size: medium; line-height: 1.3em; text-align: justify;\" mce_style=\"font-family: verdana, geneva; font-size: medium; line-height: 1.3em; text-align: justify;\">El dato que se ha hecho p\u00fablico, es que el 20 de Junio de 1569 fue bautizado un ni\u00f1o llamado Sancho.<\/span><\/p>\n<p style=\"text-align: justify;\" mce_style=\"text-align: justify;\"><\/p>\n<p style=\"text-align: justify;\" mce_style=\"text-align: justify;\"><span style=\"font-size: medium;\" mce_style=\"font-size: medium;\"><span style=\"font-family: verdana, geneva;\" mce_style=\"font-family: verdana, geneva;\"><br \/><\/span><\/span><\/p>\n<p style=\"text-align: center;\" mce_style=\"text-align: center;\"><span style=\"font-size: medium;\" mce_style=\"font-size: medium;\"><span style=\"font-family: verdana, geneva;\" mce_style=\"font-family: verdana, geneva;\"><img loading=\"lazy\" decoding=\"async\" class=\" size-full wp-image-1999 size-full wp-image-1999\" src=\"http:\/\/www.cervantinaesquivias.org\/wordpress\/wp-content\/uploads\/2014\/10\/acta-de-bautismo-web.jpg\" mce_src=\"http:\/\/www.cervantinaesquivias.org\/wordpress\/wp-content\/uploads\/2014\/10\/acta-de-bautismo-web.jpg\" alt=\"alt\" width=\"709\" height=\"202\" srcset=\"http:\/\/www.cervantinaesquivias.org\/wordpress\/wp-content\/uploads\/2014\/10\/acta-de-bautismo-web.jpg 709w, http:\/\/www.cervantinaesquivias.org\/wordpress\/wp-content\/uploads\/2014\/10\/acta-de-bautismo-web-300x85.jpg 300w\" sizes=\"auto, (max-width: 709px) 100vw, 709px\" \/><br \/><\/span><\/span><\/p>\n<p style=\"text-align: center;\" mce_style=\"text-align: center;\">(Acta de bautismo de Sancho. B011041r-3\u00aa, procedente de los Archivos Parroquiales de Esquivias)<\/p>\n<p style=\"text-align: justify;\" mce_style=\"text-align: justify;\"><\/p>\n<p style=\"text-align: justify;\" mce_style=\"text-align: justify;\"><span style=\"font-size: medium;\" mce_style=\"font-size: medium;\"><span style=\"font-family: verdana, geneva;\" mce_style=\"font-family: verdana, geneva;\">Transcripci\u00f3n del Acta:<\/span><\/span><\/p>\n<p style=\"text-align: justify;\" mce_style=\"text-align: justify;\"><span style=\"font-family: verdana, geneva; font-size: medium; line-height: 1.3em;\" mce_style=\"font-family: verdana, geneva; font-size: medium; line-height: 1.3em;\">Al margen:<\/span><b style=\"font-family: verdana, geneva; font-size: medium; line-height: 1.3em; font-style: italic;\" mce_style=\"font-family: verdana, geneva; font-size: medium; line-height: 1.3em; font-style: italic;\"> Sancho.<\/b><\/p>\n<p style=\"text-align: justify;\" mce_style=\"text-align: justify;\"><\/p>\n<p><span style=\"font-size: medium;\" mce_style=\"font-size: medium;\"><span style=\"font-family: verdana, geneva;\" mce_style=\"font-family: verdana, geneva;\"><b style=\"font-style: italic;\" mce_style=\"font-style: italic;\"><\/b><\/span><\/span><\/p>\n<p><!--more--><\/p>\n<p><\/p>\n<p><\/p>\n<p style=\"text-align: justify;\" mce_style=\"text-align: justify;\"><span style=\"font-size: medium;\" mce_style=\"font-size: medium;\"><span style=\"font-family: verdana, geneva;\" mce_style=\"font-family: verdana, geneva;\"><i><b>\u00abEn XX de Junio del dicho a\u00f1o (1569) El dicho Se\u00f1or Pedro de Huete bautizo un hijo de los se\u00f1ores Hernando de Gaona y Luisa de Godoi su mujer que se llamo Sanchio fueron sus compadres de pila el Reverendo Se\u00f1or Juan de Palacios y la se\u00f1ora Ana de Vargas mujer del Se\u00f1or Gaspar de Gaona. Testigos Juan Quixada E Juan Barroso Vecinos del dicho Lugar\u00bb.<\/b><\/i><\/span><\/span><\/p>\n<p style=\"text-align: center;\" mce_style=\"text-align: center;\"><span style=\"font-size: medium;\" mce_style=\"font-size: medium;\"><span style=\"font-family: verdana, geneva;\" mce_style=\"font-family: verdana, geneva;\"><i><b>Pedro de Huete.<\/b><\/i><\/span><\/span><\/p>\n<p style=\"text-align: justify;\" mce_style=\"text-align: justify;\"><\/p>\n<p style=\"text-align: justify;\" mce_style=\"text-align: justify;\"><span style=\"font-size: medium; font-family: verdana, geneva;\" mce_style=\"font-size: medium; font-family: verdana, geneva;\">Cabe destacar, que el Padrino de Bautismo de este ni\u00f1o llamado Sancho, fue Don Juan de Palacios, t\u00edo de Catalina de Salazar y Palacios, que despos\u00f3 a esta con Miguel de Cervantes Saavedra.\u00a0<\/span><\/p>\n<p style=\"text-align: justify;\" mce_style=\"text-align: justify;\"><span style=\"font-size: medium; font-family: verdana, geneva;\" mce_style=\"font-size: medium; font-family: verdana, geneva;\">Al actuar tambi\u00e9n Don Juan de Palacios, como padrino de Bautismo de los otros tres hermanos de Sancho: Gaspar, Ana y Mar\u00eda, confirma la excelente relaci\u00f3n que exist\u00eda entre la familia de Catalina, y por tanto de Cervantes, con Hernando de Gaona y Do\u00f1a Luisa de Godoy, padres de Sancho.<\/span><\/p>\n<p style=\"text-align: justify;\" mce_style=\"text-align: justify;\"><span style=\"font-size: medium; font-family: verdana, geneva;\" mce_style=\"font-size: medium; font-family: verdana, geneva;\">En cuanto a los testigos, Don Juan Quixada era el hermano mayor de Do\u00f1a Luisa de Godoy, madre de Sancho, el cual gan\u00f3 Carta Executoria de Hidalgu\u00eda de los Quixadas de Esquivias en la Chanciller\u00eda de Valladolid, el 30 de Noviembre de 1569.<\/span><\/p>\n<p style=\"text-align: justify;\" mce_style=\"text-align: justify;\"><span style=\"font-size: medium; font-family: verdana, geneva;\" mce_style=\"font-size: medium; font-family: verdana, geneva;\">As\u00ed mismo, se han hallado sendos actas de Bautismo de los moriscos de apellido Ricote, vecinos de Esquivias y contempor\u00e1neos de Cervantes, en los que act\u00faan como padrinos los padres de Sancho, Hernando de Gaona y Do\u00f1a Luisa de Godoy, para que, en ausencia de los padres del bautizado, sean estos los que se encargaran de la educaci\u00f3n de los reci\u00e9n bautizados.<\/span><\/p>\n<p style=\"text-align: justify;\" mce_style=\"text-align: justify;\"><span style=\"font-size: medium; font-family: verdana, geneva;\" mce_style=\"font-size: medium; font-family: verdana, geneva;\">Es evidente, que a\u00fan no existiendo dicha ausencia de los padres de los bautizados, Hernando de Gaona y Do\u00f1a Luisa de Godoy necesariamente tendr\u00edan que encargarse de dicha educaci\u00f3n desde el primer momento de tomar las aguas bautismales, ya que sus padres, por su origen, no pod\u00edan encargarse de ello. De tal forma, que estos ni\u00f1os, los Ricote, y Sancho, necesariamente se hallaban en continuo contacto en su ni\u00f1ez, juventud y madurez.<\/span><\/p>\n<p style=\"text-align: justify;\" mce_style=\"text-align: justify;\"><span style=\"font-family: verdana, geneva; font-size: medium; line-height: 1.3em;\" mce_style=\"font-family: verdana, geneva; font-size: medium; line-height: 1.3em;\">Algunos de los documentos de que se dispone -treinta de los mas de cien hallados-, fiables, reales e irrefutables de uno de los personajes protagonistas del escudero del Hidaldo Don Quijote, han sido desvelados el d\u00eda 10 de Diciembre de 2014 en una Conferencia que Sabino de Diego dio, bajo el t\u00edtulo \u00abEl Ingenioso Sancho Panza\u00bb, en la Casa de Cultura de Esquivias, dentro de los actos programados en las XXXV Jornadas Cervantinas de Esquivias 2014.<\/span><\/p>\n<p style=\"text-align: justify;\" mce_style=\"text-align: justify;\"><span style=\"font-size: medium;\" mce_style=\"font-size: medium;\"><span style=\"font-family: verdana, geneva;\" mce_style=\"font-family: verdana, geneva;\">La noticia del hallazgo de documentos sobre la persona de Sancho Panza en Esquivias, refuerzan de forma concluyente la tesis de que Cervantes escogiera personajes naturales y vecinos de Esquivias para incluirlos en El Quijote, as\u00ed como de situar al entonces llamado <b>Lugar de Esquivias<\/b> como aquel <b>Lugar de la Mancha<\/b> de cuyo nombre \u00abno quiso acordarse\u00bb.<\/span><\/span><\/p>\n<p style=\"text-align: justify;\" mce_style=\"text-align: justify;\"><span style=\"font-size: medium;\" mce_style=\"font-size: medium;\"><span style=\"font-family: verdana, geneva;\" mce_style=\"font-family: verdana, geneva;\"><br \/><\/span><\/span><\/p>\n<p style=\"text-align: center;\" mce_style=\"text-align: center;\"><img loading=\"lazy\" decoding=\"async\" class=\" size-full wp-image-2000 size-full wp-image-2000\" src=\"http:\/\/www.cervantinaesquivias.org\/wordpress\/wp-content\/uploads\/2014\/10\/200-sancho-y-burro-aracil.jpg\" mce_src=\"http:\/\/www.cervantinaesquivias.org\/wordpress\/wp-content\/uploads\/2014\/10\/200-sancho-y-burro-aracil.jpg\" alt=\"alt\" width=\"709\" height=\"713\" srcset=\"http:\/\/www.cervantinaesquivias.org\/wordpress\/wp-content\/uploads\/2014\/10\/200-sancho-y-burro-aracil.jpg 709w, http:\/\/www.cervantinaesquivias.org\/wordpress\/wp-content\/uploads\/2014\/10\/200-sancho-y-burro-aracil-298x300.jpg 298w, http:\/\/www.cervantinaesquivias.org\/wordpress\/wp-content\/uploads\/2014\/10\/200-sancho-y-burro-aracil-150x150.jpg 150w\" sizes=\"auto, (max-width: 709px) 100vw, 709px\" \/><\/p>\n<p style=\"text-align: right;\" mce_style=\"text-align: right;\"><\/p>\n<p style=\"text-align: right;\" mce_style=\"text-align: right;\"><span style=\"font-size: medium;\" mce_style=\"font-size: medium;\"><span style=\"font-size: small;\" mce_style=\"font-size: small;\"><span style=\"font-family: helvetica;\" mce_style=\"font-family: helvetica;\"><i><b>La Junta Directiva de la Sociedad Cervantina.<\/b><\/i><\/span><\/span><\/span><\/p>\n<p style=\"text-align: justify;\" mce_style=\"text-align: justify;\"><span style=\"font-size: medium;\" mce_style=\"font-size: medium;\"><span style=\"font-family: verdana, geneva;\" mce_style=\"font-family: verdana, geneva;\"><br \/><\/span><\/span><\/p>\n<p style=\"text-align: center;\" mce_style=\"text-align: center;\"><\/p>\n<p style=\"text-align: center;\" mce_style=\"text-align: center;\"><\/p>\n<p style=\"text-align: center;\" mce_style=\"text-align: center;\"><\/p>\n<p style=\"text-align: center;\" mce_style=\"text-align: center;\"><\/p>\n<p style=\"text-align: center;\" mce_style=\"text-align: center;\"><\/p>\n<p style=\"text-align: center;\" mce_style=\"text-align: center;\"><\/p>\n<p style=\"text-align: center;\" mce_style=\"text-align: center;\"><\/p>\n<p style=\"text-align: center;\" mce_style=\"text-align: center;\"><\/p>\n<p style=\"text-align: center;\" mce_style=\"text-align: center;\"><\/p>\n","protected":false},"excerpt":{"rendered":"<p>NOTICIA DE EXCEPCI\u00d3N Los servicios de investigaci\u00f3n de la Sociedad Cervantina, han hallado en los Archivos Parroquiales de Esquivias documentos [&hellip;]<\/p>\n","protected":false},"author":1,"featured_media":1999,"comment_status":"open","ping_status":"open","sticky":false,"template":"","format":"standard","meta":{"footnotes":""},"categories":[11],"tags":[],"class_list":["post-2001","post","type-post","status-publish","format-standard","has-post-thumbnail","hentry","category-esquivias-quijote"],"_links":{"self":[{"href":"http:\/\/www.cervantinaesquivias.org\/wordpress\/wp-json\/wp\/v2\/posts\/2001","targetHints":{"allow":["GET"]}}],"collection":[{"href":"http:\/\/www.cervantinaesquivias.org\/wordpress\/wp-json\/wp\/v2\/posts"}],"about":[{"href":"http:\/\/www.cervantinaesquivias.org\/wordpress\/wp-json\/wp\/v2\/types\/post"}],"author":[{"embeddable":true,"href":"http:\/\/www.cervantinaesquivias.org\/wordpress\/wp-json\/wp\/v2\/users\/1"}],"replies":[{"embeddable":true,"href":"http:\/\/www.cervantinaesquivias.org\/wordpress\/wp-json\/wp\/v2\/comments?post=2001"}],"version-history":[{"count":0,"href":"http:\/\/www.cervantinaesquivias.org\/wordpress\/wp-json\/wp\/v2\/posts\/2001\/revisions"}],"wp:featuredmedia":[{"embeddable":true,"href":"http:\/\/www.cervantinaesquivias.org\/wordpress\/wp-json\/wp\/v2\/media\/1999"}],"wp:attachment":[{"href":"http:\/\/www.cervantinaesquivias.org\/wordpress\/wp-json\/wp\/v2\/media?parent=2001"}],"wp:term":[{"taxonomy":"category","embeddable":true,"href":"http:\/\/www.cervantinaesquivias.org\/wordpress\/wp-json\/wp\/v2\/categories?post=2001"},{"taxonomy":"post_tag","embeddable":true,"href":"http:\/\/www.cervantinaesquivias.org\/wordpress\/wp-json\/wp\/v2\/tags?post=2001"}],"curies":[{"name":"wp","href":"https:\/\/api.w.org\/{rel}","templated":true}]}}