{"id":1992,"date":"2014-09-24T08:02:49","date_gmt":"2014-09-24T08:02:49","guid":{"rendered":"http:\/\/www.cervantinaesquivias.org\/wordpress\/2014\/09\/24\/pinta-tu-corazon-de-azul-asociacion-apat-esquivias\/"},"modified":"2014-09-24T08:02:49","modified_gmt":"2014-09-24T08:02:49","slug":"pinta-tu-corazon-de-azul-asociacion-apat-esquivias","status":"publish","type":"post","link":"http:\/\/www.cervantinaesquivias.org\/wordpress\/2014\/09\/24\/pinta-tu-corazon-de-azul-asociacion-apat-esquivias\/","title":{"rendered":"PINTA TU CORAZON DE AZUL. Asociaci\u00f3n APAT. Esquivias."},"content":{"rendered":"<p><\/p>\n<p style=\"text-align: justify;\" mce_style=\"text-align: justify;\"><span style=\"font-size: medium;\" mce_style=\"font-size: medium;\"><span style=\"font-family: verdana, geneva;\" mce_style=\"font-family: verdana, geneva;\">Con el lema <b>\u00abPinta tu coraz\u00f3n de azul\u00bb<\/b>, la Asociaci\u00f3n APAT presenta \u00ab<i>una iniciativa considerada de vital importancia a nivel social por su impacto en la educaci\u00f3n ciudadana hacia la creaci\u00f3n de una Concienciaci\u00f3n y Sensibilizaci\u00f3n hacia el trastorno de espectro autista (TEA) y trastorno generalizado del desarrollo (TGD)\u00bb.<\/i><\/span><\/span><\/p>\n<p style=\"text-align: center;\" mce_style=\"text-align: center;\"><img loading=\"lazy\" decoding=\"async\" class=\" size-full wp-image-1986 size-full wp-image-1986\" src=\"http:\/\/www.cervantinaesquivias.org\/wordpress\/wp-content\/uploads\/2014\/09\/apat-cartel.jpg\" mce_src=\"http:\/\/www.cervantinaesquivias.org\/wordpress\/wp-content\/uploads\/2014\/09\/apat-cartel.jpg\" alt=\"alt\" width=\"709\" height=\"515\" srcset=\"http:\/\/www.cervantinaesquivias.org\/wordpress\/wp-content\/uploads\/2014\/09\/apat-cartel.jpg 709w, http:\/\/www.cervantinaesquivias.org\/wordpress\/wp-content\/uploads\/2014\/09\/apat-cartel-300x218.jpg 300w\" sizes=\"auto, (max-width: 709px) 100vw, 709px\" \/><\/p>\n<p style=\"text-align: justify;\" mce_style=\"text-align: justify;\"><span style=\"font-size: medium;\" mce_style=\"font-size: medium;\"><span style=\"font-family: verdana, geneva;\" mce_style=\"font-family: verdana, geneva;\">Para ello, la Asociaci\u00f3n APAT ha programado una serie de actos a celebrar los dias <\/span><\/span><\/p>\n<p style=\"text-align: justify;\" mce_style=\"text-align: justify;\"><\/p>\n<p><!--more--><\/p>\n<p><\/p>\n<p style=\"text-align: justify;\" mce_style=\"text-align: justify;\"><span style=\"font-size: medium;\" mce_style=\"font-size: medium;\"><span style=\"font-family: verdana, geneva;\" mce_style=\"font-family: verdana, geneva;\">10 a 19 de Octubre del presente a\u00f1o de 2014 en Esquivias:<\/span><\/span><\/p>\n<p style=\"text-align: justify;\" mce_style=\"text-align: justify;\"><span style=\"font-size: medium;\" mce_style=\"font-size: medium;\"><span style=\"font-family: verdana, geneva;\" mce_style=\"font-family: verdana, geneva;\"><br \/><\/span><\/span><\/p>\n<p style=\"text-align: justify;\" mce_style=\"text-align: justify;\"><span style=\"font-size: medium;\" mce_style=\"font-size: medium;\"><span style=\"font-family: verdana, geneva;\" mce_style=\"font-family: verdana, geneva;\"><u><b>D\u00eda 10, viernes.<\/b><\/u><\/span><\/span><\/p>\n<p style=\"text-align: justify;\" mce_style=\"text-align: justify;\"><span style=\"font-size: medium;\" mce_style=\"font-size: medium;\"><span style=\"font-family: verdana, geneva;\" mce_style=\"font-family: verdana, geneva;\">En la <b>Casa de Cultura de Esquivias<\/b>, representaci\u00f3n de la obra de teatro \u00abMaribel y la extra\u00f1a familia\u00bb a cargo del Grupo de Teatro Aficionado de Esquivias, bajo la direcci\u00f3n de Oliver Romero.<\/span><\/span><\/p>\n<p style=\"text-align: justify;\" mce_style=\"text-align: justify;\"><span style=\"font-size: medium;\" mce_style=\"font-size: medium;\"><span style=\"font-family: verdana, geneva;\" mce_style=\"font-family: verdana, geneva;\"><b>A las 20,30 horas<\/b>, entrada de donativo hasta completar aforo.<\/span><\/span><\/p>\n<p style=\"text-align: justify;\" mce_style=\"text-align: justify;\"><\/p>\n<p style=\"text-align: center;\" mce_style=\"text-align: center;\"><img loading=\"lazy\" decoding=\"async\" class=\" size-full wp-image-1987 size-full wp-image-1987\" src=\"http:\/\/www.cervantinaesquivias.org\/wordpress\/wp-content\/uploads\/2014\/09\/apat-maribel-2.jpg\" mce_src=\"http:\/\/www.cervantinaesquivias.org\/wordpress\/wp-content\/uploads\/2014\/09\/apat-maribel-2.jpg\" alt=\"alt\" width=\"718\" height=\"1277\" srcset=\"http:\/\/www.cervantinaesquivias.org\/wordpress\/wp-content\/uploads\/2014\/09\/apat-maribel-2.jpg 718w, http:\/\/www.cervantinaesquivias.org\/wordpress\/wp-content\/uploads\/2014\/09\/apat-maribel-2-169x300.jpg 169w, http:\/\/www.cervantinaesquivias.org\/wordpress\/wp-content\/uploads\/2014\/09\/apat-maribel-2-576x1024.jpg 576w\" sizes=\"auto, (max-width: 718px) 100vw, 718px\" \/><\/p>\n<p style=\"text-align: center;\" mce_style=\"text-align: center;\"><\/p>\n<p style=\"text-align: justify;\" mce_style=\"text-align: justify;\"><span style=\"font-size: medium;\" mce_style=\"font-size: medium;\"><span style=\"font-family: verdana, geneva;\" mce_style=\"font-family: verdana, geneva;\"><u><b>D\u00eda 11, S\u00e1bado.<\/b><\/u><\/span><\/span><\/p>\n<p style=\"text-align: justify;\" mce_style=\"text-align: justify;\"><span style=\"font-size: medium;\" mce_style=\"font-size: medium;\"><span style=\"font-family: verdana, geneva;\" mce_style=\"font-family: verdana, geneva;\">En la <b>Casa de Cultura de Esquivias<\/b>, Gala Ben\u00e9fica llena de sorpresas y grandes profesionales, entre ellos el c\u00f3mico Alberto Aldi, los magos Pablo Santoja, Fran Coppola, Miguel Pastor; el mago Jim; la magia de Fer, el mago Pecha y el mentalista Julio Barrena.<\/span><\/span><\/p>\n<p style=\"text-align: justify;\" mce_style=\"text-align: justify;\"><span style=\"font-size: medium;\" mce_style=\"font-size: medium;\"><span style=\"font-family: verdana, geneva;\" mce_style=\"font-family: verdana, geneva;\"><b>A las 18,00 horas<\/b>, entrada de donativo hasta completar aforo.<\/span><\/span><\/p>\n<p style=\"text-align: justify;\" mce_style=\"text-align: justify;\"><\/p>\n<p style=\"text-align: center;\" mce_style=\"text-align: center;\"><img loading=\"lazy\" decoding=\"async\" class=\" size-full wp-image-1988 size-full wp-image-1988\" src=\"http:\/\/www.cervantinaesquivias.org\/wordpress\/wp-content\/uploads\/2014\/09\/apat-magia.jpg\" mce_src=\"http:\/\/www.cervantinaesquivias.org\/wordpress\/wp-content\/uploads\/2014\/09\/apat-magia.jpg\" alt=\"alt\" width=\"680\" height=\"904\" srcset=\"http:\/\/www.cervantinaesquivias.org\/wordpress\/wp-content\/uploads\/2014\/09\/apat-magia.jpg 680w, http:\/\/www.cervantinaesquivias.org\/wordpress\/wp-content\/uploads\/2014\/09\/apat-magia-226x300.jpg 226w\" sizes=\"auto, (max-width: 680px) 100vw, 680px\" \/><\/p>\n<p style=\"text-align: justify;\" mce_style=\"text-align: justify;\"><\/p>\n<p style=\"text-align: justify;\" mce_style=\"text-align: justify;\"><span style=\"font-size: medium;\" mce_style=\"font-size: medium;\"><span style=\"font-family: verdana, geneva;\" mce_style=\"font-family: verdana, geneva;\"><br \/><\/span><\/span><\/p>\n<p style=\"text-align: justify;\" mce_style=\"text-align: justify;\"><span style=\"font-size: small;\" mce_style=\"font-family: verdana, geneva; font-size: small;\"><u><span style=\"font-size: medium;\" mce_style=\"font-size: medium;\"><span style=\"font-family: verdana, geneva;\" mce_style=\"font-family: verdana, geneva;\"><b>D\u00eda 12, Domingo.<\/b><\/span><\/span><\/u><\/span><\/p>\n<p style=\"text-align: justify;\" mce_style=\"text-align: justify;\"><span style=\"font-size: medium;\" mce_style=\"font-size: medium;\"><span style=\"font-family: verdana, geneva;\" mce_style=\"font-family: verdana, geneva;\"><b>En la Discoteca HH de Esquivias<\/b>, concierto del Grupo Musical \u00abNiebla\u00bb.<\/span><\/span><\/p>\n<p style=\"text-align: justify;\" mce_style=\"text-align: justify;\"><span style=\"font-size: medium;\" mce_style=\"font-size: medium;\"><span style=\"font-family: verdana, geneva;\" mce_style=\"font-family: verdana, geneva;\"><b>A las 19,00 horas<\/b>, entrada de donativo hasta completar aforo.<\/span><\/span><\/p>\n<p style=\"text-align: justify;\" mce_style=\"text-align: justify;\"><\/p>\n<p style=\"text-align: center;\" mce_style=\"text-align: center;\"><img loading=\"lazy\" decoding=\"async\" class=\" size-full wp-image-1989 size-full wp-image-1989\" src=\"http:\/\/www.cervantinaesquivias.org\/wordpress\/wp-content\/uploads\/2014\/09\/apat-niebla-2.jpg\" mce_src=\"http:\/\/www.cervantinaesquivias.org\/wordpress\/wp-content\/uploads\/2014\/09\/apat-niebla-2.jpg\" alt=\"alt\" width=\"709\" height=\"1002\" srcset=\"http:\/\/www.cervantinaesquivias.org\/wordpress\/wp-content\/uploads\/2014\/09\/apat-niebla-2.jpg 709w, http:\/\/www.cervantinaesquivias.org\/wordpress\/wp-content\/uploads\/2014\/09\/apat-niebla-2-212x300.jpg 212w\" sizes=\"auto, (max-width: 709px) 100vw, 709px\" \/><\/p>\n<p style=\"text-align: justify;\" mce_style=\"text-align: justify;\"><\/p>\n<p style=\"text-align: justify;\" mce_style=\"text-align: justify;\"><span style=\"font-size: medium;\" mce_style=\"font-size: medium;\"><span style=\"font-family: verdana, geneva;\" mce_style=\"font-family: verdana, geneva;\"><br \/><\/span><\/span><\/p>\n<p style=\"text-align: justify;\" mce_style=\"text-align: justify;\"><span style=\"font-size: small;\" mce_style=\"font-family: verdana, geneva; font-size: small;\"><u><span style=\"font-size: medium;\" mce_style=\"font-size: medium;\"><span style=\"font-family: verdana, geneva;\" mce_style=\"font-family: verdana, geneva;\"><b>D\u00edas 13 al 17, ambos inclusive<\/b>.<\/span><\/span><\/u><\/span><\/p>\n<p style=\"text-align: justify;\" mce_style=\"text-align: justify;\"><span style=\"font-size: medium;\" mce_style=\"font-size: medium;\"><span style=\"font-family: verdana, geneva;\" mce_style=\"font-family: verdana, geneva;\">Para las ni\u00f1as y ni\u00f1os en edad escolar, incluyendo los que van a la Guarder\u00eda y los de Bachiller, recibir\u00e1n una programaci\u00f3n de Sensibilizaci\u00f3n y Concienciaci\u00f3n del Autismpo. Se impartir\u00e1n dos charlas por la Psic\u00f3loga Cl\u00ednica de la Asociaci\u00f3n APAT, junto al CENTRO CRECER, CONSEJERIA DE EDUCACI\u00d3N Y FEDERACI\u00d3N DE AUTISMO DE CASTILLA LA MANCHA.<\/span><\/span><\/p>\n<p style=\"text-align: justify;\" mce_style=\"text-align: justify;\"><span style=\"font-family: verdana, geneva; font-size: small;\" mce_style=\"font-family: verdana, geneva; font-size: small;\"><br \/><\/span><\/p>\n<p style=\"text-align: justify;\" mce_style=\"text-align: justify;\"><span style=\"font-size: small;\" mce_style=\"font-size: small;\"><u style=\"style\" mce_style=\"style\"><span style=\"font-size: medium;\" mce_style=\"font-size: medium;\"><span style=\"font-family: verdana, geneva;\" mce_style=\"font-family: verdana, geneva;\"><b>El d\u00eda 15, mi\u00e9rcoles.<\/b><\/span><\/span><\/u><\/span><\/p>\n<p style=\"text-align: justify;\" mce_style=\"text-align: justify;\"><span style=\"font-size: medium;\" mce_style=\"font-size: medium;\"><span style=\"font-family: verdana, geneva;\" mce_style=\"font-family: verdana, geneva;\">En la Casa de Cultura de Esquivias, se impartir\u00e1n dos charlas: <b>La primera a las 16,00 horas<\/b>, dirigida a Profesores, Docentes, Miembros de los Claustros y Equipos de Orientaci\u00f3n de los diferentes centros educativos de infantil, primaria, secundaria y bachiller.<\/span><\/span><\/p>\n<p style=\"text-align: justify;\" mce_style=\"text-align: justify;\"><span style=\"font-size: medium;\" mce_style=\"font-size: medium;\"><span style=\"font-family: verdana, geneva;\" mce_style=\"font-family: verdana, geneva;\"><b>En el mismo lugar, a las 18,00 horas<\/b>, dirigida a los padres, familiares y a todo el que desee asistir, donde podr\u00e1n intervenir para trasmitir sus experiencias y contestar a preguntas de las personas interesadas en conocer todo sobre el trastorno en s\u00ed y de la utilizaci\u00f3n de las herramientas y pasos que se dan ante ciertas situaciones de la vida cotidiana, como forma de acercar a todos aquellos que quieran conocer el d\u00eda a d\u00eda del trastorno.<\/span><\/span><\/p>\n<p style=\"text-align: justify;\" mce_style=\"text-align: justify;\"><span style=\"font-size: medium;\" mce_style=\"font-size: medium;\"><span style=\"font-family: verdana, geneva;\" mce_style=\"font-family: verdana, geneva;\">Durante esta seman, entre los ni\u00f1os de 5\u00ba y 6\u00ba de primaria, de secundaria y bachiller, se har\u00e1 un concurso de dibujos relacionado con el cuento creado para esta seman, que tendr\u00e1 un premio correspondiente y la exposici\u00f3n de los trabajos realizados.<\/span><\/span><\/p>\n<p style=\"text-align: justify;\" mce_style=\"text-align: justify;\"><\/p>\n<p style=\"text-align: center;\" mce_style=\"text-align: center;\"><img loading=\"lazy\" decoding=\"async\" class=\" size-full wp-image-1990 size-full wp-image-1990\" src=\"http:\/\/www.cervantinaesquivias.org\/wordpress\/wp-content\/uploads\/2014\/09\/apat-otro-cartel.jpg\" mce_src=\"http:\/\/www.cervantinaesquivias.org\/wordpress\/wp-content\/uploads\/2014\/09\/apat-otro-cartel.jpg\" alt=\"alt\" width=\"706\" height=\"431\" srcset=\"http:\/\/www.cervantinaesquivias.org\/wordpress\/wp-content\/uploads\/2014\/09\/apat-otro-cartel.jpg 706w, http:\/\/www.cervantinaesquivias.org\/wordpress\/wp-content\/uploads\/2014\/09\/apat-otro-cartel-300x183.jpg 300w\" sizes=\"auto, (max-width: 706px) 100vw, 706px\" \/><\/p>\n<p style=\"text-align: justify;\" mce_style=\"text-align: justify;\"><span style=\"font-size: medium;\" mce_style=\"font-size: medium;\"><span style=\"font-family: verdana, geneva;\" mce_style=\"font-family: verdana, geneva;\"><br \/><\/span><\/span><\/p>\n<p style=\"text-align: justify;\" mce_style=\"text-align: justify;\"><span style=\"font-size: medium;\" mce_style=\"font-size: medium;\"><span style=\"font-family: verdana, geneva;\" mce_style=\"font-family: verdana, geneva;\"><u><b>D\u00eda 18, S\u00e1bado.<\/b><\/u><\/span><\/span><\/p>\n<p style=\"text-align: justify;\" mce_style=\"text-align: justify;\"><span style=\"font-size: medium;\" mce_style=\"font-size: medium;\"><span style=\"font-family: verdana, geneva;\" mce_style=\"font-family: verdana, geneva;\"><b>En el Paseo de los \u00c1lamos<\/b>,<b> de 10,00 a 14,00 horas<\/b> se hallar\u00e1n expuestos unos Stands, tanto de la Asociaci\u00f3n APAT como de las Asociaciones Locales de Esquivias que los deseen para recaudar fondos para sus Asociaciones.<\/span><\/span><\/p>\n<p style=\"text-align: justify;\" mce_style=\"text-align: justify;\"><span style=\"font-size: medium;\" mce_style=\"font-size: medium;\"><span style=\"font-family: verdana, geneva;\" mce_style=\"font-family: verdana, geneva;\"><br \/><\/span><\/span><\/p>\n<p style=\"text-align: justify;\" mce_style=\"text-align: justify;\"><span style=\"font-size: medium;\" mce_style=\"font-size: medium;\"><span style=\"font-family: verdana, geneva;\" mce_style=\"font-family: verdana, geneva;\"><b>En el Pabell\u00f3n Deportivo de Esquivias<\/b>, habr\u00e1 una Exibici\u00f3n Deportiva de Artes Marciales y Baile. Varias Escuelas Deportivas nos sorprenderan con sus exhibiciones, la mayor\u00eda ser\u00e1n ni\u00f1os y entre ellos dos ni\u00f1os con dificultades que nos ense\u00f1aran su gran capacidad de superaci\u00f3n.<\/span><\/span><\/p>\n<p style=\"text-align: justify;\" mce_style=\"text-align: justify;\"><span style=\"font-size: medium;\" mce_style=\"font-size: medium;\"><span style=\"font-family: verdana, geneva;\" mce_style=\"font-family: verdana, geneva;\">Al finalizar las exhibiciones, se dar\u00e1 paso a la rifa de una Guitarra, una Garrafa de Cristal, una camiseta del Real Madrid, firmada por todos sus jugadores, un Caj\u00f3n Flamenco con Luz y un bal\u00f3n de Futbol, firmado tambi\u00e9n por los Jugadores del Real Madrid. Los art\u00edculos rifados han sido donados por: Guitarras Manuel Rodr\u00edguez And Sond, de Esquivias; Licores Caro, S.L.; Cajones Flamencos Ilusi\u00f3n S.L. y por mediaci\u00f3n de socios de APAT la recopilaci\u00f3n de las firmas.<\/span><\/span><\/p>\n<p style=\"text-align: justify;\" mce_style=\"text-align: justify;\"><span style=\"font-size: medium;\" mce_style=\"font-size: medium;\"><span style=\"font-family: verdana, geneva;\" mce_style=\"font-family: verdana, geneva;\"><b>A las 18,00 horas<\/b>, entrada de donativo hasta completar aforo.<\/span><\/span><\/p>\n<p style=\"text-align: justify;\" mce_style=\"text-align: justify;\"><\/p>\n<p style=\"text-align: justify;\" mce_style=\"text-align: justify;\"><span style=\"font-size: medium;\" mce_style=\"font-size: medium;\"><span style=\"font-family: verdana, geneva;\" mce_style=\"font-family: verdana, geneva;\"><u><b>D\u00eda 19, Domingo.<\/b><\/u><\/span><\/span><\/p>\n<p style=\"text-align: justify;\" mce_style=\"text-align: justify;\"><span style=\"font-size: medium;\" mce_style=\"font-size: medium;\"><span style=\"font-family: verdana, geneva;\" mce_style=\"font-family: verdana, geneva;\"><b>En el Paseo de los \u00c1lamos<\/b>,<b> de 10,00 a 14,00 horas<\/b>, mercadillo como el d\u00eda anterior.<\/span><\/span><\/p>\n<p style=\"text-align: justify;\" mce_style=\"text-align: justify;\"><\/p>\n<p style=\"text-align: justify;\" mce_style=\"text-align: justify;\"><span style=\"font-size: medium;\" mce_style=\"font-size: medium;\"><span style=\"font-family: verdana, geneva;\" mce_style=\"font-family: verdana, geneva;\"><b>En la Casa de Cultura de Esquivias<\/b>, Representaci\u00f3n del cuento creado para estas jornadas \u00abLa Pira\u00f1a, La Serpiente y la Monta\u00f1a Domin\u00f3\u00bb donado filantr\u00f3picamente por la Escritora Alicia Fern\u00e1ndez Campos la Asociaci\u00f3n APAT y Asociaci\u00f3n NUEVO FUTURO. Ser\u00e1 representado por la Asociaci\u00f3n de Teatro Local \u00abTEL\u00d3N DE DULCINEA\u00bb.<\/span><\/span><\/p>\n<p style=\"text-align: justify;\" mce_style=\"text-align: justify;\"><span style=\"font-size: medium;\" mce_style=\"font-size: medium;\"><span style=\"font-family: verdana, geneva;\" mce_style=\"font-family: verdana, geneva;\"><b>A las 18,00 horas<\/b>, entrada de donativo hasta completar aforo.<\/span><\/span><\/p>\n<p style=\"text-align: justify;\" mce_style=\"text-align: justify;\"><\/p>\n<p style=\"text-align: justify;\" mce_style=\"text-align: justify;\"><\/p>\n<p style=\"text-align: center;\" mce_style=\"text-align: center;\"><img loading=\"lazy\" decoding=\"async\" class=\" size-full wp-image-1991 size-full wp-image-1991\" src=\"http:\/\/www.cervantinaesquivias.org\/wordpress\/wp-content\/uploads\/2014\/09\/apat-logo.jpg\" mce_src=\"http:\/\/www.cervantinaesquivias.org\/wordpress\/wp-content\/uploads\/2014\/09\/apat-logo.jpg\" alt=\"alt\" width=\"262\" height=\"91\" \/><\/p>\n<p style=\"text-align: right;\" mce_style=\"text-align: right;\"><\/p>\n<p style=\"text-align: justify;\" mce_style=\"text-align: justify;\"><span style=\"font-size: medium;\" mce_style=\"font-size: medium;\"><span style=\"font-family: verdana, geneva;\" mce_style=\"font-family: verdana, geneva;\">Para mas informaci\u00f3n de la Asociaci\u00f3n APAT, pinchad en el siguiente enlace:<\/span><\/span><\/p>\n<p style=\"text-align: justify;\" mce_style=\"text-align: justify;\"><span style=\"font-size: medium;\" mce_style=\"font-size: medium;\"><span style=\"font-family: verdana, geneva;\" mce_style=\"font-family: verdana, geneva;\"><br \/><\/span><\/span><\/p>\n<p style=\"text-align: center;\" mce_style=\"text-align: center;\"><span style=\"font-size: medium;\" mce_style=\"font-size: medium;\"><span style=\"font-family: verdana, geneva;\" mce_style=\"font-family: verdana, geneva;\"><a href=\"http:\/\/www.autismotoledo.es\" mce_href=\"http:\/\/www.autismotoledo.es\">http:\/\/www.autismotoledo.es<\/a><\/span><\/span><\/p>\n<p style=\"text-align: justify;\" mce_style=\"text-align: justify;\"><\/p>\n<p style=\"text-align: right;\" mce_style=\"text-align: right;\"><span style=\"font-size: small;\" mce_style=\"font-size: small;\"><span style=\"font-family: helvetica;\" mce_style=\"font-family: helvetica;\"><i><b>Sabino de Diego.<\/b><\/i><\/span><\/span><\/p>\n<p style=\"text-align: justify;\" mce_style=\"text-align: justify;\"><\/p>\n<p style=\"text-align: justify;\" mce_style=\"text-align: justify;\"><span style=\"font-size: medium;\" mce_style=\"font-size: medium;\"><span style=\"font-family: verdana, geneva;\" mce_style=\"font-family: verdana, geneva;\"><br \/><\/span><\/span><\/p>\n<p style=\"text-align: justify;\" mce_style=\"text-align: justify;\"><span style=\"font-size: medium;\" mce_style=\"font-size: medium;\"><span style=\"font-family: verdana, geneva;\" mce_style=\"font-family: verdana, geneva;\"><br \/><\/span><\/span><\/p>\n<p style=\"text-align: justify;\" mce_style=\"text-align: justify;\"><span style=\"font-size: medium;\" mce_style=\"font-size: medium;\"><span style=\"font-family: verdana, geneva;\" mce_style=\"font-family: verdana, geneva;\"><br \/><\/span><\/span><\/p>\n<p style=\"text-align: justify;\" mce_style=\"text-align: justify;\"><\/p>\n<p style=\"text-align: justify;\" mce_style=\"text-align: justify;\"><\/p>\n<p style=\"text-align: justify;\" mce_style=\"text-align: justify;\"><\/p>\n<p style=\"text-align: justify;\" mce_style=\"text-align: justify;\"><\/p>\n<p style=\"text-align: justify;\" mce_style=\"text-align: justify;\"><span style=\"font-family: verdana, geneva; font-size: small;\" mce_style=\"font-family: verdana, geneva; font-size: small;\"><br \/><\/span><\/p>\n","protected":false},"excerpt":{"rendered":"<p>Con el lema \u00abPinta tu coraz\u00f3n de azul\u00bb, la Asociaci\u00f3n APAT presenta \u00abuna iniciativa considerada de vital importancia a nivel [&hellip;]<\/p>\n","protected":false},"author":1,"featured_media":1986,"comment_status":"open","ping_status":"open","sticky":false,"template":"","format":"standard","meta":{"footnotes":""},"categories":[9],"tags":[],"class_list":["post-1992","post","type-post","status-publish","format-standard","has-post-thumbnail","hentry","category-noticias-de-la-web"],"_links":{"self":[{"href":"http:\/\/www.cervantinaesquivias.org\/wordpress\/wp-json\/wp\/v2\/posts\/1992","targetHints":{"allow":["GET"]}}],"collection":[{"href":"http:\/\/www.cervantinaesquivias.org\/wordpress\/wp-json\/wp\/v2\/posts"}],"about":[{"href":"http:\/\/www.cervantinaesquivias.org\/wordpress\/wp-json\/wp\/v2\/types\/post"}],"author":[{"embeddable":true,"href":"http:\/\/www.cervantinaesquivias.org\/wordpress\/wp-json\/wp\/v2\/users\/1"}],"replies":[{"embeddable":true,"href":"http:\/\/www.cervantinaesquivias.org\/wordpress\/wp-json\/wp\/v2\/comments?post=1992"}],"version-history":[{"count":0,"href":"http:\/\/www.cervantinaesquivias.org\/wordpress\/wp-json\/wp\/v2\/posts\/1992\/revisions"}],"wp:featuredmedia":[{"embeddable":true,"href":"http:\/\/www.cervantinaesquivias.org\/wordpress\/wp-json\/wp\/v2\/media\/1986"}],"wp:attachment":[{"href":"http:\/\/www.cervantinaesquivias.org\/wordpress\/wp-json\/wp\/v2\/media?parent=1992"}],"wp:term":[{"taxonomy":"category","embeddable":true,"href":"http:\/\/www.cervantinaesquivias.org\/wordpress\/wp-json\/wp\/v2\/categories?post=1992"},{"taxonomy":"post_tag","embeddable":true,"href":"http:\/\/www.cervantinaesquivias.org\/wordpress\/wp-json\/wp\/v2\/tags?post=1992"}],"curies":[{"name":"wp","href":"https:\/\/api.w.org\/{rel}","templated":true}]}}