{"id":1851,"date":"2014-06-30T10:29:10","date_gmt":"2014-06-30T10:29:10","guid":{"rendered":"http:\/\/www.cervantinaesquivias.org\/wordpress\/2014\/06\/30\/personajes-vivos-del-quijote-el-vizcaino-esquivias-2014\/"},"modified":"2014-06-30T10:29:10","modified_gmt":"2014-06-30T10:29:10","slug":"personajes-vivos-del-quijote-el-vizcaino-esquivias-2014","status":"publish","type":"post","link":"http:\/\/www.cervantinaesquivias.org\/wordpress\/2014\/06\/30\/personajes-vivos-del-quijote-el-vizcaino-esquivias-2014\/","title":{"rendered":"PERSONAJES VIVOS DEL QUIJOTE. EL VIZCAINO. ESQUIVIAS 2014."},"content":{"rendered":"<p style=\"text-align: justify;\" mce_style=\"text-align: justify;\"><span style=\"font-size: medium;\" mce_style=\"font-size: medium;\"><span style=\"font-family: verdana, geneva;\" mce_style=\"font-family: verdana, geneva;\">Dentro de los actos programados para conmemorar el CDLXVII aniversario del nacimiento de Miguel de Cervantes Saavedra, la Sociedad Cervantina de Esquivias viene ensalzando a las personas, naturales o vecinas de este Lugar, contempor\u00e1neos de Cervantes, que el Ilustre Manco tuvo a bien incluir su Don Quijote de la Mancha.\u00a0<\/span><\/span><\/p>\n<p style=\"text-align: justify;\" mce_style=\"text-align: justify;\"><span style=\"font-size: medium;\" mce_style=\"font-size: medium;\"><span style=\"font-family: verdana, geneva;\" mce_style=\"font-family: verdana, geneva;\">En dicho acto, bajo el t\u00edtulo de \u00abPERSONAJES VIVOS DEL QUIJOTE\u00bb a celebrar el pr\u00f3ximo d\u00eda 26 de Septiembre de 2014 en Esquivias, la primera parte se centrar\u00e1 sobre los datos que se disponen, todos in\u00e9ditos, sobre el personaje de EL VIZCAINO, que Cervantes incluy\u00f3 en los Cap\u00edtulos VIII y IX de la Primera Parte del Quijote.<\/span><\/span><\/p>\n<p style=\"text-align: justify;\" mce_style=\"text-align: justify;\"><span style=\"font-size: medium;\" mce_style=\"font-size: medium;\"><span style=\"font-family: verdana, geneva;\" mce_style=\"font-family: verdana, geneva;\">La segunda parte de dicho acto, correr\u00e1 a cargo del Grupo de Ballet Flamenco <i><b>\u00abSue\u00f1os de Gadir\u00bb<\/b><\/i>, compuesto por Mar\u00eda Hermida, Katia Gal\u00e1n y Rafaela Wait. Las tres cursan sus estudios de Danza Flamenca y Espa\u00f1ola en la \u00abEscuela de Danza Maria Rosa\u00bb de Madrid.<\/span><\/span><\/p>\n<p style=\"text-align: justify;\" mce_style=\"text-align: justify;\"><\/p>\n<p style=\"text-align: center;\" mce_style=\"text-align: center;\"><img loading=\"lazy\" decoding=\"async\" class=\" size-full wp-image-1847 size-full wp-image-1847\" src=\"http:\/\/www.cervantinaesquivias.org\/wordpress\/wp-content\/uploads\/2014\/06\/maria-foto-web.jpg\" mce_src=\"http:\/\/www.cervantinaesquivias.org\/wordpress\/wp-content\/uploads\/2014\/06\/maria-foto-web.jpg\" alt=\"alt\" width=\"567\" height=\"1095\" srcset=\"http:\/\/www.cervantinaesquivias.org\/wordpress\/wp-content\/uploads\/2014\/06\/maria-foto-web.jpg 567w, http:\/\/www.cervantinaesquivias.org\/wordpress\/wp-content\/uploads\/2014\/06\/maria-foto-web-155x300.jpg 155w, http:\/\/www.cervantinaesquivias.org\/wordpress\/wp-content\/uploads\/2014\/06\/maria-foto-web-530x1024.jpg 530w\" sizes=\"auto, (max-width: 567px) 100vw, 567px\" \/><\/p>\n<p style=\"text-align: center;\" mce_style=\"text-align: center;\">(Mar\u00eda Hermida)<\/p>\n<p style=\"text-align: justify;\" mce_style=\"text-align: justify;\"><\/p>\n<p style=\"text-align: center;\" mce_style=\"text-align: center;\"><\/p>\n<p style=\"text-align: center;\" mce_style=\"text-align: center;\"><img loading=\"lazy\" decoding=\"async\" class=\" size-full wp-image-1848 size-full wp-image-1848\" src=\"http:\/\/www.cervantinaesquivias.org\/wordpress\/wp-content\/uploads\/2014\/06\/katia-web.jpg\" mce_src=\"http:\/\/www.cervantinaesquivias.org\/wordpress\/wp-content\/uploads\/2014\/06\/katia-web.jpg\" alt=\"alt\" width=\"567\" height=\"960\" srcset=\"http:\/\/www.cervantinaesquivias.org\/wordpress\/wp-content\/uploads\/2014\/06\/katia-web.jpg 567w, http:\/\/www.cervantinaesquivias.org\/wordpress\/wp-content\/uploads\/2014\/06\/katia-web-177x300.jpg 177w\" sizes=\"auto, (max-width: 567px) 100vw, 567px\" \/><\/p>\n<p style=\"text-align: center;\" mce_style=\"text-align: center;\">(Katia Gal\u00e1n)<\/p>\n<p style=\"text-align: justify;\" mce_style=\"text-align: justify;\"><\/p>\n<p style=\"text-align: justify;\" mce_style=\"text-align: justify;\"><\/p>\n<p style=\"text-align: center;\" mce_style=\"text-align: center;\"><img loading=\"lazy\" decoding=\"async\" class=\" size-full wp-image-1849 size-full wp-image-1849\" src=\"http:\/\/www.cervantinaesquivias.org\/wordpress\/wp-content\/uploads\/2014\/06\/rafaela-wait-wed.jpg\" mce_src=\"http:\/\/www.cervantinaesquivias.org\/wordpress\/wp-content\/uploads\/2014\/06\/rafaela-wait-wed.jpg\" alt=\"alt\" width=\"567\" height=\"1020\" srcset=\"http:\/\/www.cervantinaesquivias.org\/wordpress\/wp-content\/uploads\/2014\/06\/rafaela-wait-wed.jpg 567w, http:\/\/www.cervantinaesquivias.org\/wordpress\/wp-content\/uploads\/2014\/06\/rafaela-wait-wed-167x300.jpg 167w\" sizes=\"auto, (max-width: 567px) 100vw, 567px\" \/><\/p>\n<p style=\"text-align: center;\" mce_style=\"text-align: center;\">(Rafaela Wait)<\/p>\n<p style=\"text-align: justify;\" mce_style=\"text-align: justify;\"><\/p>\n<p style=\"text-align: justify;\" mce_style=\"text-align: justify;\"><span style=\"font-size: medium;\" mce_style=\"font-size: medium;\"><span style=\"font-family: verdana, geneva;\" mce_style=\"font-family: verdana, geneva;\">Han actuado, entre otros lugares, en el Teatro Cervantes de Alcal\u00e1 de Henares, con motivo del D\u00eda Internacional de la Danza 2013, y en la Casa de Cultura de Esquivias, con motivo del D\u00eda de la Mujer 2014.<\/span><\/span><\/p>\n<p style=\"text-align: justify;\" mce_style=\"text-align: justify;\"><\/p>\n<p style=\"text-align: justify;\" mce_style=\"text-align: justify;\"><\/p>\n<p style=\"text-align: center;\" mce_style=\"text-align: center;\"><img loading=\"lazy\" decoding=\"async\" class=\" size-full wp-image-1850 size-full wp-image-1850\" src=\"http:\/\/www.cervantinaesquivias.org\/wordpress\/wp-content\/uploads\/2014\/06\/maria-katia-y-rafaela-web.jpg\" mce_src=\"http:\/\/www.cervantinaesquivias.org\/wordpress\/wp-content\/uploads\/2014\/06\/maria-katia-y-rafaela-web.jpg\" alt=\"alt\" width=\"709\" height=\"571\" srcset=\"http:\/\/www.cervantinaesquivias.org\/wordpress\/wp-content\/uploads\/2014\/06\/maria-katia-y-rafaela-web.jpg 709w, http:\/\/www.cervantinaesquivias.org\/wordpress\/wp-content\/uploads\/2014\/06\/maria-katia-y-rafaela-web-300x242.jpg 300w\" sizes=\"auto, (max-width: 709px) 100vw, 709px\" \/><\/p>\n<p style=\"text-align: center;\" mce_style=\"text-align: center;\">(Grupo de Ballet Flamenco \u00abSue\u00f1os de Gadir\u00bb)<\/p>\n<p style=\"text-align: center;\" mce_style=\"text-align: center;\"><\/p>\n<p style=\"text-align: right;\" mce_style=\"text-align: right;\"><span style=\"font-size: small;\" mce_style=\"font-size: small;\"><span style=\"font-family: helvetica;\" mce_style=\"font-family: helvetica;\"><i><b>Sabino de Diego<\/b><\/i><\/span><\/span>.<\/p>\n<p style=\"text-align: center;\" mce_style=\"text-align: center;\"><\/p>\n<p style=\"text-align: center;\" mce_style=\"text-align: center;\"><\/p>\n","protected":false},"excerpt":{"rendered":"<p>Dentro de los actos programados para conmemorar el CDLXVII aniversario del nacimiento de Miguel de Cervantes Saavedra, la Sociedad Cervantina [&hellip;]<\/p>\n","protected":false},"author":1,"featured_media":1847,"comment_status":"open","ping_status":"open","sticky":false,"template":"","format":"standard","meta":{"footnotes":""},"categories":[7],"tags":[],"class_list":["post-1851","post","type-post","status-publish","format-standard","has-post-thumbnail","hentry","category-noticias-cervantina"],"_links":{"self":[{"href":"http:\/\/www.cervantinaesquivias.org\/wordpress\/wp-json\/wp\/v2\/posts\/1851","targetHints":{"allow":["GET"]}}],"collection":[{"href":"http:\/\/www.cervantinaesquivias.org\/wordpress\/wp-json\/wp\/v2\/posts"}],"about":[{"href":"http:\/\/www.cervantinaesquivias.org\/wordpress\/wp-json\/wp\/v2\/types\/post"}],"author":[{"embeddable":true,"href":"http:\/\/www.cervantinaesquivias.org\/wordpress\/wp-json\/wp\/v2\/users\/1"}],"replies":[{"embeddable":true,"href":"http:\/\/www.cervantinaesquivias.org\/wordpress\/wp-json\/wp\/v2\/comments?post=1851"}],"version-history":[{"count":0,"href":"http:\/\/www.cervantinaesquivias.org\/wordpress\/wp-json\/wp\/v2\/posts\/1851\/revisions"}],"wp:featuredmedia":[{"embeddable":true,"href":"http:\/\/www.cervantinaesquivias.org\/wordpress\/wp-json\/wp\/v2\/media\/1847"}],"wp:attachment":[{"href":"http:\/\/www.cervantinaesquivias.org\/wordpress\/wp-json\/wp\/v2\/media?parent=1851"}],"wp:term":[{"taxonomy":"category","embeddable":true,"href":"http:\/\/www.cervantinaesquivias.org\/wordpress\/wp-json\/wp\/v2\/categories?post=1851"},{"taxonomy":"post_tag","embeddable":true,"href":"http:\/\/www.cervantinaesquivias.org\/wordpress\/wp-json\/wp\/v2\/tags?post=1851"}],"curies":[{"name":"wp","href":"https:\/\/api.w.org\/{rel}","templated":true}]}}