{"id":1846,"date":"2014-06-01T15:12:59","date_gmt":"2014-06-01T15:12:59","guid":{"rendered":"http:\/\/www.cervantinaesquivias.org\/wordpress\/2014\/06\/01\/galeria-retrospectiva-sobre-la-exposicion-de-pintura-de-carmen-guardia-abril-2014\/"},"modified":"2014-06-01T15:12:59","modified_gmt":"2014-06-01T15:12:59","slug":"galeria-retrospectiva-sobre-la-exposicion-de-pintura-de-carmen-guardia-abril-2014","status":"publish","type":"post","link":"http:\/\/www.cervantinaesquivias.org\/wordpress\/2014\/06\/01\/galeria-retrospectiva-sobre-la-exposicion-de-pintura-de-carmen-guardia-abril-2014\/","title":{"rendered":"GALERIA RETROSPECTIVA SOBRE LA EXPOSICION DE PINTURA DE CARMEN GUARDIA. ABRIL 2014."},"content":{"rendered":"<p style=\"text-align: justify;\" mce_style=\"text-align: justify;\"><\/p>\n<p style=\"text-align: justify;\" mce_style=\"text-align: justify;\"><b><span style=\"font-size: medium;\" mce_style=\"font-size: medium;\">BEL\u00c9N GARC\u00cdA CALVO.<\/span><\/b><\/p>\n<p style=\"text-align: justify;\" mce_style=\"text-align: justify;\"><span style=\"font-size: medium;\" mce_style=\"font-size: medium;\">ESCRITORA<\/span>.<\/p>\n<p style=\"text-align: justify;\" mce_style=\"text-align: justify;\"><span style=\"font-family: verdana, geneva; font-size: medium; line-height: 1.3em;\" mce_style=\"font-family: verdana, geneva; font-size: medium; line-height: 1.3em;\">Coincidiendo con la VII edici\u00f3n de la Lectura Universal del Quijote en Esquivias (Toledo), en una de las estancias de la casa donde vivi\u00f3 y escribi\u00f3 El Quijote don Miguel de Cervantes Saavedra, hoy Museo Casa de Cervantes, se ha celebrado la \u00faltima exposici\u00f3n de la obra de Carmen Guardia Garc\u00eda.<\/span><\/p>\n<p style=\"text-align: justify;\" mce_style=\"text-align: justify;\"><\/p>\n<p style=\"text-align: center;\" mce_style=\"text-align: center;\"><img loading=\"lazy\" decoding=\"async\" class=\" size-full wp-image-1843 size-full wp-image-1843\" src=\"http:\/\/www.cervantinaesquivias.org\/wordpress\/wp-content\/uploads\/2014\/06\/c.g.-foto-primera.jpg\" mce_src=\"http:\/\/www.cervantinaesquivias.org\/wordpress\/wp-content\/uploads\/2014\/06\/c.g.-foto-primera.jpg\" alt=\"alt\" width=\"740\" height=\"451\" srcset=\"http:\/\/www.cervantinaesquivias.org\/wordpress\/wp-content\/uploads\/2014\/06\/c.g.-foto-primera.jpg 740w, http:\/\/www.cervantinaesquivias.org\/wordpress\/wp-content\/uploads\/2014\/06\/c.g.-foto-primera-300x183.jpg 300w\" sizes=\"auto, (max-width: 740px) 100vw, 740px\" \/><\/p>\n<p style=\"text-align: center;\" mce_style=\"text-align: center;\"><\/p>\n<p style=\"text-align: justify;\" mce_style=\"text-align: justify;\"><span style=\"font-family: verdana, geneva; font-size: medium; line-height: 1.3em;\" mce_style=\"font-family: verdana, geneva; font-size: medium; line-height: 1.3em;\">Concretamente, las paredes de la \u00abLa cuadra\u00bb se han vestido con 19 \u00f3leos, realizados en los \u00faltimos tres a\u00f1os por esta consumada artista.<\/span><\/p>\n<p style=\"text-align: justify;\" mce_style=\"text-align: justify;\"><span style=\"font-size: medium;\" mce_style=\"font-size: medium;\"><span style=\"font-family: verdana, geneva;\" mce_style=\"font-family: verdana, geneva;\">Mientras a pocos metros se le\u00eda <i>\u00abEl Quijote\u00bb<\/i> en distintas lenguas, no pude dejar<\/span><\/span><\/p>\n<p><span style=\"font-size: medium;\" mce_style=\"font-size: medium;\"><span style=\"font-family: verdana, geneva;\" mce_style=\"font-family: verdana, geneva;\"><\/span><\/span><\/p>\n<p><!--more--><\/p>\n<p><span style=\"font-family: verdana, geneva; font-size: medium; line-height: 1.3em; text-align: justify;\" mce_style=\"font-family: verdana, geneva; font-size: medium; line-height: 1.3em; text-align: justify;\">de imaginarme que tal vez aqu\u00ed, en la antigua caballeriza, Cervantes se inspir\u00f3 para recrear alguna de las peripecias del caballero andante que ha dado fama universal a la Literatura espa\u00f1ola.<\/span><\/p>\n<p style=\"text-align: justify;\" mce_style=\"text-align: justify;\"><span style=\"font-size: medium;\" mce_style=\"font-size: medium;\"><span style=\"font-family: verdana, geneva;\" mce_style=\"font-family: verdana, geneva;\">Una explosi\u00f3n de color recibi\u00f3 a los visitantes, que pasearon por la sala en silencio, lentamente, deteni\u00e9ndose, cautivados frente a cada cuadro de esta exposici\u00f3n prodigiosa, en la que cada obra supone un reto, un desaf\u00edo que desencadena la intuici\u00f3n y la imaginaci\u00f3n del observador. Porque solo con una mente libre e intuitiva se puede entrar en el universo emocional que plasman las obras de Carmen Guardia.<\/span><\/span><\/p>\n<p style=\"text-align: justify;\" mce_style=\"text-align: justify;\"><span style=\"font-size: medium;\" mce_style=\"font-size: medium;\"><span style=\"font-family: verdana, geneva;\" mce_style=\"font-family: verdana, geneva;\">Llevo siguiendo a esta autora durante casi tres lustros, e intuyo que se encuentra en un momento fronterizo en el que el \u00f3leo y el color se imponen, algo que ya pudimos vislumbrar hace casi dos a\u00f1os en la Galer\u00eda Cidi Hiaya de Granada; pero dir\u00eda que es ahora donde se siente que Carmen Guardia Garc\u00eda vive un momento creativo en el que todo \u00absale a la luz\u00bb.<\/span><\/span><\/p>\n<p style=\"text-align: justify;\" mce_style=\"text-align: justify;\"><span style=\"font-size: medium;\" mce_style=\"font-size: medium;\"><span style=\"font-family: verdana, geneva;\" mce_style=\"font-family: verdana, geneva;\">Si bien las se\u00f1as de identidad de esta pintora de pr\u00e1cticas art\u00edsticas de amplio registro, siguen siendo las mismas: la ausencia de ornamentos artificiosos, el surrealismo, las atm\u00f3sferas simb\u00f3licas, casi on\u00edricas y, sobre todo, la relaci\u00f3n binaria. Relaci\u00f3n que plasma a trav\u00e9s de un juego de l\u00edneas que, serpenteando o anud\u00e1ndose, mediante la superposici\u00f3n o la simetr\u00eda, termina representando la pareja hombre-mujer, o fomas que se relacionan en pareja.<\/span><\/span><\/p>\n<p style=\"text-align: justify;\" mce_style=\"text-align: justify;\"><span style=\"font-size: medium;\" mce_style=\"font-size: medium;\"><span style=\"font-family: verdana, geneva;\" mce_style=\"font-family: verdana, geneva;\">En palabras de la propia autora en alusi\u00f3n a su obra: <i>\u00abEl color se superpone, conforma o deshace la forma, y siempre con intensidad, mediante un juego de colores puros y parejas tambi\u00e9n de complementarios\u00bb.<\/i><\/span><\/span><\/p>\n<p style=\"text-align: justify;\" mce_style=\"text-align: justify;\"><span style=\"font-size: medium;\" mce_style=\"font-size: medium;\"><span style=\"font-family: verdana, geneva;\" mce_style=\"font-family: verdana, geneva;\">Vayamos al significante \u00abparejas de complementarios\u00bb. Freud sostuvo que todo sue\u00f1o obedece a la realizaci\u00f3n de un deseo inconsciente. Si tuviera que aventurar el deseo inconsciente de Carmen Guardia dir\u00eda que podemos verlo sublimado en esas parejas fusionadas, en esas intersecciones, que pueblan sus obras; en ese puente que tiende hacia el di\u00e1logo de igual a igual.<\/span><\/span><\/p>\n<p style=\"text-align: justify;\" mce_style=\"text-align: justify;\"><span style=\"font-size: medium;\" mce_style=\"font-size: medium;\"><span style=\"font-family: verdana, geneva;\" mce_style=\"font-family: verdana, geneva;\">Porque a Carmen Guardia no le interesa el papel est\u00e9tico fr\u00e1gil ligado a lo femenino. Ni tampoco parece reivindicar el feminismo. Va mucho m\u00e1s all\u00e1. En su obra, siempre sensual, los rostros, las cabezas, suelen ser asexuados, son los cuerpos los que nos hablan de lo hombre y lo mujer, pero de un modo casi antropol\u00f3gico. Es en esos pechos y gl\u00fateos generosos, pero fuera de los patrones actuales de liposucci\u00f3n y silicona, donde encontramos la imagen anat\u00f3micamente fuerte de una mujer muy humana; una visi\u00f3n que aun se fortalece m\u00e1s en el abrazo con el hombre. Encontramos un magn\u00edfico ejemplo de ello en <i>Abrazo c\u00f3smico<\/i> (\u00f3leo sobre lienzo 81 x 100), uno de los 19 \u00f3leos que se han exhibido en esta exposici\u00f3n.<\/span><\/span><\/p>\n<p style=\"text-align: justify;\" mce_style=\"text-align: justify;\"><span style=\"font-size: medium;\" mce_style=\"font-size: medium;\"><span style=\"font-family: verdana, geneva;\" mce_style=\"font-family: verdana, geneva;\">En algunas obras, Carmen Guardia avanza el comienzo de una nueva serie, <i>Naturaleza y El poder de la Palabra<\/i>, que ser\u00e1 expuesta en la galer\u00eda Eka&#038;Moor, en Madrid, el pr\u00f3ximo oto\u00f1o.<\/span><\/span><\/p>\n<p style=\"text-align: center;\" mce_style=\"text-align: center;\"><\/p>\n<p style=\"text-align: center;\" mce_style=\"text-align: center;\"><\/p>\n<p style=\"text-align: center;\" mce_style=\"text-align: center;\"><img loading=\"lazy\" decoding=\"async\" class=\" size-full wp-image-1844 size-full wp-image-1844\" src=\"http:\/\/www.cervantinaesquivias.org\/wordpress\/wp-content\/uploads\/2014\/06\/c.g.-tarjeta-invitacion.jpg\" mce_src=\"http:\/\/www.cervantinaesquivias.org\/wordpress\/wp-content\/uploads\/2014\/06\/c.g.-tarjeta-invitacion.jpg\" alt=\"alt\" width=\"888\" height=\"211\" srcset=\"http:\/\/www.cervantinaesquivias.org\/wordpress\/wp-content\/uploads\/2014\/06\/c.g.-tarjeta-invitacion.jpg 888w, http:\/\/www.cervantinaesquivias.org\/wordpress\/wp-content\/uploads\/2014\/06\/c.g.-tarjeta-invitacion-300x71.jpg 300w, http:\/\/www.cervantinaesquivias.org\/wordpress\/wp-content\/uploads\/2014\/06\/c.g.-tarjeta-invitacion-768x182.jpg 768w\" sizes=\"auto, (max-width: 888px) 100vw, 888px\" \/><\/p>\n<p><\/p>\n<p style=\"text-align: justify;\" mce_style=\"text-align: justify;\"><\/p>\n<p style=\"text-align: justify;\" mce_style=\"text-align: justify;\"><span style=\"font-family: verdana, geneva; font-size: medium; line-height: 1.3em; text-align: justify;\" mce_style=\"font-family: verdana, geneva; font-size: medium; line-height: 1.3em; text-align: justify;\">Reproducimos a continuaci\u00f3n el contenido de una entrevista a Carmen Guardia, realizada por Bel\u00e9n Garc\u00eda Calvo, con motivo de esta exposici\u00f3n, as\u00ed como la extensa gama de premios y exposiciones de esta consumada artista.<\/span><\/p>\n<p><\/p>\n<p><img loading=\"lazy\" decoding=\"async\" class=\" alignleft size-full wp-image-1845 alignleft size-full wp-image-1845\" src=\"http:\/\/www.cervantinaesquivias.org\/wordpress\/wp-content\/uploads\/2014\/06\/c.g.-foto-rosell.jpg\" mce_src=\"http:\/\/www.cervantinaesquivias.org\/wordpress\/wp-content\/uploads\/2014\/06\/c.g.-foto-rosell.jpg\" style=\"float: left; margin-left: 20px; margin-right: 20px;\" mce_style=\"float: left; margin-left: 20px; margin-right: 20px;\" width=\"191\" height=\"254\" \/><\/p>\n<p style=\"text-align: justify;\" mce_style=\"text-align: justify;\"><\/p>\n<p style=\"text-align: justify;\" mce_style=\"text-align: justify;\"><\/p>\n<p style=\"text-align: justify;\" mce_style=\"text-align: justify;\"><b style=\"font-family: verdana, geneva; font-size: medium; line-height: 1.3em;\" mce_style=\"font-family: verdana, geneva; font-size: medium; line-height: 1.3em;\">B.G.- \u00bfC\u00f3mo surgi\u00f3 la idea de exponer en la VII Edici\u00f3n de la Lectura Universal del Quijote en Esquivias?<\/b><\/p>\n<p style=\"text-align: justify;\" mce_style=\"text-align: justify;\"><span style=\"font-size: medium;\" mce_style=\"font-size: medium;\"><span style=\"font-family: verdana, geneva;\" mce_style=\"font-family: verdana, geneva;\">C.G.: Un miembro de la Sociedad Cervantina me lo propuso, ya que se hab\u00edan hecho exposiciones en la \u00abCuadra\u00bb en alguna otra ocasi\u00f3n. Yo ten\u00eda mi \u00faltima obra en Barcelona, en Espacio 120, y aunque la obra no ten\u00eda que ver exactamente con <i>El Quijote<\/i>, que por otra parte, pienso que est\u00e1 suficientemente ilustrado, si encajaba con la relaci\u00f3n Don Quijote y Sancho Panza, pareja de opuestos. De hecho a esta serie pertenec\u00eda un cuadro con ese t\u00edtulo, que se vendi\u00f3. Por otro lado, y aunque iba a ser por un periodo muy corto de tiempo dadas las condiciones de la sala, me hizo ilusi\u00f3n volver al pueblo de mi abuelo, a quien de ni\u00f1a o\u00eda siempre hablar del Quijote.<\/span><\/span><\/p>\n<p style=\"text-align: justify;\" mce_style=\"text-align: justify;\"><span style=\"font-size: medium;\" mce_style=\"font-size: medium;\"><span style=\"font-family: verdana, geneva;\" mce_style=\"font-family: verdana, geneva;\"><br \/><\/span><\/span><\/p>\n<p style=\"text-align: justify;\" mce_style=\"text-align: justify;\"><span style=\"font-size: medium;\" mce_style=\"font-size: medium;\"><span style=\"font-family: verdana, geneva;\" mce_style=\"font-family: verdana, geneva;\"><b>B.G.- \u00bfQue ha significado para ti colgar tu obra en el lugar donde vivi\u00f3 y escribi\u00f3 Cervantes <i>El Quijote<\/i>?<\/b><\/span><\/span><\/p>\n<p style=\"text-align: justify;\" mce_style=\"text-align: justify;\"><span style=\"font-size: medium;\" mce_style=\"font-size: medium;\"><span style=\"font-family: verdana, geneva;\" mce_style=\"font-family: verdana, geneva;\">C.G.:Pues me ha parecido un lujo, porque el lugar es emblem\u00e1tico, tiene el \u00abposo\u00bb de la historia, de un creador, y esta bien conservado. Un reencuentro adem\u00e1s con el paisaje de la tierra manchega que imagino tambi\u00e9n inspir\u00f3 a Cervantes.<\/span><\/span><\/p>\n<p style=\"text-align: justify;\" mce_style=\"text-align: justify;\"><span style=\"font-size: medium;\" mce_style=\"font-size: medium;\"><span style=\"font-family: verdana, geneva;\" mce_style=\"font-family: verdana, geneva;\"><br \/><\/span><\/span><\/p>\n<p style=\"text-align: justify;\" mce_style=\"text-align: justify;\"><span style=\"font-size: medium;\" mce_style=\"font-size: medium;\"><span style=\"font-family: verdana, geneva;\" mce_style=\"font-family: verdana, geneva;\"><b>B.G.- \u00bfMe puedes hablar sobre el proceso de preparaci\u00f3n de esta exposici\u00f3n?<\/b><\/span><\/span><\/p>\n<p style=\"text-align: justify;\" mce_style=\"text-align: justify;\"><span style=\"font-size: medium;\" mce_style=\"font-size: medium;\"><span style=\"font-family: verdana, geneva;\" mce_style=\"font-family: verdana, geneva;\">C.G.: Pertenece a un periodo en el que he intentado simplificar en la vida y en el arte y tambi\u00e9n reflejar lo que hab\u00eda conseguido en mis \u00faltimos grabados. De ah\u00ed que las figuras est\u00e9n representadas por l\u00ednea de contorno y el color por el retorno a los colores primarios, eliminando el volumen y la paleta de grises tan de la tierra castellana.<\/span><\/span><\/p>\n<p style=\"text-align: justify;\" mce_style=\"text-align: justify;\"><span style=\"font-size: medium;\" mce_style=\"font-size: medium;\"><span style=\"font-family: verdana, geneva;\" mce_style=\"font-family: verdana, geneva;\"><br \/><\/span><\/span><\/p>\n<p style=\"text-align: justify;\" mce_style=\"text-align: justify;\"><span style=\"font-size: medium;\" mce_style=\"font-size: medium;\"><span style=\"font-family: verdana, geneva;\" mce_style=\"font-family: verdana, geneva;\"><b>B.G.- \u00bfPor qu\u00e9 el t\u00edtulo \u00abCuando una puerta se cierra otra puerta se abre?<\/b><\/span><\/span><\/p>\n<p style=\"text-align: justify;\" mce_style=\"text-align: justify;\"><span style=\"font-size: medium;\" mce_style=\"font-size: medium;\"><span style=\"font-family: verdana, geneva;\" mce_style=\"font-family: verdana, geneva;\">C.G.: Esta frase del Quijote se irgui\u00f3 sobre las dem\u00e1s, es un concepto que me parece sabio y optimista, creativo, que empuja hacia adelante y representa tambi\u00e9n un contraste binario: abierto y cerrado, fin y comienzo. Si eres creativo siempre encontrar\u00e1s una salida.<\/span><\/span><\/p>\n<p style=\"text-align: justify;\" mce_style=\"text-align: justify;\"><span style=\"font-size: medium;\" mce_style=\"font-size: medium;\"><span style=\"font-family: verdana, geneva;\" mce_style=\"font-family: verdana, geneva;\"><br \/><\/span><\/span><\/p>\n<p style=\"text-align: justify;\" mce_style=\"text-align: justify;\"><span style=\"font-size: medium;\" mce_style=\"font-size: medium;\"><span style=\"font-family: verdana, geneva;\" mce_style=\"font-family: verdana, geneva;\"><b>B.G.-\u00bfTienes alg\u00fan cuadro favorito en esta exposici\u00f3n?<\/b><\/span><\/span><\/p>\n<p style=\"text-align: justify;\" mce_style=\"text-align: justify;\"><span style=\"font-size: medium;\" mce_style=\"font-size: medium;\"><span style=\"font-family: verdana, geneva;\" mce_style=\"font-family: verdana, geneva;\">C.G.: Uno de mis favoritos es <i>Abrazo C\u00f3smico<\/i> porque es un cuadro germinal, es decir, de los primeros en los que empiezo a utilizar un baile de l\u00edneas y cuerpos en un espacio atemporal.<\/span><\/span><\/p>\n<p style=\"text-align: justify;\" mce_style=\"text-align: justify;\"><span style=\"font-size: medium;\" mce_style=\"font-size: medium;\"><span style=\"font-family: verdana, geneva;\" mce_style=\"font-family: verdana, geneva;\"><br \/><\/span><\/span><\/p>\n<p style=\"text-align: justify;\" mce_style=\"text-align: justify;\"><span style=\"font-size: medium;\" mce_style=\"font-size: medium;\"><span style=\"font-family: verdana, geneva;\" mce_style=\"font-family: verdana, geneva;\"><b>B.G.- Tu trayectoria como pintora y grabadora es impresionante, \u00bfc\u00f3mo has compaginado tu trabajo docente como Catedr\u00e1tica de Dibujo con tu actividad art\u00edstica?<\/b><\/span><\/span><\/p>\n<p style=\"text-align: justify;\" mce_style=\"text-align: justify;\"><span style=\"font-size: medium;\" mce_style=\"font-size: medium;\"><span style=\"font-family: verdana, geneva;\" mce_style=\"font-family: verdana, geneva;\">C.G.: Pues sencillamente por amor al arte, es decir sin dejar de trabajar, aunque a veces compaginar el trabajo docente y la actividad art\u00edstica ha supuesto mucho esfuerzo, pero resulta que trabajar en el arte es una de las cosas que le da sentido a mi vida, por tanto no creo que deje nunca de hacerlo.<\/span><\/span><\/p>\n<p style=\"text-align: justify;\" mce_style=\"text-align: justify;\"><span style=\"font-size: medium;\" mce_style=\"font-size: medium;\"><span style=\"font-family: verdana, geneva;\" mce_style=\"font-family: verdana, geneva;\"><br \/><\/span><\/span><\/p>\n<p style=\"text-align: justify;\" mce_style=\"text-align: justify;\"><span style=\"font-size: small;\" mce_style=\"font-size: small;\"><b><span style=\"font-size: medium;\" mce_style=\"font-size: medium;\"><span style=\"font-family: verdana, geneva;\" mce_style=\"font-family: verdana, geneva;\">B.G.- \u00bfQu\u00e9 artistas han influido m\u00e1s en tu obra?<\/span><\/span><\/b><\/span><\/p>\n<p style=\"text-align: justify;\" mce_style=\"text-align: justify;\"><span style=\"font-size: medium;\" mce_style=\"font-size: medium;\"><span style=\"font-family: verdana, geneva;\" mce_style=\"font-family: verdana, geneva;\">C.G.: No sabr\u00eda decirte. Ha habido \u00e9pocas en las que siempre ten\u00eda un artista preferido igual que cuando te suena una canci\u00f3n en la cabeza. Francis Bacon, Cindy Sherman, Bill Viola, Rembrant, Tiziano, Boticcelli, Rouault, Gordillo, Equipo Cr\u00f3nica, Giorgia Okeefe, Frida Kahlo. Pero dicen que <i>Abrazo C\u00f3smico<\/i> recuerda a la Danza de Matisse.<\/span><\/span><\/p>\n<p style=\"text-align: justify;\" mce_style=\"text-align: justify;\"><span style=\"font-size: medium;\" mce_style=\"font-size: medium;\"><span style=\"font-family: verdana, geneva;\" mce_style=\"font-family: verdana, geneva;\"><br \/><\/span><\/span><\/p>\n<p style=\"text-align: justify;\" mce_style=\"text-align: justify;\"><span style=\"font-size: small;\" mce_style=\"font-family: verdana, geneva; font-size: small;\"><b style=\"style\" mce_style=\"style\"><span style=\"font-size: medium;\" mce_style=\"font-size: medium;\"><span style=\"font-family: verdana, geneva;\" mce_style=\"font-family: verdana, geneva;\">B.G.- Dibujo, grabado, pintura&#8230; \u00bfQu\u00e9 te gusta m\u00e1s?<\/span><\/span><\/b><\/span><\/p>\n<p style=\"text-align: justify;\" mce_style=\"text-align: justify;\"><span style=\"font-size: medium;\" mce_style=\"font-size: medium;\"><span style=\"font-family: verdana, geneva;\" mce_style=\"font-family: verdana, geneva;\">C.G.: Me encanta el dibujo a l\u00e1piz por la sencillez de materiales. El grabado te obliga a trabajar de una forma muy ordenada y limpia, y te absorbe porque siempre te puede sorprender. La pintura es mas directa, es en lo que ahora estoy, pero intentando introducir tambi\u00e9n en ella algunos aspectos del brabado.<\/span><\/span><\/p>\n<p style=\"text-align: justify;\" mce_style=\"text-align: justify;\"><span style=\"font-size: medium;\" mce_style=\"font-size: medium;\"><span style=\"font-family: verdana, geneva;\" mce_style=\"font-family: verdana, geneva;\"><br \/><\/span><\/span><\/p>\n<p style=\"text-align: justify;\" mce_style=\"text-align: justify;\"><span style=\"font-size: medium;\" mce_style=\"font-size: medium;\"><span style=\"font-family: verdana, geneva;\" mce_style=\"font-family: verdana, geneva;\"><b>B.G.- \u00bfEst\u00e1s trabajando en una pr\u00f3xima exposici\u00f3n?<\/b><\/span><\/span><\/p>\n<p style=\"text-align: justify;\" mce_style=\"text-align: justify;\"><span style=\"font-size: medium;\" mce_style=\"font-size: medium;\"><span style=\"font-family: verdana, geneva;\" mce_style=\"font-family: verdana, geneva;\">C.G.: Estoy preparando una nueva exposici\u00f3n en la galer\u00eda Eka&#038;Moor de Madrid para la segunda quincena de oto\u00f1o. A partir de los cuadros que titulo <i>Naturalezas<\/i> he comenzado una nueva serie que tiene que ver los los elementos: fuego, tierra, aire, agua, volviendo al volumen en los cuerpos y a trabajar con texturas de fondo. Por otro lado quisiera trabajar tambi\u00e9n sobre el poder que tienen las palabras.<\/span><\/span><\/p>\n<p style=\"text-align: justify;\" mce_style=\"text-align: justify;\"><span style=\"font-size: medium;\" mce_style=\"font-size: medium;\"><span style=\"font-family: verdana, geneva;\" mce_style=\"font-family: verdana, geneva;\"><br \/><\/span><\/span><\/p>\n<p style=\"text-align: justify;\" mce_style=\"text-align: justify;\"><span style=\"font-size: medium;\" mce_style=\"font-size: medium;\"><span style=\"font-family: verdana, geneva;\" mce_style=\"font-family: verdana, geneva;\"><b>B.G.- \u00bfTienes alguna man\u00eda a la hora de pintar?<\/b><\/span><\/span><\/p>\n<p style=\"text-align: justify;\" mce_style=\"text-align: justify;\"><span style=\"font-size: medium;\" mce_style=\"font-size: medium;\"><span style=\"font-family: verdana, geneva;\" mce_style=\"font-family: verdana, geneva;\">C.G.: Si, me gusta trabajar en silencio hasta que consigo modelar la idea o la emoci\u00f3n, entonces es cuando pongo m\u00fasica, como hacen con los toreros cuando hacen una buena faena.<\/span><\/span><\/p>\n<p style=\"text-align: justify;\" mce_style=\"text-align: justify;\"><span style=\"font-size: medium;\" mce_style=\"font-size: medium;\"><span style=\"font-family: verdana, geneva;\" mce_style=\"font-family: verdana, geneva;\"><br \/><\/span><\/span><\/p>\n<p style=\"text-align: justify;\" mce_style=\"text-align: justify;\"><span style=\"font-size: medium;\" mce_style=\"font-size: medium;\"><span style=\"font-family: verdana, geneva;\" mce_style=\"font-family: verdana, geneva;\"><b>B.G.- \u00bfVolveremos a ver tu obra en la siguiente edici\u00f3n de la Lectura Universal del Quijote en Esquivias?<\/b><\/span><\/span><\/p>\n<p style=\"text-align: justify;\" mce_style=\"text-align: justify;\"><span style=\"font-size: medium;\" mce_style=\"font-size: medium;\"><span style=\"font-family: verdana, geneva;\" mce_style=\"font-family: verdana, geneva;\">C.G.: Pues no sabemos, pero no me importar\u00eda, esta vez dise\u00f1ada solo para la ocasi\u00f3n, utilizando como tema precisamente el poder que tienen las palabras.<\/span><\/span><\/p>\n<p style=\"text-align: justify;\" mce_style=\"text-align: justify;\"><\/p>\n<p style=\"text-align: justify;\" mce_style=\"text-align: justify;\"><span style=\"font-size: medium;\" mce_style=\"font-size: medium;\"><span style=\"font-family: verdana, geneva;\" mce_style=\"font-family: verdana, geneva;\"><u><b>CARMEN GUARDIA GARCIA<\/b><\/u><\/span><\/span><\/p>\n<p style=\"text-align: justify;\" mce_style=\"text-align: justify;\"><span style=\"font-size: medium;\" mce_style=\"font-size: medium;\"><span style=\"font-family: verdana, geneva;\" mce_style=\"font-family: verdana, geneva;\">Comienza a dibujar en los antiguos talleres de desnudo del natural del C\u00edrculo de Bellas Artes de Madrid.\u00a0<\/span><\/span><\/p>\n<p style=\"text-align: justify;\" mce_style=\"text-align: justify;\"><span style=\"font-size: medium;\" mce_style=\"font-size: medium;\"><span style=\"font-family: verdana, geneva;\" mce_style=\"font-family: verdana, geneva;\">Ingresa en la Real Academia de Bellas Artes de San Fernando y acaba sus estudios en la especialidad de Pintura.<\/span><\/span><\/p>\n<p style=\"text-align: justify;\" mce_style=\"text-align: justify;\"><span style=\"font-size: medium;\" mce_style=\"font-size: medium;\"><span style=\"font-family: verdana, geneva;\" mce_style=\"font-family: verdana, geneva;\">En 1979 aprueba las oposiciones a Ense\u00f1anza Media, como Profesora de Dibujo y trabaja en Almer\u00eda durante 6 a\u00f1os, traslad\u00e1ndose mas tarde a Granada como Catedr\u00e1tica de Dibujo en el IES Padre Manj\u00f3n.<\/span><\/span><\/p>\n<p style=\"text-align: justify;\" mce_style=\"text-align: justify;\"><span style=\"font-size: medium;\" mce_style=\"font-size: medium;\"><span style=\"font-family: verdana, geneva;\" mce_style=\"font-family: verdana, geneva;\">Ha realizado los cursos de Doctorado en la facultad de Bellas Artes de Granada. Posteriormente se inicia en el grabado con el maestro Pepe Lomas, en la Escuela de Artes y Oficios de Granada.<\/span><\/span><\/p>\n<p style=\"text-align: justify;\" mce_style=\"text-align: justify;\"><span style=\"font-size: medium;\" mce_style=\"font-size: medium;\"><span style=\"font-family: verdana, geneva;\" mce_style=\"font-family: verdana, geneva;\"><br \/><\/span><\/span><\/p>\n<p style=\"text-align: justify;\" mce_style=\"text-align: justify;\"><span style=\"font-size: medium;\" mce_style=\"font-size: medium;\"><span style=\"font-family: verdana, geneva;\" mce_style=\"font-family: verdana, geneva;\"><b>Cursos de grabado y estampaci\u00f3n.<\/b><\/span><\/span><\/p>\n<p style=\"text-align: justify;\" mce_style=\"text-align: justify;\"><span style=\"font-size: medium;\" mce_style=\"font-size: medium;\"><span style=\"font-family: verdana, geneva;\" mce_style=\"font-family: verdana, geneva;\">Curso Internacional de <i>Electrografia Art\u00edstica<\/i>. Facultad de Bellas Artes de Cuenca.<\/span><\/span><\/p>\n<p style=\"text-align: justify;\" mce_style=\"text-align: justify;\"><span style=\"font-size: medium;\" mce_style=\"font-size: medium;\"><span style=\"font-family: verdana, geneva;\" mce_style=\"font-family: verdana, geneva;\"><i>T\u00e9cnicas aditivas. Collograph y carborundum<\/i>. Centre Internacional de la recerca. Calella. Barcelona.<\/span><\/span><\/p>\n<p style=\"text-align: justify;\" mce_style=\"text-align: justify;\"><span style=\"font-size: medium;\" mce_style=\"font-size: medium;\"><span style=\"font-family: verdana, geneva;\" mce_style=\"font-family: verdana, geneva;\"><i>T\u00e9cnicas calcogr\u00e1ficas<\/i>. Dirigido por el profesor Massimo Pompeo. Calella. Barcelona.<\/span><\/span><\/p>\n<p style=\"text-align: justify;\" mce_style=\"text-align: justify;\"><span style=\"font-size: medium;\" mce_style=\"font-size: medium;\"><span style=\"font-family: verdana, geneva;\" mce_style=\"font-family: verdana, geneva;\"><i>Necesidades expresivas del grabado. Nuevos procedimientos t\u00e9cnicos<\/i>. Facultad de Bellas Artes Alonso Cano de Granada con Juan Carlos Ramos Guadix.<\/span><\/span><\/p>\n<p style=\"text-align: justify;\" mce_style=\"text-align: justify;\"><span style=\"font-size: medium;\" mce_style=\"font-size: medium;\"><span style=\"font-family: verdana, geneva;\" mce_style=\"font-family: verdana, geneva;\"><i>Taller de grabado y estampaci\u00f3n del maestro Jos\u00e9 Garc\u00eda de Lomas<\/i>. Escuela de Artes y Oficios de Granada.<\/span><\/span><\/p>\n<p style=\"text-align: justify;\" mce_style=\"text-align: justify;\"><span style=\"font-size: medium;\" mce_style=\"font-size: medium;\"><span style=\"font-family: verdana, geneva;\" mce_style=\"font-family: verdana, geneva;\"><i>Taller de serigrafia en el Centro de investigaci\u00f3n \u00a0Gr\u00e1fica de Alcal\u00e1 la Real<\/i> con Manuel Vela, Ja\u00e9n.<\/span><\/span><\/p>\n<p style=\"text-align: justify;\" mce_style=\"text-align: justify;\"><span style=\"font-size: medium;\" mce_style=\"font-size: medium;\"><span style=\"font-family: verdana, geneva;\" mce_style=\"font-family: verdana, geneva;\"><i>M\u00e9todo de reproducci\u00f3n en positivo con Alicia D\u00edaz Rinaldi. Granada. Taller de Carini.<\/i><\/span><\/span><\/p>\n<p style=\"text-align: justify;\" mce_style=\"text-align: justify;\"><\/p>\n<p style=\"text-align: justify;\" mce_style=\"text-align: justify;\"><span style=\"font-size: medium;\" mce_style=\"font-size: medium;\"><span style=\"font-family: verdana, geneva;\" mce_style=\"font-family: verdana, geneva;\"><b>Premios y Cert\u00e1menes<\/b><\/span><\/span><\/p>\n<p style=\"text-align: justify;\" mce_style=\"text-align: justify;\"><span style=\"font-size: medium;\" mce_style=\"font-size: medium;\"><span style=\"font-family: verdana, geneva;\" mce_style=\"font-family: verdana, geneva;\">2008 Certamen Nacional Garc\u00eda Maroto. La Solana. Ciudad Real.<\/span><\/span><\/p>\n<p style=\"text-align: justify;\" mce_style=\"text-align: justify;\"><span style=\"font-size: medium;\" mce_style=\"font-size: medium;\"><span style=\"font-family: verdana, geneva;\" mce_style=\"font-family: verdana, geneva;\">2002 III Concurso \u00abRafael Gurrea\u00bb de Huetor Vega Gr\u00e1fico. Granada.<\/span><\/span><\/p>\n<p style=\"text-align: justify;\" mce_style=\"text-align: justify;\"><span style=\"font-size: medium;\" mce_style=\"font-size: medium;\"><span style=\"font-family: verdana, geneva;\" mce_style=\"font-family: verdana, geneva;\">1997 XI premio \u00abEmilio Ollero\u00bb. Diputaci\u00f3n Provincial de Ja\u00e9n.<\/span><\/span><\/p>\n<p style=\"text-align: justify;\" mce_style=\"text-align: justify;\"><span style=\"font-size: medium;\" mce_style=\"font-size: medium;\"><span style=\"font-family: verdana, geneva;\" mce_style=\"font-family: verdana, geneva;\">1987 Espacio P\u00fablico. IV Muestra de Arte Actual. Diputaci\u00f3n de Granada.<\/span><\/span><\/p>\n<p style=\"text-align: justify;\" mce_style=\"text-align: justify;\"><span style=\"font-size: medium;\" mce_style=\"font-size: medium;\"><span style=\"font-family: verdana, geneva;\" mce_style=\"font-family: verdana, geneva;\">1986 Premio Ciudad de Granada. Ayuntamiento de Granada.<\/span><\/span><\/p>\n<p style=\"text-align: justify;\" mce_style=\"text-align: justify;\"><span style=\"font-size: medium;\" mce_style=\"font-size: medium;\"><span style=\"font-family: verdana, geneva;\" mce_style=\"font-family: verdana, geneva;\">1983 Tercer premio en el Concurso Nacional de Pintura \u00abAl-Hizam\u00bb. Ciudad de Dal\u00edas.<\/span><\/span><\/p>\n<p style=\"text-align: justify;\" mce_style=\"text-align: justify;\"><span style=\"font-size: medium;\" mce_style=\"font-size: medium;\"><span style=\"font-family: verdana, geneva;\" mce_style=\"font-family: verdana, geneva;\">1982 Primer premio y Medalla de Oro en el VII Certamen Nacional de Pintura y III de Escultura de Almer\u00eda.\u00a0<\/span><\/span><\/p>\n<p style=\"text-align: justify;\" mce_style=\"text-align: justify;\"><span style=\"font-size: medium;\" mce_style=\"font-size: medium;\"><span style=\"font-family: verdana, geneva;\" mce_style=\"font-family: verdana, geneva;\">1981 I Certamen Internacional de Arte de Moj\u00e1car.<\/span><\/span><\/p>\n<p style=\"text-align: justify;\" mce_style=\"text-align: justify;\"><span style=\"font-size: medium;\" mce_style=\"font-size: medium;\"><span style=\"font-family: verdana, geneva;\" mce_style=\"font-family: verdana, geneva;\">1974 Premio Alc\u00e1ntara. Circulo de Bellas Artes. Madrid.<\/span><\/span><\/p>\n<p style=\"text-align: justify;\" mce_style=\"text-align: justify;\"><\/p>\n<p style=\"text-align: justify;\" mce_style=\"text-align: justify;\"><span style=\"font-size: medium;\" mce_style=\"font-size: medium;\"><span style=\"font-family: verdana, geneva;\" mce_style=\"font-family: verdana, geneva;\"><b>Exposiciones individuales.<\/b><\/span><\/span><\/p>\n<p style=\"text-align: justify;\" mce_style=\"text-align: justify;\"><span style=\"font-size: medium;\" mce_style=\"font-size: medium;\"><span style=\"font-family: verdana, geneva;\" mce_style=\"font-family: verdana, geneva;\">2012<b><i> <\/i>Couples<\/b>. Galer\u00eda Cidi Hiaya. Granada.<\/span><\/span><\/p>\n<p style=\"text-align: justify;\" mce_style=\"text-align: justify;\"><span style=\"font-size: medium;\" mce_style=\"font-size: medium;\"><span style=\"font-family: verdana, geneva;\" mce_style=\"font-family: verdana, geneva;\">\u00a0 \u00a0 \u00a0 \u00a0<b> <i>Reproducciones<\/i><\/b>. Casa de la Cultura de Vejer de la Frontera. C\u00e1diz.<\/span><\/span><\/p>\n<p style=\"text-align: justify;\" mce_style=\"text-align: justify;\"><span style=\"font-size: medium;\" mce_style=\"font-size: medium;\"><span style=\"font-family: verdana, geneva;\" mce_style=\"font-family: verdana, geneva;\">2007 <b><i>Nuevos Aires<\/i><\/b>. Museo de Arte Contempor\u00e1neo de Castilla la Mancha.<\/span><\/span><\/p>\n<p style=\"text-align: justify;\" mce_style=\"text-align: justify;\"><span style=\"font-size: medium;\" mce_style=\"font-size: medium;\"><span style=\"font-family: verdana, geneva;\" mce_style=\"font-family: verdana, geneva;\">1999 <b><i>Paisajes interiores<\/i><\/b>. Asociaci\u00f3n Cultural. Gestor\u00eda Arcos. Almer\u00eda.<\/span><\/span><\/p>\n<p style=\"text-align: justify;\" mce_style=\"text-align: justify;\"><span style=\"font-size: medium;\" mce_style=\"font-size: medium;\"><span style=\"font-family: verdana, geneva;\" mce_style=\"font-family: verdana, geneva;\">1996 <i><b>Pinturas<\/b><\/i>. Casa de Castilla la Mancha. Madrid.<\/span><\/span><\/p>\n<p style=\"text-align: justify;\" mce_style=\"text-align: justify;\"><span style=\"font-size: medium;\" mce_style=\"font-size: medium;\"><span style=\"font-family: verdana, geneva;\" mce_style=\"font-family: verdana, geneva;\">1994 <i><b>Crux et Rosas<\/b><\/i>. Galer\u00eda Sureste, Granada.<\/span><\/span><\/p>\n<p style=\"text-align: justify;\" mce_style=\"text-align: justify;\"><span style=\"font-size: medium;\" mce_style=\"font-size: medium;\"><span style=\"font-family: verdana, geneva;\" mce_style=\"font-family: verdana, geneva;\">1986 <i><b>Para Airemla desde alli<\/b><\/i>. Diputaci\u00f3n de Almer\u00eda.<\/span><\/span><\/p>\n<p style=\"text-align: justify;\" mce_style=\"text-align: justify;\"><span style=\"font-size: medium;\" mce_style=\"font-size: medium;\"><span style=\"font-family: verdana, geneva;\" mce_style=\"font-family: verdana, geneva;\">\u00a0 \u00a0 \u00a0 \u00a0 <i><b>En \u00a0Pedazos<\/b><\/i>. Colegio de Arquitectos de Almer\u00eda.<\/span><\/span><\/p>\n<p style=\"text-align: justify;\" mce_style=\"text-align: justify;\"><span style=\"font-size: medium;\" mce_style=\"font-size: medium;\"><span style=\"font-family: verdana, geneva;\" mce_style=\"font-family: verdana, geneva;\">\u00a0 \u00a0 \u00a0 \u00a0 <i><b>Recuerdos que a\u00fan perviven<\/b><\/i>. Ayuntamiento de Montefr\u00edo, Granada.<\/span><\/span><\/p>\n<p style=\"text-align: justify;\" mce_style=\"text-align: justify;\"><span style=\"font-size: medium;\" mce_style=\"font-size: medium;\"><span style=\"font-family: verdana, geneva;\" mce_style=\"font-family: verdana, geneva;\">\u00a0 \u00a0 \u00a0 \u00a0 <b><i>Lugar Privilegiado<\/i><\/b>. Casa de la Cultura de Collado Mediano, Madrid.<\/span><\/span><\/p>\n<p style=\"text-align: justify;\" mce_style=\"text-align: justify;\"><span style=\"font-size: medium;\" mce_style=\"font-size: medium;\"><span style=\"font-family: verdana, geneva;\" mce_style=\"font-family: verdana, geneva;\">\u00a0 \u00a0 \u00a0 \u00a0 <i><b>Grabados y \u00d3leos sobre cart\u00f3n<\/b><\/i>. Ayuntamiento de Esquivias (Toledo).<\/span><\/span><\/p>\n<p style=\"text-align: justify;\" mce_style=\"text-align: justify;\"><span style=\"font-size: medium;\" mce_style=\"font-size: medium;\"><span style=\"font-family: verdana, geneva;\" mce_style=\"font-family: verdana, geneva;\">1984 Pinturas y Dibujos en la Caja de Ahorros de Almer\u00eda.<\/span><\/span><\/p>\n<p style=\"text-align: justify;\" mce_style=\"text-align: justify;\"><\/p>\n<p style=\"text-align: justify;\" mce_style=\"text-align: justify;\"><span style=\"font-size: medium;\" mce_style=\"font-size: medium;\"><span style=\"font-family: verdana, geneva;\" mce_style=\"font-family: verdana, geneva;\"><b>Obras en entidades p\u00fablicas<\/b><\/span><\/span><\/p>\n<p style=\"text-align: justify;\" mce_style=\"text-align: justify;\"><span style=\"font-size: medium;\" mce_style=\"font-size: medium;\"><span style=\"font-family: verdana, geneva;\" mce_style=\"font-family: verdana, geneva;\">Ayuntamiento de Almer\u00eda.<\/span><\/span><\/p>\n<p style=\"text-align: justify;\" mce_style=\"text-align: justify;\"><span style=\"font-size: medium;\" mce_style=\"font-size: medium;\"><span style=\"font-family: verdana, geneva;\" mce_style=\"font-family: verdana, geneva;\"><i>Colecci\u00f3n Las Menas<\/i>. Ser\u00f3n, Almer\u00eda.<\/span><\/span><\/p>\n<p style=\"text-align: justify;\" mce_style=\"text-align: justify;\"><span style=\"font-size: medium;\" mce_style=\"font-size: medium;\"><span style=\"font-family: verdana, geneva;\" mce_style=\"font-family: verdana, geneva;\">Ayuntamiento de Esquivias, Toledo.<\/span><\/span><\/p>\n<p style=\"text-align: justify;\" mce_style=\"text-align: justify;\"><span style=\"font-size: medium;\" mce_style=\"font-size: medium;\"><span style=\"font-family: verdana, geneva;\" mce_style=\"font-family: verdana, geneva;\">Casa de Cultura de Collado Mediano, Madrid.<\/span><\/span><\/p>\n<p style=\"text-align: justify;\" mce_style=\"text-align: justify;\"><span style=\"font-size: medium;\" mce_style=\"font-size: medium;\"><span style=\"font-family: verdana, geneva;\" mce_style=\"font-family: verdana, geneva;\">Galer\u00eda Sureste, Granada.<\/span><\/span><\/p>\n<p style=\"text-align: justify;\" mce_style=\"text-align: justify;\"><span style=\"font-size: medium;\" mce_style=\"font-size: medium;\"><span style=\"font-family: verdana, geneva;\" mce_style=\"font-family: verdana, geneva;\">Caja de Ahorros de Almer\u00eda.<\/span><\/span><\/p>\n<p style=\"text-align: justify;\" mce_style=\"text-align: justify;\"><span style=\"font-size: medium;\" mce_style=\"font-size: medium;\"><span style=\"font-family: verdana, geneva;\" mce_style=\"font-family: verdana, geneva;\">Colegio de Arquitectos de Almer\u00eda.<\/span><\/span><\/p>\n<p style=\"text-align: justify;\" mce_style=\"text-align: justify;\"><span style=\"font-size: medium;\" mce_style=\"font-size: medium;\"><span style=\"font-family: verdana, geneva;\" mce_style=\"font-family: verdana, geneva;\">Casa de Castilla la Mancha, Madrid.<\/span><\/span><\/p>\n<p style=\"text-align: justify;\" mce_style=\"text-align: justify;\"><\/p>\n<p style=\"text-align: justify;\" mce_style=\"text-align: justify;\"><span style=\"font-size: medium;\" mce_style=\"font-size: medium;\"><span style=\"font-family: verdana, geneva;\" mce_style=\"font-family: verdana, geneva;\"><b>\u00daltimas exposiciones colectivas<\/b><\/span><\/span><\/p>\n<p style=\"text-align: justify;\" mce_style=\"text-align: justify;\"><span style=\"font-size: medium;\" mce_style=\"font-size: medium;\"><span style=\"font-family: verdana, geneva;\" mce_style=\"font-family: verdana, geneva;\"><b><i>2014 Colectiva de Reyes. Eka &#038; Moor Art Galler, Madrid.<\/i><\/b><\/span><\/span><\/p>\n<p style=\"text-align: justify;\" mce_style=\"text-align: justify;\"><span style=\"font-size: medium;\" mce_style=\"font-size: medium;\"><span style=\"font-family: verdana, geneva;\" mce_style=\"font-family: verdana, geneva;\"><b><i>2013 Espacio 120 Sal\u00f3n de Primavera.<\/i><\/b><\/span><\/span><\/p>\n<p style=\"text-align: justify;\" mce_style=\"text-align: justify;\"><span style=\"font-size: medium;\" mce_style=\"font-size: medium;\"><span style=\"font-family: verdana, geneva;\" mce_style=\"font-family: verdana, geneva;\"><b><i>\u00a0 \u00a0 \u00a0 \u00a0 \u00a0 Espacio 120 Sal\u00f3n de Oto\u00f1o.<\/i><\/b><\/span><\/span><\/p>\n<p style=\"text-align: justify;\" mce_style=\"text-align: justify;\"><span style=\"font-size: medium;\" mce_style=\"font-size: medium;\"><span style=\"font-family: verdana, geneva;\" mce_style=\"font-family: verdana, geneva;\"><b><i>\u00a0 \u00a0 \u00a0 \u00a0 \u00a0 Espacio 120 Sal\u00f3n de Invierno<\/i><\/b>. Barcelona.<\/span><\/span><\/p>\n<p style=\"text-align: justify;\" mce_style=\"text-align: justify;\"><span style=\"font-size: medium;\" mce_style=\"font-size: medium;\"><span style=\"font-family: verdana, geneva;\" mce_style=\"font-family: verdana, geneva;\"><b>2<i>012 Pepe Lomas: el maestro y sus disc\u00edpulos<\/i><\/b>. Museo Casa de los Tiros, Granada.<\/span><\/span><\/p>\n<p style=\"text-align: justify;\" mce_style=\"text-align: justify;\"><span style=\"font-size: medium;\" mce_style=\"font-size: medium;\"><span style=\"font-family: verdana, geneva;\" mce_style=\"font-family: verdana, geneva;\">\u00a0 \u00a0 \u00a0 \u00a0 Ilustraci\u00f3n del poemario de M\u00aa Jos\u00e9 Sierra <i><b>Al Sur de las Palabras<\/b><\/i>.<\/span><\/span><\/p>\n<p style=\"text-align: justify;\" mce_style=\"text-align: justify;\"><span style=\"font-size: medium;\" mce_style=\"font-size: medium;\"><span style=\"font-family: verdana, geneva;\" mce_style=\"font-family: verdana, geneva;\"><b><i>2010 63 Exposici\u00f3n in Japan Independence<\/i><\/b> en los museos de Tokio, The nacional Art Center, <\/span><\/span><\/p>\n<p style=\"text-align: justify;\" mce_style=\"text-align: justify;\"><span style=\"font-size: medium;\" mce_style=\"font-size: medium;\"><span style=\"font-family: verdana, geneva;\" mce_style=\"font-family: verdana, geneva;\">\u00a0 \u00a0 \u00a0 \u00a0\u00a0<i><b>Hirohima, Museum of Art y Kyoto<\/b><\/i>, Municipal Museum Of Art.<\/span><\/span><\/p>\n<p style=\"text-align: justify;\" mce_style=\"text-align: justify;\"><span style=\"font-size: medium;\" mce_style=\"font-size: medium;\"><span style=\"font-family: verdana, geneva;\" mce_style=\"font-family: verdana, geneva;\"><b><i>\u00a0 \u00a0 \u00a0 \u00a0 \u00a0 Marbart\u00a0<\/i><\/b><\/span><\/span><span style=\"font-family: verdana, geneva; font-size: medium; line-height: 1.3em;\" mce_style=\"font-family: verdana, geneva; font-size: medium; line-height: 1.3em;\"><i><b>VI<\/b><\/i> Feria de Arte. Marbella. Galer\u00eda Miquel-Gaspar.<\/span><\/p>\n<p style=\"text-align: justify;\" mce_style=\"text-align: justify;\"><span style=\"font-size: medium;\" mce_style=\"font-size: medium;\"><span style=\"font-family: verdana, geneva;\" mce_style=\"font-family: verdana, geneva;\">\u00a0 \u00a0 \u00a0 \u00a0 <i><b>Maarbart VII<\/b><\/i> Feria Internacional de Arte de Marbella.<\/span><\/span><\/p>\n<p style=\"text-align: justify;\" mce_style=\"text-align: justify;\"><span style=\"font-size: medium;\" mce_style=\"font-size: medium;\"><span style=\"font-family: verdana, geneva;\" mce_style=\"font-family: verdana, geneva;\"><b><i>2009 Estaci\u00f3n de Francia<\/i><\/b>. Feria de Arte Contempor\u00e1neo. Barcelona. Articulo en Revistart.<\/span><\/span><\/p>\n<p style=\"text-align: justify;\" mce_style=\"text-align: justify;\"><span style=\"font-size: medium;\" mce_style=\"font-size: medium;\"><span style=\"font-family: verdana, geneva;\" mce_style=\"font-family: verdana, geneva;\">\u00a0 \u00a0 \u00a0 \u00a0 <b><i>El grupo de los 80<\/i><\/b>. Escuela de Arte de Almer\u00eda.<\/span><\/span><\/p>\n<p style=\"text-align: justify;\" mce_style=\"text-align: justify;\"><span style=\"font-size: medium;\" mce_style=\"font-size: medium;\"><span style=\"font-family: verdana, geneva;\" mce_style=\"font-family: verdana, geneva;\"><i><b>2008 Marbart IV<\/b><\/i>. Galer\u00eda Jorge Ontiveros, Marbella.<\/span><\/span><\/p>\n<p style=\"text-align: justify;\" mce_style=\"text-align: justify;\"><span style=\"font-size: medium;\" mce_style=\"font-size: medium;\"><span style=\"font-family: verdana, geneva;\" mce_style=\"font-family: verdana, geneva;\"><b><i>2006 Estampa 2006<\/i><\/b>. Feria internacional de obra gr\u00e1fica de Madrid.<\/span><\/span><\/p>\n<p style=\"text-align: justify;\" mce_style=\"text-align: justify;\"><span style=\"font-size: medium;\" mce_style=\"font-size: medium;\"><span style=\"font-family: verdana, geneva;\" mce_style=\"font-family: verdana, geneva;\">\u00a0 \u00a0 \u00a0 \u00a0\u00a0<i><b>Arte y Mujer<\/b><\/i>. Casa de la Cultura de Maracena.<\/span><\/span><\/p>\n<p style=\"text-align: justify;\" mce_style=\"text-align: justify;\"><span style=\"font-size: medium;\" mce_style=\"font-size: medium;\"><span style=\"font-family: verdana, geneva;\" mce_style=\"font-family: verdana, geneva;\"><i><b>2005 Estampa 2005.<\/b><\/i><\/span><\/span><\/p>\n<p style=\"text-align: justify;\" mce_style=\"text-align: justify;\"><span style=\"font-size: medium;\" mce_style=\"font-size: medium;\"><span style=\"font-family: verdana, geneva;\" mce_style=\"font-family: verdana, geneva;\">\u00a0 \u00a0 \u00a0 \u00a0 <b><i>Mujer y Arte<\/i><\/b>. Casa de la Cultura de Maracena.<\/span><\/span><\/p>\n<p style=\"text-align: justify;\" mce_style=\"text-align: justify;\"><span style=\"font-size: medium;\" mce_style=\"font-size: medium;\"><span style=\"font-family: verdana, geneva;\" mce_style=\"font-family: verdana, geneva;\">\u00a0 \u00a0 \u00a0 \u00a0 <i><b>La luz de Andaluc\u00eda<\/b><\/i>. Museo Nacional del Grabado de Buenos Aires. Sala Carlos Vaz Ferreira de Montevideo.<\/span><\/span><\/p>\n<p style=\"text-align: justify;\" mce_style=\"text-align: justify;\"><span style=\"font-size: medium;\" mce_style=\"font-size: medium;\"><span style=\"font-family: verdana, geneva;\" mce_style=\"font-family: verdana, geneva;\">\u00a0 \u00a0 \u00a0 \u00a0 <i><b>Escuela Arte y ciudadan\u00eda 8X8 Artistas Docentes Andaluces<\/b><\/i>, Junta de Andaluc\u00eda.<\/span><\/span><\/p>\n<p style=\"text-align: justify;\" mce_style=\"text-align: justify;\"><span style=\"font-size: medium;\" mce_style=\"font-size: medium;\"><span style=\"font-family: verdana, geneva;\" mce_style=\"font-family: verdana, geneva;\">\u00a0 \u00a0 \u00a0 \u00a0 <i><b>Universo Femenino. Arte y G\u00e9nero<\/b><\/i>. Partrocinada por Caja Granada. Itinerante.<\/span><\/span><\/p>\n<p style=\"text-align: justify;\" mce_style=\"text-align: justify;\"><span style=\"font-size: medium;\" mce_style=\"font-size: medium;\"><span style=\"font-family: verdana, geneva;\" mce_style=\"font-family: verdana, geneva;\">\u00a0 \u00a0 \u00a0 \u00a0 <i><b>Espacio de Arte<\/b><\/i>. Granada.<\/span><\/span><\/p>\n<p style=\"text-align: justify;\" mce_style=\"text-align: justify;\"><span style=\"font-size: medium;\" mce_style=\"font-size: medium;\"><span style=\"font-family: verdana, geneva;\" mce_style=\"font-family: verdana, geneva;\">\u00a0 \u00a0 \u00a0 \u00a0 <i><b>Encuentros puntuales<\/b><\/i>. Galer\u00eda Carmen de Burgos. Rodalquilar, Almer\u00eda.<\/span><\/span><\/p>\n<p style=\"text-align: justify;\" mce_style=\"text-align: justify;\"><span style=\"font-size: medium;\" mce_style=\"font-size: medium;\"><span style=\"font-family: verdana, geneva;\" mce_style=\"font-family: verdana, geneva;\"><i><b>2004 Patios Andaluces<\/b><\/i>. Galer\u00eda Cidi Hiaya, Granada.<\/span><\/span><\/p>\n<p style=\"text-align: justify;\" mce_style=\"text-align: justify;\"><span style=\"font-size: medium;\" mce_style=\"font-size: medium;\"><span style=\"font-family: verdana, geneva;\" mce_style=\"font-family: verdana, geneva;\">\u00a0 \u00a0 \u00a0 \u00a0 Homenaje <i><b>al Maestro Grabador Pepe Lomas<\/b><\/i>. Galer\u00eda Toro, Granada.<\/span><\/span><\/p>\n<p style=\"text-align: justify;\" mce_style=\"text-align: justify;\"><span style=\"font-size: medium;\" mce_style=\"font-size: medium;\"><span style=\"font-family: verdana, geneva;\" mce_style=\"font-family: verdana, geneva;\">\u00a0 \u00a0 \u00a0 \u00a0 <b><i>Estampa 2004<\/i><\/b>, con el taller de grabado Die Blaue Tinte.<\/span><\/span><\/p>\n<p style=\"text-align: justify;\" mce_style=\"text-align: justify;\"><span style=\"font-size: medium;\" mce_style=\"font-size: medium;\"><span style=\"font-family: verdana, geneva;\" mce_style=\"font-family: verdana, geneva;\">\u00a0 \u00a0 \u00a0 \u00a0 <i><b>Mujeres del Cine<\/b><\/i>. Casa de la Cultura en Maracena, Ogijares y Guadix.<\/span><\/span><\/p>\n<p style=\"text-align: justify;\" mce_style=\"text-align: justify;\"><span style=\"font-size: medium;\" mce_style=\"font-size: medium;\"><span style=\"font-family: verdana, geneva;\" mce_style=\"font-family: verdana, geneva;\">\u00a0 \u00a0 \u00a0 <i><b>\u00a0 Tsunami<\/b><\/i>, Colegio de Arquitectos de Granada.<\/span><\/span><\/p>\n<p style=\"text-align: justify;\" mce_style=\"text-align: justify;\"><span style=\"font-size: medium;\" mce_style=\"font-size: medium;\"><span style=\"font-family: verdana, geneva;\" mce_style=\"font-family: verdana, geneva;\"><b><i>2003<\/i><\/b> <i><b>Los Caminos de Eros<\/b><\/i>. Pintura, Caja de Ahorros de la General. Dibujo, Galer\u00eda Cidi Hiaya.<\/span><\/span><\/p>\n<p style=\"text-align: justify;\" mce_style=\"text-align: justify;\"><span style=\"font-size: medium;\" mce_style=\"font-size: medium;\"><span style=\"font-family: verdana, geneva;\" mce_style=\"font-family: verdana, geneva;\">\u00a0 \u00a0 \u00a0 \u00a0 Grabado, Galeria Cartel. Autora del art\u00edculo <i><b>\u00abEl erotismo en el grabado occidental\u00bb<\/b><\/i><\/span><\/span><\/p>\n<p style=\"text-align: justify;\" mce_style=\"text-align: justify;\"><span style=\"font-size: medium;\" mce_style=\"font-size: medium;\"><span style=\"font-family: verdana, geneva;\" mce_style=\"font-family: verdana, geneva;\"><i><b><\/b><\/i>\u00a0 \u00a0 \u00a0 \u00a0 para el cat\u00e1logo. Granada.<\/span><\/span><\/p>\n<p style=\"text-align: justify;\" mce_style=\"text-align: justify;\"><span style=\"font-size: medium;\" mce_style=\"font-size: medium;\"><span style=\"font-family: verdana, geneva;\" mce_style=\"font-family: verdana, geneva;\"><i><b>2002 Itinerarte<\/b><\/i>. Muestra de Arte contempor\u00e1neo. Granada.<\/span><\/span><\/p>\n<p style=\"text-align: justify;\" mce_style=\"text-align: justify;\"><span style=\"font-size: medium;\" mce_style=\"font-size: medium;\"><span style=\"font-family: verdana, geneva;\" mce_style=\"font-family: verdana, geneva;\"><i><b>2001 Insinuaciones Art\u00edsticas<\/b><\/i>. Museo hist\u00f3rico de Ecija.<\/span><\/span><\/p>\n<p style=\"text-align: justify;\" mce_style=\"text-align: justify;\"><span style=\"font-size: medium;\" mce_style=\"font-size: medium;\"><span style=\"font-family: verdana, geneva;\" mce_style=\"font-family: verdana, geneva;\"><i><b>1999<\/b><\/i> Feria internacional de arte ARTE + SUR. <i><b>Veractiva<\/b><\/i>. Vera, Almer\u00eda.<\/span><\/span><\/p>\n<p style=\"text-align: justify;\" mce_style=\"text-align: justify;\"><span style=\"font-size: medium;\" mce_style=\"font-size: medium;\"><span style=\"font-family: verdana, geneva;\" mce_style=\"font-family: verdana, geneva;\"><i><b>1993 Mano a Mano<\/b><\/i>. Galer\u00eda Sureste. Granada.<\/span><\/span><\/p>\n<p style=\"text-align: justify;\" mce_style=\"text-align: justify;\"><span style=\"font-size: medium;\" mce_style=\"font-size: medium;\"><span style=\"font-family: verdana, geneva;\" mce_style=\"font-family: verdana, geneva;\">\u00a0 \u00a0 \u00a0 \u00a0 Feria internacional de arte ARTE + SUR. Granada.<\/span><\/span><\/p>\n<p style=\"text-align: justify;\" mce_style=\"text-align: justify;\"><span style=\"font-size: medium;\" mce_style=\"font-size: medium;\"><span style=\"font-family: verdana, geneva;\" mce_style=\"font-family: verdana, geneva;\">\u00a0 \u00a0 \u00a0 \u00a0<i><b> Memoria Azul.<\/b><\/i> Exposici\u00f3n a favor del Comit\u00e9 Ciudadano Antisida. Caja General de Ahorros de Granada.<\/span><\/span><\/p>\n<p style=\"text-align: justify;\" mce_style=\"text-align: justify;\"><span style=\"font-size: medium;\" mce_style=\"font-size: medium;\"><span style=\"font-family: verdana, geneva;\" mce_style=\"font-family: verdana, geneva;\">\u00a0 \u00a0 \u00a0 \u00a0 <i><b>International Anti-Aids exhibition<\/b><\/i>. Washington DC, EE.UU.<\/span><\/span><\/p>\n<p style=\"text-align: justify;\" mce_style=\"text-align: justify;\"><span style=\"font-size: medium;\" mce_style=\"font-size: medium;\"><span style=\"font-family: verdana, geneva;\" mce_style=\"font-family: verdana, geneva;\">\u00a0 \u00a0 \u00a0 \u00a0 <b><i>Nuevos ritos &#038; Mitos nuevos<\/i><\/b>. Azucarera del Genil. Santaf\u00e9, Granada.<\/span><\/span><\/p>\n<p style=\"text-align: justify;\" mce_style=\"text-align: justify;\"><span style=\"font-size: medium;\" mce_style=\"font-size: medium;\"><span style=\"font-family: verdana, geneva;\" mce_style=\"font-family: verdana, geneva;\">\u00a0 \u00a0 \u00a0 \u00a0 <i><b>Opus Nigrum<\/b><\/i>. Galer\u00eda virtual A.C.P.A. Azucarera del Genil, Santaf\u00e9, Granada.<\/span><\/span><\/p>\n<p style=\"text-align: justify;\" mce_style=\"text-align: justify;\"><span class=\"Apple-tab-span\" style=\"white-space:pre\" mce_style=\"white-space:pre\">\t\t\t\t\t\t\t\t\t\t\t\t\t\t\t\t\t\t\t\t\t\t\t\t\t\t\t\t\t\t\t\t\t\t\t\t\t\t\t\t<\/span><\/p>\n<p style=\"text-align: center;\" mce_style=\"text-align: center;\"><span style=\"font-size: medium;\" mce_style=\"font-size: medium;\"><span style=\"font-family: verdana, geneva;\" mce_style=\"font-family: verdana, geneva;\"><a href=\"http:\/\/www.artecarmenguardia.es\" mce_href=\"http:\/\/www.artecarmenguardia.es\">www.artecarmenguardia.es<\/a>\u00a0 \u00a0 \u00a0 \u00a0 \u00a0 \u00a0 \u00a0 \u00a0 \u00a0 \u00a0 \u00a0<a href=\"http:\/\/carmen-guardia.artelista.com\" mce_href=\"http:\/\/carmen-guardia.artelista.com\">http:\/\/carmen-guardia.artelista.com<\/a><\/span><\/span><\/p>\n<p style=\"text-align: center;\" mce_style=\"text-align: center;\"><\/p>\n<p style=\"text-align: right;\" mce_style=\"text-align: right;\"><span style=\"font-size: small;\" mce_style=\"font-size: small;\"><span style=\"font-family: verdana, geneva;\" mce_style=\"font-family: verdana, geneva;\"><i><b>Sabino de Diego<\/b><\/i><\/span><\/span>.<\/p>\n<p style=\"text-align: justify;\" mce_style=\"text-align: justify;\"><span style=\"font-size: medium;\" mce_style=\"font-size: medium;\"><span style=\"font-family: verdana, geneva;\" mce_style=\"font-family: verdana, geneva;\"><br \/><\/span><\/span><\/p>\n<p style=\"text-align: justify;\" mce_style=\"text-align: justify;\"><span style=\"font-size: medium;\" mce_style=\"font-size: medium;\"><span style=\"font-family: verdana, geneva;\" mce_style=\"font-family: verdana, geneva;\"><br \/><\/span><\/span><\/p>\n<p style=\"text-align: justify;\" mce_style=\"text-align: justify;\"><span style=\"font-size: medium;\" mce_style=\"font-size: medium;\"><span style=\"font-family: verdana, geneva;\" mce_style=\"font-family: verdana, geneva;\"><br \/><\/span><\/span><\/p>\n<p style=\"text-align: justify;\" mce_style=\"text-align: justify;\"><span style=\"font-size: medium;\" mce_style=\"font-size: medium;\"><span style=\"font-family: verdana, geneva;\" mce_style=\"font-family: verdana, geneva;\">\u00a0<\/span><\/span><\/p>\n<p style=\"text-align: justify;\" mce_style=\"text-align: justify;\"><span style=\"font-size: medium;\" mce_style=\"font-size: medium;\"><span style=\"font-family: verdana, geneva;\" mce_style=\"font-family: verdana, geneva;\"><br \/><\/span><\/span><\/p>\n<p style=\"text-align: justify;\" mce_style=\"text-align: justify;\"><span style=\"font-size: medium;\" mce_style=\"font-size: medium;\"><span style=\"font-family: verdana, geneva;\" mce_style=\"font-family: verdana, geneva;\"><br \/><\/span><\/span><\/p>\n<p style=\"text-align: justify;\" mce_style=\"text-align: justify;\"><span style=\"font-size: medium;\" mce_style=\"font-size: medium;\"><span style=\"font-family: verdana, geneva;\" mce_style=\"font-family: verdana, geneva;\"><br \/><\/span><\/span><\/p>\n<p style=\"text-align: justify;\" mce_style=\"text-align: justify;\"><span style=\"font-size: medium;\" mce_style=\"font-size: medium;\"><span style=\"font-family: verdana, geneva;\" mce_style=\"font-family: verdana, geneva;\"><br \/><\/span><\/span><\/p>\n<p style=\"text-align: justify;\" mce_style=\"text-align: justify;\"><span style=\"font-size: medium;\" mce_style=\"font-size: medium;\"><span style=\"font-family: verdana, geneva;\" mce_style=\"font-family: verdana, geneva;\"><br \/><\/span><\/span><\/p>\n<p style=\"text-align: justify;\" mce_style=\"text-align: justify;\"><span style=\"font-size: medium;\" mce_style=\"font-size: medium;\"><span style=\"font-family: verdana, geneva;\" mce_style=\"font-family: verdana, geneva;\"><br \/><\/span><\/span><\/p>\n<p style=\"text-align: justify;\" mce_style=\"text-align: justify;\"><span style=\"font-size: medium;\" mce_style=\"font-size: medium;\"><span style=\"font-family: verdana, geneva;\" mce_style=\"font-family: verdana, geneva;\"><br \/><\/span><\/span><\/p>\n<p style=\"text-align: justify;\" mce_style=\"text-align: justify;\"><span style=\"font-size: medium;\" mce_style=\"font-size: medium;\"><span style=\"font-family: verdana, geneva;\" mce_style=\"font-family: verdana, geneva;\"><br \/><\/span><\/span><\/p>\n<p style=\"text-align: justify;\" mce_style=\"text-align: justify;\"><span style=\"font-size: medium;\" mce_style=\"font-size: medium;\"><span style=\"font-family: verdana, geneva;\" mce_style=\"font-family: verdana, geneva;\"><br \/><\/span><\/span><\/p>\n<p style=\"text-align: justify;\" mce_style=\"text-align: justify;\"><span style=\"font-size: medium;\" mce_style=\"font-size: medium;\"><span style=\"font-family: verdana, geneva;\" mce_style=\"font-family: verdana, geneva;\"><br \/><\/span><\/span><\/p>\n<p style=\"text-align: justify;\" mce_style=\"text-align: justify;\"><span style=\"font-size: medium;\" mce_style=\"font-size: medium;\"><span style=\"font-family: verdana, geneva;\" mce_style=\"font-family: verdana, geneva;\"><br \/><\/span><\/span><\/p>\n<p style=\"text-align: justify;\" mce_style=\"text-align: justify;\"><span style=\"font-size: medium;\" mce_style=\"font-size: medium;\"><span style=\"font-family: verdana, geneva;\" mce_style=\"font-family: verdana, geneva;\"><br \/><\/span><\/span><\/p>\n<p style=\"text-align: justify;\" mce_style=\"text-align: justify;\"><span style=\"font-size: medium;\" mce_style=\"font-size: medium;\"><span style=\"font-family: verdana, geneva;\" mce_style=\"font-family: verdana, geneva;\"><br \/><\/span><\/span><\/p>\n<p style=\"text-align: justify;\" mce_style=\"text-align: justify;\"><span style=\"font-size: medium;\" mce_style=\"font-size: medium;\"><span style=\"font-family: verdana, geneva;\" mce_style=\"font-family: verdana, geneva;\"><i><br \/><\/i><\/span><\/span><\/p>\n<p style=\"text-align: justify;\" mce_style=\"text-align: justify;\"><span style=\"font-size: medium;\" mce_style=\"font-size: medium;\"><span style=\"font-family: verdana, geneva;\" mce_style=\"font-family: verdana, geneva;\"><br \/><\/span><\/span><\/p>\n<p style=\"text-align: justify;\" mce_style=\"text-align: justify;\"><span style=\"font-size: medium;\" mce_style=\"font-size: medium;\"><span style=\"font-family: verdana, geneva;\" mce_style=\"font-family: verdana, geneva;\"><br \/><\/span><\/span><\/p>\n<p style=\"text-align: justify;\" mce_style=\"text-align: justify;\"><span style=\"font-size: medium;\" mce_style=\"font-size: medium;\"><span style=\"font-family: verdana, geneva;\" mce_style=\"font-family: verdana, geneva;\"><br \/><\/span><\/span><\/p>\n<p style=\"text-align: justify;\" mce_style=\"text-align: justify;\"><span style=\"font-size: medium;\" mce_style=\"font-size: medium;\"><span style=\"font-family: verdana, geneva;\" mce_style=\"font-family: verdana, geneva;\"><br \/><\/span><\/span><\/p>\n<p style=\"text-align: justify;\" mce_style=\"text-align: justify;\"><span style=\"font-size: medium;\" mce_style=\"font-size: medium;\"><span style=\"font-family: verdana, geneva;\" mce_style=\"font-family: verdana, geneva;\"><br \/><\/span><\/span><\/p>\n<p style=\"text-align: justify;\" mce_style=\"text-align: justify;\"><span style=\"font-family: verdana, geneva; font-size: small;\" mce_style=\"font-family: verdana, geneva; font-size: small;\"><br \/><\/span><\/p>\n<p style=\"text-align: justify;\" mce_style=\"text-align: justify;\"><span style=\"font-size: medium;\" mce_style=\"font-size: medium;\"><span style=\"font-family: verdana, geneva;\" mce_style=\"font-family: verdana, geneva;\"><br \/><\/span><\/span><\/p>\n<p style=\"text-align: justify;\" mce_style=\"text-align: justify;\"><span style=\"font-size: medium;\" mce_style=\"font-size: medium;\"><span style=\"font-family: verdana, geneva;\" mce_style=\"font-family: verdana, geneva;\"><br \/><\/span><\/span><\/p>\n<p style=\"text-align: justify;\" mce_style=\"text-align: justify;\"><\/p>\n<p style=\"text-align: justify;\" mce_style=\"text-align: justify;\"><\/p>\n<p style=\"text-align: center;\" mce_style=\"text-align: center;\"><\/p>\n<p style=\"text-align: center;\" mce_style=\"text-align: center;\"><span style=\"font-size: medium;\" mce_style=\"font-size: medium;\"><span style=\"font-family: verdana, geneva;\" mce_style=\"font-family: verdana, geneva;\"><br \/><\/span><\/span><\/p>\n","protected":false},"excerpt":{"rendered":"<p>BEL\u00c9N GARC\u00cdA CALVO. ESCRITORA. Coincidiendo con la VII edici\u00f3n de la Lectura Universal del Quijote en Esquivias (Toledo), en una [&hellip;]<\/p>\n","protected":false},"author":1,"featured_media":1843,"comment_status":"open","ping_status":"open","sticky":false,"template":"","format":"standard","meta":{"footnotes":""},"categories":[9],"tags":[],"class_list":["post-1846","post","type-post","status-publish","format-standard","has-post-thumbnail","hentry","category-noticias-de-la-web"],"_links":{"self":[{"href":"http:\/\/www.cervantinaesquivias.org\/wordpress\/wp-json\/wp\/v2\/posts\/1846","targetHints":{"allow":["GET"]}}],"collection":[{"href":"http:\/\/www.cervantinaesquivias.org\/wordpress\/wp-json\/wp\/v2\/posts"}],"about":[{"href":"http:\/\/www.cervantinaesquivias.org\/wordpress\/wp-json\/wp\/v2\/types\/post"}],"author":[{"embeddable":true,"href":"http:\/\/www.cervantinaesquivias.org\/wordpress\/wp-json\/wp\/v2\/users\/1"}],"replies":[{"embeddable":true,"href":"http:\/\/www.cervantinaesquivias.org\/wordpress\/wp-json\/wp\/v2\/comments?post=1846"}],"version-history":[{"count":0,"href":"http:\/\/www.cervantinaesquivias.org\/wordpress\/wp-json\/wp\/v2\/posts\/1846\/revisions"}],"wp:featuredmedia":[{"embeddable":true,"href":"http:\/\/www.cervantinaesquivias.org\/wordpress\/wp-json\/wp\/v2\/media\/1843"}],"wp:attachment":[{"href":"http:\/\/www.cervantinaesquivias.org\/wordpress\/wp-json\/wp\/v2\/media?parent=1846"}],"wp:term":[{"taxonomy":"category","embeddable":true,"href":"http:\/\/www.cervantinaesquivias.org\/wordpress\/wp-json\/wp\/v2\/categories?post=1846"},{"taxonomy":"post_tag","embeddable":true,"href":"http:\/\/www.cervantinaesquivias.org\/wordpress\/wp-json\/wp\/v2\/tags?post=1846"}],"curies":[{"name":"wp","href":"https:\/\/api.w.org\/{rel}","templated":true}]}}