{"id":1835,"date":"2014-05-22T11:32:51","date_gmt":"2014-05-22T11:32:51","guid":{"rendered":"http:\/\/www.cervantinaesquivias.org\/wordpress\/2014\/05\/22\/exposicion-de-pintura-en-esquivias-mayo-junio-de-2014\/"},"modified":"2014-05-22T11:32:51","modified_gmt":"2014-05-22T11:32:51","slug":"exposicion-de-pintura-en-esquivias-mayo-junio-de-2014","status":"publish","type":"post","link":"http:\/\/www.cervantinaesquivias.org\/wordpress\/2014\/05\/22\/exposicion-de-pintura-en-esquivias-mayo-junio-de-2014\/","title":{"rendered":"EXPOSICION DE PINTURA EN ESQUIVIAS. Mayo-Junio de 2014."},"content":{"rendered":"<p style=\"text-align: justify;\" mce_style=\"text-align: justify;\"><span style=\"font-size: medium;\" mce_style=\"font-size: medium;\"><span style=\"font-family: verdana, geneva;\" mce_style=\"font-family: verdana, geneva;\">La pintora Hortensia Rodr\u00edguez Mesa, expone parte de sus cuadros en el Asador Marcos, situado en el Pol. Ind. La Serna de Esquivias.<\/span><\/span><\/p>\n<p><\/p>\n<p style=\"text-align: center;\"><img loading=\"lazy\" decoding=\"async\" class=\" size-full wp-image-1828 size-full wp-image-1828\" src=\"http:\/\/www.cervantinaesquivias.org\/wordpress\/wp-content\/uploads\/2014\/05\/expo-2014-06.jpg\" mce_src=\"http:\/\/www.cervantinaesquivias.org\/wordpress\/wp-content\/uploads\/2014\/05\/expo-2014-06.jpg\" alt=\"alt\" width=\"634\" height=\"845\" srcset=\"http:\/\/www.cervantinaesquivias.org\/wordpress\/wp-content\/uploads\/2014\/05\/expo-2014-06.jpg 634w, http:\/\/www.cervantinaesquivias.org\/wordpress\/wp-content\/uploads\/2014\/05\/expo-2014-06-225x300.jpg 225w\" sizes=\"auto, (max-width: 634px) 100vw, 634px\" \/><\/p>\n<p style=\"text-align: center;\" mce_style=\"text-align: center;\"><\/p>\n<p style=\"text-align: justify;\" mce_style=\"text-align: justify;\"><span style=\"font-size: medium;\" mce_style=\"font-size: medium;\"><span style=\"font-family: verdana, geneva;\" mce_style=\"font-family: verdana, geneva;\">La exposici\u00f3n estar\u00e1 abierta hasta el d\u00eda 27 de Junio del 2014, y podr\u00e1 ser visitada en cualquier momento, en horario de <\/span><span style=\"font-family: verdana, geneva;\" mce_style=\"font-family: verdana, geneva;\">apertura de dicho establecimiento.<\/span><\/span><\/p>\n<p style=\"text-align: justify;\" mce_style=\"text-align: justify;\"><span style=\"font-size: medium;\" mce_style=\"font-size: medium;\"><span style=\"font-size: medium;\" mce_style=\"font-size: medium;\"><span style=\"font-family: verdana, geneva;\" mce_style=\"font-family: verdana, geneva;\">A modo de presentaci\u00f3n, dice Hortensia:<\/span><\/span><\/span><\/p>\n<p style=\"text-align: justify;\" mce_style=\"text-align: justify;\"><span style=\"font-size: medium;\" mce_style=\"font-size: medium;\"><span style=\"font-family: verdana, geneva;\" mce_style=\"font-family: verdana, geneva;\">\u00abPara mi la pintura ha sido desde ni\u00f1a mi juego.<\/span><\/span><\/p>\n<p style=\"text-align: justify;\" mce_style=\"text-align: justify;\"><span style=\"font-size: medium;\" mce_style=\"font-size: medium;\"><span style=\"font-family: verdana, geneva;\" mce_style=\"font-family: verdana, geneva;\">Segr\u00fan crec\u00eda yo, crec\u00eda mi inter\u00e9s por la pintura.<\/span><\/span><\/p>\n<p style=\"text-align: justify;\" mce_style=\"text-align: justify;\"><span style=\"font-size: medium;\" mce_style=\"font-size: medium;\"><span style=\"font-family: verdana, geneva;\" mce_style=\"font-family: verdana, geneva;\">Hasta que conoc\u00ed a un pintor que me dio el empuj\u00f3n que me faltaba<\/span><\/span><\/p>\n<p><span style=\"font-size: small;\" mce_style=\"font-family: verdana, geneva; font-size: small;\"><\/span><\/p>\n<p \/>\n<!--more-->\n<\/p>\n<p><span style=\"font-size: medium;\" mce_style=\"font-size: medium;\"><span style=\"font-family: verdana, geneva;\" mce_style=\"font-family: verdana, geneva;\">para hacerlo de una forma mas seria.<\/span><\/span><\/p>\n<p style=\"text-align: justify;\" mce_style=\"text-align: justify;\"><span style=\"font-size: medium;\" mce_style=\"font-size: medium;\"><span style=\"font-family: verdana, geneva;\" mce_style=\"font-family: verdana, geneva;\">Me ense\u00f1\u00f3 a no tener miedo a los pinceles y a los colores, a no pensar si me saldr\u00e1 este o aquel color, esta o aquella fruta, este o aquel tono de piel, en definitiva a perder el miedo a mancharme las manos y manchar un lienzo y luego dar otro color hasta conseguir el color deseado.<\/span><\/span><\/p>\n<p style=\"text-align: justify;\" mce_style=\"text-align: justify;\"><span style=\"font-size: medium;\" mce_style=\"font-size: medium;\"><span style=\"font-family: verdana, geneva;\" mce_style=\"font-family: verdana, geneva;\">Porque en la pintura, las luces y las sombras son tan importantes como los colores, de hecho, el color por si solo no da volumen ni forma siempre, va ligado a las luces y las sombras. Es algo que me gusta mucho trabajar.<\/span><\/span><\/p>\n<p style=\"text-align: justify;\" mce_style=\"text-align: justify;\"><span style=\"font-size: medium;\" mce_style=\"font-size: medium;\"><span style=\"font-family: verdana, geneva;\" mce_style=\"font-family: verdana, geneva;\">Tambi\u00e9n suelo mezclar en el mismo cuadro esp\u00e1tula y pincel, las esp\u00e1tula porque me gusta la textura que deja en el lienzo, y siempre acabar con la perfecci\u00f3n que te da un pincel.<\/span><\/span><\/p>\n<p style=\"text-align: justify;\" mce_style=\"text-align: justify;\"><span style=\"font-size: medium;\" mce_style=\"font-size: medium;\"><span style=\"font-family: verdana, geneva;\" mce_style=\"font-family: verdana, geneva;\">Actualmente estoy con un estilo mas surrealista, me encanta crear y componer como si estuviese jugando o so\u00f1ando y poder plasmar los objetos diarios de una forma mas or\u00ednica.<\/span><\/span><\/p>\n<p style=\"text-align: justify;\" mce_style=\"text-align: justify;\"><span style=\"font-size: medium;\" mce_style=\"font-size: medium;\"><span style=\"font-family: verdana, geneva;\" mce_style=\"font-family: verdana, geneva;\">Me siento una privilegiada al poder plasmar sobre un lienzo algo que he vivido, que he so\u00f1ado, y disfruto mucho al poder expresarlo, por eso cada d\u00eda me gusta mas el surrealismo, porque te puedes expresar con mas libertad y puedes pintar y recrear lo que piensas sin que se vea como algo raro porque siempre hay quien se identifica con mi obra.<\/span><\/span><\/p>\n<p style=\"text-align: justify;\" mce_style=\"text-align: justify;\"><span style=\"font-size: medium;\" mce_style=\"font-size: medium;\"><span style=\"font-family: verdana, geneva;\" mce_style=\"font-family: verdana, geneva;\">La pintura es un lenguaje universal que no necesita palabras y se comprende en todas partes por igual.<\/span><\/span><\/p>\n<p style=\"text-align: justify;\" mce_style=\"text-align: justify;\"><span style=\"font-size: medium;\" mce_style=\"font-size: medium;\"><span style=\"font-family: verdana, geneva;\" mce_style=\"font-family: verdana, geneva;\">Yo para preparar esta exposici\u00f3n he estado dos a\u00f1os y creo que ha merecido la pena esperar. En cada cuadro se nota la evoluci\u00f3n de la pintura y de los pensamientos, la forma de llevar las ideas a los lienzos.<\/span><\/span><\/p>\n<p style=\"text-align: justify;\" mce_style=\"text-align: justify;\"><span style=\"font-size: medium;\" mce_style=\"font-size: medium;\"><span style=\"font-family: verdana, geneva;\" mce_style=\"font-family: verdana, geneva;\">Espero que los que vengan les gusten mis cuadros tanto como yo he disfrutado al realizarlos y que sientan deseos de adquirirlos.<\/span><\/span><\/p>\n<p style=\"text-align: justify;\" mce_style=\"text-align: justify;\"><span style=\"font-size: medium;\" mce_style=\"font-size: medium;\"><span style=\"font-family: verdana, geneva;\" mce_style=\"font-family: verdana, geneva;\">Gracias por su asistencia\u00bb.<\/span><\/span><\/p>\n<p style=\"text-align: justify;\" mce_style=\"text-align: justify;\"><\/p>\n<p style=\"text-align: center;\" mce_style=\"text-align: center;\"><span style=\"font-size: medium;\" mce_style=\"font-size: medium;\"><span style=\"font-family: verdana, geneva;\" mce_style=\"font-family: verdana, geneva;\"><img loading=\"lazy\" decoding=\"async\" class=\" size-full wp-image-1829 size-full wp-image-1829\" src=\"http:\/\/www.cervantinaesquivias.org\/wordpress\/wp-content\/uploads\/2014\/05\/expo-2014-01.jpg\" mce_src=\"http:\/\/www.cervantinaesquivias.org\/wordpress\/wp-content\/uploads\/2014\/05\/expo-2014-01.jpg\" alt=\"alt\" width=\"634\" height=\"845\" srcset=\"http:\/\/www.cervantinaesquivias.org\/wordpress\/wp-content\/uploads\/2014\/05\/expo-2014-01.jpg 634w, http:\/\/www.cervantinaesquivias.org\/wordpress\/wp-content\/uploads\/2014\/05\/expo-2014-01-225x300.jpg 225w\" sizes=\"auto, (max-width: 634px) 100vw, 634px\" \/><br \/><\/span><\/span><\/p>\n<p style=\"text-align: justify;\" mce_style=\"text-align: justify;\"><\/p>\n<p style=\"text-align: center;\" mce_style=\"text-align: center;\"><img loading=\"lazy\" decoding=\"async\" class=\" size-full wp-image-1830 size-full wp-image-1830\" src=\"http:\/\/www.cervantinaesquivias.org\/wordpress\/wp-content\/uploads\/2014\/05\/expo-2014-05.jpg\" mce_src=\"http:\/\/www.cervantinaesquivias.org\/wordpress\/wp-content\/uploads\/2014\/05\/expo-2014-05.jpg\" alt=\"alt\" width=\"634\" height=\"845\" srcset=\"http:\/\/www.cervantinaesquivias.org\/wordpress\/wp-content\/uploads\/2014\/05\/expo-2014-05.jpg 634w, http:\/\/www.cervantinaesquivias.org\/wordpress\/wp-content\/uploads\/2014\/05\/expo-2014-05-225x300.jpg 225w\" sizes=\"auto, (max-width: 634px) 100vw, 634px\" \/><\/p>\n<p style=\"text-align: justify;\" mce_style=\"text-align: justify;\"><span style=\"font-size: medium;\" mce_style=\"font-size: medium;\"><span style=\"font-family: verdana, geneva;\" mce_style=\"font-family: verdana, geneva;\"><br \/><\/span><\/span><\/p>\n<p style=\"text-align: center;\" mce_style=\"text-align: center;\"><img loading=\"lazy\" decoding=\"async\" class=\" size-full wp-image-1831 size-full wp-image-1831\" src=\"http:\/\/www.cervantinaesquivias.org\/wordpress\/wp-content\/uploads\/2014\/05\/expo-2014-03.jpg\" mce_src=\"http:\/\/www.cervantinaesquivias.org\/wordpress\/wp-content\/uploads\/2014\/05\/expo-2014-03.jpg\" alt=\"alt\" width=\"634\" height=\"475\" srcset=\"http:\/\/www.cervantinaesquivias.org\/wordpress\/wp-content\/uploads\/2014\/05\/expo-2014-03.jpg 634w, http:\/\/www.cervantinaesquivias.org\/wordpress\/wp-content\/uploads\/2014\/05\/expo-2014-03-300x225.jpg 300w\" sizes=\"auto, (max-width: 634px) 100vw, 634px\" \/><\/p>\n<p style=\"text-align: justify;\" mce_style=\"text-align: justify;\"><\/p>\n<p style=\"text-align: center;\" mce_style=\"text-align: center;\"><img loading=\"lazy\" decoding=\"async\" class=\" size-full wp-image-1832 size-full wp-image-1832\" src=\"http:\/\/www.cervantinaesquivias.org\/wordpress\/wp-content\/uploads\/2014\/05\/expo-2014-09.jpg\" mce_src=\"http:\/\/www.cervantinaesquivias.org\/wordpress\/wp-content\/uploads\/2014\/05\/expo-2014-09.jpg\" alt=\"alt\" width=\"660\" height=\"720\" srcset=\"http:\/\/www.cervantinaesquivias.org\/wordpress\/wp-content\/uploads\/2014\/05\/expo-2014-09.jpg 660w, http:\/\/www.cervantinaesquivias.org\/wordpress\/wp-content\/uploads\/2014\/05\/expo-2014-09-275x300.jpg 275w\" sizes=\"auto, (max-width: 660px) 100vw, 660px\" \/><\/p>\n<p style=\"text-align: justify;\" mce_style=\"text-align: justify;\"><\/p>\n<p style=\"text-align: center;\" mce_style=\"text-align: center;\"><img loading=\"lazy\" decoding=\"async\" class=\" size-full wp-image-1833 size-full wp-image-1833\" src=\"http:\/\/www.cervantinaesquivias.org\/wordpress\/wp-content\/uploads\/2014\/05\/expo-2014-02.jpg\" mce_src=\"http:\/\/www.cervantinaesquivias.org\/wordpress\/wp-content\/uploads\/2014\/05\/expo-2014-02.jpg\" alt=\"alt\" width=\"634\" height=\"475\" srcset=\"http:\/\/www.cervantinaesquivias.org\/wordpress\/wp-content\/uploads\/2014\/05\/expo-2014-02.jpg 634w, http:\/\/www.cervantinaesquivias.org\/wordpress\/wp-content\/uploads\/2014\/05\/expo-2014-02-300x225.jpg 300w\" sizes=\"auto, (max-width: 634px) 100vw, 634px\" \/><\/p>\n<p style=\"text-align: justify;\" mce_style=\"text-align: justify;\"><\/p>\n<p style=\"text-align: center;\" mce_style=\"text-align: center;\"><img loading=\"lazy\" decoding=\"async\" class=\" size-full wp-image-1834 size-full wp-image-1834\" src=\"http:\/\/www.cervantinaesquivias.org\/wordpress\/wp-content\/uploads\/2014\/05\/expo-2014-04.jpg\" mce_src=\"http:\/\/www.cervantinaesquivias.org\/wordpress\/wp-content\/uploads\/2014\/05\/expo-2014-04.jpg\" alt=\"alt\" width=\"634\" height=\"475\" srcset=\"http:\/\/www.cervantinaesquivias.org\/wordpress\/wp-content\/uploads\/2014\/05\/expo-2014-04.jpg 634w, http:\/\/www.cervantinaesquivias.org\/wordpress\/wp-content\/uploads\/2014\/05\/expo-2014-04-300x225.jpg 300w\" sizes=\"auto, (max-width: 634px) 100vw, 634px\" \/><\/p>\n<p style=\"text-align: justify;\" mce_style=\"text-align: justify;\"><\/p>\n<p style=\"text-align: justify;\" mce_style=\"text-align: justify;\"><\/p>\n<p style=\"text-align: right;\" mce_style=\"text-align: right;\"><i><b><span style=\"font-family: helvetica;\" mce_style=\"font-family: helvetica;\">Sabino de Diego.<\/span><\/b><\/i><\/p>\n<p style=\"text-align: justify;\" mce_style=\"text-align: justify;\"><\/p>\n<p style=\"text-align: justify;\" mce_style=\"text-align: justify;\"><span style=\"font-size: medium;\" mce_style=\"font-size: medium;\"><span style=\"font-family: verdana, geneva;\" mce_style=\"font-family: verdana, geneva;\"><br \/><\/span><\/span><\/p>\n<p><\/p>\n","protected":false},"excerpt":{"rendered":"<p>La pintora Hortensia Rodr\u00edguez Mesa, expone parte de sus cuadros en el Asador Marcos, situado en el Pol. Ind. La [&hellip;]<\/p>\n","protected":false},"author":1,"featured_media":1828,"comment_status":"open","ping_status":"open","sticky":false,"template":"","format":"standard","meta":{"footnotes":""},"categories":[9],"tags":[],"class_list":["post-1835","post","type-post","status-publish","format-standard","has-post-thumbnail","hentry","category-noticias-de-la-web"],"_links":{"self":[{"href":"http:\/\/www.cervantinaesquivias.org\/wordpress\/wp-json\/wp\/v2\/posts\/1835","targetHints":{"allow":["GET"]}}],"collection":[{"href":"http:\/\/www.cervantinaesquivias.org\/wordpress\/wp-json\/wp\/v2\/posts"}],"about":[{"href":"http:\/\/www.cervantinaesquivias.org\/wordpress\/wp-json\/wp\/v2\/types\/post"}],"author":[{"embeddable":true,"href":"http:\/\/www.cervantinaesquivias.org\/wordpress\/wp-json\/wp\/v2\/users\/1"}],"replies":[{"embeddable":true,"href":"http:\/\/www.cervantinaesquivias.org\/wordpress\/wp-json\/wp\/v2\/comments?post=1835"}],"version-history":[{"count":0,"href":"http:\/\/www.cervantinaesquivias.org\/wordpress\/wp-json\/wp\/v2\/posts\/1835\/revisions"}],"wp:featuredmedia":[{"embeddable":true,"href":"http:\/\/www.cervantinaesquivias.org\/wordpress\/wp-json\/wp\/v2\/media\/1828"}],"wp:attachment":[{"href":"http:\/\/www.cervantinaesquivias.org\/wordpress\/wp-json\/wp\/v2\/media?parent=1835"}],"wp:term":[{"taxonomy":"category","embeddable":true,"href":"http:\/\/www.cervantinaesquivias.org\/wordpress\/wp-json\/wp\/v2\/categories?post=1835"},{"taxonomy":"post_tag","embeddable":true,"href":"http:\/\/www.cervantinaesquivias.org\/wordpress\/wp-json\/wp\/v2\/tags?post=1835"}],"curies":[{"name":"wp","href":"https:\/\/api.w.org\/{rel}","templated":true}]}}