{"id":1800,"date":"2014-03-25T15:03:19","date_gmt":"2014-03-25T15:03:19","guid":{"rendered":"http:\/\/www.cervantinaesquivias.org\/wordpress\/2014\/03\/25\/visita-escenificada-a-la-casa-museo-de-cervantes-de-esquivias-abril-2014\/"},"modified":"2014-03-25T15:03:19","modified_gmt":"2014-03-25T15:03:19","slug":"visita-escenificada-a-la-casa-museo-de-cervantes-de-esquivias-abril-2014","status":"publish","type":"post","link":"http:\/\/www.cervantinaesquivias.org\/wordpress\/2014\/03\/25\/visita-escenificada-a-la-casa-museo-de-cervantes-de-esquivias-abril-2014\/","title":{"rendered":"VISITA ESCENIFICADA A LA CASA MUSEO DE CERVANTES DE ESQUIVIAS. ABRIL 2014."},"content":{"rendered":"<p><\/p>\n<p style=\"text-align: justify;\" mce_style=\"text-align: justify;\"><span style=\"font-size: medium;\" mce_style=\"font-size: medium;\"><span style=\"font-family: verdana, geneva;\" mce_style=\"font-family: verdana, geneva;\">Dentro de los actos conmemorativos del CCCXCVIII Aniversario del fallecimiento de Miguel de Cervantes Saavedra, el Ayuntamiento de Esquivias ha programado una serie de actos entre los que se encuentra la Visita Escenificada a la Casa Museo de Cervantes de Esquivias.<\/span><\/span><\/p>\n<p style=\"text-align: center;\" mce_style=\"text-align: center;\"><img loading=\"lazy\" decoding=\"async\" class=\" size-full wp-image-1798 size-full wp-image-1798\" src=\"http:\/\/www.cervantinaesquivias.org\/wordpress\/wp-content\/uploads\/2014\/03\/cartel-visitas-teatralizadas-2014-web.jpg\" mce_src=\"http:\/\/www.cervantinaesquivias.org\/wordpress\/wp-content\/uploads\/2014\/03\/cartel-visitas-teatralizadas-2014-web.jpg\" alt=\"alt\" width=\"709\" height=\"1108\" srcset=\"http:\/\/www.cervantinaesquivias.org\/wordpress\/wp-content\/uploads\/2014\/03\/cartel-visitas-teatralizadas-2014-web.jpg 709w, http:\/\/www.cervantinaesquivias.org\/wordpress\/wp-content\/uploads\/2014\/03\/cartel-visitas-teatralizadas-2014-web-192x300.jpg 192w, http:\/\/www.cervantinaesquivias.org\/wordpress\/wp-content\/uploads\/2014\/03\/cartel-visitas-teatralizadas-2014-web-655x1024.jpg 655w\" sizes=\"auto, (max-width: 709px) 100vw, 709px\" \/><\/p>\n<p style=\"text-align: center;\" mce_style=\"text-align: center;\"><\/p>\n<p style=\"text-align: center;\" mce_style=\"text-align: center;\"><\/p>\n<p style=\"text-align: center;\" mce_style=\"text-align: center;\"><\/p>\n<p style=\"text-align: center;\" mce_style=\"text-align: center;\"><span style=\"font-size: medium;\" mce_style=\"font-size: medium;\"><span style=\"font-family: verdana, geneva;\" mce_style=\"font-family: verdana, geneva;\"><br \/><\/span><\/span><\/p>\n<p style=\"text-align: center;\" mce_style=\"text-align: center;\"><img loading=\"lazy\" decoding=\"async\" class=\" size-full wp-image-1799 size-full wp-image-1799\" src=\"http:\/\/www.cervantinaesquivias.org\/wordpress\/wp-content\/uploads\/2014\/03\/alonso-sancho-teresa-y-sanchica.-ismael.jpg\" mce_src=\"http:\/\/www.cervantinaesquivias.org\/wordpress\/wp-content\/uploads\/2014\/03\/alonso-sancho-teresa-y-sanchica.-ismael.jpg\" alt=\"alt\" width=\"567\" height=\"425\" srcset=\"http:\/\/www.cervantinaesquivias.org\/wordpress\/wp-content\/uploads\/2014\/03\/alonso-sancho-teresa-y-sanchica.-ismael.jpg 567w, http:\/\/www.cervantinaesquivias.org\/wordpress\/wp-content\/uploads\/2014\/03\/alonso-sancho-teresa-y-sanchica.-ismael-300x225.jpg 300w\" sizes=\"auto, (max-width: 567px) 100vw, 567px\" \/><\/p>\n<p style=\"text-align: center;\" mce_style=\"text-align: center;\"><span style=\"font-size: medium;\" mce_style=\"font-size: medium;\"><span style=\"font-family: verdana, geneva;\" mce_style=\"font-family: verdana, geneva;\"><br \/><\/span><\/span><\/p>\n<p style=\"text-align: justify;\" mce_style=\"text-align: justify;\"><span style=\"font-size: medium;\" mce_style=\"font-size: medium;\"><span style=\"font-family: verdana, geneva;\" mce_style=\"font-family: verdana, geneva;\">Como novedad, en esta ocasi\u00f3n, y con motivo de celebrarse este a\u00f1o el 4\u00ba Centenario de la muerte de El Greco, se incluy\u00f3 una escenificaci\u00f3n relacionada con este admirado pintor, al tiempo de servir como informaci\u00f3n adicional sobre algunos documentos transcritos<\/span><\/span><span style=\"font-family: verdana, geneva; font-size: medium; line-height: 1.3em;\" mce_style=\"font-family: verdana, geneva; font-size: medium; line-height: 1.3em;\">\u00a0en las \u00faltimas fechas, de inter\u00e9s para todos.<\/span><\/p>\n<p style=\"text-align: justify;\" mce_style=\"text-align: justify;\"><span style=\"font-family: verdana, geneva; font-size: medium; line-height: 1.3em;\" mce_style=\"font-family: verdana, geneva; font-size: medium; line-height: 1.3em;\">La Visita tuvo lugar el d\u00eda 27 de Abril de 2014, domingo, desde las 10,00 a las 14,00 horas.<\/span><\/p>\n<p style=\"text-align: justify;\" mce_style=\"text-align: justify;\"><span style=\"font-size: medium;\" mce_style=\"font-size: medium;\"><span style=\"font-family: verdana, geneva;\" mce_style=\"font-family: verdana, geneva;\">Se realizaron diez pases de p\u00fablico, hasta sumar 158 personas, que por riguroso orden de reserva fueron pasando por las diferentes representaciones en la Casa de Cervantes.<\/span><\/span><\/p>\n<p style=\"text-align: justify;\" mce_style=\"text-align: justify;\"><span style=\"font-size: medium;\" mce_style=\"font-size: medium;\"><span style=\"font-family: verdana, geneva;\" mce_style=\"font-family: verdana, geneva;\">En esta ocasi\u00f3n, la Direcci\u00f3n y Adaptaci\u00f3n corri\u00f3 a cargo de Oliver Romero, del Grupo de Teatro Candilejas.<\/span><\/span><\/p>\n<p style=\"text-align: justify;\" mce_style=\"text-align: justify;\"><\/p>\n<p style=\"text-align: right;\" mce_style=\"text-align: right;\"><i><b><span style=\"font-family: helvetica;\" mce_style=\"font-family: helvetica;\">Sabino de Diego.<\/span><\/b><\/i><\/p>\n","protected":false},"excerpt":{"rendered":"<p>Dentro de los actos conmemorativos del CCCXCVIII Aniversario del fallecimiento de Miguel de Cervantes Saavedra, el Ayuntamiento de Esquivias ha [&hellip;]<\/p>\n","protected":false},"author":1,"featured_media":1798,"comment_status":"open","ping_status":"open","sticky":false,"template":"","format":"standard","meta":{"footnotes":""},"categories":[7],"tags":[],"class_list":["post-1800","post","type-post","status-publish","format-standard","has-post-thumbnail","hentry","category-noticias-cervantina"],"_links":{"self":[{"href":"http:\/\/www.cervantinaesquivias.org\/wordpress\/wp-json\/wp\/v2\/posts\/1800","targetHints":{"allow":["GET"]}}],"collection":[{"href":"http:\/\/www.cervantinaesquivias.org\/wordpress\/wp-json\/wp\/v2\/posts"}],"about":[{"href":"http:\/\/www.cervantinaesquivias.org\/wordpress\/wp-json\/wp\/v2\/types\/post"}],"author":[{"embeddable":true,"href":"http:\/\/www.cervantinaesquivias.org\/wordpress\/wp-json\/wp\/v2\/users\/1"}],"replies":[{"embeddable":true,"href":"http:\/\/www.cervantinaesquivias.org\/wordpress\/wp-json\/wp\/v2\/comments?post=1800"}],"version-history":[{"count":0,"href":"http:\/\/www.cervantinaesquivias.org\/wordpress\/wp-json\/wp\/v2\/posts\/1800\/revisions"}],"wp:featuredmedia":[{"embeddable":true,"href":"http:\/\/www.cervantinaesquivias.org\/wordpress\/wp-json\/wp\/v2\/media\/1798"}],"wp:attachment":[{"href":"http:\/\/www.cervantinaesquivias.org\/wordpress\/wp-json\/wp\/v2\/media?parent=1800"}],"wp:term":[{"taxonomy":"category","embeddable":true,"href":"http:\/\/www.cervantinaesquivias.org\/wordpress\/wp-json\/wp\/v2\/categories?post=1800"},{"taxonomy":"post_tag","embeddable":true,"href":"http:\/\/www.cervantinaesquivias.org\/wordpress\/wp-json\/wp\/v2\/tags?post=1800"}],"curies":[{"name":"wp","href":"https:\/\/api.w.org\/{rel}","templated":true}]}}