{"id":1797,"date":"2014-03-25T09:27:11","date_gmt":"2014-03-25T09:27:11","guid":{"rendered":"http:\/\/www.cervantinaesquivias.org\/wordpress\/2014\/03\/25\/ii-certamen-de-teatro-aficionado-esquivias-2014\/"},"modified":"2014-03-25T09:27:11","modified_gmt":"2014-03-25T09:27:11","slug":"ii-certamen-de-teatro-aficionado-esquivias-2014","status":"publish","type":"post","link":"http:\/\/www.cervantinaesquivias.org\/wordpress\/2014\/03\/25\/ii-certamen-de-teatro-aficionado-esquivias-2014\/","title":{"rendered":"II CERTAMEN DE TEATRO AFICIONADO. ESQUIVIAS 2014. CUNA DEL QUIJOTE. AYUNTAMIENTO DE ESQUIVIAS."},"content":{"rendered":"<p><span style=\"font-size: medium;\" mce_style=\"font-size: medium;\"><span style=\"font-family: verdana, geneva;\" mce_style=\"font-family: verdana, geneva;\">El nuevo grupo de teatro aficionado de Esquivias estren\u00f3 con \u00e9xito \u00abMaribel y la extra\u00f1a familia\u00bb<\/span><\/span><\/p>\n<p style=\"text-align: justify;\" mce_style=\"text-align: justify;\"><span style=\"font-size: medium;\" mce_style=\"font-size: medium;\"><span style=\"font-family: verdana, geneva;\" mce_style=\"font-family: verdana, geneva;\">Organizado por El Ayuntamiento de Esquivias, se ha celebrado el <b>II CERTAMEN DE TEATRO AFICIONADO. ESQUIVIAS 2014. CUNA DEL QUIJOTE. <\/b>desde el 6 al 21 de Junio del presente a\u00f1o de 2014.<\/span><\/span><\/p>\n<p style=\"text-align: justify;\" mce_style=\"text-align: justify;\"><span style=\"font-size: medium;\" mce_style=\"font-size: medium;\"><span style=\"font-family: verdana, geneva;\" mce_style=\"font-family: verdana, geneva;\"><br \/><\/span><\/span><\/p>\n<p style=\"text-align: center;\" mce_style=\"text-align: center;\"><img loading=\"lazy\" decoding=\"async\" class=\" size-full wp-image-1788 size-full wp-image-1788\" src=\"http:\/\/www.cervantinaesquivias.org\/wordpress\/wp-content\/uploads\/2014\/03\/teatro-2014-0455.jpg\" mce_src=\"http:\/\/www.cervantinaesquivias.org\/wordpress\/wp-content\/uploads\/2014\/03\/teatro-2014-0455.jpg\" alt=\"alt\" width=\"709\" height=\"448\" srcset=\"http:\/\/www.cervantinaesquivias.org\/wordpress\/wp-content\/uploads\/2014\/03\/teatro-2014-0455.jpg 709w, http:\/\/www.cervantinaesquivias.org\/wordpress\/wp-content\/uploads\/2014\/03\/teatro-2014-0455-300x190.jpg 300w\" sizes=\"auto, (max-width: 709px) 100vw, 709px\" \/><\/p>\n<p style=\"text-align: center;\"><span style=\"font-size: medium;\" mce_style=\"font-size: medium;\"><span style=\"font-size: small;\" mce_style=\"font-size: small;\">(Clara Truchado, Pilar Salas y Carmen Torrej\u00f3n)<\/span><\/span><\/p>\n<p style=\"text-align: justify;\" mce_style=\"text-align: justify;\"><span style=\"font-size: medium;\" mce_style=\"font-size: medium;\"><span style=\"font-family: verdana, geneva;\" mce_style=\"font-family: verdana, geneva;\">El d\u00eda 21 de Junio, con motivo del citado Certamen de Teatro, se present\u00f3 al p\u00fablico el nuevo grupo de teatro amateur de<\/span><\/span><\/p>\n<p style=\"text-align: justify;\" mce_style=\"text-align: justify;\"><\/p>\n<p><!--more--><\/p>\n<p><\/p>\n<p style=\"text-align: justify;\" mce_style=\"text-align: justify;\"><span style=\"font-size: medium;\" mce_style=\"font-size: medium;\"><span style=\"font-family: verdana, geneva;\" mce_style=\"font-family: verdana, geneva;\">Esquivias, con la funci\u00f3n \u00abMaribel y la extra\u00f1a familia\u00bb de Miguel Mihura, proyecto en colaboraci\u00f3n con el Ayuntamiento de Esquivias que afronta Producciones Candilejas, productora y compa\u00f1\u00eda profesional de teatro ubicada en Esquivias.<\/span><\/span><\/p>\n<p style=\"text-align: justify;\" mce_style=\"text-align: justify;\"><span style=\"font-size: medium;\" mce_style=\"font-size: medium;\"><span style=\"font-family: verdana, geneva;\" mce_style=\"font-family: verdana, geneva;\">Se trataba de un proyecto arriesgado sobre todo por el tiempo del que se dispon\u00eda, pero lleno de ilusi\u00f3n seg\u00fan nos cuenta el director de dicho proyecto y del montaje Oliver Romero, director a su vez de la \u00faltima versi\u00f3n de las visitas teatralizadas en la Casa Museo de Cervantes.<\/span><\/span><\/p>\n<p style=\"text-align: justify;\" mce_style=\"text-align: justify;\"><span style=\"font-size: medium;\" mce_style=\"font-size: medium;\"><span style=\"font-family: verdana, geneva;\" mce_style=\"font-family: verdana, geneva;\">Poco menos de un mes y medio es el tiempo que han contado para estrenar la obra, con integrantes con m\u00ednima formaci\u00f3n teatral, o total inexperiencia en escena en algunos casos, pero con talento innato con el que se pod\u00eda trabajar, y con el mayor de los ingredientes, constancia, esfuerzo y ganas de hacer un trabajo digno.<\/span><\/span><\/p>\n<p style=\"text-align: justify;\" mce_style=\"text-align: justify;\"><span style=\"font-size: medium;\" mce_style=\"font-size: medium;\"><span style=\"font-family: verdana, geneva;\" mce_style=\"font-family: verdana, geneva;\">La finalidad del proyecto era impulsar la afici\u00f3n al teatro y a todos los bienes culturales externos y de la poblaci\u00f3n, de un p\u00fablico un tanto adormilado en los \u00faltimos tiempos, por medio de un trabajo aut\u00e9ntico, con unas terminaciones muy cuidadas, para la admiraci\u00f3n de los asistentes.<\/span><\/span><\/p>\n<p style=\"text-align: justify;\" mce_style=\"text-align: justify;\"><span style=\"font-size: medium;\" mce_style=\"font-size: medium;\"><span style=\"font-family: verdana, geneva;\" mce_style=\"font-family: verdana, geneva;\">De un anuncio por carteler\u00eda, web y redes sociales que publicit\u00f3 el Ayuntamiento de Esquivias, sali\u00f3 el siguiente grupo de aspirantes a actor o actriz y que son: Carmen Torrej\u00f3n, Clara Truchado, Pilar Salas, \u00c1lvaro Hermida, Crsitina S\u00e1nchez, Ana Bel\u00e9n de Diego, Dayanna Castillo, Mar\u00eda Jes\u00fas Garc\u00eda, Luis Serrano, Jayro Moreno y Diego Mont\u00e1bez.<\/span><\/span><\/p>\n<p style=\"text-align: justify;\" mce_style=\"text-align: justify;\"><span style=\"font-size: medium;\" mce_style=\"font-size: medium;\"><span style=\"font-family: verdana, geneva;\" mce_style=\"font-family: verdana, geneva;\">La actuaci\u00f3n que estaba programada el d\u00eda 21, cerraba el Certamen de Teatro, siendo el \u00faltimo participante, logrando la victoria del Certamen entre cuatro grupos de zonas cercanas, frente a un p\u00fablico entregado que abarrot\u00f3 el patio de la Casa de Cultura.<\/span><\/span><\/p>\n<p style=\"text-align: justify;\" mce_style=\"text-align: justify;\"><\/p>\n<p style=\"text-align: center;\" mce_style=\"text-align: center;\"><span style=\"font-size: medium;\" mce_style=\"font-size: medium;\"><span style=\"font-family: verdana, geneva;\" mce_style=\"font-family: verdana, geneva;\"><img loading=\"lazy\" decoding=\"async\" class=\" size-full wp-image-1789 size-full wp-image-1789\" src=\"http:\/\/www.cervantinaesquivias.org\/wordpress\/wp-content\/uploads\/2014\/03\/teatro-2014-0448.jpg\" mce_src=\"http:\/\/www.cervantinaesquivias.org\/wordpress\/wp-content\/uploads\/2014\/03\/teatro-2014-0448.jpg\" alt=\"alt\" width=\"709\" height=\"474\" srcset=\"http:\/\/www.cervantinaesquivias.org\/wordpress\/wp-content\/uploads\/2014\/03\/teatro-2014-0448.jpg 709w, http:\/\/www.cervantinaesquivias.org\/wordpress\/wp-content\/uploads\/2014\/03\/teatro-2014-0448-300x201.jpg 300w\" sizes=\"auto, (max-width: 709px) 100vw, 709px\" \/><br \/><\/span><\/span><\/p>\n<p style=\"text-align: center;\" mce_style=\"text-align: center;\">(Clara Truchado, \u00c1lvaro Hermida y Carmen Torrej\u00f3n)<\/p>\n<p style=\"text-align: justify;\" mce_style=\"text-align: justify;\"><\/p>\n<p style=\"text-align: center;\" mce_style=\"text-align: center;\"><span style=\"font-size: medium;\" mce_style=\"font-size: medium;\"><span style=\"font-family: verdana, geneva;\" mce_style=\"font-family: verdana, geneva;\"><img loading=\"lazy\" decoding=\"async\" class=\" size-full wp-image-1790 size-full wp-image-1790\" src=\"http:\/\/www.cervantinaesquivias.org\/wordpress\/wp-content\/uploads\/2014\/03\/teatro-2014-0450.jpg\" mce_src=\"http:\/\/www.cervantinaesquivias.org\/wordpress\/wp-content\/uploads\/2014\/03\/teatro-2014-0450.jpg\" alt=\"alt\" width=\"709\" height=\"474\" srcset=\"http:\/\/www.cervantinaesquivias.org\/wordpress\/wp-content\/uploads\/2014\/03\/teatro-2014-0450.jpg 709w, http:\/\/www.cervantinaesquivias.org\/wordpress\/wp-content\/uploads\/2014\/03\/teatro-2014-0450-300x201.jpg 300w\" sizes=\"auto, (max-width: 709px) 100vw, 709px\" \/><br \/><\/span><\/span><\/p>\n<p style=\"text-align: center;\">(Pilar Salas y \u00c1lvaro Hermida)<\/p>\n<p style=\"text-align: justify;\" mce_style=\"text-align: justify;\"><\/p>\n<p style=\"text-align: center;\" mce_style=\"text-align: center;\"><img loading=\"lazy\" decoding=\"async\" class=\" size-full wp-image-1791 size-full wp-image-1791\" src=\"http:\/\/www.cervantinaesquivias.org\/wordpress\/wp-content\/uploads\/2014\/03\/teatro-2014-0457.jpg\" mce_src=\"http:\/\/www.cervantinaesquivias.org\/wordpress\/wp-content\/uploads\/2014\/03\/teatro-2014-0457.jpg\" alt=\"alt\" width=\"709\" height=\"459\" srcset=\"http:\/\/www.cervantinaesquivias.org\/wordpress\/wp-content\/uploads\/2014\/03\/teatro-2014-0457.jpg 709w, http:\/\/www.cervantinaesquivias.org\/wordpress\/wp-content\/uploads\/2014\/03\/teatro-2014-0457-300x194.jpg 300w\" sizes=\"auto, (max-width: 709px) 100vw, 709px\" \/><\/p>\n<p style=\"text-align: center;\"><span style=\"font-size: medium;\" mce_style=\"font-size: medium;\"><span style=\"font-size: small;\" mce_style=\"font-size: small;\">(Ana Bel\u00e9n de Diego, Dayanna Castillo y Cristina S\u00e1nchez)<\/span><\/span><\/p>\n<p><\/p>\n<p style=\"text-align: center;\" mce_style=\"text-align: center;\"><img loading=\"lazy\" decoding=\"async\" class=\" size-full wp-image-1792 size-full wp-image-1792\" src=\"http:\/\/www.cervantinaesquivias.org\/wordpress\/wp-content\/uploads\/2014\/03\/teatro-2014-9262.jpg\" mce_src=\"http:\/\/www.cervantinaesquivias.org\/wordpress\/wp-content\/uploads\/2014\/03\/teatro-2014-9262.jpg\" alt=\"alt\" width=\"709\" height=\"767\" srcset=\"http:\/\/www.cervantinaesquivias.org\/wordpress\/wp-content\/uploads\/2014\/03\/teatro-2014-9262.jpg 709w, http:\/\/www.cervantinaesquivias.org\/wordpress\/wp-content\/uploads\/2014\/03\/teatro-2014-9262-277x300.jpg 277w\" sizes=\"auto, (max-width: 709px) 100vw, 709px\" \/><\/p>\n<p style=\"text-align: center;\">(Dayanna Castillo, Pilar Salas, Ana Bel\u00e9n de Diego y Cristina S\u00e1nchez)<\/p>\n<p><\/p>\n<p style=\"text-align: center;\" mce_style=\"text-align: center;\"><img loading=\"lazy\" decoding=\"async\" class=\" size-full wp-image-1793 size-full wp-image-1793\" src=\"http:\/\/www.cervantinaesquivias.org\/wordpress\/wp-content\/uploads\/2014\/03\/teatro-2014-9264.jpg\" mce_src=\"http:\/\/www.cervantinaesquivias.org\/wordpress\/wp-content\/uploads\/2014\/03\/teatro-2014-9264.jpg\" alt=\"alt\" width=\"709\" height=\"422\" srcset=\"http:\/\/www.cervantinaesquivias.org\/wordpress\/wp-content\/uploads\/2014\/03\/teatro-2014-9264.jpg 709w, http:\/\/www.cervantinaesquivias.org\/wordpress\/wp-content\/uploads\/2014\/03\/teatro-2014-9264-300x179.jpg 300w\" sizes=\"auto, (max-width: 709px) 100vw, 709px\" \/><\/p>\n<p style=\"text-align: center;\">(\u00c1lvaro Hermida, Ana Bel\u00e9n de Diego y Dayanna Castillo)<\/p>\n<p><\/p>\n<p style=\"text-align: center;\" mce_style=\"text-align: center;\"><img loading=\"lazy\" decoding=\"async\" class=\" size-full wp-image-1794 size-full wp-image-1794\" src=\"http:\/\/www.cervantinaesquivias.org\/wordpress\/wp-content\/uploads\/2014\/03\/teatro-2014-9266.jpg\" mce_src=\"http:\/\/www.cervantinaesquivias.org\/wordpress\/wp-content\/uploads\/2014\/03\/teatro-2014-9266.jpg\" alt=\"alt\" width=\"612\" height=\"816\" srcset=\"http:\/\/www.cervantinaesquivias.org\/wordpress\/wp-content\/uploads\/2014\/03\/teatro-2014-9266.jpg 612w, http:\/\/www.cervantinaesquivias.org\/wordpress\/wp-content\/uploads\/2014\/03\/teatro-2014-9266-225x300.jpg 225w\" sizes=\"auto, (max-width: 612px) 100vw, 612px\" \/><\/p>\n<p style=\"text-align: center;\">(Ana Bel\u00e9n de Diego y Dayanna Castillo)<\/p>\n<p><\/p>\n<p style=\"text-align: center;\" mce_style=\"text-align: center;\"><img loading=\"lazy\" decoding=\"async\" class=\" size-full wp-image-1795 size-full wp-image-1795\" src=\"http:\/\/www.cervantinaesquivias.org\/wordpress\/wp-content\/uploads\/2014\/03\/teatro-2014-publico.jpg\" mce_src=\"http:\/\/www.cervantinaesquivias.org\/wordpress\/wp-content\/uploads\/2014\/03\/teatro-2014-publico.jpg\" alt=\"alt\" width=\"709\" height=\"474\" srcset=\"http:\/\/www.cervantinaesquivias.org\/wordpress\/wp-content\/uploads\/2014\/03\/teatro-2014-publico.jpg 709w, http:\/\/www.cervantinaesquivias.org\/wordpress\/wp-content\/uploads\/2014\/03\/teatro-2014-publico-300x201.jpg 300w\" sizes=\"auto, (max-width: 709px) 100vw, 709px\" \/><\/p>\n<p style=\"text-align: center;\" mce_style=\"text-align: center;\">(Aspecto del p\u00fablico en el patio de la Casa de Cultura, con el Museo-Casa de Cervantes al fondo)<\/p>\n<p><\/p>\n<p style=\"text-align: center;\" mce_style=\"text-align: center;\"><span style=\"font-size: medium;\" mce_style=\"font-size: medium;\"><span style=\"font-family: verdana, geneva;\" mce_style=\"font-family: verdana, geneva;\"><b><img loading=\"lazy\" decoding=\"async\" class=\" size-full wp-image-1796 size-full wp-image-1796\" src=\"http:\/\/www.cervantinaesquivias.org\/wordpress\/wp-content\/uploads\/2014\/03\/catel-ii-certamen-de-teatro-2014-2.jpg\" mce_src=\"http:\/\/www.cervantinaesquivias.org\/wordpress\/wp-content\/uploads\/2014\/03\/catel-ii-certamen-de-teatro-2014-2.jpg\" alt=\"alt\" width=\"709\" height=\"1014\" srcset=\"http:\/\/www.cervantinaesquivias.org\/wordpress\/wp-content\/uploads\/2014\/03\/catel-ii-certamen-de-teatro-2014-2.jpg 709w, http:\/\/www.cervantinaesquivias.org\/wordpress\/wp-content\/uploads\/2014\/03\/catel-ii-certamen-de-teatro-2014-2-210x300.jpg 210w\" sizes=\"auto, (max-width: 709px) 100vw, 709px\" \/><br \/><\/b><\/span><\/span><\/p>\n<p><\/p>\n<p style=\"text-align: right;\" mce_style=\"text-align: right;\"><span style=\"font-size: small;\" mce_style=\"font-size: small;\"><span style=\"font-family: helvetica;\" mce_style=\"font-family: helvetica;\"><i><b>Sabino de Diego.<\/b><\/i><\/span><\/span><\/p>\n<p style=\"text-align: center;\" mce_style=\"text-align: center;\"><\/p>\n","protected":false},"excerpt":{"rendered":"<p>El nuevo grupo de teatro aficionado de Esquivias estren\u00f3 con \u00e9xito \u00abMaribel y la extra\u00f1a familia\u00bb Organizado por El Ayuntamiento [&hellip;]<\/p>\n","protected":false},"author":1,"featured_media":1788,"comment_status":"open","ping_status":"open","sticky":false,"template":"","format":"standard","meta":{"footnotes":""},"categories":[9],"tags":[],"class_list":["post-1797","post","type-post","status-publish","format-standard","has-post-thumbnail","hentry","category-noticias-de-la-web"],"_links":{"self":[{"href":"http:\/\/www.cervantinaesquivias.org\/wordpress\/wp-json\/wp\/v2\/posts\/1797","targetHints":{"allow":["GET"]}}],"collection":[{"href":"http:\/\/www.cervantinaesquivias.org\/wordpress\/wp-json\/wp\/v2\/posts"}],"about":[{"href":"http:\/\/www.cervantinaesquivias.org\/wordpress\/wp-json\/wp\/v2\/types\/post"}],"author":[{"embeddable":true,"href":"http:\/\/www.cervantinaesquivias.org\/wordpress\/wp-json\/wp\/v2\/users\/1"}],"replies":[{"embeddable":true,"href":"http:\/\/www.cervantinaesquivias.org\/wordpress\/wp-json\/wp\/v2\/comments?post=1797"}],"version-history":[{"count":0,"href":"http:\/\/www.cervantinaesquivias.org\/wordpress\/wp-json\/wp\/v2\/posts\/1797\/revisions"}],"wp:featuredmedia":[{"embeddable":true,"href":"http:\/\/www.cervantinaesquivias.org\/wordpress\/wp-json\/wp\/v2\/media\/1788"}],"wp:attachment":[{"href":"http:\/\/www.cervantinaesquivias.org\/wordpress\/wp-json\/wp\/v2\/media?parent=1797"}],"wp:term":[{"taxonomy":"category","embeddable":true,"href":"http:\/\/www.cervantinaesquivias.org\/wordpress\/wp-json\/wp\/v2\/categories?post=1797"},{"taxonomy":"post_tag","embeddable":true,"href":"http:\/\/www.cervantinaesquivias.org\/wordpress\/wp-json\/wp\/v2\/tags?post=1797"}],"curies":[{"name":"wp","href":"https:\/\/api.w.org\/{rel}","templated":true}]}}