{"id":1779,"date":"2014-02-09T11:11:13","date_gmt":"2014-02-09T11:11:13","guid":{"rendered":"http:\/\/www.cervantinaesquivias.org\/wordpress\/2014\/02\/09\/sociedad-cervantina-de-esquivias-avance-del-programa-de-actos-para-el-ano-2014\/"},"modified":"2014-02-09T11:11:13","modified_gmt":"2014-02-09T11:11:13","slug":"sociedad-cervantina-de-esquivias-avance-del-programa-de-actos-para-el-ano-2014","status":"publish","type":"post","link":"http:\/\/www.cervantinaesquivias.org\/wordpress\/2014\/02\/09\/sociedad-cervantina-de-esquivias-avance-del-programa-de-actos-para-el-ano-2014\/","title":{"rendered":"SOCIEDAD CERVANTINA DE ESQUIVIAS. AVANCE DEL PROYECTO CULTURAL DE ACTOS PARA EL A\u00d1O 2014."},"content":{"rendered":"<p><span style=\"font-family: verdana, geneva; font-size: medium; line-height: 1.3em; text-align: justify;\" mce_style=\"font-family: verdana, geneva; font-size: medium; line-height: 1.3em; text-align: justify;\">La Sociedad Cervantina de Esquivias ha celebrado su Asamblea General, donde se han trazado los ejes principales de la actividad cultural que esta Asociaci\u00f3n va a desarrollar a lo largo del a\u00f1o actual de 2014.<\/span><\/p>\n<p style=\"text-align: center;\" mce_style=\"text-align: center;\"><span style=\"font-family: verdana, geneva; font-size: medium; line-height: 1.3em; text-align: justify;\" mce_style=\"font-family: verdana, geneva; font-size: medium; line-height: 1.3em; text-align: justify;\"><img loading=\"lazy\" decoding=\"async\" class=\" size-full wp-image-1771 size-full wp-image-1771\" src=\"http:\/\/www.cervantinaesquivias.org\/wordpress\/wp-content\/uploads\/2014\/02\/sociedad-cervantina-03.jpg\" mce_src=\"http:\/\/www.cervantinaesquivias.org\/wordpress\/wp-content\/uploads\/2014\/02\/sociedad-cervantina-03.jpg\" alt=\"alt\" width=\"354\" height=\"266\" srcset=\"http:\/\/www.cervantinaesquivias.org\/wordpress\/wp-content\/uploads\/2014\/02\/sociedad-cervantina-03.jpg 354w, http:\/\/www.cervantinaesquivias.org\/wordpress\/wp-content\/uploads\/2014\/02\/sociedad-cervantina-03-300x225.jpg 300w\" sizes=\"auto, (max-width: 354px) 100vw, 354px\" \/><br \/><\/span><\/p>\n<p style=\"text-align: center;\" mce_style=\"text-align: center;\">(Local Social de la Sociedad Cervantina de Esquivias).<\/p>\n<p style=\"text-align: center;\" mce_style=\"text-align: center;\"><\/p>\n<p style=\"text-align: left;\" mce_style=\"text-align: left;\"><span style=\"font-size: medium;\" mce_style=\"font-size: medium;\"><span style=\"font-family: verdana, geneva;\" mce_style=\"font-family: verdana, geneva;\">Las principales actividades a desarrollar en el transcurso de 2014 ser\u00e1n:<\/span><\/span><\/p>\n<p><span style=\"font-size: medium;\" mce_style=\"font-size: medium;\"><span style=\"font-family: verdana, geneva;\" mce_style=\"font-family: verdana, geneva;\"><\/span><\/span><\/p>\n<p><!--more--><\/p>\n<p><\/p>\n<p><\/p>\n<p><\/p>\n<p style=\"text-align: center;\" mce_style=\"text-align: center;\"><img loading=\"lazy\" decoding=\"async\" class=\" size-full wp-image-1772 size-full wp-image-1772\" src=\"http:\/\/www.cervantinaesquivias.org\/wordpress\/wp-content\/uploads\/2014\/02\/bienvenida.-elena.jpg\" mce_src=\"http:\/\/www.cervantinaesquivias.org\/wordpress\/wp-content\/uploads\/2014\/02\/bienvenida.-elena.jpg\" alt=\"alt\" width=\"768\" height=\"541\" srcset=\"http:\/\/www.cervantinaesquivias.org\/wordpress\/wp-content\/uploads\/2014\/02\/bienvenida.-elena.jpg 768w, http:\/\/www.cervantinaesquivias.org\/wordpress\/wp-content\/uploads\/2014\/02\/bienvenida.-elena-300x211.jpg 300w\" sizes=\"auto, (max-width: 768px) 100vw, 768px\" \/><\/p>\n<p style=\"text-align: justify;\" mce_style=\"text-align: justify;\"><\/p>\n<p style=\"text-align: justify;\" mce_style=\"text-align: justify;\"><span style=\"font-size: medium;\" mce_style=\"font-size: medium;\"><span style=\"font-family: verdana, geneva;\" mce_style=\"font-family: verdana, geneva;\"><b>VII LECTURA UNIVERSAL DEL QUIJOTE.<\/b><\/span><\/span><\/p>\n<p style=\"text-align: justify;\" mce_style=\"text-align: justify;\"><span style=\"font-size: medium;\" mce_style=\"font-size: medium;\"><span style=\"font-family: verdana, geneva;\" mce_style=\"font-family: verdana, geneva;\">Se leer\u00e1 el Quijote en mas de 30 idiomas, a cargo de nativos de los pa\u00edses representados, ya sean Embajadores o Delegados de Embajadas acreditadas en Espa\u00f1a, como de particulares o en representaci\u00f3n de colectivos de los citados pa\u00edses.<\/span><\/span><\/p>\n<p style=\"text-align: justify;\" mce_style=\"text-align: justify;\"><span style=\"font-size: medium;\" mce_style=\"font-size: medium;\"><span style=\"font-family: verdana, geneva;\" mce_style=\"font-family: verdana, geneva;\">La lectura en idiomas se realizar\u00e1 el d\u00eda 22 de Abril de 2014, en conmemoraci\u00f3n del CCCXCVIII aniversario del fallecimiento de Miguel de Cervantes Saavedra.<\/span><\/span><\/p>\n<p style=\"text-align: justify;\" mce_style=\"text-align: justify;\"><span style=\"font-size: medium;\" mce_style=\"font-size: medium;\"><span style=\"font-family: verdana, geneva;\" mce_style=\"font-family: verdana, geneva;\">Ya se halla confirmada la representaci\u00f3n de varias Embajadas, datos que se dar\u00e1n a conocer en fechas pr\u00f3ximas al 22 de Abril.<\/span><\/span><\/p>\n<p style=\"text-align: justify;\" mce_style=\"text-align: justify;\"><span style=\"font-size: medium;\" mce_style=\"font-size: medium;\"><span style=\"font-family: verdana, geneva;\" mce_style=\"font-family: verdana, geneva;\">Tambi\u00e9n se leer\u00e1 en Castellano y en otras lenguas y dialectos.<\/span><\/span><\/p>\n<p style=\"text-align: justify;\" mce_style=\"text-align: justify;\"><\/p>\n<p style=\"text-align: justify;\" mce_style=\"text-align: justify;\"><\/p>\n<p style=\"text-align: justify;\" mce_style=\"text-align: justify;\"><span style=\"font-size: medium;\" mce_style=\"font-size: medium;\"><span style=\"font-family: verdana, geneva;\" mce_style=\"font-family: verdana, geneva;\"><b>IV EDICION SOBRE LOS PERSONAJES VIVOS DEL QUIJOTE.<\/b><\/span><\/span><\/p>\n<p style=\"style\" mce_style=\"style\"><img loading=\"lazy\" decoding=\"async\" class=\" alignleft size-full wp-image-366 alignleft size-full wp-image-366\" src=\"http:\/\/www.cervantinaesquivias.org\/wordpress\/wp-content\/uploads\/2012\/04\/cervantes-5.jpg\" mce_src=\"http:\/\/www.cervantinaesquivias.org\/wordpress\/wp-content\/uploads\/2012\/04\/cervantes-5.jpg\" style=\"float: left; margin-left: 20px; margin-right: 20px;\" mce_style=\"float: left; margin-left: 20px; margin-right: 20px;\" width=\"85\" height=\"115\" \/><\/p>\n<p style=\"text-align: justify;\" mce_style=\"text-align: justify;\"><span style=\"font-size: medium;\" mce_style=\"font-size: medium;\"><span style=\"font-family: verdana, geneva;\" mce_style=\"font-family: verdana, geneva;\">En fechas pr\u00f3ximas al 29 de Septiembre, en conmemoraci\u00f3n del CDLXVII aniversario del nacimiento de Miguel de Cervantes Saavedra (bautizado el 09 de Octubre de 1547 en Alcal\u00e1 de Henares), se desarrollar\u00e1n actos para resaltar la figura de El Vizca\u00edno.<\/span><\/span><\/p>\n<p style=\"text-align: justify;\" mce_style=\"text-align: justify;\"><span style=\"font-size: medium;\" mce_style=\"font-size: medium;\"><span style=\"font-family: verdana, geneva;\" mce_style=\"font-family: verdana, geneva;\">El Vizca\u00edno fue un personaje natural y vecino de Esquivias \u00a0de los Siglos XVI y XVII, que Cervantes tuvo a bien de incluir en El Quijote, Cap\u00edtulos VIII y IX de su Primera Parte.<\/span><\/span><\/p>\n<p style=\"text-align: justify;\" mce_style=\"text-align: justify;\"><span style=\"font-family: verdana, geneva; font-size: medium; line-height: 1.3em;\" mce_style=\"font-family: verdana, geneva; font-size: medium; line-height: 1.3em;\">Vivi\u00f3 en este Lugar junto con una amplia estirpe familiar.<\/span><\/p>\n<p style=\"style\" mce_style=\"style\"><span style=\"font-family: verdana, geneva; font-size: medium; line-height: 1.3em;\" mce_style=\"font-family: verdana, geneva; font-size: medium; line-height: 1.3em;\"><img loading=\"lazy\" decoding=\"async\" class=\" alignright size-full wp-image-1773 alignright size-full wp-image-1773\" src=\"http:\/\/www.cervantinaesquivias.org\/wordpress\/wp-content\/uploads\/2014\/02\/vizcaino.jpg\" mce_src=\"http:\/\/www.cervantinaesquivias.org\/wordpress\/wp-content\/uploads\/2014\/02\/vizcaino.jpg\" style=\"float: right; margin-left: 20px; margin-right: 20px;\" mce_style=\"float: right; margin-left: 20px; margin-right: 20px;\" width=\"227\" height=\"302\" srcset=\"http:\/\/www.cervantinaesquivias.org\/wordpress\/wp-content\/uploads\/2014\/02\/vizcaino.jpg 227w, http:\/\/www.cervantinaesquivias.org\/wordpress\/wp-content\/uploads\/2014\/02\/vizcaino-225x300.jpg 225w\" sizes=\"auto, (max-width: 227px) 100vw, 227px\" \/><br \/><\/span><\/p>\n<p style=\"text-align: justify;\" mce_style=\"text-align: justify;\"><span style=\"font-family: verdana, geneva; font-size: medium; line-height: 1.3em;\" mce_style=\"font-family: verdana, geneva; font-size: medium; line-height: 1.3em;\">La Sociedad Cervantina de Esquivias tiene publicado en su p\u00e1gina web una breve rese\u00f1a sobre dicho personaje, que se har\u00e1 extensiva con los nuevos datos hallados en los Archivos Parroquiales de Esquivias, todos in\u00e9ditos.<\/span><\/p>\n<p style=\"text-align: justify;\" mce_style=\"text-align: justify;\"><span style=\"font-family: verdana, geneva; font-size: medium; line-height: 1.3em;\" mce_style=\"font-family: verdana, geneva; font-size: medium; line-height: 1.3em;\">Se complementar\u00e1 con la proyecci\u00f3n de un audiovisual.<\/span><\/p>\n<p style=\"text-align: justify;\" mce_style=\"text-align: justify;\"><span style=\"font-family: verdana, geneva; font-size: medium; line-height: 1.3em;\" mce_style=\"font-family: verdana, geneva; font-size: medium; line-height: 1.3em;\">Lugar de la actividad: Casa de Cultura de Esquivias. (Casa de Cervantes).<\/span><\/p>\n<p style=\"text-align: justify;\" mce_style=\"text-align: justify;\"><\/p>\n<p style=\"text-align: justify;\" mce_style=\"text-align: justify;\"><\/p>\n<p style=\"text-align: justify;\" mce_style=\"text-align: justify;\"><\/p>\n<p style=\"text-align: justify;\" mce_style=\"text-align: justify;\"><\/p>\n<p style=\"text-align: justify;\" mce_style=\"text-align: justify;\"><\/p>\n<p style=\"text-align: justify;\" mce_style=\"text-align: justify;\"><span style=\"font-family: verdana, geneva; font-size: medium; line-height: 1.3em;\" mce_style=\"font-family: verdana, geneva; font-size: medium; line-height: 1.3em;\"><b>III EDICION SOBRE ILUSTRES PERSONAJES DE ESQUIVIAS.<\/b><\/span><\/p>\n<p style=\"style\" mce_style=\"style\"><img loading=\"lazy\" decoding=\"async\" class=\" alignleft size-full wp-image-1774 alignleft size-full wp-image-1774\" src=\"http:\/\/www.cervantinaesquivias.org\/wordpress\/wp-content\/uploads\/2014\/02\/catalina-.jpg\" mce_src=\"http:\/\/www.cervantinaesquivias.org\/wordpress\/wp-content\/uploads\/2014\/02\/catalina-.jpg\" style=\"float: left; margin-left: 20px; margin-right: 20px;\" mce_style=\"float: left; margin-left: 20px; margin-right: 20px;\" width=\"142\" height=\"195\" \/><\/p>\n<p style=\"text-align: left;\" mce_style=\"text-align: left;\"><span style=\"font-family: verdana, geneva; font-size: medium; line-height: 20.799999237060547px; text-align: justify;\" mce_style=\"font-family: verdana, geneva; font-size: medium; line-height: 20.799999237060547px; text-align: justify;\">En fechas pr\u00f3ximas al 25 de Octubre, en conmemoraci\u00f3n del CDXLIX aniversario del nacimiento de Catalina de Salazar y Palacios (bautizada en Esquivias el 01 de Noviembre de 1565), se desarrolar\u00e1n actos In Memoriam para resaltar la figura de Don Francisco Guardia Navarro.<\/span><\/p>\n<p style=\"text-align: justify;\" mce_style=\"text-align: justify;\"><span style=\"font-size: small;\" mce_style=\"font-size: small;\"><span style=\"line-height: 20.799999237060547px;\" mce_style=\"line-height: 20.799999237060547px;\"><span style=\"font-size: medium;\" mce_style=\"font-size: medium;\"><span style=\"font-family: verdana, geneva;\" mce_style=\"font-family: verdana, geneva;\">Don Francisco Guardia Navarro, fue un esquiviano de los Siglo XIX y XX, eminente cervantista, que transmiti\u00f3 a los vecinos de Esquivias su pasi\u00f3n por el cervantismo, siendo un referente indiscutible en este sentido.<\/span><\/span><\/span><\/span><\/p>\n<p style=\"text-align: justify;\" mce_style=\"text-align: justify;\"><span style=\"font-size: small;\" mce_style=\"font-size: small;\"><span style=\"line-height: 20.799999237060547px;\" mce_style=\"line-height: 20.799999237060547px;\"><span style=\"font-size: medium;\" mce_style=\"font-size: medium;\"><span style=\"font-family: verdana, geneva;\" mce_style=\"font-family: verdana, geneva;\">Para enriquecer el Acto In Memoriam a Don Francisco Guardia Navarro, se requerir\u00e1 y facilitar\u00e1 la participaci\u00f3n de aquellas personas o entidades que deseen aportar su an\u00e1lisis particular.<\/span><\/span><\/span><\/span><\/p>\n<p style=\"style\" mce_style=\"style\"><span style=\"font-family: verdana, geneva; font-size: medium; line-height: 20.799999237060547px; text-align: justify;\" mce_style=\"font-family: verdana, geneva; font-size: medium; line-height: 20.799999237060547px; text-align: justify;\"><\/span><img loading=\"lazy\" decoding=\"async\" class=\" alignleft size-full wp-image-1775 alignleft size-full wp-image-1775\" src=\"http:\/\/www.cervantinaesquivias.org\/wordpress\/wp-content\/uploads\/2014\/02\/fco-guardia-3.jpg\" mce_src=\"http:\/\/www.cervantinaesquivias.org\/wordpress\/wp-content\/uploads\/2014\/02\/fco-guardia-3.jpg\" style=\"line-height: 1.3em; margin-left: 20px; margin-right: 20px; float: left;\" mce_style=\"line-height: 1.3em; margin-left: 20px; margin-right: 20px; float: left;\" width=\"220\" height=\"268\" \/><\/p>\n<p style=\"style\" mce_style=\"style\"><span style=\"font-family: verdana, geneva; font-size: medium; line-height: 20.799999237060547px; text-align: justify;\" mce_style=\"font-family: verdana, geneva; font-size: medium; line-height: 20.799999237060547px; text-align: justify;\">Dichos participantes, deber\u00e1n consentir su publicaci\u00f3n en esta p\u00e1gina web, en el archivo que se abrir\u00e1 al efecto de Don Francisco Guardia Navarro como Ilustre Personaje de Esquivias.<\/span><\/p>\n<p style=\"text-align: justify;\" mce_style=\"text-align: justify;\"><span style=\"font-size: small;\" mce_style=\"font-size: small;\"><span style=\"line-height: 20.799999237060547px;\" mce_style=\"line-height: 20.799999237060547px;\"><span style=\"font-size: medium;\" mce_style=\"font-size: medium;\"><span style=\"font-family: verdana, geneva;\" mce_style=\"font-family: verdana, geneva;\">La Sociedad Cervantina de Esquivias elaborar\u00e1 unas bases por las que se han de regir dichas participaciones, fotograf\u00edas, etc.<\/span><\/span><\/span><\/span><\/p>\n<p style=\"text-align: justify;\" mce_style=\"text-align: justify;\"><span style=\"font-size: small;\" mce_style=\"font-size: small;\"><span style=\"line-height: 20.799999237060547px;\" mce_style=\"line-height: 20.799999237060547px;\"><span style=\"font-size: medium;\" mce_style=\"font-size: medium;\"><span style=\"font-family: verdana, geneva;\" mce_style=\"font-family: verdana, geneva;\">Se complementar\u00e1 con la proyecci\u00f3n de un audiovisual.<\/span><\/span><\/span><\/span><\/p>\n<p style=\"text-align: justify;\" mce_style=\"text-align: justify;\"><span style=\"font-size: small;\" mce_style=\"font-size: small;\"><span style=\"line-height: 20.799999237060547px;\" mce_style=\"line-height: 20.799999237060547px;\"><span style=\"font-size: medium;\" mce_style=\"font-size: medium;\"><span style=\"font-family: verdana, geneva;\" mce_style=\"font-family: verdana, geneva;\">Lugar de la actividad: Casa de Cultura de Esquivias. (Casa de Cervantes).<\/span><\/span><\/span><\/span><\/p>\n<p style=\"text-align: justify;\" mce_style=\"text-align: justify;\"><\/p>\n<p style=\"text-align: justify;\" mce_style=\"text-align: justify;\"><\/p>\n<p style=\"text-align: justify;\" mce_style=\"text-align: justify;\"><b style=\"font-family: verdana, geneva; font-size: medium; line-height: 1.3em;\" mce_style=\"font-family: verdana, geneva; font-size: medium; line-height: 1.3em;\">XXXV EDICION DE LAS JORNADAS CERVANTINAS DE DICIEMBRE<\/b><\/p>\n<p style=\"text-align: justify;\" mce_style=\"text-align: justify;\"><\/p>\n<p style=\"text-align: center;\" mce_style=\"text-align: center;\"><img loading=\"lazy\" decoding=\"async\" class=\" size-full wp-image-1776 size-full wp-image-1776\" src=\"http:\/\/www.cervantinaesquivias.org\/wordpress\/wp-content\/uploads\/2014\/02\/alonso-sancho-teresa-y-sanchica.-ismael.jpg\" mce_src=\"http:\/\/www.cervantinaesquivias.org\/wordpress\/wp-content\/uploads\/2014\/02\/alonso-sancho-teresa-y-sanchica.-ismael.jpg\" alt=\"alt\" width=\"567\" height=\"425\" srcset=\"http:\/\/www.cervantinaesquivias.org\/wordpress\/wp-content\/uploads\/2014\/02\/alonso-sancho-teresa-y-sanchica.-ismael.jpg 567w, http:\/\/www.cervantinaesquivias.org\/wordpress\/wp-content\/uploads\/2014\/02\/alonso-sancho-teresa-y-sanchica.-ismael-300x225.jpg 300w\" sizes=\"auto, (max-width: 567px) 100vw, 567px\" \/><\/p>\n<p style=\"text-align: justify;\" mce_style=\"text-align: justify;\"><\/p>\n<p style=\"text-align: justify;\" mce_style=\"text-align: justify;\"><span style=\"font-family: verdana, geneva; font-size: medium; line-height: 1.3em;\" mce_style=\"font-family: verdana, geneva; font-size: medium; line-height: 1.3em;\">En fechas pr\u00f3ximas al 12 de Diciembre (efem\u00e9rides del CDXXX aniversario de la boda de Miguel de Cervantes Saavedra con Catalina de Salazar y Palacios (desposados en el Lugar de Esquivias el 12 de Diciembre de 1584).<\/span><\/p>\n<p style=\"style\" mce_style=\"style\"><img loading=\"lazy\" decoding=\"async\" class=\" alignleft size-full wp-image-262 alignleft size-full wp-image-262\" src=\"http:\/\/www.cervantinaesquivias.org\/wordpress\/wp-content\/uploads\/2012\/03\/estampas-trio-2.jpg\" mce_src=\"http:\/\/www.cervantinaesquivias.org\/wordpress\/wp-content\/uploads\/2012\/03\/estampas-trio-2.jpg\" style=\"float: left; margin-left: 20px; margin-right: 20px;\" mce_style=\"float: left; margin-left: 20px; margin-right: 20px;\" width=\"236\" height=\"157\" \/><\/p>\n<p style=\"text-align: justify;\" mce_style=\"text-align: justify;\"><span style=\"font-family: verdana, geneva; font-size: medium; line-height: 1.3em;\" mce_style=\"font-family: verdana, geneva; font-size: medium; line-height: 1.3em;\">Se desarrollar\u00e1n actividades, pendientes de programar, para resaltar actividades y hechos cervantinos de este Lugar de Esquivias.<\/span><\/p>\n<p style=\"text-align: justify;\" mce_style=\"text-align: justify;\"><span style=\"font-family: verdana, geneva; font-size: medium; line-height: 1.3em;\" mce_style=\"font-family: verdana, geneva; font-size: medium; line-height: 1.3em;\">Culminar\u00e1n las actividades el d\u00eda 13 de Diciembre, con una Misa en memoria de los socios difuntos, que en cualquier momento lo fueron de la Sociedad Cervantina de Esquivias.<\/span><\/p>\n<p style=\"text-align: justify;\" mce_style=\"text-align: justify;\"><\/p>\n<p style=\"text-align: justify;\" mce_style=\"text-align: justify;\"><\/p>\n<p style=\"text-align: justify;\" mce_style=\"text-align: justify;\"><span style=\"font-family: verdana, geneva; font-size: medium; line-height: 1.3em;\" mce_style=\"font-family: verdana, geneva; font-size: medium; line-height: 1.3em;\"><b>A LO LARGO DE TODO EL A\u00d1O<\/b><\/span><\/p>\n<p style=\"text-align: justify;\" mce_style=\"text-align: justify;\"><span style=\"font-family: verdana, geneva; font-size: medium; line-height: 1.3em;\" mce_style=\"font-family: verdana, geneva; font-size: medium; line-height: 1.3em;\">Se desarrollar\u00e1n conferencias y colaboraciones con otras Entidades, ya sean locales, provinciales y\/o extraprovinciales.<\/span><\/p>\n<p style=\"text-align: justify;\" mce_style=\"text-align: justify;\"><span style=\"font-family: verdana, geneva; font-size: medium; line-height: 1.3em;\" mce_style=\"font-family: verdana, geneva; font-size: medium; line-height: 1.3em;\"><br \/><\/span><\/p>\n<p style=\"style\" mce_style=\"style\"><span style=\"font-family: verdana, geneva; font-size: medium; line-height: 1.3em;\" mce_style=\"font-family: verdana, geneva; font-size: medium; line-height: 1.3em;\"><img loading=\"lazy\" decoding=\"async\" class=\" alignleft size-full wp-image-1777 alignleft size-full wp-image-1777\" src=\"http:\/\/www.cervantinaesquivias.org\/wordpress\/wp-content\/uploads\/2014\/02\/portada-229.jpg\" mce_src=\"http:\/\/www.cervantinaesquivias.org\/wordpress\/wp-content\/uploads\/2014\/02\/portada-229.jpg\" style=\"float: left; margin-left: 20px; margin-right: 20px;\" mce_style=\"float: left; margin-left: 20px; margin-right: 20px;\" width=\"173\" height=\"340\" srcset=\"http:\/\/www.cervantinaesquivias.org\/wordpress\/wp-content\/uploads\/2014\/02\/portada-229.jpg 173w, http:\/\/www.cervantinaesquivias.org\/wordpress\/wp-content\/uploads\/2014\/02\/portada-229-153x300.jpg 153w\" sizes=\"auto, (max-width: 173px) 100vw, 173px\" \/><br \/><\/span><\/p>\n<p style=\"text-align: justify;\" mce_style=\"text-align: justify;\"><\/p>\n<p style=\"text-align: justify;\" mce_style=\"text-align: justify;\"><\/p>\n<p style=\"text-align: justify;\" mce_style=\"text-align: justify;\"><\/p>\n<p style=\"text-align: justify;\" mce_style=\"text-align: justify;\"><\/p>\n<p style=\"text-align: justify;\" mce_style=\"text-align: justify;\"><span style=\"font-family: verdana, geneva; font-size: medium; line-height: 1.3em;\" mce_style=\"font-family: verdana, geneva; font-size: medium; line-height: 1.3em;\">Se publicar\u00e1 Galatea, \u00f3rgano de difusi\u00f3n de la Sociedad Cervantina de Esquivias.<\/span><\/p>\n<p style=\"text-align: justify;\" mce_style=\"text-align: justify;\"><\/p>\n<p style=\"text-align: justify;\" mce_style=\"text-align: justify;\"><\/p>\n<p style=\"text-align: justify;\" mce_style=\"text-align: justify;\"><\/p>\n<p style=\"text-align: justify;\" mce_style=\"text-align: justify;\"><\/p>\n<p style=\"text-align: justify;\" mce_style=\"text-align: justify;\"><\/p>\n<p style=\"text-align: justify;\" mce_style=\"text-align: justify;\"><\/p>\n<p style=\"text-align: justify;\" mce_style=\"text-align: justify;\"><\/p>\n<p style=\"text-align: justify;\" mce_style=\"text-align: justify;\"><\/p>\n<p style=\"text-align: center;\" mce_style=\"text-align: center;\"><img loading=\"lazy\" decoding=\"async\" class=\" size-full wp-image-1778 size-full wp-image-1778\" src=\"http:\/\/www.cervantinaesquivias.org\/wordpress\/wp-content\/uploads\/2014\/02\/04.-acta-de-boda-3.jpg\" mce_src=\"http:\/\/www.cervantinaesquivias.org\/wordpress\/wp-content\/uploads\/2014\/02\/04.-acta-de-boda-3.jpg\" alt=\"alt\" width=\"737\" height=\"171\" srcset=\"http:\/\/www.cervantinaesquivias.org\/wordpress\/wp-content\/uploads\/2014\/02\/04.-acta-de-boda-3.jpg 737w, http:\/\/www.cervantinaesquivias.org\/wordpress\/wp-content\/uploads\/2014\/02\/04.-acta-de-boda-3-300x70.jpg 300w\" sizes=\"auto, (max-width: 737px) 100vw, 737px\" \/><\/p>\n<p style=\"text-align: justify;\" mce_style=\"text-align: justify;\"><span style=\"font-family: verdana, geneva; font-size: medium; line-height: 1.3em;\" mce_style=\"font-family: verdana, geneva; font-size: medium; line-height: 1.3em;\">Se seguir\u00e1n investigando los documentos archivados en Esquivias, para esclarecer y publicar nuevos datos.<\/span><\/p>\n<p style=\"text-align: justify;\" mce_style=\"text-align: justify;\"><span style=\"font-family: verdana, geneva; font-size: medium; line-height: 1.3em;\" mce_style=\"font-family: verdana, geneva; font-size: medium; line-height: 1.3em;\"><br \/><\/span><\/p>\n<p style=\"text-align: right;\" mce_style=\"text-align: right;\"><span style=\"line-height: 1.3em;\" mce_style=\"line-height: 1.3em;\"><span style=\"font-size: small;\" mce_style=\"font-size: small;\"><span style=\"font-family: helvetica;\" mce_style=\"font-family: helvetica;\"><b><i>La Junta Directiva de la Sociedad Cervantina.<\/i><\/b><\/span><\/span><\/span><\/p>\n<p style=\"text-align: justify;\" mce_style=\"text-align: justify;\"><\/p>\n<p style=\"text-align: justify;\" mce_style=\"text-align: justify;\"><span style=\"font-family: verdana, geneva; font-size: medium; line-height: 1.3em;\" mce_style=\"font-family: verdana, geneva; font-size: medium; line-height: 1.3em;\"><br \/><\/span><\/p>\n<p style=\"text-align: justify;\" mce_style=\"text-align: justify;\"><span style=\"font-family: verdana, geneva; font-size: medium; line-height: 1.3em;\" mce_style=\"font-family: verdana, geneva; font-size: medium; line-height: 1.3em;\"><br \/><\/span><\/p>\n<p style=\"text-align: justify;\" mce_style=\"text-align: justify;\"><span style=\"font-size: medium;\" mce_style=\"font-size: medium;\"><span style=\"font-family: verdana, geneva;\" mce_style=\"font-family: verdana, geneva;\"><br \/><\/span><\/span><\/p>\n<p style=\"text-align: justify;\" mce_style=\"text-align: justify;\"><span style=\"font-size: medium;\" mce_style=\"font-size: medium;\"><span style=\"font-family: verdana, geneva;\" mce_style=\"font-family: verdana, geneva;\"><br \/><\/span><\/span><\/p>\n<p style=\"text-align: justify;\" mce_style=\"text-align: justify;\"><span style=\"font-size: medium;\" mce_style=\"font-size: medium;\"><span style=\"font-family: verdana, geneva;\" mce_style=\"font-family: verdana, geneva;\"><br \/><\/span><\/span><\/p>\n<p style=\"text-align: justify;\" mce_style=\"text-align: justify;\"><span style=\"font-family: verdana, geneva; font-size: small;\" mce_style=\"font-family: verdana, geneva; font-size: small;\"><br \/><\/span><\/p>\n<p style=\"text-align: justify;\" mce_style=\"text-align: justify;\"><\/p>\n<p style=\"text-align: justify;\" mce_style=\"text-align: justify;\"><span style=\"font-family: verdana, geneva; font-size: small;\" mce_style=\"font-family: verdana, geneva; font-size: small;\"><br \/><\/span><\/p>\n","protected":false},"excerpt":{"rendered":"<p>La Sociedad Cervantina de Esquivias ha celebrado su Asamblea General, donde se han trazado los ejes principales de la actividad [&hellip;]<\/p>\n","protected":false},"author":1,"featured_media":1771,"comment_status":"open","ping_status":"open","sticky":false,"template":"","format":"standard","meta":{"footnotes":""},"categories":[7],"tags":[],"class_list":["post-1779","post","type-post","status-publish","format-standard","has-post-thumbnail","hentry","category-noticias-cervantina"],"_links":{"self":[{"href":"http:\/\/www.cervantinaesquivias.org\/wordpress\/wp-json\/wp\/v2\/posts\/1779","targetHints":{"allow":["GET"]}}],"collection":[{"href":"http:\/\/www.cervantinaesquivias.org\/wordpress\/wp-json\/wp\/v2\/posts"}],"about":[{"href":"http:\/\/www.cervantinaesquivias.org\/wordpress\/wp-json\/wp\/v2\/types\/post"}],"author":[{"embeddable":true,"href":"http:\/\/www.cervantinaesquivias.org\/wordpress\/wp-json\/wp\/v2\/users\/1"}],"replies":[{"embeddable":true,"href":"http:\/\/www.cervantinaesquivias.org\/wordpress\/wp-json\/wp\/v2\/comments?post=1779"}],"version-history":[{"count":0,"href":"http:\/\/www.cervantinaesquivias.org\/wordpress\/wp-json\/wp\/v2\/posts\/1779\/revisions"}],"wp:featuredmedia":[{"embeddable":true,"href":"http:\/\/www.cervantinaesquivias.org\/wordpress\/wp-json\/wp\/v2\/media\/1771"}],"wp:attachment":[{"href":"http:\/\/www.cervantinaesquivias.org\/wordpress\/wp-json\/wp\/v2\/media?parent=1779"}],"wp:term":[{"taxonomy":"category","embeddable":true,"href":"http:\/\/www.cervantinaesquivias.org\/wordpress\/wp-json\/wp\/v2\/categories?post=1779"},{"taxonomy":"post_tag","embeddable":true,"href":"http:\/\/www.cervantinaesquivias.org\/wordpress\/wp-json\/wp\/v2\/tags?post=1779"}],"curies":[{"name":"wp","href":"https:\/\/api.w.org\/{rel}","templated":true}]}}