{"id":1770,"date":"2014-02-05T11:50:02","date_gmt":"2014-02-05T11:50:02","guid":{"rendered":"http:\/\/www.cervantinaesquivias.org\/wordpress\/2014\/02\/05\/el-greco-en-el-ld-aniversario-de-su-muerte-de-la-mano-del-cura-de-santo-tome-don-andres-nunez-de-madrid-esquivias-2014\/"},"modified":"2014-02-05T11:50:02","modified_gmt":"2014-02-05T11:50:02","slug":"el-greco-en-el-ld-aniversario-de-su-muerte-de-la-mano-del-cura-de-santo-tome-don-andres-nunez-de-madrid-esquivias-2014","status":"publish","type":"post","link":"http:\/\/www.cervantinaesquivias.org\/wordpress\/2014\/02\/05\/el-greco-en-el-ld-aniversario-de-su-muerte-de-la-mano-del-cura-de-santo-tome-don-andres-nunez-de-madrid-esquivias-2014\/","title":{"rendered":"EL GRECO, EN EL CD ANIVERSARIO DE SU MUERTE, DE LA MANO DEL CURA DE SANTO TOME DON ANDRES NU\u00d1EZ DE MADRID. ESQUIVIAS 2014."},"content":{"rendered":"<p style=\"text-align: justify;\" mce_style=\"text-align: justify;\"><span style=\"font-size: medium;\" mce_style=\"font-size: medium;\"><span style=\"font-family: verdana, geneva;\" mce_style=\"font-family: verdana, geneva;\">La Sociedad Cervantina de Esquivias, se suma a la conmemoracion del CD Aniversario de la Muerte de Dom\u00e9nico Theotoc\u00f3puli \u00abEl Greco\u00bb, acaecida en Toledo el 07 de Abril de 1614.<\/span><\/span><\/p>\n<p style=\"text-align: center;\" mce_style=\"text-align: center;\"><span style=\"font-size: medium;\" mce_style=\"font-size: medium;\"><span style=\"font-family: verdana, geneva;\" mce_style=\"font-family: verdana, geneva;\"><img loading=\"lazy\" decoding=\"async\" class=\" size-full wp-image-1761 size-full wp-image-1761\" src=\"http:\/\/www.cervantinaesquivias.org\/wordpress\/wp-content\/uploads\/2014\/02\/el_greco.jpg\" mce_src=\"http:\/\/www.cervantinaesquivias.org\/wordpress\/wp-content\/uploads\/2014\/02\/el_greco.jpg\" alt=\"alt\" width=\"528\" height=\"600\" srcset=\"http:\/\/www.cervantinaesquivias.org\/wordpress\/wp-content\/uploads\/2014\/02\/el_greco.jpg 528w, http:\/\/www.cervantinaesquivias.org\/wordpress\/wp-content\/uploads\/2014\/02\/el_greco-264x300.jpg 264w\" sizes=\"auto, (max-width: 528px) 100vw, 528px\" \/><\/span><\/span><\/p>\n<p style=\"text-align: center;\" mce_style=\"text-align: center;\"><span style=\"font-size: small;\" mce_style=\"font-size: small;\">(Autorretrato de El Greco).<\/span><\/p>\n<p style=\"text-align: justify;\" mce_style=\"text-align: justify;\"><span style=\"font-size: medium;\" mce_style=\"font-size: medium;\"><span style=\"font-family: verdana, geneva;\" mce_style=\"font-family: verdana, geneva;\">Para ello, vamos a resaltar algunos aspectos de Don Andr\u00e9s N\u00fa\u00f1ez de Madrid, cura que fue de la parroquia de Santo Tom\u00e9, en Toledo, que ten\u00eda intereses en Esquivias, y que realiz\u00f3 el encargo <\/span><\/span><\/p>\n<p style=\"text-align: justify;\" mce_style=\"text-align: justify;\"><\/p>\n<p><!--more--><\/p>\n<p><\/p>\n<p style=\"text-align: justify;\" mce_style=\"text-align: justify;\"><span style=\"font-size: medium;\" mce_style=\"font-size: medium;\"><span style=\"font-family: verdana, geneva;\" mce_style=\"font-family: verdana, geneva;\">a El Greco para que pintara el \u00abEntierro del Se\u00f1or de Orgaz\u00bb<\/span><\/span><\/p>\n<p style=\"text-align: justify;\" mce_style=\"text-align: justify;\"><span style=\"font-size: medium;\" mce_style=\"font-size: medium;\"><span style=\"font-family: verdana, geneva;\" mce_style=\"font-family: verdana, geneva;\"><br \/><\/span><\/span><\/p>\n<p style=\"text-align: center;\" mce_style=\"text-align: center;\"><img loading=\"lazy\" decoding=\"async\" class=\" size-full wp-image-1762 size-full wp-image-1762\" src=\"http:\/\/www.cervantinaesquivias.org\/wordpress\/wp-content\/uploads\/2014\/02\/el-entierro-del-conde-de-orgaz-1.jpg\" mce_src=\"http:\/\/www.cervantinaesquivias.org\/wordpress\/wp-content\/uploads\/2014\/02\/el-entierro-del-conde-de-orgaz-1.jpg\" alt=\"alt\" width=\"489\" height=\"599\" srcset=\"http:\/\/www.cervantinaesquivias.org\/wordpress\/wp-content\/uploads\/2014\/02\/el-entierro-del-conde-de-orgaz-1.jpg 489w, http:\/\/www.cervantinaesquivias.org\/wordpress\/wp-content\/uploads\/2014\/02\/el-entierro-del-conde-de-orgaz-1-245x300.jpg 245w\" sizes=\"auto, (max-width: 489px) 100vw, 489px\" \/><\/p>\n<p style=\"text-align: center;\" mce_style=\"text-align: center;\"><span style=\"font-size: medium;\" mce_style=\"font-size: medium;\"><span style=\"font-size: small;\" mce_style=\"font-size: small;\">(Cuadro del Entierro del Se\u00f1or de Orgaz de el Greco, que se exhibe<\/span><\/span><\/p>\n<p style=\"text-align: center;\" mce_style=\"text-align: center;\"><span style=\"font-size: medium;\" mce_style=\"font-size: medium;\"><span style=\"font-size: small;\" mce_style=\"font-size: small;\"> en la Capilla de la Iglesia de Santo Tom\u00e9 en Toledo).<\/span><\/span><\/p>\n<p style=\"text-align: center;\" mce_style=\"text-align: center;\"><span style=\"font-size: medium;\" mce_style=\"font-size: medium;\"><span style=\"font-size: small;\" mce_style=\"font-size: small;\"><br \/><\/span><\/span><\/p>\n<p style=\"text-align: justify;\" mce_style=\"text-align: justify;\"><span style=\"font-size: medium;\" mce_style=\"font-size: medium;\"><span style=\"font-family: verdana, geneva;\" mce_style=\"font-family: verdana, geneva;\"><br \/><\/span><\/span><\/p>\n<p style=\"style\" mce_style=\"style\"><img loading=\"lazy\" decoding=\"async\" class=\" alignleft size-full wp-image-1763 alignleft size-full wp-image-1763\" src=\"http:\/\/www.cervantinaesquivias.org\/wordpress\/wp-content\/uploads\/2014\/02\/el-cura-andres-nuez.jpg\" mce_src=\"http:\/\/www.cervantinaesquivias.org\/wordpress\/wp-content\/uploads\/2014\/02\/el-cura-andres-nuez.jpg\" style=\"float: left; margin-left: 20px; margin-right: 20px;\" mce_style=\"float: left; margin-left: 20px; margin-right: 20px;\" width=\"113\" height=\"484\" srcset=\"http:\/\/www.cervantinaesquivias.org\/wordpress\/wp-content\/uploads\/2014\/02\/el-cura-andres-nuez.jpg 113w, http:\/\/www.cervantinaesquivias.org\/wordpress\/wp-content\/uploads\/2014\/02\/el-cura-andres-nuez-70x300.jpg 70w\" sizes=\"auto, (max-width: 113px) 100vw, 113px\" \/><\/p>\n<p style=\"text-align: justify;\" mce_style=\"text-align: justify;\"><\/p>\n<p style=\"text-align: justify;\" mce_style=\"text-align: justify;\"><span style=\"font-family: verdana, geneva; font-size: medium; line-height: 1.3em;\" mce_style=\"font-family: verdana, geneva; font-size: medium; line-height: 1.3em;\">El 23 de Octubre de 1584, Don Andr\u00e9s N\u00fa\u00f1ez de Madrid solicitaba al Concejo de la Gobernaci\u00f3n del Arzobispado de Toledo, licencia para pintar en la capilla de Nuestra Se\u00f1ora, de la Iglesia Parroquial de Santo Tom\u00e9 de Toledo, un cuadro con el milagro, que dec\u00edan, ocurrido de bajar del cielo San Agust\u00edn y San Esteban a enterrar el cad\u00e1ver de Don Gonzalo Ruiz de Toledo, en 09 de Diciembre del a\u00f1o 1323.<\/span><\/p>\n<p style=\"text-align: justify;\" mce_style=\"text-align: justify;\"><\/p>\n<p style=\"text-align: justify;\" mce_style=\"text-align: justify;\"><span style=\"font-family: verdana, geneva; font-size: medium; line-height: 1.3em;\" mce_style=\"font-family: verdana, geneva; font-size: medium; line-height: 1.3em;\"><br \/><\/span><\/p>\n<p style=\"text-align: justify;\" mce_style=\"text-align: justify;\"><span style=\"font-family: verdana, geneva; font-size: medium; line-height: 1.3em;\" mce_style=\"font-family: verdana, geneva; font-size: medium; line-height: 1.3em;\">Concedida la licencia el 15 de marzo de 1586, Don Andr\u00e9s N\u00fa\u00f1ez de Madrid realiz\u00f3 el encargo a El Greco.<\/span><\/p>\n<p style=\"text-align: justify;\" mce_style=\"text-align: justify;\"><\/p>\n<p style=\"text-align: justify;\" mce_style=\"text-align: justify;\"><\/p>\n<p style=\"text-align: justify;\" mce_style=\"text-align: justify;\"><span style=\"font-size: medium;\" mce_style=\"font-size: medium;\"><span style=\"font-family: verdana, geneva;\" mce_style=\"font-family: verdana, geneva;\">Don Andr\u00e9s N\u00fa\u00f1ez de Madrid, pose\u00eda unas casas en el Lugar de Esquivias, y all\u00ed se desplazaba desde Toledo, adem\u00e1s por que en Esquivias viv\u00edan una hermana suya y otros parientes.<\/span><\/span><\/p>\n<p style=\"text-align: justify;\" mce_style=\"text-align: justify;\"><\/p>\n<p style=\"text-align: justify;\" mce_style=\"text-align: justify;\"><span style=\"font-size: medium;\" mce_style=\"font-size: medium;\"><span style=\"font-family: verdana, geneva;\" mce_style=\"font-family: verdana, geneva;\"><br \/><\/span><\/span><\/p>\n<p style=\"text-align: justify;\" mce_style=\"text-align: justify;\"><span style=\"font-size: medium;\" mce_style=\"font-size: medium;\"><span style=\"font-family: verdana, geneva;\" mce_style=\"font-family: verdana, geneva;\">El 17 de Noviembre de 1582, Don Andr\u00e9s estuvo en el <b>Lugar de Esquivias<\/b> para llevarse el cad\u00e1ver de su hermana Elvira de Madrid para enterrarla en Toledo.<\/span><\/span><\/p>\n<p style=\"text-align: justify;\" mce_style=\"text-align: justify;\"><\/p>\n<p style=\"text-align: justify;\" mce_style=\"text-align: justify;\">(Don Andr\u00e9s N\u00fa\u00f1ez de Madrid<\/p>\n<p style=\"text-align: justify;\" mce_style=\"text-align: justify;\">en el cuadro del \u00abEntierro\u00bb).<\/p>\n<p style=\"text-align: justify;\" mce_style=\"text-align: justify;\"><\/p>\n<p style=\"text-align: justify;\" mce_style=\"text-align: justify;\"><\/p>\n<p style=\"text-align: justify;\" mce_style=\"text-align: justify;\"><\/p>\n<p style=\"text-align: center;\" mce_style=\"text-align: center;\"><img loading=\"lazy\" decoding=\"async\" class=\" size-full wp-image-1764 size-full wp-image-1764\" src=\"http:\/\/www.cervantinaesquivias.org\/wordpress\/wp-content\/uploads\/2014\/02\/defuncion-elvira-de-madrid.jpg\" mce_src=\"http:\/\/www.cervantinaesquivias.org\/wordpress\/wp-content\/uploads\/2014\/02\/defuncion-elvira-de-madrid.jpg\" alt=\"alt\" width=\"709\" height=\"207\" srcset=\"http:\/\/www.cervantinaesquivias.org\/wordpress\/wp-content\/uploads\/2014\/02\/defuncion-elvira-de-madrid.jpg 709w, http:\/\/www.cervantinaesquivias.org\/wordpress\/wp-content\/uploads\/2014\/02\/defuncion-elvira-de-madrid-300x88.jpg 300w\" sizes=\"auto, (max-width: 709px) 100vw, 709px\" \/><\/p>\n<p style=\"text-align: center;\" mce_style=\"text-align: center;\">(Acta de defunci\u00f3n de Elvira de Madrid. DM-1 folio 009 anv. 1\u00aa).<\/p>\n<p style=\"text-align: justify;\" mce_style=\"text-align: justify;\"><span style=\"font-size: medium;\" mce_style=\"font-size: medium;\"><span style=\"font-family: verdana, geneva;\" mce_style=\"font-family: verdana, geneva;\">En cabecera: <i><b>A\u00f1o de 1582.<\/b><\/i><\/span><\/span><\/p>\n<p style=\"text-align: justify;\" mce_style=\"text-align: justify;\"><span style=\"font-size: medium;\" mce_style=\"font-size: medium;\"><span style=\"font-family: verdana, geneva;\" mce_style=\"font-family: verdana, geneva;\">Al margen:<i> <b>Elbira de Madrid.<\/b><\/i><\/span><\/span><\/p>\n<p style=\"text-align: justify;\" mce_style=\"text-align: justify;\"><span style=\"font-size: medium;\" mce_style=\"font-size: medium;\"><span style=\"font-family: verdana, geneva;\" mce_style=\"font-family: verdana, geneva;\"><i><b>\u00abEn diez y siete dias del mes de nobienbre de 1582 a\u00f1os muryo Elbira de Madrid llebose a enterrar a Toledo y dejo poder a su hermano El cura de Santo tome de Toledo para que le hiciese testamento\u00bb<\/b>.<\/i><\/span><\/span><\/p>\n<p style=\"text-align: justify;\" mce_style=\"text-align: justify;\"><span style=\"font-size: medium;\" mce_style=\"font-size: medium;\"><span style=\"font-family: verdana, geneva;\" mce_style=\"font-family: verdana, geneva;\"><i><br \/><\/i><\/span><\/span><\/p>\n<p style=\"text-align: justify;\" mce_style=\"text-align: justify;\"><span style=\"font-size: medium;\" mce_style=\"font-size: medium;\"><span style=\"font-family: verdana, geneva;\" mce_style=\"font-family: verdana, geneva;\">Pero en el <b>Lugar de Esquivias<\/b> segu\u00edan viviendo sus sobrinos, hijos de su hermana: Juan Davalos, Elvira Davalos, Angela Davalos de Toledo y Antonio Davalos, por lo que Don Andr\u00e9s sigui\u00f3 frecuentando el Lugar de Esquivias.<\/span><\/span><\/p>\n<p style=\"text-align: justify;\" mce_style=\"text-align: justify;\"><span style=\"font-size: medium;\" mce_style=\"font-size: medium;\"><span style=\"font-family: verdana, geneva;\" mce_style=\"font-family: verdana, geneva;\">El 18 de Septiembre de 1583, Don Andr\u00e9s N\u00fa\u00f1ez de Madrid celebr\u00f3 los desposorios y velaciones en Esquivias, entre Francisco de Ugena y Ana D\u00edaz, sin que hubiera alguna conexi\u00f3n familiar entre Don Andr\u00e9s y los desposados, salvo la presencia de su sobrino Juan Davalos entre los testigos.<\/span><\/span><\/p>\n<p style=\"text-align: justify;\" mce_style=\"text-align: justify;\"><span style=\"font-size: medium;\" mce_style=\"font-size: medium;\"><span style=\"font-family: verdana, geneva;\" mce_style=\"font-family: verdana, geneva;\"><br \/><\/span><\/span><\/p>\n<p style=\"text-align: center;\" mce_style=\"text-align: center;\"><span style=\"font-family: verdana, geneva; font-size: small;\" mce_style=\"font-family: verdana, geneva; font-size: small;\"><img loading=\"lazy\" decoding=\"async\" class=\" size-full wp-image-1765 size-full wp-image-1765\" src=\"http:\/\/www.cervantinaesquivias.org\/wordpress\/wp-content\/uploads\/2014\/02\/boda-francisco-ugena-y-ana-diaz.jpg\" mce_src=\"http:\/\/www.cervantinaesquivias.org\/wordpress\/wp-content\/uploads\/2014\/02\/boda-francisco-ugena-y-ana-diaz.jpg\" alt=\"alt\" width=\"709\" height=\"174\" srcset=\"http:\/\/www.cervantinaesquivias.org\/wordpress\/wp-content\/uploads\/2014\/02\/boda-francisco-ugena-y-ana-diaz.jpg 709w, http:\/\/www.cervantinaesquivias.org\/wordpress\/wp-content\/uploads\/2014\/02\/boda-francisco-ugena-y-ana-diaz-300x74.jpg 300w\" sizes=\"auto, (max-width: 709px) 100vw, 709px\" \/><br \/><\/span><\/p>\n<p style=\"text-align: center;\" mce_style=\"text-align: center;\"><span style=\"font-size: small;\" mce_style=\"font-size: small;\">(Acta de boda y velaciones de Francisco de Ugena con Ana D\u00edaz. (DM-1 folio 094 anv. 8\u00aa).<\/span><\/p>\n<p style=\"text-align: justify;\" mce_style=\"text-align: justify;\"><span style=\"font-size: medium;\" mce_style=\"font-size: medium;\"><span style=\"font-family: verdana, geneva;\" mce_style=\"font-family: verdana, geneva;\">Al margen:<i> <b>Este dia los velo el muy Reverendo Se\u00f1or Andres Nu\u00f1ez de Madrid padrinos los Se\u00f1ores Juan de Encinas y su mujer.<\/b><\/i><\/span><\/span><\/p>\n<p style=\"text-align: justify;\" mce_style=\"text-align: justify;\"><span style=\"font-size: medium;\" mce_style=\"font-size: medium;\"><span style=\"font-family: verdana, geneva;\" mce_style=\"font-family: verdana, geneva;\"><i><b>\u00abEn dieciocho de setienbre del dicho a\u00f1o (1583) desposo el dicho Se\u00f1or cura a Francisco de Ugena vecino deste lugar con Ana D\u00edaz vezina de Carranque testigo Juan Davalos y Alonso de Ugena\u00bb.<\/b><\/i><\/span><\/span><\/p>\n<p style=\"text-align: center;\" mce_style=\"text-align: center;\"><span style=\"font-size: medium;\" mce_style=\"font-size: medium;\"><span style=\"font-family: verdana, geneva;\" mce_style=\"font-family: verdana, geneva;\"><b>Andres Nu\u00f1ez de Madrid.<\/b><\/span><\/span><\/p>\n<p style=\"text-align: center;\" mce_style=\"text-align: center;\"><span style=\"font-size: medium;\" mce_style=\"font-size: medium;\"><span style=\"font-family: verdana, geneva;\" mce_style=\"font-family: verdana, geneva;\"><b><br \/><\/b><\/span><\/span><\/p>\n<p style=\"text-align: justify;\" mce_style=\"text-align: justify;\"><span style=\"font-size: medium;\" mce_style=\"font-size: medium;\"><span style=\"font-family: verdana, geneva;\" mce_style=\"font-family: verdana, geneva;\">Dias despu\u00e9s, el 24 de Septiembre, de nuevo\u00a0<\/span><\/span><span style=\"font-family: verdana, geneva; font-size: medium; line-height: 1.3em;\" mce_style=\"font-family: verdana, geneva; font-size: medium; line-height: 1.3em;\">celebra Don Andr\u00e9s otra boda, en esta ocasi\u00f3n entre Alonso de Escobar con Isabel Guti\u00e9rrez, hermana de Quiteria Guti\u00e9rrez.<\/span><\/p>\n<p style=\"text-align: justify;\" mce_style=\"text-align: justify;\"><span style=\"font-family: verdana, geneva; font-size: medium; line-height: 1.3em;\" mce_style=\"font-family: verdana, geneva; font-size: medium; line-height: 1.3em;\"><br \/><\/span><\/p>\n<p style=\"text-align: center;\" mce_style=\"text-align: center;\"><span style=\"font-size: medium;\" mce_style=\"font-size: medium;\"><span style=\"font-family: verdana, geneva;\" mce_style=\"font-family: verdana, geneva;\"><img loading=\"lazy\" decoding=\"async\" class=\" size-full wp-image-1766 size-full wp-image-1766\" src=\"http:\/\/www.cervantinaesquivias.org\/wordpress\/wp-content\/uploads\/2014\/02\/boda-de-alonso-de-escobar-con-ysabel-gutierrez.jpg\" mce_src=\"http:\/\/www.cervantinaesquivias.org\/wordpress\/wp-content\/uploads\/2014\/02\/boda-de-alonso-de-escobar-con-ysabel-gutierrez.jpg\" alt=\"alt\" width=\"709\" height=\"166\" srcset=\"http:\/\/www.cervantinaesquivias.org\/wordpress\/wp-content\/uploads\/2014\/02\/boda-de-alonso-de-escobar-con-ysabel-gutierrez.jpg 709w, http:\/\/www.cervantinaesquivias.org\/wordpress\/wp-content\/uploads\/2014\/02\/boda-de-alonso-de-escobar-con-ysabel-gutierrez-300x70.jpg 300w\" sizes=\"auto, (max-width: 709px) 100vw, 709px\" \/><br \/><\/span><\/span><\/p>\n<p style=\"text-align: center;\" mce_style=\"text-align: center;\">(Acta de boda de Alonso de Escobar con Isabel Guti\u00e9rrez. DM-1 folio 094 rev. 1\u00aa).<\/p>\n<p style=\"text-align: justify;\" mce_style=\"text-align: justify;\"><span style=\"font-size: medium;\" mce_style=\"font-size: medium;\"><span style=\"font-family: verdana, geneva;\" mce_style=\"font-family: verdana, geneva;\">Al margen:<i><b> Alonso de Escobar con Ysabel Gutierrez.<\/b><\/i><\/span><\/span><\/p>\n<p style=\"text-align: justify;\" mce_style=\"text-align: justify;\"><span style=\"font-size: medium;\" mce_style=\"font-size: medium;\"><span style=\"font-family: verdana, geneva;\" mce_style=\"font-family: verdana, geneva;\"><i><b>\u00abEn veinte y quatro de Setienbre (1583) desposo El muy Reverendo Se\u00f1or Andres Nu\u00f1ez de Madrid con las veces del dicho cura a Alonso de Escobar vezino de este Lugar y Ysabel Gutierrez vezina de Villaluenga testigo Juan de Ugena y Francisco Marcos\u00bb.<\/b><\/i><\/span><\/span><\/p>\n<p style=\"text-align: center;\" mce_style=\"text-align: center;\"><span style=\"font-size: medium;\" mce_style=\"font-size: medium;\"><span style=\"font-family: verdana, geneva;\" mce_style=\"font-family: verdana, geneva;\"><i><b>Andres Nu\u00f1ez de Madrid.<\/b><\/i><\/span><\/span><\/p>\n<p style=\"text-align: justify;\" mce_style=\"text-align: justify;\"><span style=\"font-size: medium;\" mce_style=\"font-size: medium;\"><span style=\"font-family: verdana, geneva;\" mce_style=\"font-family: verdana, geneva;\">Don Andr\u00e9s precis\u00f3 de la autorizaci\u00f3n de Don Juan de Palacios, t\u00edo de Catalina de Salazar y Palacios, para celebrar estos desposorios.<\/span><\/span><\/p>\n<p style=\"text-align: justify;\" mce_style=\"text-align: justify;\"><span style=\"font-size: medium;\" mce_style=\"font-size: medium;\"><span style=\"font-family: verdana, geneva;\" mce_style=\"font-family: verdana, geneva;\"><br \/><\/span><\/span><\/p>\n<p style=\"text-align: justify;\" mce_style=\"text-align: justify;\"><span style=\"font-size: medium;\" mce_style=\"font-size: medium;\"><span style=\"font-family: verdana, geneva;\" mce_style=\"font-family: verdana, geneva;\">Al d\u00eda siguiente, 25 de Septiembre de 1583, Don Andr\u00e9s N\u00fa\u00f1ez bautiz\u00f3 a Juan hijo de Juan Miguel (su sobrino) y de Quiteria Guti\u00e9rrez.<\/span><\/span><\/p>\n<p style=\"text-align: center;\" mce_style=\"text-align: center;\"><span style=\"font-size: medium;\" mce_style=\"font-size: medium;\"><span style=\"font-family: verdana, geneva;\" mce_style=\"font-family: verdana, geneva;\"><img loading=\"lazy\" decoding=\"async\" class=\" size-full wp-image-1767 size-full wp-image-1767\" src=\"http:\/\/www.cervantinaesquivias.org\/wordpress\/wp-content\/uploads\/2014\/02\/bautismo-de-juan-hijo-de-juan-miguel.jpg\" mce_src=\"http:\/\/www.cervantinaesquivias.org\/wordpress\/wp-content\/uploads\/2014\/02\/bautismo-de-juan-hijo-de-juan-miguel.jpg\" alt=\"alt\" width=\"709\" height=\"529\" srcset=\"http:\/\/www.cervantinaesquivias.org\/wordpress\/wp-content\/uploads\/2014\/02\/bautismo-de-juan-hijo-de-juan-miguel.jpg 709w, http:\/\/www.cervantinaesquivias.org\/wordpress\/wp-content\/uploads\/2014\/02\/bautismo-de-juan-hijo-de-juan-miguel-300x224.jpg 300w\" sizes=\"auto, (max-width: 709px) 100vw, 709px\" \/><br \/><\/span><\/span><\/p>\n<p style=\"text-align: center;\" mce_style=\"text-align: center;\"><span style=\"font-family: verdana, geneva; font-size: small;\" mce_style=\"font-family: verdana, geneva; font-size: small;\">(Acta de bautismo de Juan, hijo de Juan Miguel Davalos. B-2 folio 021 rev. 1\u00aa).<\/span><\/p>\n<p style=\"text-align: justify;\" mce_style=\"text-align: justify;\"><span style=\"font-size: medium;\" mce_style=\"font-size: medium;\"><span style=\"font-family: verdana, geneva;\" mce_style=\"font-family: verdana, geneva;\">Al margen:<b><i> Juan.<\/i><\/b><\/span><\/span><\/p>\n<p style=\"text-align: justify;\" mce_style=\"text-align: justify;\"><span style=\"font-size: medium;\" mce_style=\"font-size: medium;\"><span style=\"font-family: verdana, geneva;\" mce_style=\"font-family: verdana, geneva;\"><b><i>\u00abEn veynte y cinco dias del mes de Setienbre a\u00f1o de mil y quinientos y ochenta y tres a\u00f1os babtizo el Reverendo Se\u00f1or Andres Nu\u00f1ez de Madrid Cura de Santo Tome de Toledo a Juan hijo de Juan Miguel y de Quiteria Gutierrez su mujer <u>compadre Alonso de Escobar<\/u> encargosele el parentesto espiritual testigos Diego Fernandez y Francisco Marcos vezinos del dicho lugar.<\/i><\/b><\/span><\/span><\/p>\n<p style=\"text-align: justify;\" mce_style=\"text-align: justify;\"><span style=\"font-size: medium;\" mce_style=\"font-size: medium;\"><span style=\"font-family: verdana, geneva;\" mce_style=\"font-family: verdana, geneva;\"><b><i>Va do di\u00e7e Alonso de Escobar \u00a0 \u00a0 bala.<\/i><\/b><\/span><\/span><\/p>\n<p style=\"text-align: center;\" mce_style=\"text-align: center;\"><span style=\"font-size: medium;\" mce_style=\"font-size: medium;\"><span style=\"font-family: verdana, geneva;\" mce_style=\"font-family: verdana, geneva;\"><b><i>Andres Nu\u00f1ez de Madrid.<\/i><\/b><\/span><\/span><\/p>\n<p style=\"text-align: center;\" mce_style=\"text-align: center;\"><\/p>\n<p style=\"text-align: justify;\" mce_style=\"text-align: justify;\"><span style=\"font-size: medium;\" mce_style=\"font-size: medium;\"><span style=\"font-family: verdana, geneva;\" mce_style=\"font-family: verdana, geneva;\">Un a\u00f1o despu\u00e9s, el 12 de Diciembre de 1584, Miguel de Cervantes se casa en Esquivias con Catalina de Salazar y Palacios, y al siguiente a\u00f1o, el 26 de Diciembre de 1585, se desposan en Esquivias Gonzalo de Guzm\u00e1n y Salazar, hijo de Francisco de Guzm\u00e1n y de Isabel de C\u00e1rdenas, t\u00eda de Catalina de Salazar y Palacios, con Elvira Davalos, hija de Elvira de Madrid, fallecida, y por tanto sobrina de Don Andr\u00e9s N\u00fa\u00f1ez de Madrid, siendo testigos Don Juan de Palacios, Alonso de Salazar y Juan de Briviesca, todos parientes de Catalina de Salazar, quien, con toda seguridad se encontrar\u00eda en el enlace junto con Miguel de Cervantes, que por esas fechas permanec\u00eda en el <b>Lugar de Esquivias<\/b>.<\/span><\/span><\/p>\n<p style=\"text-align: center;\" mce_style=\"text-align: center;\"><span style=\"font-size: medium;\" mce_style=\"font-size: medium;\"><span style=\"font-family: verdana, geneva;\" mce_style=\"font-family: verdana, geneva;\"><img loading=\"lazy\" decoding=\"async\" class=\" size-full wp-image-1768 size-full wp-image-1768\" src=\"http:\/\/www.cervantinaesquivias.org\/wordpress\/wp-content\/uploads\/2014\/02\/boda-gonzalo-de-guzman.jpg\" mce_src=\"http:\/\/www.cervantinaesquivias.org\/wordpress\/wp-content\/uploads\/2014\/02\/boda-gonzalo-de-guzman.jpg\" alt=\"alt\" width=\"709\" height=\"174\" srcset=\"http:\/\/www.cervantinaesquivias.org\/wordpress\/wp-content\/uploads\/2014\/02\/boda-gonzalo-de-guzman.jpg 709w, http:\/\/www.cervantinaesquivias.org\/wordpress\/wp-content\/uploads\/2014\/02\/boda-gonzalo-de-guzman-300x74.jpg 300w\" sizes=\"auto, (max-width: 709px) 100vw, 709px\" \/><br \/><\/span><\/span><\/p>\n<p style=\"text-align: center;\" mce_style=\"text-align: center;\">(Acta de boda de Gonzalo de Guzm\u00e1n con Elvira Davalos. (DM-1 folio 096 anv. 2\u00aa).<\/p>\n<p style=\"text-align: justify;\" mce_style=\"text-align: justify;\"><span style=\"font-size: medium;\" mce_style=\"font-size: medium;\"><span style=\"font-family: verdana, geneva;\" mce_style=\"font-family: verdana, geneva;\">Al margen: <i><b>Gonzalo Guzman Salazar y Do\u00f1a Elvira Davalos.<\/b><\/i><\/span><\/span><\/p>\n<p style=\"text-align: justify;\" mce_style=\"text-align: justify;\"><span style=\"font-size: medium;\" mce_style=\"font-size: medium;\"><span style=\"font-family: verdana, geneva;\" mce_style=\"font-family: verdana, geneva;\"><i><b>\u00abEn 26 de Diciembre de 1585 a\u00f1os El Se\u00f1or Gabriel de Caceres teniente de cura desposo a los Se\u00f1ores Gonzalo de Guzman Salazar vezino de Toledo y do\u00f1a Elvira Davalos y Toledo vezina de Esquivias, siendo testigos Juan de Palacios Alonso de Salazar y Juan de Briviesca\u00bb.<\/b><\/i><\/span><\/span><\/p>\n<p style=\"text-align: center;\" mce_style=\"text-align: center;\"><span style=\"font-size: medium;\" mce_style=\"font-size: medium;\"><span style=\"font-family: verdana, geneva;\" mce_style=\"font-family: verdana, geneva;\"><i><b>El doctor Juan Saz Escrivano.<\/b><\/i><\/span><\/span><\/p>\n<p style=\"text-align: center;\" mce_style=\"text-align: center;\"><\/p>\n<p style=\"text-align: justify;\" mce_style=\"text-align: justify;\"><span style=\"font-size: medium;\" mce_style=\"font-size: medium;\"><span style=\"font-family: verdana, geneva;\" mce_style=\"font-family: verdana, geneva;\">A partir de esta fecha, los encuentros entre Don Andr\u00e9s N\u00fa\u00f1ez de Madrid y Miguel de Cervantes fueron mas frecuentes, ya fuera en Esquivias ya fuera en Toledo, adonde Miguel se trasladaba frecuentemente para resolver algunos asuntos de inter\u00e9s para la familia de su esposa Catalina, ya que Cervantes permaneci\u00f3 en Esquivias hasta el mes de Abril de 1587, alternando sus estancias entre Esquivias y Toledo.<\/span><\/span><\/p>\n<p style=\"text-align: justify;\" mce_style=\"text-align: justify;\"><span style=\"font-family: verdana, geneva; font-size: small;\" mce_style=\"font-family: verdana, geneva; font-size: small;\"><br \/><\/span><\/p>\n<p style=\"text-align: center;\" mce_style=\"text-align: center;\"><span style=\"font-family: verdana, geneva; font-size: small;\" mce_style=\"font-family: verdana, geneva; font-size: small;\"><img loading=\"lazy\" decoding=\"async\" class=\" size-full wp-image-1769 size-full wp-image-1769\" src=\"http:\/\/www.cervantinaesquivias.org\/wordpress\/wp-content\/uploads\/2014\/02\/caballeros.jpg\" mce_src=\"http:\/\/www.cervantinaesquivias.org\/wordpress\/wp-content\/uploads\/2014\/02\/caballeros.jpg\" alt=\"alt\" width=\"709\" height=\"589\" srcset=\"http:\/\/www.cervantinaesquivias.org\/wordpress\/wp-content\/uploads\/2014\/02\/caballeros.jpg 709w, http:\/\/www.cervantinaesquivias.org\/wordpress\/wp-content\/uploads\/2014\/02\/caballeros-300x249.jpg 300w\" sizes=\"auto, (max-width: 709px) 100vw, 709px\" \/><br \/><\/span><\/p>\n<p style=\"text-align: center;\" mce_style=\"text-align: center;\">(Detalle del cuadro \u00abEl Entierro del Conde de Orgaz\u00bb)<\/p>\n<p style=\"text-align: justify;\" mce_style=\"text-align: justify;\"><span style=\"font-size: medium;\" mce_style=\"font-size: medium;\"><span style=\"font-family: verdana, geneva;\" mce_style=\"font-family: verdana, geneva;\">El Greco termina de pintar el famoso cuadro del Entierro a finales del a\u00f1o 1587, por lo que Cervantes tuvo la oportunidad de pasar por el taller de pintura del cretense y posiblemente le sirviera de modelo para pintar alguno de los caballeros que en el cuadro se hallan pintados.<\/span><\/span><\/p>\n<p style=\"text-align: justify;\" mce_style=\"text-align: justify;\"><span style=\"font-size: medium;\" mce_style=\"font-size: medium;\"><span style=\"font-family: verdana, geneva;\" mce_style=\"font-family: verdana, geneva;\"><br \/><\/span><\/span><\/p>\n<p style=\"text-align: justify;\" mce_style=\"text-align: justify;\"><span style=\"font-size: medium;\" mce_style=\"font-size: medium;\"><span style=\"font-family: verdana, geneva;\" mce_style=\"font-family: verdana, geneva;\">Don Andr\u00e9s N\u00fa\u00f1ez de Madrid sigui\u00f3 frecuentando Esquivias, visitando a sus sobrinos, hasta fechas anteriores a su fallecimiento.<\/span><\/span><\/p>\n<p style=\"text-align: justify;\" mce_style=\"text-align: justify;\"><span style=\"font-size: medium;\" mce_style=\"font-size: medium;\"><span style=\"font-family: verdana, geneva;\" mce_style=\"font-family: verdana, geneva;\">El 09 de Diciembre de 1600 Don Andr\u00e9s N\u00fa\u00f1ez de Madrid test\u00f3 y mand\u00f3 a su sobrina Do\u00f1a Elvira Davalos para <i><b>\u00abque repararen las casas que tiene en Esquivias y en Toledo\u00bb.<\/b><\/i><\/span><\/span><\/p>\n<p style=\"text-align: justify;\" mce_style=\"text-align: justify;\"><\/p>\n<p style=\"text-align: justify;\" mce_style=\"text-align: justify;\"><\/p>\n<p style=\"text-align: justify;\" mce_style=\"text-align: justify;\"><span style=\"font-size: medium;\" mce_style=\"font-size: medium;\"><span style=\"font-family: verdana, geneva;\" mce_style=\"font-family: verdana, geneva;\"><i><b><u>Bibliograf\u00eda.<\/u><\/b><\/i><\/span><\/span><\/p>\n<p style=\"text-align: justify;\" mce_style=\"text-align: justify;\"><\/p>\n<p style=\"text-align: justify;\" mce_style=\"text-align: justify;\"><span style=\"font-size: medium;\" mce_style=\"font-size: medium;\"><span style=\"font-family: verdana, geneva;\" mce_style=\"font-family: verdana, geneva;\"><b>Documentos procedentes del Archivo Parroquial de Esquivias.<\/b><\/span><\/span><\/p>\n<p style=\"text-align: justify;\" mce_style=\"text-align: justify;\"><\/p>\n<p style=\"text-align: justify;\" mce_style=\"text-align: justify;\"><span style=\"font-size: medium;\" mce_style=\"font-size: medium;\"><span style=\"font-family: verdana, geneva;\" mce_style=\"font-family: verdana, geneva;\"><b>Archivo de Protocolos de Toledo.<\/b><\/span><\/span><\/p>\n<p style=\"text-align: justify;\" mce_style=\"text-align: justify;\"><\/p>\n<p style=\"text-align: justify;\" mce_style=\"text-align: justify;\"><span style=\"font-size: medium;\" mce_style=\"font-size: medium;\"><span style=\"font-family: verdana, geneva;\" mce_style=\"font-family: verdana, geneva;\"><b>Vida Ejemplar y Her\u00f3ica de Miguel de Cervantes Saavedra.<\/b><b style=\"font-style: italic;\" mce_style=\"font-style: italic;\"> <\/b>Luis Astrana Mar\u00edn. Editorial Reus. Madrid 1952.<\/span><\/span><\/p>\n<p style=\"text-align: justify;\" mce_style=\"text-align: justify;\"><\/p>\n<p style=\"text-align: right;\" mce_style=\"text-align: right;\"><span style=\"font-size: small;\" mce_style=\"font-size: small;\"><i><b><span style=\"font-family: helvetica;\" mce_style=\"font-family: helvetica;\">Sabino de Diego.<\/span><\/b><\/i><\/span><\/p>\n<p style=\"text-align: justify;\" mce_style=\"text-align: justify;\"><span style=\"font-family: verdana, geneva; font-size: small;\" mce_style=\"font-family: verdana, geneva; font-size: small;\"><br \/><\/span><\/p>\n<p style=\"text-align: justify;\" mce_style=\"text-align: justify;\"><\/p>\n<p style=\"text-align: center;\" mce_style=\"text-align: center;\"><span style=\"font-family: verdana, geneva; font-size: small;\" mce_style=\"font-family: verdana, geneva; font-size: small;\"><br \/><\/span><\/p>\n<p style=\"text-align: justify;\" mce_style=\"text-align: justify;\"><span style=\"font-size: medium;\" mce_style=\"font-size: medium;\"><span style=\"font-family: verdana, geneva;\" mce_style=\"font-family: verdana, geneva;\"><i><br \/><\/i><\/span><\/span><\/p>\n<p style=\"text-align: justify;\" mce_style=\"text-align: justify;\"><\/p>\n<p style=\"text-align: justify;\" mce_style=\"text-align: justify;\"><\/p>\n<p style=\"text-align: justify;\" mce_style=\"text-align: justify;\"><span style=\"font-family: verdana, geneva;\" mce_style=\"font-family: verdana, geneva;\"><br \/><\/span><\/p>\n","protected":false},"excerpt":{"rendered":"<p>La Sociedad Cervantina de Esquivias, se suma a la conmemoracion del CD Aniversario de la Muerte de Dom\u00e9nico Theotoc\u00f3puli \u00abEl [&hellip;]<\/p>\n","protected":false},"author":1,"featured_media":1761,"comment_status":"open","ping_status":"open","sticky":false,"template":"","format":"standard","meta":{"footnotes":""},"categories":[7],"tags":[],"class_list":["post-1770","post","type-post","status-publish","format-standard","has-post-thumbnail","hentry","category-noticias-cervantina"],"_links":{"self":[{"href":"http:\/\/www.cervantinaesquivias.org\/wordpress\/wp-json\/wp\/v2\/posts\/1770","targetHints":{"allow":["GET"]}}],"collection":[{"href":"http:\/\/www.cervantinaesquivias.org\/wordpress\/wp-json\/wp\/v2\/posts"}],"about":[{"href":"http:\/\/www.cervantinaesquivias.org\/wordpress\/wp-json\/wp\/v2\/types\/post"}],"author":[{"embeddable":true,"href":"http:\/\/www.cervantinaesquivias.org\/wordpress\/wp-json\/wp\/v2\/users\/1"}],"replies":[{"embeddable":true,"href":"http:\/\/www.cervantinaesquivias.org\/wordpress\/wp-json\/wp\/v2\/comments?post=1770"}],"version-history":[{"count":0,"href":"http:\/\/www.cervantinaesquivias.org\/wordpress\/wp-json\/wp\/v2\/posts\/1770\/revisions"}],"wp:featuredmedia":[{"embeddable":true,"href":"http:\/\/www.cervantinaesquivias.org\/wordpress\/wp-json\/wp\/v2\/media\/1761"}],"wp:attachment":[{"href":"http:\/\/www.cervantinaesquivias.org\/wordpress\/wp-json\/wp\/v2\/media?parent=1770"}],"wp:term":[{"taxonomy":"category","embeddable":true,"href":"http:\/\/www.cervantinaesquivias.org\/wordpress\/wp-json\/wp\/v2\/categories?post=1770"},{"taxonomy":"post_tag","embeddable":true,"href":"http:\/\/www.cervantinaesquivias.org\/wordpress\/wp-json\/wp\/v2\/tags?post=1770"}],"curies":[{"name":"wp","href":"https:\/\/api.w.org\/{rel}","templated":true}]}}