{"id":144,"date":"2012-03-11T12:53:54","date_gmt":"2012-03-11T12:53:54","guid":{"rendered":"http:\/\/www.cervantinaesquivias.org\/wordpress\/2012\/03\/11\/jaime-garcia-gonzalez-esquiviano-y-cervantista\/"},"modified":"2012-03-11T12:53:54","modified_gmt":"2012-03-11T12:53:54","slug":"jaime-garcia-gonzalez-esquiviano-y-cervantista","status":"publish","type":"post","link":"http:\/\/www.cervantinaesquivias.org\/wordpress\/2012\/03\/11\/jaime-garcia-gonzalez-esquiviano-y-cervantista\/","title":{"rendered":"JAIME GARCIA GONZALEZ, Esquiviano y Cervantista"},"content":{"rendered":"<p><img decoding=\"async\" style=\"border-width: 0pt; border-style: none; border-color: -moz-use-text-color; float: left; margin-left: 20px; margin-right: 20px;\" src=\"http:\/\/cervantinaesquivias.org\/images\/stories\/jaimeastrana.jpg\" mce_src=\"images\/stories\/jaimeastrana.jpg\" width=\"143 mce_style=BORDER-BOTTOM: 0pt; BORDER-LEFT: 0pt; FLOAT: left; MARGIN-LEFT: 20px; BORDER-TOP: 0pt; MARGIN-RIGHT: 20px; BORDER-RIGHT: 0pt\" \/><span style=\"font-size: medium;\" mce_style=\"font-size: medium;\"><span style=\"font-family: verdana, geneva;\" mce_style=\"font-family: verdana, geneva;\">El Secretario General de la Sociedad Cervantina de Esquivias, Jaime Garc\u00eda Gonz\u00e1lez, present\u00f3 su dimisi\u00f3n de dicho cargo en reuni\u00f3n de Junta Directiva de 14 de Febrero de 2012, y D. Jos\u00e9 Rosell Villasevil, Presidente de la Sociedad Cervantina de Esquivias, en nombre de esta Asociaci\u00f3n, escribe el siguiente Editorial para Galatea:<\/p>\n<p>Nuestro entra\u00f1able amigo Jaime Garc\u00eda Gonz\u00e1lez ha presentado ante la Sociedad Cervantina de Esquivias su dimisi\u00f3n irrevocable, por motivos de \u00edndole personal y familiar, de su cargo en la misma como Secretario General y\u00a0 Coordinador de eventos y otras relaciones interculturales. No obstante, de forma generosa como en \u00e9l es caracter\u00edstico, se ha brindado a mantenerse ligado a la veterana\u00a0 Asociaci\u00f3n, al objeto de\u00a0<\/span><\/span><span style=\"font-family: verdana, geneva; font-size: medium; line-height: 1.3em;\" mce_style=\"font-family: verdana, geneva; font-size: medium; line-height: 1.3em;\">continuar llevando\u00a0 tareas tan arduas como la relaci\u00f3n y control de socios, la elaboraci\u00f3n de los informes precisos a la hora de solicitar posibles subvenciones y, algo tan vital para nuestro colectivo, seguir tutelando la elaboraci\u00f3n de la Revista \u201cGalatea\u201d.<\/span><\/p>\n<p style=\"style\" mce_style=\"style\"><span style=\"font-size: medium;\" mce_style=\"font-size: medium;\"><span style=\"font-family: verdana, geneva;\" mce_style=\"font-family: verdana, geneva;\">La Junta Rectora, un\u00e1nimemente, acepta compresiva\u00a0 y respetuosa su decisi\u00f3n personal, del mismo modo que con los brazos abiertos recibe el noble ofrecimiento, valor\u00e1ndolo tanto en su dimensi\u00f3n humana como en el plano honroso de los altos valores m\u00e1s afectivos.<\/span><\/span><\/p>\n<p style=\"style\" mce_style=\"style\"><span style=\"font-size: medium;\" mce_style=\"font-size: medium;\"><span style=\"font-family: verdana, geneva;\" mce_style=\"font-family: verdana, geneva;\">Al margen de la p\u00e9rdida material en la figura del Secretario General y Coordinador, prestigiado cargo en sus manos, nunca remunerado pero si trascendente, la ausencia\u00a0 laboriosa de una persona de su talla siempre debe calificarse como\u00a0 desgracia,\u00a0 teniendo el deber ineludible de agradecer p\u00fablicamente el buen hacer que Jaime (es la forma de nombrarle m\u00e1s directa y cercana) ha venido realizando en el eficaz sostenimiento \u2013contra todo viento y marea- de la Sociedad Cervantina de Esquivias durante m\u00e1s de tres d\u00e9cadas.<\/span><\/span><\/p>\n<p><img loading=\"lazy\" decoding=\"async\" style=\"float: right;\" mce_style=\"float: right;\" src=\"http:\/\/cervantinaesquivias.org\/images\/stories\/teatro2.jpg\" mce_src=\"images\/stories\/teatro2.jpg\" alt=\"alt\" height=\"198\" width=\"257\" \/><span style=\"font-size: medium;\" mce_style=\"font-size: medium;\"><span style=\"font-family: verdana, geneva;\" mce_style=\"font-family: verdana, geneva;\">\u00c9l conoce a fondo, mejor que nadie, todos los resquicios legitimados de su largo periplo y todos los rincones de sus no peque\u00f1as dificultades. \u00c9l ha luchado denodadamente, sin duda contando siempre con un, no por peque\u00f1o menos f\u00e9rreo, grupo de personas que le secundaron en todos los terrenos, ampl\u00edsimos, de la cultura cervantina. \u00c9l\u00a0 ha hecho siempre de esa confianza motivo y est\u00edmulo de su trabajo, con la vista puesta en Cervantes, su maestro de humanidades, pero con el coraz\u00f3n inmerso en el pueblo que le vio nacer, Esquivias, el lugar de sus ra\u00edces,\u00a0 de sus desvelos.<br \/>Jaime ha dedicado infinitas horas en la preparaci\u00f3n de las Jornadas Teatrales que, de no haber sido torpedeadas\u00a0 por equ\u00edvocos <\/span><span style=\"font-family: verdana, geneva;\" mce_style=\"font-family: verdana, geneva;\">conceptos de determinadas corrientes<\/span><\/span><span style=\"font-size: medium;\" mce_style=\"font-size: medium;\"><span style=\"font-family: verdana, geneva;\" mce_style=\"font-family: verdana, geneva;\"> \u00a0 \u00a0 pol\u00edticas municipales, hoy tendr\u00edan muy poco que envidiar a las de Almagro. \u00a0<br \/>En la consecuci\u00f3n de la Casa de Cervantes y su rehabilitaci\u00f3n, en la puesta en marcha de la moderna \u201cGalatea\u201d, en la creaci\u00f3n de la Coral Polif\u00f3nica \u201cCatalina\u00a0 Palacios\u201d, en la\u00a0 direcci\u00f3n de la Casa de Cervantes -hecho que marca un hito imborrable en su trayectoria-, de donde fuera separado por decisiones de evidente injusticia unilateral, as\u00ed como de la forma m\u00e1s absurda y aberrante\u2026 En todos sus cargos, definitivamente, siempre pec\u00f3 de eficaz y sincero.<br \/>Hablo como presidente de la Sociedad Cervantina, expresando el sentimiento de todos y cada unos de los miembros de la Junta Rectora, pero tambi\u00e9n me expreso como amigo, motivo de la identificaci\u00f3n voluntaria en la autor\u00eda del presente escrito, por si existe la posibilidad\u00a0 de alguna inconveniencia socio- pol\u00edtica, asumirla plenamente.<\/span><\/span><\/p>\n<p style=\"style\" mce_style=\"style\"><img loading=\"lazy\" decoding=\"async\" class=\" alignleft size-full wp-image-143 alignleft size-full wp-image-143\" mce_style=\"float: left; border: 0pt none; margin-left: 20px; margin-right: 20px;\" style=\"float: left; border: 0pt none; margin-left: 20px; margin-right: 20px;\" src=\"http:\/\/www.cervantinaesquivias.org\/wordpress\/wp-content\/uploads\/2012\/03\/teatro1.jpg\" mce_src=\"http:\/\/www.cervantinaesquivias.org\/wordpress\/wp-content\/uploads\/2012\/03\/teatro1.jpg\" alt=\"alt\" height=\"165\" width=\"202\" srcset=\"http:\/\/www.cervantinaesquivias.org\/wordpress\/wp-content\/uploads\/2012\/03\/teatro1.jpg 800w, http:\/\/www.cervantinaesquivias.org\/wordpress\/wp-content\/uploads\/2012\/03\/teatro1-300x246.jpg 300w, http:\/\/www.cervantinaesquivias.org\/wordpress\/wp-content\/uploads\/2012\/03\/teatro1-768x629.jpg 768w\" sizes=\"auto, (max-width: 202px) 100vw, 202px\" \/><\/p>\n<p><span style=\"font-size: medium;\" mce_style=\"font-size: medium;\">Jaime Garc\u00eda, nos ha entregado sus brillantes armas, pero no ha llegado hasta aqu\u00ed como lo hiciera derrotado el noble don Alonso Quijada. Nuestro amigo ha salido vencedor innumerables veces de injustos e incordiantes caballeros de la Blanca Luna. Ha batallado con \u00e1nimo valiente y esforzado en condiciones, a veces, de precariedad, contra\u00a0 muchos jayanes briareos.\u00a0 Siempre con la cabeza muy alta.<br \/>Por eso esta Junta Directiva, como una pi\u00f1a, agradecida por su valiosa trayectoria, y en virtud del primer precepto de nuestro <span style=\"font-family: verdana, geneva;\" mce_style=\"font-family: verdana, geneva;\">se\u00f1or don Quijote \u2013\u201cantes que enamorado, el caballero debe ser agradecido\u201d-, expresamos desde estas<\/span><\/span><span style=\"font-size: medium;\" mce_style=\"font-size: medium;\"><span style=\"font-family: verdana, geneva;\" mce_style=\"font-family: verdana, geneva;\"> p\u00e1ginas tan nuestras, rotunda, calurosa y cari\u00f1osamente: Gracias, Jaime, muchas gracias por tu entrega, por tus sacrificios en pro de la causa cervantina y esquiviana tan generosamente desprendida.<br \/>Las frases de Sabino de Diego, nuestro Presidente Ejecutivo, son m\u00e1s brillantes, elocuentes, rotundas. Con ellas terminamos: \u201cEn un futuro, esperamos no muy lejano, se pondr\u00e1\u00a0 a Jaime en el sitio que le corresponde, por el simple hecho de haber dedicado todo su saber en favor de esta Asociaci\u00f3n en\u00a0 particular\u00a0 y del pueblo de Esquivias en general.\u201d Vale.<\/span><\/span><\/p>\n<p style=\"style\" mce_style=\"style\"><span style=\"font-size: medium;\" mce_style=\"font-size: medium;\"><span style=\"font-family: verdana, geneva;\" mce_style=\"font-family: verdana, geneva;\">En las fotograf\u00edas:<\/span><\/span><\/p>\n<p style=\"style\" mce_style=\"style\"><span style=\"font-size: medium;\" mce_style=\"font-size: medium;\"><span style=\"font-family: verdana, geneva;\" mce_style=\"font-family: verdana, geneva;\">1. Jaime Garc\u00eda en Villaescusa de Haro, en el homenaje a D. Luis Astrana Mar\u00edn. <\/span><\/span><\/p>\n<p style=\"style\" mce_style=\"style\"><span style=\"font-size: medium;\" mce_style=\"font-size: medium;\"><span style=\"font-size: medium;\" mce_style=\"font-size: medium;\"><span style=\"font-family: verdana, geneva;\" mce_style=\"font-family: verdana, geneva;\">2. En la presentaci\u00f3n en Toledo de la Jornadas Cervantinas 2011.<\/span><\/span><\/span><\/p>\n<p style=\"style\" mce_style=\"style\"><span style=\"font-size: medium;\" mce_style=\"font-size: medium;\"><span style=\"font-family: verdana, geneva;\" mce_style=\"font-family: verdana, geneva;\">3. Dando instrucciones a los actores de la Estampas Esquive\u00f1as, de la que es Guionista y Director.<\/p>\n<p>Sociedad Cervantina de Esquivas<br \/>Junta Rectora<\/span><\/span><\/p>\n<p><\/p>\n<p style=\"text-align: center;\" mce_style=\"text-align: center;\"><\/p>\n<\/p>\n<p style=\"TEXT-ALIGN: center\" mce_style=\"text-align: center;\"><\/p>\n","protected":false},"excerpt":{"rendered":"<p>El Secretario General de la Sociedad Cervantina de Esquivias, Jaime Garc\u00eda Gonz\u00e1lez, present\u00f3 su dimisi\u00f3n de dicho cargo en reuni\u00f3n [&hellip;]<\/p>\n","protected":false},"author":1,"featured_media":0,"comment_status":"open","ping_status":"open","sticky":false,"template":"","format":"standard","meta":{"footnotes":""},"categories":[7],"tags":[],"class_list":["post-144","post","type-post","status-publish","format-standard","hentry","category-noticias-cervantina"],"_links":{"self":[{"href":"http:\/\/www.cervantinaesquivias.org\/wordpress\/wp-json\/wp\/v2\/posts\/144","targetHints":{"allow":["GET"]}}],"collection":[{"href":"http:\/\/www.cervantinaesquivias.org\/wordpress\/wp-json\/wp\/v2\/posts"}],"about":[{"href":"http:\/\/www.cervantinaesquivias.org\/wordpress\/wp-json\/wp\/v2\/types\/post"}],"author":[{"embeddable":true,"href":"http:\/\/www.cervantinaesquivias.org\/wordpress\/wp-json\/wp\/v2\/users\/1"}],"replies":[{"embeddable":true,"href":"http:\/\/www.cervantinaesquivias.org\/wordpress\/wp-json\/wp\/v2\/comments?post=144"}],"version-history":[{"count":0,"href":"http:\/\/www.cervantinaesquivias.org\/wordpress\/wp-json\/wp\/v2\/posts\/144\/revisions"}],"wp:attachment":[{"href":"http:\/\/www.cervantinaesquivias.org\/wordpress\/wp-json\/wp\/v2\/media?parent=144"}],"wp:term":[{"taxonomy":"category","embeddable":true,"href":"http:\/\/www.cervantinaesquivias.org\/wordpress\/wp-json\/wp\/v2\/categories?post=144"},{"taxonomy":"post_tag","embeddable":true,"href":"http:\/\/www.cervantinaesquivias.org\/wordpress\/wp-json\/wp\/v2\/tags?post=144"}],"curies":[{"name":"wp","href":"https:\/\/api.w.org\/{rel}","templated":true}]}}