{"id":140,"date":"2012-03-10T19:54:44","date_gmt":"2012-03-10T19:54:44","guid":{"rendered":"http:\/\/www.cervantinaesquivias.org\/wordpress\/2012\/03\/10\/borja-hernandez-mateo-galardonado-en-la-xix-gala-del-deporte-de-toledo\/"},"modified":"2012-03-10T19:54:44","modified_gmt":"2012-03-10T19:54:44","slug":"borja-hernandez-mateo-galardonado-en-la-xix-gala-del-deporte-de-toledo","status":"publish","type":"post","link":"http:\/\/www.cervantinaesquivias.org\/wordpress\/2012\/03\/10\/borja-hernandez-mateo-galardonado-en-la-xix-gala-del-deporte-de-toledo\/","title":{"rendered":"Borja Hern\u00e1ndez Mateo, galardonado en la XIX Gala del Deporte de Toledo 2011"},"content":{"rendered":"<p style=\"style\" mce_style=\"style\"><span style=\"font-size: medium;\" mce_style=\"font-size: medium;\"><span style=\"font-family: verdana, geneva;\" mce_style=\"font-family: verdana, geneva;\">Borja Hern\u00e1ndez Mateo, ha participado en el Campeonato de Espa\u00f1a de Ajedrez, en la categor\u00eda de alev\u00edn, habiendo conseguido el trofeo de \u00a0Subcampe\u00f3n de Espa\u00f1a.<\/span><\/span><\/p>\n<p><\/p>\n<p><!--more--><\/p>\n<p><\/p>\n<p style=\"style\" mce_style=\"style\"><span style=\"font-size: medium;\" mce_style=\"font-size: medium;\"><span style=\"font-family: verdana, geneva;\" mce_style=\"font-family: verdana, geneva;\">Antes de llegar al Campeonato de Espa\u00f1a, Borja particip\u00f3 en diversas competiciones de nivel provincial, regional y nacional, cosechando sendos triunfos que le han catapultado hasta conseguir la Medalla de Plata del Campeonato de Espa\u00f1a.<\/span><\/span><\/p>\n<p style=\"style\" mce_style=\"style\"><span style=\"font-size: medium;\" mce_style=\"font-size: medium;\"><span style=\"font-family: verdana, geneva;\" mce_style=\"font-family: verdana, geneva;\">Durante el Acto de la XIX Gala del Deporte de 2011 que organiza la Diputaci\u00f3n Provincial de Toledo, Borja ha sido uno de los 50 galardonados, como deportistas mas destacados a lo largo del a\u00f1o 2011.<\/span><\/span><\/p>\n<p style=\"style\" mce_style=\"style\"><span style=\"font-size: medium;\" mce_style=\"font-size: medium;\"><span style=\"font-family: verdana, geneva;\" mce_style=\"font-family: verdana, geneva;\">En la foto, Borja posa junto a la Alcaldesa de Esquivias, Do\u00f1a Elena Fdez. de Velasco, al Presidente de la Diputaci\u00f3n Provincial de Toledo y Concejales del Ayuntamiento de Esquivias, que le acompa\u00f1aron en dicha Gala del Deporte Provincial.<\/span><\/span><\/p>\n<p><img loading=\"lazy\" decoding=\"async\" class=\" size-full wp-image-139\" alt=\"alt\" src=\"http:\/\/www.cervantinaesquivias.org\/wordpress\/wp-content\/uploads\/2012\/03\/borja.jpg\" mce_src=\"images\/stories\/borja.jpg\" height=\"439\" width=\"661\" srcset=\"http:\/\/www.cervantinaesquivias.org\/wordpress\/wp-content\/uploads\/2012\/03\/borja.jpg 999w, http:\/\/www.cervantinaesquivias.org\/wordpress\/wp-content\/uploads\/2012\/03\/borja-300x199.jpg 300w, http:\/\/www.cervantinaesquivias.org\/wordpress\/wp-content\/uploads\/2012\/03\/borja-768x510.jpg 768w\" sizes=\"auto, (max-width: 661px) 100vw, 661px\" \/><\/p>\n","protected":false},"excerpt":{"rendered":"<p>Borja Hern\u00e1ndez Mateo, ha participado en el Campeonato de Espa\u00f1a de Ajedrez, en la categor\u00eda de alev\u00edn, habiendo conseguido el [&hellip;]<\/p>\n","protected":false},"author":1,"featured_media":139,"comment_status":"open","ping_status":"open","sticky":false,"template":"","format":"standard","meta":{"footnotes":""},"categories":[9],"tags":[],"class_list":["post-140","post","type-post","status-publish","format-standard","has-post-thumbnail","hentry","category-noticias-de-la-web"],"_links":{"self":[{"href":"http:\/\/www.cervantinaesquivias.org\/wordpress\/wp-json\/wp\/v2\/posts\/140","targetHints":{"allow":["GET"]}}],"collection":[{"href":"http:\/\/www.cervantinaesquivias.org\/wordpress\/wp-json\/wp\/v2\/posts"}],"about":[{"href":"http:\/\/www.cervantinaesquivias.org\/wordpress\/wp-json\/wp\/v2\/types\/post"}],"author":[{"embeddable":true,"href":"http:\/\/www.cervantinaesquivias.org\/wordpress\/wp-json\/wp\/v2\/users\/1"}],"replies":[{"embeddable":true,"href":"http:\/\/www.cervantinaesquivias.org\/wordpress\/wp-json\/wp\/v2\/comments?post=140"}],"version-history":[{"count":0,"href":"http:\/\/www.cervantinaesquivias.org\/wordpress\/wp-json\/wp\/v2\/posts\/140\/revisions"}],"wp:featuredmedia":[{"embeddable":true,"href":"http:\/\/www.cervantinaesquivias.org\/wordpress\/wp-json\/wp\/v2\/media\/139"}],"wp:attachment":[{"href":"http:\/\/www.cervantinaesquivias.org\/wordpress\/wp-json\/wp\/v2\/media?parent=140"}],"wp:term":[{"taxonomy":"category","embeddable":true,"href":"http:\/\/www.cervantinaesquivias.org\/wordpress\/wp-json\/wp\/v2\/categories?post=140"},{"taxonomy":"post_tag","embeddable":true,"href":"http:\/\/www.cervantinaesquivias.org\/wordpress\/wp-json\/wp\/v2\/tags?post=140"}],"curies":[{"name":"wp","href":"https:\/\/api.w.org\/{rel}","templated":true}]}}