{"id":138,"date":"2012-03-10T19:36:32","date_gmt":"2012-03-10T19:36:32","guid":{"rendered":"http:\/\/www.cervantinaesquivias.org\/wordpress\/2012\/03\/10\/pedro-gomez-y-ruben-de-diego-subcampeones-del-mundo-de-futbolin-adaptado\/"},"modified":"2012-03-10T19:36:32","modified_gmt":"2012-03-10T19:36:32","slug":"pedro-gomez-y-ruben-de-diego-subcampeones-del-mundo-de-futbolin-adaptado","status":"publish","type":"post","link":"http:\/\/www.cervantinaesquivias.org\/wordpress\/2012\/03\/10\/pedro-gomez-y-ruben-de-diego-subcampeones-del-mundo-de-futbolin-adaptado\/","title":{"rendered":"Pedro G\u00f3mez y Rub\u00e9n de Diego, Subcampeones del Mundo de Futbol\u00edn Adaptado. Enero 2012."},"content":{"rendered":"<p style=\"style\" mce_style=\"style\"><span style=\"font-size: medium;\" mce_style=\"font-size: medium;\"><span style=\"font-family: verdana, geneva;\" mce_style=\"font-family: verdana, geneva;\">En el mes de Enero de 2012, se ha celebrado en la ciudad francesa de Nantes, el Campeonato del Mundo de Futbol\u00edn Adaptado, proclam\u00e1ndose subcampeones la pareja formada por el esquiviano Rub\u00e9n de Diego Portero y el australiano afincado en Toledo, Pedro G\u00f3mez Albendea.\u00a0<\/span><\/span><\/p>\n<p><!--more--><\/p>\n<p style=\"style\" mce_style=\"style\"><span style=\"font-size: medium;\" mce_style=\"font-size: medium;\"><span style=\"font-family: verdana, geneva;\" mce_style=\"font-family: verdana, geneva;\">Anteriormente, en el mes de Noviembre, se celebr\u00f3 en Alicante el Campeonato de Espa\u00f1a de dicha modalidad deportiva, d\u00f3nde esta misma pareja de deportistas \u00a0conquistaron la medalla de Oro de dicho Campeonato.<\/span><\/span><\/p>\n<p style=\"style\" mce_style=\"style\"><span style=\"font-size: medium;\" mce_style=\"font-size: medium;\"><span style=\"font-family: verdana, geneva;\" mce_style=\"font-family: verdana, geneva;\">El esquiviano Rub\u00e9n de Diego, participa en competiciones federadas en las modalidades de Tenis y P\u00e1del, y como deportes alternativos practica baloncesto, handbike, piscina, gimnasio y rutas de senderismo.\u00a0<\/span><\/span><\/p>\n<p style=\"style\" mce_style=\"style\"><span style=\"font-size: medium;\" mce_style=\"font-size: medium;\"><span style=\"font-family: verdana, geneva;\" mce_style=\"font-family: verdana, geneva;\">En la fotograf\u00eda, de izquierda a derecha, Pedro y Rub\u00e9n, exiben con orgullo los trofeos tan bien ganados.<\/span><\/span><\/p>\n<p><img loading=\"lazy\" decoding=\"async\" class=\" size-full wp-image-125\" src=\"http:\/\/www.cervantinaesquivias.org\/wordpress\/wp-content\/uploads\/2012\/03\/pedro.jpg\" mce_src=\"images\/stories\/pedro.jpg\" alt=\"alt\" height=\"623\" width=\"738\" \/><\/p>\n<p style=\"text-align: right;\"><span style=\"font-size: small; font-family: helvetica;\" mce_style=\"font-size: small; font-family: helvetica;\"><b><i>Sabino de Diego.<\/i><\/b><\/span><\/p>\n","protected":false},"excerpt":{"rendered":"<p>En el mes de Enero de 2012, se ha celebrado en la ciudad francesa de Nantes, el Campeonato del Mundo [&hellip;]<\/p>\n","protected":false},"author":1,"featured_media":125,"comment_status":"open","ping_status":"open","sticky":false,"template":"","format":"standard","meta":{"footnotes":""},"categories":[9],"tags":[],"class_list":["post-138","post","type-post","status-publish","format-standard","has-post-thumbnail","hentry","category-noticias-de-la-web"],"_links":{"self":[{"href":"http:\/\/www.cervantinaesquivias.org\/wordpress\/wp-json\/wp\/v2\/posts\/138","targetHints":{"allow":["GET"]}}],"collection":[{"href":"http:\/\/www.cervantinaesquivias.org\/wordpress\/wp-json\/wp\/v2\/posts"}],"about":[{"href":"http:\/\/www.cervantinaesquivias.org\/wordpress\/wp-json\/wp\/v2\/types\/post"}],"author":[{"embeddable":true,"href":"http:\/\/www.cervantinaesquivias.org\/wordpress\/wp-json\/wp\/v2\/users\/1"}],"replies":[{"embeddable":true,"href":"http:\/\/www.cervantinaesquivias.org\/wordpress\/wp-json\/wp\/v2\/comments?post=138"}],"version-history":[{"count":0,"href":"http:\/\/www.cervantinaesquivias.org\/wordpress\/wp-json\/wp\/v2\/posts\/138\/revisions"}],"wp:featuredmedia":[{"embeddable":true,"href":"http:\/\/www.cervantinaesquivias.org\/wordpress\/wp-json\/wp\/v2\/media\/125"}],"wp:attachment":[{"href":"http:\/\/www.cervantinaesquivias.org\/wordpress\/wp-json\/wp\/v2\/media?parent=138"}],"wp:term":[{"taxonomy":"category","embeddable":true,"href":"http:\/\/www.cervantinaesquivias.org\/wordpress\/wp-json\/wp\/v2\/categories?post=138"},{"taxonomy":"post_tag","embeddable":true,"href":"http:\/\/www.cervantinaesquivias.org\/wordpress\/wp-json\/wp\/v2\/tags?post=138"}],"curies":[{"name":"wp","href":"https:\/\/api.w.org\/{rel}","templated":true}]}}