{"id":1360,"date":"2013-12-26T12:43:21","date_gmt":"2013-12-26T12:43:21","guid":{"rendered":"http:\/\/www.cervantinaesquivias.org\/wordpress\/2013\/12\/26\/homenaje-a-luis-miguel-ruffiangel-un-esquiviano-comprometido-en-el-deporte-diciembre-2013\/"},"modified":"2013-12-26T12:43:21","modified_gmt":"2013-12-26T12:43:21","slug":"homenaje-a-luis-miguel-ruffiangel-un-esquiviano-comprometido-en-el-deporte-diciembre-2013","status":"publish","type":"post","link":"http:\/\/www.cervantinaesquivias.org\/wordpress\/2013\/12\/26\/homenaje-a-luis-miguel-ruffiangel-un-esquiviano-comprometido-en-el-deporte-diciembre-2013\/","title":{"rendered":"HOMENAJE A LUIS MIGUEL RUFFIANGEL. UN ESQUIVIANO COMPROMETIDO CON EL DEPORTE. DICIEMBRE 2013."},"content":{"rendered":"<p><\/p>\n<p style=\"text-align: center;\" mce_style=\"text-align: center;\"><img loading=\"lazy\" decoding=\"async\" class=\" size-full wp-image-1355 size-full wp-image-1355\" src=\"http:\/\/www.cervantinaesquivias.org\/wordpress\/wp-content\/uploads\/2013\/12\/lmr-luis-migue-3l.jpg\" mce_src=\"http:\/\/www.cervantinaesquivias.org\/wordpress\/wp-content\/uploads\/2013\/12\/lmr-luis-migue-3l.jpg\" alt=\"alt\" width=\"354\" height=\"527\" srcset=\"http:\/\/www.cervantinaesquivias.org\/wordpress\/wp-content\/uploads\/2013\/12\/lmr-luis-migue-3l.jpg 354w, http:\/\/www.cervantinaesquivias.org\/wordpress\/wp-content\/uploads\/2013\/12\/lmr-luis-migue-3l-202x300.jpg 202w\" sizes=\"auto, (max-width: 354px) 100vw, 354px\" \/><\/p>\n<p style=\"text-align: justify;\" mce_style=\"text-align: justify;\"><\/p>\n<p style=\"text-align: justify;\" mce_style=\"text-align: justify;\"><span style=\"font-size: medium;\" mce_style=\"font-size: medium;\"><span style=\"font-family: verdana, geneva;\" mce_style=\"font-family: verdana, geneva;\">El pasado 14 de Diciembre de 2013, tuvo lugar un Acto de homenaje a Luis Miguel Ruffi\u00e1ngel, una persona que dedic\u00f3 todo su tiempo libre a la pr\u00e1ctica del deporte, principalmente el futbol, desde los equipos juveniles en los que<\/span><\/span><\/p>\n<p><!--more--><\/p>\n<p style=\"text-align: justify;\" mce_style=\"text-align: justify;\"><span style=\"font-size: medium;\" mce_style=\"font-size: medium;\"><span style=\"font-family: verdana, geneva;\" mce_style=\"font-family: verdana, geneva;\">particip\u00f3, pasando por el equipo senior del Esquivias F.C.<\/span><\/span><\/p>\n<p style=\"text-align: center;\" mce_style=\"text-align: center;\"><span style=\"font-size: medium;\" mce_style=\"font-size: medium;\"><span style=\"font-family: verdana, geneva;\" mce_style=\"font-family: verdana, geneva;\"><img loading=\"lazy\" decoding=\"async\" class=\" size-full wp-image-1356 size-full wp-image-1356\" src=\"http:\/\/www.cervantinaesquivias.org\/wordpress\/wp-content\/uploads\/2013\/12\/lmr-nieto-y-cartel-del-homenaje.jpg\" mce_src=\"http:\/\/www.cervantinaesquivias.org\/wordpress\/wp-content\/uploads\/2013\/12\/lmr-nieto-y-cartel-del-homenaje.jpg\" alt=\"alt\" width=\"354\" height=\"479\" srcset=\"http:\/\/www.cervantinaesquivias.org\/wordpress\/wp-content\/uploads\/2013\/12\/lmr-nieto-y-cartel-del-homenaje.jpg 354w, http:\/\/www.cervantinaesquivias.org\/wordpress\/wp-content\/uploads\/2013\/12\/lmr-nieto-y-cartel-del-homenaje-222x300.jpg 222w\" sizes=\"auto, (max-width: 354px) 100vw, 354px\" \/><\/span><\/span><\/p>\n<p style=\"text-align: center;\" mce_style=\"text-align: center;\"><span style=\"font-size: medium;\" mce_style=\"font-size: medium;\"><span style=\"font-size: small;\" mce_style=\"font-size: small;\">(Su nieto mayor ensaya una pose ante el cartel anunciador<\/span><\/span><\/p>\n<p style=\"text-align: center;\" mce_style=\"text-align: center;\"><span style=\"font-size: medium;\" mce_style=\"font-size: medium;\"><span style=\"font-size: small;\" mce_style=\"font-size: small;\"> del homenaje tributado a Luis Miguel Ruffiangel).<\/span><\/span><\/p>\n<p style=\"text-align: center;\" mce_style=\"text-align: center;\"><span style=\"font-size: medium;\" mce_style=\"font-size: medium;\"><span style=\"font-size: small;\" mce_style=\"font-size: small;\"><br \/><\/span><\/span><\/p>\n<p style=\"text-align: justify;\" mce_style=\"text-align: justify;\"><span style=\"font-size: medium;\" mce_style=\"font-size: medium;\"><span style=\"font-family: verdana, geneva;\" mce_style=\"font-family: verdana, geneva;\">Luis Miguel falleci\u00f3 el 18 de Diciembre de 2012, a la edad de 60 a\u00f1os, tras una grave enfermedad, dejando tras de s\u00ed una estela de triunfos deportivos y personales desde sus inicios en la pr\u00e1ctica del f\u00fatbol con el equipo juvenil.\u00a0<\/span><\/span><\/p>\n<p style=\"text-align: center;\" mce_style=\"text-align: center;\"><span style=\"font-size: medium;\" mce_style=\"font-size: medium;\"><span style=\"font-family: verdana, geneva;\" mce_style=\"font-family: verdana, geneva;\"><img loading=\"lazy\" decoding=\"async\" class=\" size-full wp-image-1357 size-full wp-image-1357\" src=\"http:\/\/www.cervantinaesquivias.org\/wordpress\/wp-content\/uploads\/2013\/12\/lmr-luis-miguel-y-maria-rosa-2.jpg\" mce_src=\"http:\/\/www.cervantinaesquivias.org\/wordpress\/wp-content\/uploads\/2013\/12\/lmr-luis-miguel-y-maria-rosa-2.jpg\" alt=\"alt\" width=\"472\" height=\"350\" srcset=\"http:\/\/www.cervantinaesquivias.org\/wordpress\/wp-content\/uploads\/2013\/12\/lmr-luis-miguel-y-maria-rosa-2.jpg 472w, http:\/\/www.cervantinaesquivias.org\/wordpress\/wp-content\/uploads\/2013\/12\/lmr-luis-miguel-y-maria-rosa-2-300x222.jpg 300w\" sizes=\"auto, (max-width: 472px) 100vw, 472px\" \/><br \/><\/span><\/span><\/p>\n<p style=\"text-align: center;\" mce_style=\"text-align: center;\">(Luis Miguel y su esposa Maria Rosa en una foto reciente).<\/p>\n<p style=\"text-align: center;\" mce_style=\"text-align: center;\"><\/p>\n<p style=\"text-align: justify;\" mce_style=\"text-align: justify;\"><span style=\"font-size: medium;\" mce_style=\"font-size: medium;\"><span style=\"font-family: verdana, geneva;\" mce_style=\"font-family: verdana, geneva;\">Ya a los quince a\u00f1os, pas\u00f3 a jugar con el equipo senior, y pronto experiment\u00f3 en su propio cuerpo las huellas de su inexperiencia: Padeci\u00f3 la rotura de una pierna a tan temprana edad, lo cual no le impidi\u00f3 seguir jugando, y al mismo nivel de siempre, cuando la lesi\u00f3n fue restablecida.\u00a0<\/span><\/span><\/p>\n<p style=\"text-align: justify;\" mce_style=\"text-align: justify;\"><span style=\"font-size: medium;\" mce_style=\"font-size: medium;\"><span style=\"font-family: verdana, geneva;\" mce_style=\"font-family: verdana, geneva;\">Otro d\u00eda ser\u00eda el tabique nasal el que sufri\u00f3 las consecuencias de su pundonor, y es que Luis no dejaba nada en el vestuario, siempre sal\u00eda a por todas. Un\u00eda a su calidad de defensa central, sus buenas dotes de colocaci\u00f3n y oportunidad para marcar goles al equipo rival. Luis \u00abEl Chupa\u00bb (como as\u00ed se le conoc\u00eda) nunca pasaba desapercibido.<\/span><\/span><\/p>\n<p style=\"text-align: justify;\" mce_style=\"text-align: justify;\"><span style=\"font-size: medium;\" mce_style=\"font-size: medium;\"><span style=\"font-family: verdana, geneva;\" mce_style=\"font-family: verdana, geneva;\">En lo colectivo, fue un referente en el juego del Esquivias F.C. cuando particip\u00f3 y lleg\u00f3 a la final del Campeonato Provincial absoluto que organiz\u00f3 la Diputaci\u00f3n Provincial de Toledo, final que se jug\u00f3 en Toledo, en el Salto del Caballo, el 01 de Enero del a\u00f1o 1973.<\/span><\/span><\/p>\n<p style=\"text-align: justify;\" mce_style=\"text-align: justify;\"><span style=\"font-size: medium;\" mce_style=\"font-size: medium;\"><span style=\"font-family: verdana, geneva;\" mce_style=\"font-family: verdana, geneva;\">En lo personal, jug\u00f3 en el Ciempozuelos F.C. que militaba en tercera divisi\u00f3n, siendo probado por el Club Atl\u00e9tico de Madrid.<\/span><\/span><\/p>\n<p style=\"text-align: justify;\" mce_style=\"text-align: justify;\"><span style=\"font-size: medium;\" mce_style=\"font-size: medium;\"><span style=\"font-family: verdana, geneva;\" mce_style=\"font-family: verdana, geneva;\"><br \/><\/span><\/span><\/p>\n<p style=\"text-align: center;\"><span style=\"font-size: medium;\" mce_style=\"font-size: medium;\"><span style=\"font-family: verdana, geneva;\" mce_style=\"font-family: verdana, geneva;\"><img loading=\"lazy\" decoding=\"async\" class=\" size-full wp-image-1358 size-full wp-image-1358\" src=\"http:\/\/www.cervantinaesquivias.org\/wordpress\/wp-content\/uploads\/2013\/12\/lmr-familia-completa.jpg\" mce_src=\"http:\/\/www.cervantinaesquivias.org\/wordpress\/wp-content\/uploads\/2013\/12\/lmr-familia-completa.jpg\" alt=\"alt\" width=\"709\" height=\"532\" srcset=\"http:\/\/www.cervantinaesquivias.org\/wordpress\/wp-content\/uploads\/2013\/12\/lmr-familia-completa.jpg 709w, http:\/\/www.cervantinaesquivias.org\/wordpress\/wp-content\/uploads\/2013\/12\/lmr-familia-completa-300x225.jpg 300w\" sizes=\"auto, (max-width: 709px) 100vw, 709px\" \/><br \/><\/span><\/span><\/p>\n<p style=\"text-align: center;\" mce_style=\"text-align: center;\">(Luis Miguel y Maria Rosa con sus hijas, yernos y nietos).<\/p>\n<p style=\"text-align: justify;\" mce_style=\"text-align: justify;\"><\/p>\n<p style=\"text-align: justify;\" mce_style=\"text-align: justify;\"><span style=\"font-size: medium;\" mce_style=\"font-size: medium;\"><span style=\"font-family: verdana, geneva;\" mce_style=\"font-family: verdana, geneva;\">Cuando por su edad tuvo que dejar la pr\u00e1ctica del futbol activo, no colg\u00f3 las botas, sino que sigui\u00f3 vinculado a este deporte entrenando a las categor\u00edas de infantiles de Esquivias, actividad que hizo extensiva a otros municipios como Casarrubuelos (Madrid), donde en su d\u00eda se le reconocieron sus m\u00e9ritos entreg\u00e1ndole una placa que lo acredita.<\/span><\/span><\/p>\n<p style=\"text-align: justify;\" mce_style=\"text-align: justify;\"><span style=\"font-size: medium;\" mce_style=\"font-size: medium;\"><span style=\"font-family: verdana, geneva;\" mce_style=\"font-family: verdana, geneva;\">Siempre sin ning\u00fan inter\u00e9s, salvo el deportivo, pues su participaci\u00f3n fue siempre amateur.<\/span><\/span><\/p>\n<p style=\"text-align: justify;\" mce_style=\"text-align: justify;\"><span style=\"font-size: medium;\" mce_style=\"font-size: medium;\"><span style=\"font-family: verdana, geneva;\" mce_style=\"font-family: verdana, geneva;\">En el Torneo de Invierno de este mes de Diciembre, que organiza el Ayuntamiento de Esquivias, junto con el Club Deportivo Esquivias, se program\u00f3 una competici\u00f3n de futbol-7, con una jornada muy intensa y una alta participaci\u00f3n de chavales y p\u00fablico.\u00a0<\/span><\/span><\/p>\n<p style=\"text-align: justify;\" mce_style=\"text-align: justify;\"><span style=\"font-size: medium;\" mce_style=\"font-size: medium;\"><span style=\"font-family: verdana, geneva;\" mce_style=\"font-family: verdana, geneva;\">Se celebraron partidos de todas las categor\u00edas inferiores, entre equipos de Sese\u00f1a, Yeles, Illescas, Yuncos, Recas y Numancia de la Sagra, todos de la provincia de Toledo, as\u00ed como los de Fuenlabrada y del Club Atl\u00e9tico de Madrid, de la provincia de Madrid.<\/span><\/span><\/p>\n<p style=\"text-align: justify;\" mce_style=\"text-align: justify;\"><span style=\"font-size: medium;\" mce_style=\"font-size: medium;\"><span style=\"font-family: verdana, geneva;\" mce_style=\"font-family: verdana, geneva;\"><br \/><\/span><\/span><\/p>\n<p style=\"text-align: center;\"><span style=\"font-size: medium;\" mce_style=\"font-size: medium;\"><span style=\"font-family: verdana, geneva;\" mce_style=\"font-family: verdana, geneva;\"><img loading=\"lazy\" decoding=\"async\" class=\" size-full wp-image-1359 size-full wp-image-1359\" src=\"http:\/\/www.cervantinaesquivias.org\/wordpress\/wp-content\/uploads\/2013\/12\/lmr-familia-y-cartel-homenaje.jpg\" mce_src=\"http:\/\/www.cervantinaesquivias.org\/wordpress\/wp-content\/uploads\/2013\/12\/lmr-familia-y-cartel-homenaje.jpg\" alt=\"alt\" width=\"709\" height=\"929\" srcset=\"http:\/\/www.cervantinaesquivias.org\/wordpress\/wp-content\/uploads\/2013\/12\/lmr-familia-y-cartel-homenaje.jpg 709w, http:\/\/www.cervantinaesquivias.org\/wordpress\/wp-content\/uploads\/2013\/12\/lmr-familia-y-cartel-homenaje-229x300.jpg 229w\" sizes=\"auto, (max-width: 709px) 100vw, 709px\" \/><br \/><\/span><\/span><\/p>\n<p style=\"text-align: center;\" mce_style=\"text-align: center;\">(La familia de Luis Miguel Ruffiangel con la placa conmemorativa del homenaje).<\/p>\n<p style=\"text-align: justify;\" mce_style=\"text-align: justify;\"><\/p>\n<p style=\"text-align: justify;\" mce_style=\"text-align: justify;\"><span style=\"font-size: medium;\" mce_style=\"font-size: medium;\"><span style=\"font-family: verdana, geneva;\" mce_style=\"font-family: verdana, geneva;\">A la familia de Luis Miguel, se les hizo entrega de una placa conmemorativa del Acto y en su recuerdo, y el equipo de categor\u00eda alev\u00edn de Esquivias, que qued\u00f3 campe\u00f3n de su categor\u00eda, entreg\u00f3 el trofeo conseguido a la esposa de Luis Miguel, Mar\u00eda Rosa y a su familia.<\/span><\/span><\/p>\n<p style=\"text-align: right;\" mce_style=\"text-align: right;\"><\/p>\n<p style=\"text-align: right;\" mce_style=\"text-align: right;\"><span style=\"font-size: small;\" mce_style=\"font-size: small;\"><span style=\"font-family: helvetica;\" mce_style=\"font-family: helvetica;\"><i><b>Sabino de Diego.<\/b><\/i><\/span><\/span><\/p>\n<p style=\"text-align: justify;\" mce_style=\"text-align: justify;\"><span style=\"font-size: medium;\" mce_style=\"font-size: medium;\"><span style=\"font-family: verdana, geneva;\" mce_style=\"font-family: verdana, geneva;\"><br \/><\/span><\/span><\/p>\n<p style=\"text-align: justify;\" mce_style=\"text-align: justify;\"><span style=\"font-size: medium;\" mce_style=\"font-size: medium;\"><span style=\"font-family: verdana, geneva;\" mce_style=\"font-family: verdana, geneva;\"><br \/><\/span><\/span><\/p>\n<p style=\"text-align: justify;\" mce_style=\"text-align: justify;\"><span style=\"font-size: medium;\" mce_style=\"font-size: medium;\"><span style=\"font-family: verdana, geneva;\" mce_style=\"font-family: verdana, geneva;\"><\/span><span style=\"color: rgb(0, 0, 0);\" mce_style=\"color: #000000;\">\u00a0<\/span><\/span><\/p>\n<p style=\"text-align: justify;\" mce_style=\"text-align: justify;\"><span style=\"font-size: medium;\" mce_style=\"font-size: medium;\"><span style=\"font-family: verdana, geneva;\" mce_style=\"font-family: verdana, geneva;\"><br \/><\/span><\/span><\/p>\n<p style=\"text-align: justify;\" mce_style=\"text-align: justify;\"><\/p>\n<p style=\"text-align: justify;\" mce_style=\"text-align: justify;\"><\/p>\n<p style=\"text-align: justify;\" mce_style=\"text-align: justify;\"><span style=\"font-size: medium;\" mce_style=\"font-size: medium;\"><span style=\"font-family: verdana, geneva;\" mce_style=\"font-family: verdana, geneva;\"><br \/><\/span><\/span><\/p>\n","protected":false},"excerpt":{"rendered":"<p>El pasado 14 de Diciembre de 2013, tuvo lugar un Acto de homenaje a Luis Miguel Ruffi\u00e1ngel, una persona que [&hellip;]<\/p>\n","protected":false},"author":1,"featured_media":1355,"comment_status":"open","ping_status":"open","sticky":false,"template":"","format":"standard","meta":{"footnotes":""},"categories":[9],"tags":[],"class_list":["post-1360","post","type-post","status-publish","format-standard","has-post-thumbnail","hentry","category-noticias-de-la-web"],"_links":{"self":[{"href":"http:\/\/www.cervantinaesquivias.org\/wordpress\/wp-json\/wp\/v2\/posts\/1360","targetHints":{"allow":["GET"]}}],"collection":[{"href":"http:\/\/www.cervantinaesquivias.org\/wordpress\/wp-json\/wp\/v2\/posts"}],"about":[{"href":"http:\/\/www.cervantinaesquivias.org\/wordpress\/wp-json\/wp\/v2\/types\/post"}],"author":[{"embeddable":true,"href":"http:\/\/www.cervantinaesquivias.org\/wordpress\/wp-json\/wp\/v2\/users\/1"}],"replies":[{"embeddable":true,"href":"http:\/\/www.cervantinaesquivias.org\/wordpress\/wp-json\/wp\/v2\/comments?post=1360"}],"version-history":[{"count":0,"href":"http:\/\/www.cervantinaesquivias.org\/wordpress\/wp-json\/wp\/v2\/posts\/1360\/revisions"}],"wp:featuredmedia":[{"embeddable":true,"href":"http:\/\/www.cervantinaesquivias.org\/wordpress\/wp-json\/wp\/v2\/media\/1355"}],"wp:attachment":[{"href":"http:\/\/www.cervantinaesquivias.org\/wordpress\/wp-json\/wp\/v2\/media?parent=1360"}],"wp:term":[{"taxonomy":"category","embeddable":true,"href":"http:\/\/www.cervantinaesquivias.org\/wordpress\/wp-json\/wp\/v2\/categories?post=1360"},{"taxonomy":"post_tag","embeddable":true,"href":"http:\/\/www.cervantinaesquivias.org\/wordpress\/wp-json\/wp\/v2\/tags?post=1360"}],"curies":[{"name":"wp","href":"https:\/\/api.w.org\/{rel}","templated":true}]}}