{"id":135,"date":"2012-03-07T09:30:50","date_gmt":"2012-03-07T09:30:50","guid":{"rendered":"http:\/\/www.cervantinaesquivias.org\/wordpress\/2012\/03\/07\/qterciopelo-en-las-alcantarillasq\/"},"modified":"2012-03-07T09:30:50","modified_gmt":"2012-03-07T09:30:50","slug":"qterciopelo-en-las-alcantarillasq","status":"publish","type":"post","link":"http:\/\/www.cervantinaesquivias.org\/wordpress\/2012\/03\/07\/qterciopelo-en-las-alcantarillasq\/","title":{"rendered":"Terciopelo en las Alcantarillas"},"content":{"rendered":"<p><img loading=\"lazy\" decoding=\"async\" style=\"BORDER-BOTTOM: 0pt; BORDER-LEFT: 0pt; FLOAT: right; MARGIN-LEFT: 15px; BORDER-TOP: 0pt; MARGIN-RIGHT: 15px; BORDER-RIGHT: 0pt\" src=\"http:\/\/cervantinaesquivias.org\/images\/stories\/ter.jpg\" mce_style=\"float: right; border: 0pt none; margin-left: 15px; margin-right: 15px;\" mce_src=\"images\/stories\/ter.jpg\" height=\"144\" width=\"117\" \/><span style=\"font-size: medium;\" mce_style=\"font-size: medium;\"><span style=\"font-family: verdana, geneva;\" mce_style=\"font-family: verdana, geneva;\">D\u00edas pasados, en el Convento de Capuchinos de Esquivias, Antonio Torrej\u00f3n Garc\u00eda \u00abToni\u00bb hizo la presentaci\u00f3n del libro \u00abTerciopelo en las Alcantarillas\u00bb del que es autor, editado por Ediciones Atlantis.<\/span><\/span><\/p>\n<p><\/p>\n<p><!--more--><\/p>\n<p><\/p>\n<p><\/p>\n<p style=\"style\"><span style=\"font-size: medium;\" mce_style=\"font-size: medium;\"><span style=\"font-family: verdana, geneva;\" mce_style=\"font-family: verdana, geneva;\">Al acto acudi\u00f3 un numeroso p\u00fablico que, conociendo la trayectoria literaria de este joven escritor esquiviano, quiso acompa\u00f1arle con su presencia en el Acto, irradiando hacia su persona la admiraci\u00f3n y el cari\u00f1o de que se hace merecedor.<\/span><\/span><\/p>\n<p style=\"style\"><span style=\"font-size: medium;\" mce_style=\"font-size: medium;\"><span style=\"font-family: verdana, geneva;\" mce_style=\"font-family: verdana, geneva;\">Antonio Torrej\u00f3n fu\u00e9 galardonado en el a\u00f1o 2010 con el Primer Premio de Relatos de J\u00f3venes Artistas Castellano Manchegos, por la Junta de Comunidades de Castilla la Mancha.<\/span><\/span><\/p>\n<p style=\"style\"><span style=\"font-size: medium;\" mce_style=\"font-size: medium;\"><span style=\"font-family: verdana, geneva;\" mce_style=\"font-family: verdana, geneva;\">Toni, es ademas colaborador de Galatea, \u00f3rgano de difusi\u00f3n de la Sociedad Cervantina de Esquivias, donde vuelve a escribir sus art\u00edculos en esta revista despu\u00e9s de un lapsus de tiempo que otras obligaciones se lo hab\u00edan impedido.<\/span><\/span><\/p>\n<p style=\"style\"><span style=\"font-size: medium;\" mce_style=\"font-size: medium;\"><span style=\"font-family: verdana, geneva;\" mce_style=\"font-family: verdana, geneva;\">Desde la Sociedad Cervantina de Esquivias le deseamos los mayores \u00e9xitos en su andadura, en la seguridad de que los va a conseguir.<\/span><\/span><\/p>\n<p><\/p>\n","protected":false},"excerpt":{"rendered":"<p>D\u00edas pasados, en el Convento de Capuchinos de Esquivias, Antonio Torrej\u00f3n Garc\u00eda \u00abToni\u00bb hizo la presentaci\u00f3n del libro \u00abTerciopelo en [&hellip;]<\/p>\n","protected":false},"author":1,"featured_media":0,"comment_status":"open","ping_status":"open","sticky":false,"template":"","format":"standard","meta":{"footnotes":""},"categories":[9],"tags":[],"class_list":["post-135","post","type-post","status-publish","format-standard","hentry","category-noticias-de-la-web"],"_links":{"self":[{"href":"http:\/\/www.cervantinaesquivias.org\/wordpress\/wp-json\/wp\/v2\/posts\/135","targetHints":{"allow":["GET"]}}],"collection":[{"href":"http:\/\/www.cervantinaesquivias.org\/wordpress\/wp-json\/wp\/v2\/posts"}],"about":[{"href":"http:\/\/www.cervantinaesquivias.org\/wordpress\/wp-json\/wp\/v2\/types\/post"}],"author":[{"embeddable":true,"href":"http:\/\/www.cervantinaesquivias.org\/wordpress\/wp-json\/wp\/v2\/users\/1"}],"replies":[{"embeddable":true,"href":"http:\/\/www.cervantinaesquivias.org\/wordpress\/wp-json\/wp\/v2\/comments?post=135"}],"version-history":[{"count":0,"href":"http:\/\/www.cervantinaesquivias.org\/wordpress\/wp-json\/wp\/v2\/posts\/135\/revisions"}],"wp:attachment":[{"href":"http:\/\/www.cervantinaesquivias.org\/wordpress\/wp-json\/wp\/v2\/media?parent=135"}],"wp:term":[{"taxonomy":"category","embeddable":true,"href":"http:\/\/www.cervantinaesquivias.org\/wordpress\/wp-json\/wp\/v2\/categories?post=135"},{"taxonomy":"post_tag","embeddable":true,"href":"http:\/\/www.cervantinaesquivias.org\/wordpress\/wp-json\/wp\/v2\/tags?post=135"}],"curies":[{"name":"wp","href":"https:\/\/api.w.org\/{rel}","templated":true}]}}