{"id":1349,"date":"2013-12-24T09:57:47","date_gmt":"2013-12-24T09:57:47","guid":{"rendered":"http:\/\/www.cervantinaesquivias.org\/wordpress\/2013\/12\/24\/belen-navideno-realizado-por-la-asociacion-de-mujeres-esquivias-2013\/"},"modified":"2013-12-24T09:57:47","modified_gmt":"2013-12-24T09:57:47","slug":"belen-navideno-realizado-por-la-asociacion-de-mujeres-esquivias-2013","status":"publish","type":"post","link":"http:\/\/www.cervantinaesquivias.org\/wordpress\/2013\/12\/24\/belen-navideno-realizado-por-la-asociacion-de-mujeres-esquivias-2013\/","title":{"rendered":"BELEN NAVIDE\u00d1O REALIZADO POR LA ASOCIACION DE MUJERES. ESQUIVIAS 2013."},"content":{"rendered":"<p><span style=\"font-family: verdana, geneva; font-size: medium; line-height: 1.3em; text-align: justify;\" mce_style=\"font-family: verdana, geneva; font-size: medium; line-height: 1.3em; text-align: justify;\">Como es tradicional, la Asociaci\u00f3n de Mujeres \u00abCatalina de Palacios\u00bb de Esquivias, ha montado un Bel\u00e9n Navide\u00f1o en el Convento de Capuchinos de Esquivias.<\/span><\/p>\n<p style=\"text-align: center;\" mce_style=\"text-align: center;\"><span style=\"font-size: medium;\" mce_style=\"font-size: medium;\"><span style=\"font-family: verdana, geneva;\" mce_style=\"font-family: verdana, geneva;\"><img loading=\"lazy\" decoding=\"async\" class=\" size-full wp-image-1341 size-full wp-image-1341\" src=\"http:\/\/www.cervantinaesquivias.org\/wordpress\/wp-content\/uploads\/2013\/12\/nacimiento-9.jpg\" mce_src=\"http:\/\/www.cervantinaesquivias.org\/wordpress\/wp-content\/uploads\/2013\/12\/nacimiento-9.jpg\" alt=\"alt\" width=\"709\" height=\"398\" srcset=\"http:\/\/www.cervantinaesquivias.org\/wordpress\/wp-content\/uploads\/2013\/12\/nacimiento-9.jpg 709w, http:\/\/www.cervantinaesquivias.org\/wordpress\/wp-content\/uploads\/2013\/12\/nacimiento-9-300x168.jpg 300w\" sizes=\"auto, (max-width: 709px) 100vw, 709px\" \/><\/span><\/span><\/p>\n<p><\/p>\n<p><span style=\"font-size: medium;\" mce_style=\"font-size: medium;\"><span style=\"font-family: verdana, geneva;\" mce_style=\"font-family: verdana, geneva;\">De notables dimensiones, el Nacimiento cuenta con todos los pasajes de\u00a0<\/span><\/span><\/p>\n<p \/><span style=\"font-size: medium;\" mce_style=\"font-size: medium;\" \/><span style=\"font-family: verdana, geneva;\" mce_style=\"font-family: verdana, geneva;\" \/><br \/>\n<!--more--><br \/>\n<\/span><\/span><\/p>\n<p><span style=\"font-size: medium;\" mce_style=\"font-size: medium;\"><span style=\"font-family: verdana, geneva;\" mce_style=\"font-family: verdana, geneva;\">la vida en los primeros a\u00f1os en la vida de Jes\u00fas.<\/span><\/span><\/p>\n<\/p>\n<p><img loading=\"lazy\" decoding=\"async\" class=\" size-full wp-image-1342 size-full wp-image-1342\" src=\"http:\/\/www.cervantinaesquivias.org\/wordpress\/wp-content\/uploads\/2013\/12\/nacimiento-1.jpg\" mce_src=\"http:\/\/www.cervantinaesquivias.org\/wordpress\/wp-content\/uploads\/2013\/12\/nacimiento-1.jpg\" alt=\"alt\" width=\"709\" height=\"398\" srcset=\"http:\/\/www.cervantinaesquivias.org\/wordpress\/wp-content\/uploads\/2013\/12\/nacimiento-1.jpg 709w, http:\/\/www.cervantinaesquivias.org\/wordpress\/wp-content\/uploads\/2013\/12\/nacimiento-1-300x168.jpg 300w\" sizes=\"auto, (max-width: 709px) 100vw, 709px\" \/><\/p>\n<p><\/p>\n<p><img loading=\"lazy\" decoding=\"async\" class=\" size-full wp-image-1343 size-full wp-image-1343\" src=\"http:\/\/www.cervantinaesquivias.org\/wordpress\/wp-content\/uploads\/2013\/12\/nacimiento-2.jpg\" mce_src=\"http:\/\/www.cervantinaesquivias.org\/wordpress\/wp-content\/uploads\/2013\/12\/nacimiento-2.jpg\" alt=\"alt\" width=\"709\" height=\"398\" srcset=\"http:\/\/www.cervantinaesquivias.org\/wordpress\/wp-content\/uploads\/2013\/12\/nacimiento-2.jpg 709w, http:\/\/www.cervantinaesquivias.org\/wordpress\/wp-content\/uploads\/2013\/12\/nacimiento-2-300x168.jpg 300w\" sizes=\"auto, (max-width: 709px) 100vw, 709px\" \/><\/p>\n<p><\/p>\n<p><span style=\"font-size: medium;\" mce_style=\"font-size: medium;\"><span style=\"font-family: verdana, geneva;\" mce_style=\"font-family: verdana, geneva;\"><img loading=\"lazy\" decoding=\"async\" class=\" size-full wp-image-1344 size-full wp-image-1344\" src=\"http:\/\/www.cervantinaesquivias.org\/wordpress\/wp-content\/uploads\/2013\/12\/nacimiento-10.jpg\" mce_src=\"http:\/\/www.cervantinaesquivias.org\/wordpress\/wp-content\/uploads\/2013\/12\/nacimiento-10.jpg\" alt=\"alt\" width=\"709\" height=\"398\" srcset=\"http:\/\/www.cervantinaesquivias.org\/wordpress\/wp-content\/uploads\/2013\/12\/nacimiento-10.jpg 709w, http:\/\/www.cervantinaesquivias.org\/wordpress\/wp-content\/uploads\/2013\/12\/nacimiento-10-300x168.jpg 300w\" sizes=\"auto, (max-width: 709px) 100vw, 709px\" \/><\/span><\/span><\/p>\n<p><\/p>\n<p style=\"text-align: center;\" mce_style=\"text-align: center;\"><img loading=\"lazy\" decoding=\"async\" class=\" size-full wp-image-1345 size-full wp-image-1345\" src=\"http:\/\/www.cervantinaesquivias.org\/wordpress\/wp-content\/uploads\/2013\/12\/nacimiento-11.jpg\" mce_src=\"http:\/\/www.cervantinaesquivias.org\/wordpress\/wp-content\/uploads\/2013\/12\/nacimiento-11.jpg\" alt=\"alt\" width=\"709\" height=\"398\" srcset=\"http:\/\/www.cervantinaesquivias.org\/wordpress\/wp-content\/uploads\/2013\/12\/nacimiento-11.jpg 709w, http:\/\/www.cervantinaesquivias.org\/wordpress\/wp-content\/uploads\/2013\/12\/nacimiento-11-300x168.jpg 300w\" sizes=\"auto, (max-width: 709px) 100vw, 709px\" \/><\/p>\n<p><\/p>\n<p style=\"text-align: center;\" mce_style=\"text-align: center;\"><img loading=\"lazy\" decoding=\"async\" class=\" size-full wp-image-1346 size-full wp-image-1346\" src=\"http:\/\/www.cervantinaesquivias.org\/wordpress\/wp-content\/uploads\/2013\/12\/nacimiento-13.jpg\" mce_src=\"http:\/\/www.cervantinaesquivias.org\/wordpress\/wp-content\/uploads\/2013\/12\/nacimiento-13.jpg\" alt=\"alt\" width=\"709\" height=\"398\" srcset=\"http:\/\/www.cervantinaesquivias.org\/wordpress\/wp-content\/uploads\/2013\/12\/nacimiento-13.jpg 709w, http:\/\/www.cervantinaesquivias.org\/wordpress\/wp-content\/uploads\/2013\/12\/nacimiento-13-300x168.jpg 300w\" sizes=\"auto, (max-width: 709px) 100vw, 709px\" \/><\/p>\n<p><\/p>\n<p><\/p>\n<p style=\"text-align: center;\" mce_style=\"text-align: center;\"><img loading=\"lazy\" decoding=\"async\" class=\" size-full wp-image-1347 size-full wp-image-1347\" src=\"http:\/\/www.cervantinaesquivias.org\/wordpress\/wp-content\/uploads\/2013\/12\/nacimiento-3.jpg\" mce_src=\"http:\/\/www.cervantinaesquivias.org\/wordpress\/wp-content\/uploads\/2013\/12\/nacimiento-3.jpg\" alt=\"alt\" width=\"704\" height=\"324\" srcset=\"http:\/\/www.cervantinaesquivias.org\/wordpress\/wp-content\/uploads\/2013\/12\/nacimiento-3.jpg 704w, http:\/\/www.cervantinaesquivias.org\/wordpress\/wp-content\/uploads\/2013\/12\/nacimiento-3-300x138.jpg 300w\" sizes=\"auto, (max-width: 704px) 100vw, 704px\" \/><\/p>\n<p style=\"text-align: center;\" mce_style=\"text-align: center;\">(Parte del grupo de la Asociaci\u00f3n de Mujeres que participaron en el montaje del Bel\u00e9n.<\/p>\n<p style=\"text-align: center;\" mce_style=\"text-align: center;\">De izquierda a derecha, de pie: Amparo, Juani, Isabel, Rosi, Carmen, Agustina, Jacin, Maria Jes\u00fas.<\/p>\n<p style=\"text-align: center;\" mce_style=\"text-align: center;\">Agachadas: Lisa, Almudena, Pilar y Susana).\u00a0<\/p>\n<p><\/p>\n<p style=\"text-align: center;\" mce_style=\"text-align: center;\"><img loading=\"lazy\" decoding=\"async\" class=\" size-full wp-image-1348 size-full wp-image-1348\" src=\"http:\/\/www.cervantinaesquivias.org\/wordpress\/wp-content\/uploads\/2013\/12\/nacimiento-4.jpg\" mce_src=\"http:\/\/www.cervantinaesquivias.org\/wordpress\/wp-content\/uploads\/2013\/12\/nacimiento-4.jpg\" alt=\"alt\" width=\"709\" height=\"507\" srcset=\"http:\/\/www.cervantinaesquivias.org\/wordpress\/wp-content\/uploads\/2013\/12\/nacimiento-4.jpg 709w, http:\/\/www.cervantinaesquivias.org\/wordpress\/wp-content\/uploads\/2013\/12\/nacimiento-4-300x215.jpg 300w\" sizes=\"auto, (max-width: 709px) 100vw, 709px\" \/><\/p>\n<p style=\"text-align: center;\" mce_style=\"text-align: center;\">(La participaci\u00f3n de algunos hombres se hizo necesaria, de pie de izquierda a derecha: Juli\u00e1n, Jos\u00e9, Luis, Marcinao, y agachados: Miguel y Ambrosio \u00abSito\u00bb).<\/p>\n<p><\/p>\n<p><span style=\"font-size: medium;\" mce_style=\"font-size: medium;\"><span style=\"font-family: verdana, geneva;\" mce_style=\"font-family: verdana, geneva;\">El Bel\u00e9n permanecer\u00e1 abierto al p\u00fablico hasta pasada la festividad de los Reyes Magos, con los siguientes horarios:<\/span><\/span><\/p>\n<p><span style=\"font-size: medium;\" mce_style=\"font-size: medium;\"><span style=\"font-family: verdana, geneva;\" mce_style=\"font-family: verdana, geneva;\">Dias laborables: de 17,30 a 20,30 horas.<\/span><\/span><\/p>\n<p><span style=\"font-size: medium;\" mce_style=\"font-size: medium;\"><span style=\"font-family: verdana, geneva;\" mce_style=\"font-family: verdana, geneva;\">S\u00e1bados y festivos: de 12,00 a 14,00 y de 17,30 a 20,30 horas.<\/span><\/span><\/p>\n<p><\/p>\n<p style=\"text-align: right;\" mce_style=\"text-align: right;\"><span style=\"font-size: medium;\" mce_style=\"font-size: medium;\"><span mce_style=\"font-family: verdana, geneva;\"><i><b><span style=\"font-size: small;\" mce_style=\"font-size: small;\"><span style=\"font-family: helvetica;\" mce_style=\"font-family: helvetica;\">Sabino de Diego.<\/span><\/span><\/b><\/i><\/span><\/span><\/p>\n<p><\/p>\n<p><span style=\"font-size: medium;\" mce_style=\"font-size: medium;\"><span style=\"font-family: verdana, geneva;\" mce_style=\"font-family: verdana, geneva;\"><br \/><\/span><\/span><\/p>\n","protected":false},"excerpt":{"rendered":"<p>Como es tradicional, la Asociaci\u00f3n de Mujeres \u00abCatalina de Palacios\u00bb de Esquivias, ha montado un Bel\u00e9n Navide\u00f1o en el Convento [&hellip;]<\/p>\n","protected":false},"author":1,"featured_media":1341,"comment_status":"open","ping_status":"open","sticky":false,"template":"","format":"standard","meta":{"footnotes":""},"categories":[9],"tags":[],"class_list":["post-1349","post","type-post","status-publish","format-standard","has-post-thumbnail","hentry","category-noticias-de-la-web"],"_links":{"self":[{"href":"http:\/\/www.cervantinaesquivias.org\/wordpress\/wp-json\/wp\/v2\/posts\/1349","targetHints":{"allow":["GET"]}}],"collection":[{"href":"http:\/\/www.cervantinaesquivias.org\/wordpress\/wp-json\/wp\/v2\/posts"}],"about":[{"href":"http:\/\/www.cervantinaesquivias.org\/wordpress\/wp-json\/wp\/v2\/types\/post"}],"author":[{"embeddable":true,"href":"http:\/\/www.cervantinaesquivias.org\/wordpress\/wp-json\/wp\/v2\/users\/1"}],"replies":[{"embeddable":true,"href":"http:\/\/www.cervantinaesquivias.org\/wordpress\/wp-json\/wp\/v2\/comments?post=1349"}],"version-history":[{"count":0,"href":"http:\/\/www.cervantinaesquivias.org\/wordpress\/wp-json\/wp\/v2\/posts\/1349\/revisions"}],"wp:featuredmedia":[{"embeddable":true,"href":"http:\/\/www.cervantinaesquivias.org\/wordpress\/wp-json\/wp\/v2\/media\/1341"}],"wp:attachment":[{"href":"http:\/\/www.cervantinaesquivias.org\/wordpress\/wp-json\/wp\/v2\/media?parent=1349"}],"wp:term":[{"taxonomy":"category","embeddable":true,"href":"http:\/\/www.cervantinaesquivias.org\/wordpress\/wp-json\/wp\/v2\/categories?post=1349"},{"taxonomy":"post_tag","embeddable":true,"href":"http:\/\/www.cervantinaesquivias.org\/wordpress\/wp-json\/wp\/v2\/tags?post=1349"}],"curies":[{"name":"wp","href":"https:\/\/api.w.org\/{rel}","templated":true}]}}