{"id":1340,"date":"2013-12-19T17:08:54","date_gmt":"2013-12-19T17:08:54","guid":{"rendered":"http:\/\/www.cervantinaesquivias.org\/wordpress\/2013\/12\/19\/celebracion-de-las-xxxiv-jornadas-cervantinas-en-esquivias\/"},"modified":"2013-12-19T17:08:54","modified_gmt":"2013-12-19T17:08:54","slug":"celebracion-de-las-xxxiv-jornadas-cervantinas-en-esquivias","status":"publish","type":"post","link":"http:\/\/www.cervantinaesquivias.org\/wordpress\/2013\/12\/19\/celebracion-de-las-xxxiv-jornadas-cervantinas-en-esquivias\/","title":{"rendered":"CELEBRACION DE LAS XXXIV JORNADAS CERVANTINAS EN ESQUIVIAS. DICIEMBRE DE 2013."},"content":{"rendered":"<p style=\"text-align: justify;\" mce_style=\"text-align: justify;\"><span style=\"font-size: medium;\" mce_style=\"font-size: medium;\"><span style=\"font-family: verdana, geneva;\" mce_style=\"font-family: verdana, geneva;\">Organizado por el Ayuntamiento de Esquivias y la Sociedad Cervantina, se han celebrado las XXXIV JORNADAS CERVANTINAS DE ESQUIVIAS, en conmemoraci\u00f3n del CDXXIX aniversario de los desposorios de Miguel de Cervantes Saavedra con Catalina de Salazar y Palacios.<\/span><\/span><\/p>\n<p style=\"text-align: justify;\" mce_style=\"text-align: justify;\"><span style=\"font-family: verdana, geneva; font-size: medium; line-height: 1.3em;\" mce_style=\"font-family: verdana, geneva; font-size: medium; line-height: 1.3em;\">Para esta ocasi\u00f3n, se han programado los Actos que a continuaci\u00f3n se describen, durante el mes de Diciembre de 2013, habiendo sido presentados a los medios de difusi\u00f3n social, el d\u00eda 4 de Diciembre, en el incomparable edificio del Instituto Cervantes de Madrid, sito en la Calle Alcal\u00e1, 49.<\/span><\/p>\n<p style=\"text-align: justify;\" mce_style=\"text-align: justify;\"><span style=\"font-family: verdana, geneva; font-size: medium; line-height: 1.3em;\" mce_style=\"font-family: verdana, geneva; font-size: medium; line-height: 1.3em;\"><br \/><\/span><\/p>\n<p style=\"text-align: center;\" mce_style=\"text-align: center;\"><span style=\"font-family: verdana, geneva; font-size: medium; line-height: 1.3em;\" mce_style=\"font-family: verdana, geneva; font-size: medium; line-height: 1.3em;\"><img loading=\"lazy\" decoding=\"async\" class=\" size-full wp-image-1306 size-full wp-image-1306\" src=\"http:\/\/www.cervantinaesquivias.org\/wordpress\/wp-content\/uploads\/2013\/12\/presentacion-2013-1.jpg\" mce_src=\"http:\/\/www.cervantinaesquivias.org\/wordpress\/wp-content\/uploads\/2013\/12\/presentacion-2013-1.jpg\" alt=\"alt\" width=\"597\" height=\"258\" srcset=\"http:\/\/www.cervantinaesquivias.org\/wordpress\/wp-content\/uploads\/2013\/12\/presentacion-2013-1.jpg 597w, http:\/\/www.cervantinaesquivias.org\/wordpress\/wp-content\/uploads\/2013\/12\/presentacion-2013-1-300x130.jpg 300w\" sizes=\"auto, (max-width: 597px) 100vw, 597px\" \/><br \/><\/span><\/p>\n<p style=\"text-align: justify;\" mce_style=\"text-align: justify;\"><\/p>\n<p style=\"text-align: justify;\" mce_style=\"text-align: justify;\"><span style=\"font-size: medium;\" mce_style=\"font-size: medium;\"><span style=\"font-family: verdana, geneva;\" mce_style=\"font-family: verdana, geneva;\">En la presentaci\u00f3n se hallaban presentes: <\/span><\/span><\/p>\n<p style=\"text-align: justify;\" mce_style=\"text-align: justify;\"><\/p>\n<p><!--more--><\/p>\n<p><\/p>\n<p style=\"text-align: justify;\" mce_style=\"text-align: justify;\"><span style=\"font-size: medium;\" mce_style=\"font-size: medium;\"><span style=\"font-family: verdana, geneva;\" mce_style=\"font-family: verdana, geneva;\"><span style=\"color: rgb(0, 0, 0);\" mce_style=\"color: #000000;\">Don Rafael Rodriguez-Ponga, Secretario General del Instituto Cervantes en Madrid, Don Fernando Jou Rivera, Delegado de la JCCM en Toledo, D<\/span>o\u00f1a Elena Fern\u00e1n<\/span><span style=\"font-family: verdana, geneva;\" mce_style=\"font-family: verdana, geneva;\">dez de Velasco Hern\u00e1ndez, Alcaldesa de Esquivias y Don Jos\u00e9 Rosell Villasevil, Presidente de la Sociedad Cervantina de Esquivias, as\u00ed como un numeroso grupo de personas interesadas en la evoluci\u00f3n de esta Edici\u00f3n de las Jornadas Cervantinas de Esquivias.<\/span><\/span><\/p>\n<p style=\"text-align: justify;\" mce_style=\"text-align: justify;\"><span style=\"font-size: medium;\" mce_style=\"font-size: medium;\"><span style=\"color: rgb(0, 0, 0);\" mce_style=\"color: #000000;\">Don\u00a0R<\/span><span style=\"font-family: verdana, geneva;\" mce_style=\"font-family: verdana, geneva;\">afael Rodr\u00edguez-Ponga resalt\u00f3 la importancia que tiene estas celebraciones en conmemoraci\u00f3n de los hechos ocurridos en vida de Miguel de Cervantes, y de la disposici\u00f3n en que se halla el Instituto Cervantes para este tipo de eventos.<\/span><\/span><\/p>\n<p style=\"text-align: justify;\" mce_style=\"text-align: justify;\"><span style=\"font-size: medium;\" mce_style=\"font-size: medium;\"><span style=\"font-family: verdana, geneva;\" mce_style=\"font-family: verdana, geneva;\">Don Fernando Jou destac\u00f3 la influencia que supuso para Cervantes a su paso por Esquivias y de sus desposorios con una esquiviana, anunciando que debemos prepararnos en Castilla la Mancha, y en Espa\u00f1a, para celebrar unos hechos importantes que en los pr\u00f3ximos a\u00f1os se van a conmemorar: En 2015, la celebraci\u00f3n del 400 aniversario de la publicaci\u00f3n de la Segunda Parte de Don Quijote de la Mancha, y en 2016, el 400 aniversario de la muerte de Miguel de Cervantes Saavedra, acontecimientos en lo que ya se halla inmersa la Junta de Comunidades de Castilla la Mancha.<\/span><\/span><\/p>\n<p style=\"text-align: justify;\" mce_style=\"text-align: justify;\"><span style=\"font-size: medium;\" mce_style=\"font-size: medium;\"><span style=\"font-family: verdana, geneva;\" mce_style=\"font-family: verdana, geneva;\">Por su parte, Do\u00f1a Elena Fern\u00e1ndez de Velasco destac\u00f3 el trabajo callado, pero constante que ha llevado a cabo la Sociedad Cervantina de Esquivias, que durante los \u00faltimos 34 a\u00f1os ha estado al frente de las actividades que vienen a recordarnos un hecho fundamental en la vida y la historia de Esquivias: La boda de una de sus hijas, Catalina, con Miguel de Cervantes.<\/span><\/span><\/p>\n<p style=\"text-align: justify;\" mce_style=\"text-align: justify;\"><span style=\"font-size: medium;\" mce_style=\"font-size: medium;\"><span style=\"font-family: verdana, geneva;\" mce_style=\"font-family: verdana, geneva;\">Don Jos\u00e9 Rosell, tuvo palabras de elogio para el Ayuntamiento de Esquivias, que tan generosamente ha sabido valorar la importancia que represent\u00f3 en su d\u00eda la uni\u00f3n de Cervantes y Catalina, que hizo que Esquivias entrara en la Historia de las Letras Hispanas.<\/span><\/span><\/p>\n<p style=\"text-align: center;\" mce_style=\"text-align: center;\"><img loading=\"lazy\" decoding=\"async\" class=\" size-full wp-image-1307 size-full wp-image-1307\" src=\"http:\/\/www.cervantinaesquivias.org\/wordpress\/wp-content\/uploads\/2013\/12\/presentacion-2013-2.jpg\" mce_src=\"http:\/\/www.cervantinaesquivias.org\/wordpress\/wp-content\/uploads\/2013\/12\/presentacion-2013-2.jpg\" alt=\"alt\" width=\"644\" height=\"362\" srcset=\"http:\/\/www.cervantinaesquivias.org\/wordpress\/wp-content\/uploads\/2013\/12\/presentacion-2013-2.jpg 644w, http:\/\/www.cervantinaesquivias.org\/wordpress\/wp-content\/uploads\/2013\/12\/presentacion-2013-2-300x169.jpg 300w\" sizes=\"auto, (max-width: 644px) 100vw, 644px\" \/><\/p>\n<p style=\"text-align: center;\" mce_style=\"text-align: center;\">(A la presentaci\u00f3n acudieron varios personajes idealizados por Cervantes: Don Alonso Quixada de Salazar, el T\u00edo Sancho y dos Hidalgas del Lugar de Esquivias)<\/p>\n<p style=\"text-align: justify;\" mce_style=\"text-align: justify;\"><span style=\"font-size: medium;\" mce_style=\"font-size: medium;\"><span style=\"font-family: verdana, geneva;\" mce_style=\"font-family: verdana, geneva;\"><b>El d\u00eda 5<\/b>, tuvo lugar el Preg\u00f3n de las Jornadas, que corri\u00f3 a cargo de Don Lorenzo D\u00edaz S\u00e1nchez, Premio Nacional de Gastronom\u00eda en dos Ediciones. Director de Cultura de Onda Cero Radio.<\/span><\/span><\/p>\n<p style=\"text-align: justify;\" mce_style=\"text-align: justify;\"><span style=\"font-size: medium;\" mce_style=\"font-size: medium;\"><span style=\"font-family: verdana, geneva;\" mce_style=\"font-family: verdana, geneva;\">Don Lorenzo D\u00edaz, como es natural en el, hizo alarde de una dial\u00e9ctica flu\u00edda y amena, destacando los valores culinarios que Cervantes incluy\u00f3 en El Quijote. <\/span><\/span><\/p>\n<p style=\"text-align: justify;\" mce_style=\"text-align: justify;\"><span style=\"font-size: medium;\" mce_style=\"font-size: medium;\"><span style=\"font-family: verdana, geneva;\" mce_style=\"font-family: verdana, geneva;\">La presentaci\u00f3n corri\u00f3 a cargo de la Alcaldesa de Esquivias, Do\u00f1a Elena Fern\u00e1ndez de Velasco, secundada por el Presidente de la Sociedad Cervantina de Esquivias, Don Jos\u00e9 Rosell Villasavil.<\/span><\/span><\/p>\n<p style=\"text-align: center;\" mce_style=\"text-align: center;\"><span style=\"font-size: medium;\" mce_style=\"font-size: medium;\"><span style=\"font-family: verdana, geneva;\" mce_style=\"font-family: verdana, geneva;\"><img loading=\"lazy\" decoding=\"async\" class=\" size-full wp-image-1308 size-full wp-image-1308\" src=\"http:\/\/www.cervantinaesquivias.org\/wordpress\/wp-content\/uploads\/2013\/12\/pregon-2013.jpg\" mce_src=\"http:\/\/www.cervantinaesquivias.org\/wordpress\/wp-content\/uploads\/2013\/12\/pregon-2013.jpg\" alt=\"alt\" width=\"425\" height=\"412\" srcset=\"http:\/\/www.cervantinaesquivias.org\/wordpress\/wp-content\/uploads\/2013\/12\/pregon-2013.jpg 425w, http:\/\/www.cervantinaesquivias.org\/wordpress\/wp-content\/uploads\/2013\/12\/pregon-2013-300x291.jpg 300w\" sizes=\"auto, (max-width: 425px) 100vw, 425px\" \/><br \/><\/span><\/span><\/p>\n<p style=\"text-align: center;\" mce_style=\"text-align: center;\">(Don Lorenzo Diaz en un momento del Preg\u00f3n).<\/p>\n<p style=\"text-align: justify;\" mce_style=\"text-align: justify;\"><\/p>\n<p style=\"text-align: justify;\" mce_style=\"text-align: justify;\"><span style=\"font-size: medium;\" mce_style=\"font-size: medium;\"><span style=\"font-family: verdana, geneva;\" mce_style=\"font-family: verdana, geneva;\"><b>Los d\u00edas 6 y 7 de Diciembre<\/b>, tuvieron lugar las representaciones de las Estampas Esquive\u00f1as 2013, que bajo el t\u00edtulo \u00abHonorabilidad Hidalga\u00bb Jaime Garc\u00eda escribe y dirige.<\/span><\/span><\/p>\n<p style=\"text-align: center;\" mce_style=\"text-align: center;\"><span style=\"font-size: medium;\" mce_style=\"font-size: medium;\"><span style=\"font-family: verdana, geneva;\" mce_style=\"font-family: verdana, geneva;\"><img loading=\"lazy\" decoding=\"async\" class=\" size-full wp-image-1309 size-full wp-image-1309\" src=\"http:\/\/www.cervantinaesquivias.org\/wordpress\/wp-content\/uploads\/2013\/12\/estampas-2013-3.jpg\" mce_src=\"http:\/\/www.cervantinaesquivias.org\/wordpress\/wp-content\/uploads\/2013\/12\/estampas-2013-3.jpg\" alt=\"alt\" width=\"425\" height=\"291\" srcset=\"http:\/\/www.cervantinaesquivias.org\/wordpress\/wp-content\/uploads\/2013\/12\/estampas-2013-3.jpg 425w, http:\/\/www.cervantinaesquivias.org\/wordpress\/wp-content\/uploads\/2013\/12\/estampas-2013-3-300x205.jpg 300w\" sizes=\"auto, (max-width: 425px) 100vw, 425px\" \/><\/span><\/span><\/p>\n<p style=\"text-align: center;\" mce_style=\"text-align: center;\">(La negociaci\u00f3n de la compra\/venta de un majuelo, a los Briviesca, parientes de los Palacios, no fue del todo \u00abpac\u00edfica\u00bb, pues Don Juan de Palacios, con su experiencia, logr\u00f3 sacar un mejor precio por la venta que por necesidad hac\u00eda su hermana Do\u00f1a Catalina).<\/p>\n<p style=\"text-align: justify;\" mce_style=\"text-align: justify;\"><span style=\"font-size: medium;\" mce_style=\"font-size: medium;\"><span style=\"font-family: verdana, geneva;\" mce_style=\"font-family: verdana, geneva;\">La trama se centra en el no bien entendido motivo por el cual las Velaciones del matrimonio de Miguel de Cervantes y Catalina de Salazar no se celebraron hasta pasados varios meses de los desposorios, sin que hasta entonces se resolviera el asunto de la dote entre ambos conyuges.<\/span><\/span><\/p>\n<p style=\"text-align: justify;\" mce_style=\"text-align: justify;\"><\/p>\n<p style=\"text-align: center;\" mce_style=\"text-align: center;\"><img loading=\"lazy\" decoding=\"async\" class=\" size-full wp-image-1310 size-full wp-image-1310\" src=\"http:\/\/www.cervantinaesquivias.org\/wordpress\/wp-content\/uploads\/2013\/12\/estampas-2013-1.jpg\" mce_src=\"http:\/\/www.cervantinaesquivias.org\/wordpress\/wp-content\/uploads\/2013\/12\/estampas-2013-1.jpg\" alt=\"alt\" width=\"425\" height=\"507\" srcset=\"http:\/\/www.cervantinaesquivias.org\/wordpress\/wp-content\/uploads\/2013\/12\/estampas-2013-1.jpg 425w, http:\/\/www.cervantinaesquivias.org\/wordpress\/wp-content\/uploads\/2013\/12\/estampas-2013-1-251x300.jpg 251w\" sizes=\"auto, (max-width: 425px) 100vw, 425px\" \/><\/p>\n<p style=\"text-align: center;\" mce_style=\"text-align: center;\"><span style=\"font-size: medium;\" mce_style=\"font-size: medium;\"><span style=\"font-size: small;\" mce_style=\"font-size: small;\">(Cervantes no argumentaba suficientemente a su esposa Catalina, de los motivos por los cuales deb\u00eda ausentarse de nuevo de Esquivias).<\/span><\/span><\/p>\n<p style=\"text-align: justify;\" mce_style=\"text-align: justify;\"><span style=\"font-size: medium;\" mce_style=\"font-size: medium;\"><span style=\"font-family: verdana, geneva;\" mce_style=\"font-family: verdana, geneva;\">Contrastan las dudas de la madre de Catalina, Do\u00f1a Catalina de Palacios con la de su hermano el cura Don Juan de Palacios, dudas que el tiempo acab\u00f3 por disipar, hasta el punto de que Do\u00f1a Catalina de Palacios otorga un Poder en favor de Miguel de Cervantes como prueba de la confianza que otro d\u00eda no se tuviera.<\/span><\/span><\/p>\n<p style=\"text-align: justify;\" mce_style=\"text-align: justify;\"><\/p>\n<p style=\"text-align: center;\" mce_style=\"text-align: center;\"><img loading=\"lazy\" decoding=\"async\" class=\" size-full wp-image-1311 size-full wp-image-1311\" src=\"http:\/\/www.cervantinaesquivias.org\/wordpress\/wp-content\/uploads\/2013\/12\/estampas-2013-4.jpg\" mce_src=\"http:\/\/www.cervantinaesquivias.org\/wordpress\/wp-content\/uploads\/2013\/12\/estampas-2013-4.jpg\" alt=\"alt\" width=\"425\" height=\"275\" srcset=\"http:\/\/www.cervantinaesquivias.org\/wordpress\/wp-content\/uploads\/2013\/12\/estampas-2013-4.jpg 425w, http:\/\/www.cervantinaesquivias.org\/wordpress\/wp-content\/uploads\/2013\/12\/estampas-2013-4-300x194.jpg 300w\" sizes=\"auto, (max-width: 425px) 100vw, 425px\" \/><\/p>\n<p style=\"text-align: center;\" mce_style=\"text-align: center;\">(El cura Juan de Palacios hab\u00eda fundado un P\u00f3sito, para regular y hacer asequible a los agricultores de Esquivias la adquisici\u00f3n de simiente para la siguiente cosecha, algo no bien vista por los Quixadas de Esquivias, que le presentaron sus quejas por sentirse agraviados al no poder realizar los negocios de anta\u00f1o).<\/p>\n<p style=\"text-align: justify;\" mce_style=\"text-align: justify;\"><span style=\"font-family: verdana, geneva; font-size: medium; line-height: 1.3em;\" mce_style=\"font-family: verdana, geneva; font-size: medium; line-height: 1.3em;\">Por otro lado, se expone la necesidad que ten\u00eda la familia de Catalina de Salazar de vender una suerte de majuelo, con lo que remediar las deudas que ten\u00eda contra\u00eddas Cervantes en Sevilla.<\/span><\/p>\n<p style=\"text-align: justify;\" mce_style=\"text-align: justify;\"><\/p>\n<p style=\"text-align: center;\" mce_style=\"text-align: center;\"><img loading=\"lazy\" decoding=\"async\" class=\" size-full wp-image-1312 size-full wp-image-1312\" src=\"http:\/\/www.cervantinaesquivias.org\/wordpress\/wp-content\/uploads\/2013\/12\/estampas-2013-2.jpg\" mce_src=\"http:\/\/www.cervantinaesquivias.org\/wordpress\/wp-content\/uploads\/2013\/12\/estampas-2013-2.jpg\" alt=\"alt\" width=\"425\" height=\"644\" srcset=\"http:\/\/www.cervantinaesquivias.org\/wordpress\/wp-content\/uploads\/2013\/12\/estampas-2013-2.jpg 425w, http:\/\/www.cervantinaesquivias.org\/wordpress\/wp-content\/uploads\/2013\/12\/estampas-2013-2-198x300.jpg 198w\" sizes=\"auto, (max-width: 425px) 100vw, 425px\" \/><\/p>\n<p style=\"text-align: center;\" mce_style=\"text-align: center;\">(Cervantes siempre hall\u00f3 apoyo en el joven Diego de Hondaro, esposo de Do\u00f1a Juana Gait\u00e1n)<\/p>\n<p style=\"text-align: justify;\" mce_style=\"text-align: justify;\"><\/p>\n<p style=\"text-align: justify;\" mce_style=\"text-align: justify;\"><span style=\"font-size: medium;\" mce_style=\"font-size: medium;\"><span style=\"font-family: verdana, geneva;\" mce_style=\"font-family: verdana, geneva;\">Dimes y diretes, junto con las nuevas ausencias que Cervantes deb\u00eda tener de su entorno conyugal, completan este episodio real en la vida de Cervantes en Esquivias.<\/span><\/span><\/p>\n<p style=\"text-align: justify;\" mce_style=\"text-align: justify;\"><span style=\"font-size: medium;\" mce_style=\"font-size: medium;\"><span style=\"font-family: verdana, geneva;\" mce_style=\"font-family: verdana, geneva;\">Tambi\u00e9n se trata de la pureza del agua de las fuentes de Esquivias, que en aquella \u00e9poca sembraban serias dudas sobre si era este o no, el motivo por el cual los vinos de Esquivias, tan bien apreciados hasta entonces, no alcanzaban la calidad y claridad que le hizo famoso.<\/span><\/span><\/p>\n<p style=\"text-align: justify;\" mce_style=\"text-align: justify;\"><\/p>\n<p style=\"text-align: justify;\" mce_style=\"text-align: justify;\"><\/p>\n<p style=\"text-align: center;\" mce_style=\"text-align: center;\"><img loading=\"lazy\" decoding=\"async\" class=\" size-full wp-image-1313 size-full wp-image-1313\" src=\"http:\/\/www.cervantinaesquivias.org\/wordpress\/wp-content\/uploads\/2013\/12\/estampas-2013-5.jpg\" mce_src=\"http:\/\/www.cervantinaesquivias.org\/wordpress\/wp-content\/uploads\/2013\/12\/estampas-2013-5.jpg\" alt=\"alt\" width=\"425\" height=\"251\" srcset=\"http:\/\/www.cervantinaesquivias.org\/wordpress\/wp-content\/uploads\/2013\/12\/estampas-2013-5.jpg 425w, http:\/\/www.cervantinaesquivias.org\/wordpress\/wp-content\/uploads\/2013\/12\/estampas-2013-5-300x177.jpg 300w\" sizes=\"auto, (max-width: 425px) 100vw, 425px\" \/><\/p>\n<p style=\"text-align: center;\" mce_style=\"text-align: center;\"><span style=\"font-size: medium;\" mce_style=\"font-size: medium;\"><span style=\"font-size: small;\" mce_style=\"font-size: small;\">(El matrimonio Cervantes con Sim\u00f3n Hern\u00e1ndez y su esposa, despu\u00e9s de haber apadrinado a un hijo de estos, llamado Juan).<\/span><\/span><\/p>\n<p style=\"text-align: center;\" mce_style=\"text-align: center;\"><img loading=\"lazy\" decoding=\"async\" class=\" size-full wp-image-1314 size-full wp-image-1314\" src=\"http:\/\/www.cervantinaesquivias.org\/wordpress\/wp-content\/uploads\/2013\/12\/estampas-2013-6.jpg\" mce_src=\"http:\/\/www.cervantinaesquivias.org\/wordpress\/wp-content\/uploads\/2013\/12\/estampas-2013-6.jpg\" alt=\"alt\" width=\"425\" height=\"319\" srcset=\"http:\/\/www.cervantinaesquivias.org\/wordpress\/wp-content\/uploads\/2013\/12\/estampas-2013-6.jpg 425w, http:\/\/www.cervantinaesquivias.org\/wordpress\/wp-content\/uploads\/2013\/12\/estampas-2013-6-300x225.jpg 300w\" sizes=\"auto, (max-width: 425px) 100vw, 425px\" \/><\/p>\n<p style=\"text-align: center;\" mce_style=\"text-align: center;\"><span style=\"font-size: medium;\" mce_style=\"font-size: medium;\"><span style=\"font-size: small;\" mce_style=\"font-size: small;\">(As\u00ed de sonriente posaba el ni\u00f1o Juan despu\u00e9s de ser bautizado. \u00bfO lo estaba por haber sido apadrinado por Miguel de Cervantes Saavedra y Catalina de Salazar y Palacios?).<\/span><\/span><\/p>\n<p style=\"text-align: center;\" mce_style=\"text-align: center;\"><span style=\"font-size: medium;\" mce_style=\"font-size: medium;\"><span style=\"font-size: small;\" mce_style=\"font-size: small;\"><br \/><\/span><\/span><\/p>\n<p style=\"text-align: justify;\" mce_style=\"text-align: justify;\"><span style=\"font-size: medium;\" mce_style=\"font-size: medium;\"><span style=\"font-family: verdana, geneva;\" mce_style=\"font-family: verdana, geneva;\">Finalmente, con motivo de que en uno de los viajes de retorno de Cervantes a Esquivias, \u00e9ste junto con su esposa Catalina de Salazar y Palacios, fueron padrinos de un ni\u00f1o llamado Juan, hijo de Sim\u00f3n Hern\u00e1ndez y Francisca Maria Romana, enlaza con una adaptaci\u00f3n libre del pasaje de los batanes, Cap\u00edtulo XX de la Primera Parte del Quijote.<\/span><\/span><\/p>\n<p style=\"text-align: justify;\" mce_style=\"text-align: justify;\"><\/p>\n<p style=\"text-align: justify;\" mce_style=\"text-align: justify;\"><\/p>\n<p style=\"text-align: center;\" mce_style=\"text-align: center;\"><img loading=\"lazy\" decoding=\"async\" class=\" size-full wp-image-1315 size-full wp-image-1315\" src=\"http:\/\/www.cervantinaesquivias.org\/wordpress\/wp-content\/uploads\/2013\/12\/estampas-2013-7.jpg\" mce_src=\"http:\/\/www.cervantinaesquivias.org\/wordpress\/wp-content\/uploads\/2013\/12\/estampas-2013-7.jpg\" alt=\"alt\" width=\"425\" height=\"262\" srcset=\"http:\/\/www.cervantinaesquivias.org\/wordpress\/wp-content\/uploads\/2013\/12\/estampas-2013-7.jpg 425w, http:\/\/www.cervantinaesquivias.org\/wordpress\/wp-content\/uploads\/2013\/12\/estampas-2013-7-300x185.jpg 300w\" sizes=\"auto, (max-width: 425px) 100vw, 425px\" \/><\/p>\n<p style=\"text-align: center;\" mce_style=\"text-align: center;\">(La recreaci\u00f3n del pasaje de los batanes, del Quijote, puso la nota de humor de las Estampas Esquive\u00f1as 2013).<\/p>\n<p style=\"text-align: center;\" mce_style=\"text-align: center;\"><\/p>\n<p style=\"text-align: center;\" mce_style=\"text-align: center;\"><span style=\"font-size: medium;\" mce_style=\"font-size: medium;\"><span style=\"font-family: verdana, geneva;\" mce_style=\"font-family: verdana, geneva;\">Reparto:<\/span><\/span><\/p>\n<p style=\"text-align: center;\" mce_style=\"text-align: center;\"><span style=\"font-size: medium;\" mce_style=\"font-size: medium;\"><span style=\"font-family: verdana, geneva;\" mce_style=\"font-family: verdana, geneva;\">Miguel de Cervantes&#8230;&#8230;&#8230;&#8230;&#8230;&#8230;&#8230;&#8230;&#8230;&#8230;..\u00c1lvaro Hermida.<\/span><\/span><\/p>\n<p style=\"text-align: center;\" mce_style=\"text-align: center;\"><span style=\"font-size: medium;\" mce_style=\"font-size: medium;\"><span style=\"font-family: verdana, geneva;\" mce_style=\"font-family: verdana, geneva;\">Francisco Ruiz (Licenciado)&#8230;&#8230;&#8230;&#8230;&#8230;..\u00c1ngel Luis Hermida.<\/span><\/span><\/p>\n<p style=\"text-align: center;\" mce_style=\"text-align: center;\"><span style=\"font-size: medium;\" mce_style=\"font-size: medium;\"><span style=\"font-family: verdana, geneva;\" mce_style=\"font-family: verdana, geneva;\">Quixada\/Sim\u00f3n Hern\u00e1ndez&#8230;&#8230;&#8230;&#8230;&#8230;&#8230;&#8230;&#8230;.Antonio Garc\u00eda.<\/span><\/span><\/p>\n<p style=\"text-align: center;\" mce_style=\"text-align: center;\"><span style=\"font-size: medium;\" mce_style=\"font-size: medium;\"><span style=\"font-family: verdana, geneva;\" mce_style=\"font-family: verdana, geneva;\">Do\u00f1a Catalina de Palacios&#8230;&#8230;&#8230;&#8230;&#8230;Clara Isabel Truchado.<\/span><\/span><\/p>\n<p style=\"text-align: center;\" mce_style=\"text-align: center;\"><span style=\"font-size: medium;\" mce_style=\"font-size: medium;\"><span style=\"font-family: verdana, geneva;\" mce_style=\"font-family: verdana, geneva;\">Zancas (hijo)\/Juan de Briviesca&#8230;&#8230;&#8230;.Crescencio de Diego.<\/span><\/span><\/p>\n<p style=\"text-align: center;\" mce_style=\"text-align: center;\"><span style=\"font-size: medium;\" mce_style=\"font-size: medium;\"><span style=\"font-family: verdana, geneva;\" mce_style=\"font-family: verdana, geneva;\">Do\u00f1a Mar\u00eda de C\u00e1rdenas&#8230;&#8230;&#8230;&#8230;&#8230;&#8230;&#8230;&#8230;.Cristina S\u00e1nchez.<\/span><\/span><\/p>\n<p style=\"text-align: center;\" mce_style=\"text-align: center;\"><span style=\"font-size: medium;\" mce_style=\"font-size: medium;\"><span style=\"font-family: verdana, geneva;\" mce_style=\"font-family: verdana, geneva;\">Diego de Hondaro&#8230;&#8230;&#8230;&#8230;&#8230;&#8230;&#8230;&#8230;&#8230;&#8230;&#8230;&#8230;&#8230;.Diego Peces.<\/span><\/span><\/p>\n<p style=\"text-align: center;\" mce_style=\"text-align: center;\"><span style=\"font-size: medium;\" mce_style=\"font-size: medium;\"><span style=\"font-family: verdana, geneva;\" mce_style=\"font-family: verdana, geneva;\">Mar\u00eda Romana&#8230;&#8230;&#8230;&#8230;&#8230;&#8230;&#8230;&#8230;&#8230;&#8230;Elena Fdez. de Velasco.<\/span><\/span><\/p>\n<p style=\"text-align: center;\" mce_style=\"text-align: center;\"><span style=\"font-size: medium;\" mce_style=\"font-size: medium;\"><span style=\"font-family: verdana, geneva;\" mce_style=\"font-family: verdana, geneva;\">Ni\u00f1o Juan&#8230;&#8230;&#8230;&#8230;&#8230;&#8230;&#8230;..\u00c1lvaro Hermida Fdez. de Velasco.<\/span><\/span><\/p>\n<p style=\"text-align: center;\" mce_style=\"text-align: center;\"><span style=\"font-size: medium;\" mce_style=\"font-size: medium;\"><span style=\"font-family: verdana, geneva;\" mce_style=\"font-family: verdana, geneva;\">Do\u00f1a Juana Gait\u00e1n&#8230;&#8230;&#8230;&#8230;&#8230;&#8230;&#8230;&#8230;&#8230;&#8230;&#8230;&#8230;.Julia Santano.<\/span><\/span><\/p>\n<p style=\"text-align: center;\" mce_style=\"text-align: center;\"><span style=\"font-size: medium;\" mce_style=\"font-size: medium;\"><span style=\"font-family: verdana, geneva;\" mce_style=\"font-family: verdana, geneva;\">Don Juan de Palacios&#8230;&#8230;&#8230;&#8230;&#8230;&#8230;&#8230;&#8230;&#8230;&#8230;&#8230;..Luis Serrano.<\/span><\/span><\/p>\n<p style=\"text-align: center;\" mce_style=\"text-align: center;\"><span style=\"font-size: medium;\" mce_style=\"font-size: medium;\"><span style=\"font-family: verdana, geneva;\" mce_style=\"font-family: verdana, geneva;\">Mar\u00eda de Salazar&#8230;&#8230;&#8230;&#8230;&#8230;&#8230;&#8230;Mar\u00eda del Carmen de Diego.<\/span><\/span><\/p>\n<p style=\"text-align: center;\" mce_style=\"text-align: center;\"><span style=\"font-size: medium;\" mce_style=\"font-size: medium;\"><span style=\"font-family: verdana, geneva;\" mce_style=\"font-family: verdana, geneva;\">T\u00edo Zancas\/Juan de Salazar&#8230;&#8230;&#8230;&#8230;&#8230;&#8230;&#8230;Mariano V\u00e1zquez.<\/span><\/span><\/p>\n<p style=\"text-align: center;\" mce_style=\"text-align: center;\"><span style=\"font-size: medium;\" mce_style=\"font-size: medium;\"><span style=\"font-family: verdana, geneva;\" mce_style=\"font-family: verdana, geneva;\">Tasador&#8230;&#8230;&#8230;&#8230;&#8230;&#8230;&#8230;&#8230;&#8230;&#8230;&#8230;&#8230;&#8230;&#8230;&#8230;&#8230;Mario Portanova.<\/span><\/span><\/p>\n<p style=\"text-align: center;\" mce_style=\"text-align: center;\"><span style=\"font-size: medium;\" mce_style=\"font-size: medium;\"><span style=\"font-family: verdana, geneva;\" mce_style=\"font-family: verdana, geneva;\">Quiteria de Palacios&#8230;&#8230;&#8230;&#8230;&#8230;&#8230;&#8230;&#8230;&#8230;&#8230;.S\u00e9fora Bargue\u00f1o.<\/span><\/span><\/p>\n<p style=\"text-align: center;\" mce_style=\"text-align: center;\"><span style=\"font-size: medium;\" mce_style=\"font-size: medium;\"><span style=\"font-family: verdana, geneva;\" mce_style=\"font-family: verdana, geneva;\">Catalina de Palacios&#8230;&#8230;&#8230;&#8230;&#8230;&#8230;&#8230;&#8230;&#8230;&#8230;&#8230;.Susana Garc\u00eda.<\/span><\/span><\/p>\n<p style=\"text-align: center;\" mce_style=\"text-align: center;\"><span style=\"font-size: medium;\" mce_style=\"font-size: medium;\"><span style=\"font-family: verdana, geneva;\" mce_style=\"font-family: verdana, geneva;\">Jer\u00f3rima de Salazar&#8230;&#8230;&#8230;&#8230;&#8230;&#8230;&#8230;&#8230;&#8230;&#8230;&#8230;Ver\u00f3nica Garc\u00eda.<\/span><\/span><\/p>\n<p style=\"text-align: center;\" mce_style=\"text-align: center;\"><\/p>\n<p style=\"text-align: center;\" mce_style=\"text-align: center;\"><\/p>\n<p style=\"text-align: justify;\" mce_style=\"text-align: justify;\"><span style=\"font-size: medium;\" mce_style=\"font-size: medium;\"><span style=\"font-family: verdana, geneva;\" mce_style=\"font-family: verdana, geneva;\"><b>El d\u00eda 7 de Diciembre<\/b>, tuvo lugar un pasacalles cervantino, por la calles y plazas del Lugar de Esquivias.\u00a0<\/span><\/span><\/p>\n<p style=\"text-align: justify;\" mce_style=\"text-align: justify;\"><span style=\"font-size: medium;\" mce_style=\"font-size: medium;\"><span style=\"font-family: verdana, geneva;\" mce_style=\"font-family: verdana, geneva;\">A la Rondalla de la Casa de Castilla la Mancha en Legan\u00e9s (Madrid), acompa\u00f1aron varias Hidalgas de Esquivias, componentes de la Asociaci\u00f3n de Mujeres \u00abCatalina de Palacios\u00bb.<\/span><\/span><\/p>\n<p style=\"text-align: center;\" mce_style=\"text-align: center;\"><img loading=\"lazy\" decoding=\"async\" class=\" size-full wp-image-1316 size-full wp-image-1316\" src=\"http:\/\/www.cervantinaesquivias.org\/wordpress\/wp-content\/uploads\/2013\/12\/pasacalles-2013-1.jpg\" mce_src=\"http:\/\/www.cervantinaesquivias.org\/wordpress\/wp-content\/uploads\/2013\/12\/pasacalles-2013-1.jpg\" alt=\"alt\" width=\"709\" height=\"531\" srcset=\"http:\/\/www.cervantinaesquivias.org\/wordpress\/wp-content\/uploads\/2013\/12\/pasacalles-2013-1.jpg 709w, http:\/\/www.cervantinaesquivias.org\/wordpress\/wp-content\/uploads\/2013\/12\/pasacalles-2013-1-300x225.jpg 300w\" sizes=\"auto, (max-width: 709px) 100vw, 709px\" \/><\/p>\n<p style=\"text-align: center;\" mce_style=\"text-align: center;\">(Los componentes del Pasacalles, salen por la puerta principal de la Casa de Cervantes de Esquivias).<\/p>\n<p style=\"text-align: center;\" mce_style=\"text-align: center;\"><img loading=\"lazy\" decoding=\"async\" class=\" size-full wp-image-1317 size-full wp-image-1317\" src=\"http:\/\/www.cervantinaesquivias.org\/wordpress\/wp-content\/uploads\/2013\/12\/pasacalles-2013-2.jpg\" mce_src=\"http:\/\/www.cervantinaesquivias.org\/wordpress\/wp-content\/uploads\/2013\/12\/pasacalles-2013-2.jpg\" alt=\"alt\" width=\"709\" height=\"504\" srcset=\"http:\/\/www.cervantinaesquivias.org\/wordpress\/wp-content\/uploads\/2013\/12\/pasacalles-2013-2.jpg 709w, http:\/\/www.cervantinaesquivias.org\/wordpress\/wp-content\/uploads\/2013\/12\/pasacalles-2013-2-300x213.jpg 300w\" sizes=\"auto, (max-width: 709px) 100vw, 709px\" \/><\/p>\n<p style=\"text-align: center;\" mce_style=\"text-align: center;\"><span style=\"font-size: medium;\" mce_style=\"font-size: medium;\"><span style=\"font-size: small;\" mce_style=\"font-size: small;\">(Hidalgas de Esquivias, encabezando la comitiva del Pasacalles Cervantino. Parece que ya se usaban gafas o anteojos en \u00e9poca de Cervantes).<\/span><\/span><\/p>\n<p style=\"text-align: center;\" mce_style=\"text-align: center;\"><\/p>\n<p style=\"text-align: justify;\" mce_style=\"text-align: justify;\"><span style=\"font-size: medium;\" mce_style=\"font-size: medium;\"><span style=\"font-family: verdana, geneva;\" mce_style=\"font-family: verdana, geneva;\"><b>El d\u00eda 8 de Diciembre<\/b>, se celebr\u00f3 una Jornada de Puertas Abiertas en la Casa-Museo de Cervantes de Esquivias, con escenificaci\u00f3n en varias dependencias de la Casa.<\/span><\/span><\/p>\n<p style=\"text-align: justify;\" mce_style=\"text-align: justify;\"><span style=\"font-size: medium;\" mce_style=\"font-size: medium;\"><span style=\"font-family: verdana, geneva;\" mce_style=\"font-family: verdana, geneva;\">Se volvi\u00f3 a representar \u00abEcos de una Boda\u00bb, debido a las m\u00faltiples solicitudes de que as\u00ed se hiciera.<\/span><\/span><\/p>\n<p style=\"text-align: center;\" mce_style=\"text-align: center;\"><span style=\"font-size: medium;\" mce_style=\"font-size: medium;\"><span style=\"font-family: verdana, geneva;\" mce_style=\"font-family: verdana, geneva;\"><img loading=\"lazy\" decoding=\"async\" class=\" size-full wp-image-1318 size-full wp-image-1318\" src=\"http:\/\/www.cervantinaesquivias.org\/wordpress\/wp-content\/uploads\/2013\/12\/visita-2013-4.jpg\" mce_src=\"http:\/\/www.cervantinaesquivias.org\/wordpress\/wp-content\/uploads\/2013\/12\/visita-2013-4.jpg\" alt=\"alt\" width=\"425\" height=\"373\" srcset=\"http:\/\/www.cervantinaesquivias.org\/wordpress\/wp-content\/uploads\/2013\/12\/visita-2013-4.jpg 425w, http:\/\/www.cervantinaesquivias.org\/wordpress\/wp-content\/uploads\/2013\/12\/visita-2013-4-300x263.jpg 300w\" sizes=\"auto, (max-width: 425px) 100vw, 425px\" \/><br \/><\/span><\/span><\/p>\n<p style=\"text-align: center;\" mce_style=\"text-align: center;\">(Do\u00f1a Juana Guti\u00e9rrez fue la introductora de los grupos en la Casa).<\/p>\n<p style=\"text-align: center;\" mce_style=\"text-align: center;\"><\/p>\n<p style=\"text-align: center;\" mce_style=\"text-align: center;\"><img loading=\"lazy\" decoding=\"async\" class=\" size-full wp-image-1319 size-full wp-image-1319\" src=\"http:\/\/www.cervantinaesquivias.org\/wordpress\/wp-content\/uploads\/2013\/12\/visita-2013-1.jpg\" mce_src=\"http:\/\/www.cervantinaesquivias.org\/wordpress\/wp-content\/uploads\/2013\/12\/visita-2013-1.jpg\" alt=\"alt\" width=\"425\" height=\"339\" srcset=\"http:\/\/www.cervantinaesquivias.org\/wordpress\/wp-content\/uploads\/2013\/12\/visita-2013-1.jpg 425w, http:\/\/www.cervantinaesquivias.org\/wordpress\/wp-content\/uploads\/2013\/12\/visita-2013-1-300x239.jpg 300w\" sizes=\"auto, (max-width: 425px) 100vw, 425px\" \/><\/p>\n<p style=\"text-align: center;\" mce_style=\"text-align: center;\"><span style=\"font-size: medium;\" mce_style=\"font-size: medium;\"><span style=\"font-size: small;\" mce_style=\"font-size: small;\">(En el zagu\u00e1n era Do\u00f1a Juana Gait\u00e1n quien pon\u00eda en antecedentes a los visitantes).<\/span><\/span><\/p>\n<p style=\"text-align: center;\" mce_style=\"text-align: center;\"><\/p>\n<p style=\"text-align: center;\" mce_style=\"text-align: center;\"><span style=\"font-size: medium;\" mce_style=\"font-size: medium;\"><span style=\"font-size: small;\" mce_style=\"font-size: small;\"><img loading=\"lazy\" decoding=\"async\" class=\" size-full wp-image-1320 size-full wp-image-1320\" src=\"http:\/\/www.cervantinaesquivias.org\/wordpress\/wp-content\/uploads\/2013\/12\/visita-2013-2.jpg\" mce_src=\"http:\/\/www.cervantinaesquivias.org\/wordpress\/wp-content\/uploads\/2013\/12\/visita-2013-2.jpg\" alt=\"alt\" width=\"425\" height=\"321\" srcset=\"http:\/\/www.cervantinaesquivias.org\/wordpress\/wp-content\/uploads\/2013\/12\/visita-2013-2.jpg 425w, http:\/\/www.cervantinaesquivias.org\/wordpress\/wp-content\/uploads\/2013\/12\/visita-2013-2-300x227.jpg 300w\" sizes=\"auto, (max-width: 425px) 100vw, 425px\" \/><br \/><\/span><\/span><\/p>\n<p style=\"text-align: center;\" mce_style=\"text-align: center;\"><span style=\"font-size: medium;\" mce_style=\"font-size: medium;\"><span style=\"font-size: small;\" mce_style=\"font-size: small;\">(El escrutinio de los libros de Don Quijote, se esperaba con cierto regocijo).<\/span><\/span><\/p>\n<p style=\"text-align: center;\" mce_style=\"text-align: center;\"><\/p>\n<p style=\"text-align: center;\" mce_style=\"text-align: center;\"><span style=\"font-size: medium;\" mce_style=\"font-size: medium;\"><span style=\"font-size: small;\" mce_style=\"font-size: small;\"><img loading=\"lazy\" decoding=\"async\" class=\" size-full wp-image-1321 size-full wp-image-1321\" src=\"http:\/\/www.cervantinaesquivias.org\/wordpress\/wp-content\/uploads\/2013\/12\/visita-2013-3.jpg\" mce_src=\"http:\/\/www.cervantinaesquivias.org\/wordpress\/wp-content\/uploads\/2013\/12\/visita-2013-3.jpg\" alt=\"alt\" width=\"425\" height=\"404\" srcset=\"http:\/\/www.cervantinaesquivias.org\/wordpress\/wp-content\/uploads\/2013\/12\/visita-2013-3.jpg 425w, http:\/\/www.cervantinaesquivias.org\/wordpress\/wp-content\/uploads\/2013\/12\/visita-2013-3-300x285.jpg 300w\" sizes=\"auto, (max-width: 425px) 100vw, 425px\" \/><\/span><\/span><\/p>\n<p style=\"text-align: center;\" mce_style=\"text-align: center;\">(Una de las criadas de Catalina de Salazar, llamada Juana, segu\u00eda siendo la criada mas incontrolada).<\/p>\n<p style=\"text-align: center;\" mce_style=\"text-align: center;\"><span style=\"font-size: medium;\" mce_style=\"font-size: medium;\"><span style=\"font-size: small;\" mce_style=\"font-size: small;\"><img loading=\"lazy\" decoding=\"async\" class=\" size-full wp-image-1322 size-full wp-image-1322\" src=\"http:\/\/www.cervantinaesquivias.org\/wordpress\/wp-content\/uploads\/2013\/12\/visita-2013-5.jpg\" mce_src=\"http:\/\/www.cervantinaesquivias.org\/wordpress\/wp-content\/uploads\/2013\/12\/visita-2013-5.jpg\" alt=\"alt\" width=\"425\" height=\"319\" srcset=\"http:\/\/www.cervantinaesquivias.org\/wordpress\/wp-content\/uploads\/2013\/12\/visita-2013-5.jpg 425w, http:\/\/www.cervantinaesquivias.org\/wordpress\/wp-content\/uploads\/2013\/12\/visita-2013-5-300x225.jpg 300w\" sizes=\"auto, (max-width: 425px) 100vw, 425px\" \/><br \/><\/span><\/span><\/p>\n<p style=\"text-align: center;\" mce_style=\"text-align: center;\"><span style=\"font-size: medium;\" mce_style=\"font-size: medium;\"><span style=\"font-size: small;\" mce_style=\"font-size: small;\">(Don Alonso Quixada leyendo y Sancho comiendo. Todo normal).<\/span><\/span><\/p>\n<p style=\"text-align: center;\" mce_style=\"text-align: center;\"><span style=\"font-size: medium;\" mce_style=\"font-size: medium;\"><span style=\"font-size: small;\" mce_style=\"font-size: small;\"><img loading=\"lazy\" decoding=\"async\" class=\" size-full wp-image-1323 size-full wp-image-1323\" src=\"http:\/\/www.cervantinaesquivias.org\/wordpress\/wp-content\/uploads\/2013\/12\/visita-2013-6.jpg\" mce_src=\"http:\/\/www.cervantinaesquivias.org\/wordpress\/wp-content\/uploads\/2013\/12\/visita-2013-6.jpg\" alt=\"alt\" width=\"425\" height=\"319\" srcset=\"http:\/\/www.cervantinaesquivias.org\/wordpress\/wp-content\/uploads\/2013\/12\/visita-2013-6.jpg 425w, http:\/\/www.cervantinaesquivias.org\/wordpress\/wp-content\/uploads\/2013\/12\/visita-2013-6-300x225.jpg 300w\" sizes=\"auto, (max-width: 425px) 100vw, 425px\" \/><br \/><\/span><\/span><\/p>\n<p style=\"text-align: center;\" mce_style=\"text-align: center;\">(La Torralba, el morisco Ricote, Francisco Marcos y el Vizcaino, en la Bodega).<\/p>\n<p style=\"text-align: center;\" mce_style=\"text-align: center;\"><img loading=\"lazy\" decoding=\"async\" class=\" size-full wp-image-1324 size-full wp-image-1324\" src=\"http:\/\/www.cervantinaesquivias.org\/wordpress\/wp-content\/uploads\/2013\/12\/visita-2013-7.jpg\" mce_src=\"http:\/\/www.cervantinaesquivias.org\/wordpress\/wp-content\/uploads\/2013\/12\/visita-2013-7.jpg\" alt=\"alt\" width=\"425\" height=\"324\" srcset=\"http:\/\/www.cervantinaesquivias.org\/wordpress\/wp-content\/uploads\/2013\/12\/visita-2013-7.jpg 425w, http:\/\/www.cervantinaesquivias.org\/wordpress\/wp-content\/uploads\/2013\/12\/visita-2013-7-300x229.jpg 300w\" sizes=\"auto, (max-width: 425px) 100vw, 425px\" \/><\/p>\n<p style=\"text-align: center;\" mce_style=\"text-align: center;\">(El morisco Ricote y el sacrist\u00e1n Francisco Marcos, de vuelta de una \u00abincursi\u00f3n\u00bb a la cueva).<\/p>\n<p style=\"text-align: center;\" mce_style=\"text-align: center;\"><span style=\"font-size: medium;\" mce_style=\"font-size: medium;\"><span style=\"font-family: verdana, geneva;\" mce_style=\"font-family: verdana, geneva;\">El reparto fue el siguiente:<\/span><\/span><\/p>\n<p style=\"text-align: center;\" mce_style=\"text-align: center;\"><span style=\"font-size: medium;\" mce_style=\"font-size: medium;\"><span style=\"font-family: verdana, geneva;\" mce_style=\"font-family: verdana, geneva;\">Do\u00f1a Juana Guti\u00e9rrez&#8230;&#8230;&#8230;&#8230;&#8230;&#8230;&#8230;&#8230;&#8230;.Agustina Rabad\u00e1n.<\/span><\/span><\/p>\n<p style=\"text-align: center;\" mce_style=\"text-align: center;\"><span style=\"font-size: medium;\" mce_style=\"font-size: medium;\"><span style=\"font-family: verdana, geneva;\" mce_style=\"font-family: verdana, geneva;\">Do\u00f1a Juana Gait\u00e1n&#8230;&#8230;&#8230;&#8230;&#8230;&#8230;&#8230;&#8230;&#8230;&#8230;&#8230;&#8230;.Susana Garc\u00eda.<\/span><\/span><\/p>\n<p style=\"text-align: center;\" mce_style=\"text-align: center;\"><span style=\"font-size: medium;\" mce_style=\"font-size: medium;\"><span style=\"font-family: verdana, geneva;\" mce_style=\"font-family: verdana, geneva;\">Mar\u00eda de Ugena (criada 1\u00aa)&#8230;&#8230;&#8230;&#8230;&#8230;&#8230;Ana Bel\u00e9n de Diego.<\/span><\/span><\/p>\n<p style=\"text-align: center;\" mce_style=\"text-align: center;\"><span style=\"font-size: medium;\" mce_style=\"font-size: medium;\"><span style=\"font-family: verdana, geneva;\" mce_style=\"font-family: verdana, geneva;\">El Cura Pero P\u00e9rez&#8230;&#8230;&#8230;&#8230;&#8230;&#8230;&#8230;&#8230;&#8230;&#8230;&#8230;&#8230;&#8230;&#8230;Jos\u00e9 Rosell.<\/span><\/span><\/p>\n<p style=\"text-align: center;\" mce_style=\"text-align: center;\"><span style=\"font-size: medium;\" mce_style=\"font-size: medium;\"><span style=\"font-family: verdana, geneva;\" mce_style=\"font-family: verdana, geneva;\">Maese Nicol\u00e1s&#8230;&#8230;&#8230;&#8230;&#8230;&#8230;&#8230;&#8230;&#8230;&#8230;&#8230;&#8230;\u00c1ngel Luis Hermida.<\/span><\/span><\/p>\n<p style=\"text-align: center;\" mce_style=\"text-align: center;\"><span style=\"font-size: medium;\" mce_style=\"font-size: medium;\"><span style=\"font-family: verdana, geneva;\" mce_style=\"font-family: verdana, geneva;\">El Ama&#8230;&#8230;&#8230;&#8230;&#8230;&#8230;&#8230;&#8230;&#8230;&#8230;&#8230;&#8230;&#8230;&#8230;&#8230;&#8230;&#8230;&#8230;Isabel Garc\u00eda.<\/span><\/span><\/p>\n<p style=\"text-align: center;\" mce_style=\"text-align: center;\"><span style=\"font-size: medium;\" mce_style=\"font-size: medium;\"><span style=\"font-family: verdana, geneva;\" mce_style=\"font-family: verdana, geneva;\">La Sobrina&#8230;&#8230;&#8230;&#8230;&#8230;&#8230;&#8230;&#8230;&#8230;&#8230;&#8230;&#8230;&#8230;&#8230;&#8230;&#8230;&#8230;Andrea D\u00edaz.<\/span><\/span><\/p>\n<p style=\"text-align: center;\" mce_style=\"text-align: center;\"><span style=\"font-size: medium;\" mce_style=\"font-size: medium;\"><span style=\"font-family: verdana, geneva;\" mce_style=\"font-family: verdana, geneva;\">Juana (criada 2\u00aa)&#8230;&#8230;&#8230;&#8230;&#8230;&#8230;&#8230;Ana Maria de Diego Romero.<\/span><\/span><\/p>\n<p style=\"text-align: center;\" mce_style=\"text-align: center;\"><span style=\"font-size: medium;\" mce_style=\"font-size: medium;\"><span style=\"font-family: verdana, geneva;\" mce_style=\"font-family: verdana, geneva;\">Catalina de Salazar y Palacios&#8230;&#8230;&#8230;&#8230;&#8230;&#8230;&#8230;..Julia Santano.<\/span><\/span><\/p>\n<p style=\"text-align: center;\" mce_style=\"text-align: center;\"><span style=\"font-size: medium;\" mce_style=\"font-size: medium;\"><span style=\"font-family: verdana, geneva;\" mce_style=\"font-family: verdana, geneva;\">Mar\u00eda de Palacios&#8230;&#8230;&#8230;&#8230;&#8230;&#8230;&#8230;&#8230;&#8230;&#8230;&#8230;&#8230;Cristina S\u00e1nchez.<\/span><\/span><\/p>\n<p style=\"text-align: center;\" mce_style=\"text-align: center;\"><span style=\"font-size: medium;\" mce_style=\"font-size: medium;\"><span style=\"font-family: verdana, geneva;\" mce_style=\"font-family: verdana, geneva;\">Miguel de Cervantes Saavedra&#8230;&#8230;&#8230;&#8230;&#8230;&#8230;..\u00c1lvaro Hermida.<\/span><\/span><\/p>\n<p style=\"text-align: center;\" mce_style=\"text-align: center;\"><span style=\"font-size: medium;\" mce_style=\"font-size: medium;\"><span style=\"font-family: verdana, geneva;\" mce_style=\"font-family: verdana, geneva;\">Luc\u00eda (criada 3\u00aa)&#8230;&#8230;&#8230;&#8230;&#8230;&#8230;&#8230;&#8230;&#8230;&#8230;&#8230;..Maria Jes\u00fas Garc\u00eda.<\/span><\/span><\/p>\n<p style=\"text-align: center;\" mce_style=\"text-align: center;\"><span style=\"font-size: medium;\" mce_style=\"font-size: medium;\"><span style=\"font-family: verdana, geneva;\" mce_style=\"font-family: verdana, geneva;\">Don Alonso Quixada de Salazar&#8230;&#8230;&#8230;&#8230;Crescencio de Diego.<\/span><\/span><\/p>\n<p style=\"text-align: center;\" mce_style=\"text-align: center;\"><span style=\"font-size: medium;\" mce_style=\"font-size: medium;\"><span style=\"font-family: verdana, geneva;\" mce_style=\"font-family: verdana, geneva;\">El T\u00edo Sancho&#8230;&#8230;&#8230;&#8230;&#8230;&#8230;&#8230;&#8230;&#8230;&#8230;&#8230;&#8230;&#8230;..Mariano V\u00e1zquez.<\/span><\/span><\/p>\n<p style=\"text-align: center;\" mce_style=\"text-align: center;\"><span style=\"font-size: medium;\" mce_style=\"font-size: medium;\"><span style=\"font-family: verdana, geneva;\" mce_style=\"font-family: verdana, geneva;\">Teresa Panza\/Cascajo&#8230;&#8230;&#8230;&#8230;&#8230;&#8230;&#8230;..Clara Isabel Truchado.<\/span><\/span><\/p>\n<p style=\"text-align: center;\" mce_style=\"text-align: center;\"><span style=\"font-size: medium;\" mce_style=\"font-size: medium;\"><span style=\"font-family: verdana, geneva;\" mce_style=\"font-family: verdana, geneva;\">Sanchica&#8230;&#8230;&#8230;&#8230;&#8230;&#8230;&#8230;&#8230;&#8230;..Ana Mar\u00eda de Diego Ruffiangel.<\/span><\/span><\/p>\n<p style=\"text-align: center;\" mce_style=\"text-align: center;\"><span style=\"font-size: medium;\" mce_style=\"font-size: medium;\"><span style=\"font-family: verdana, geneva;\" mce_style=\"font-family: verdana, geneva;\">Francisco Marcos&#8230;&#8230;&#8230;&#8230;&#8230;&#8230;&#8230;&#8230;&#8230;&#8230;&#8230;.Jos\u00e9 Mar\u00eda Medina.<\/span><\/span><\/p>\n<p style=\"text-align: center;\" mce_style=\"text-align: center;\"><span style=\"font-size: medium;\" mce_style=\"font-size: medium;\"><span style=\"font-family: verdana, geneva;\" mce_style=\"font-family: verdana, geneva;\">El morisco Ricote&#8230;&#8230;&#8230;&#8230;&#8230;&#8230;&#8230;&#8230;&#8230;&#8230;&#8230;&#8230;&#8230;&#8230;Luis Serrano.<\/span><\/span><\/p>\n<p style=\"text-align: center;\" mce_style=\"text-align: center;\"><span style=\"font-size: medium;\" mce_style=\"font-size: medium;\"><span style=\"font-family: verdana, geneva;\" mce_style=\"font-family: verdana, geneva;\">El Vizca\u00edno&#8230;&#8230;&#8230;&#8230;&#8230;&#8230;&#8230;&#8230;&#8230;&#8230;&#8230;&#8230;&#8230;&#8230;&#8230;..Antonio Garc\u00eda.<\/span><\/span><\/p>\n<p style=\"text-align: center;\" mce_style=\"text-align: center;\"><span style=\"font-size: medium;\" mce_style=\"font-size: medium;\"><span style=\"font-family: verdana, geneva;\" mce_style=\"font-family: verdana, geneva;\">La Torralba&#8230;&#8230;&#8230;&#8230;&#8230;&#8230;&#8230;&#8230;&#8230;&#8230;&#8230;&#8230;&#8230;&#8230;&#8230;&#8230;.Paqui Vargas.<\/span><\/span><\/p>\n<p style=\"text-align: center;\" mce_style=\"text-align: center;\"><\/p>\n<p style=\"text-align: center;\" mce_style=\"text-align: center;\"><\/p>\n<p style=\"text-align: justify;\" mce_style=\"text-align: justify;\"><span style=\"font-size: medium;\" mce_style=\"font-size: medium;\"><span style=\"font-family: verdana, geneva;\" mce_style=\"font-family: verdana, geneva;\"><b>El d\u00eda 9 de Diciembre<\/b>, se celebr\u00f3 un Concierto L\u00edrico, en el que se interpretaron composiciones del G\u00e9nero Chico (Zarzuela).<\/span><\/span><\/p>\n<p style=\"text-align: center;\" mce_style=\"text-align: center;\"><span style=\"font-size: medium;\" mce_style=\"font-size: medium;\"><span style=\"font-family: verdana, geneva;\" mce_style=\"font-family: verdana, geneva;\"><img loading=\"lazy\" decoding=\"async\" class=\" size-full wp-image-1325 size-full wp-image-1325\" src=\"http:\/\/www.cervantinaesquivias.org\/wordpress\/wp-content\/uploads\/2013\/12\/concierto-2013-1.jpg\" mce_src=\"http:\/\/www.cervantinaesquivias.org\/wordpress\/wp-content\/uploads\/2013\/12\/concierto-2013-1.jpg\" alt=\"alt\" width=\"425\" height=\"723\" srcset=\"http:\/\/www.cervantinaesquivias.org\/wordpress\/wp-content\/uploads\/2013\/12\/concierto-2013-1.jpg 425w, http:\/\/www.cervantinaesquivias.org\/wordpress\/wp-content\/uploads\/2013\/12\/concierto-2013-1-176x300.jpg 176w\" sizes=\"auto, (max-width: 425px) 100vw, 425px\" \/><br \/><\/span><\/span><\/p>\n<p style=\"text-align: center;\" mce_style=\"text-align: center;\">(Irene Moreno en el curso de su actuaci\u00f3n)<\/p>\n<p style=\"text-align: justify;\" mce_style=\"text-align: justify;\"><span style=\"font-size: medium;\" mce_style=\"font-size: medium;\"><span style=\"font-family: verdana, geneva;\" mce_style=\"font-family: verdana, geneva;\">En la primera parte actu\u00f3 la soprano Irene Moreno, acompa\u00f1ada al piano por Don L\u00e1zaro Pablo Cabrera Mosqueda, interpretando piezas de: \u00abEl Barberillo de Lavapi\u00e9s\u00bb, \u00abKatiusca la mujer Rusa\u00bb, \u00abLa Tabernera del Puerto\u00bb, \u00abMirentxu\u00bb y \u00abLas Musas Latinas\u00bb.<\/span><\/span><\/p>\n<p style=\"text-align: justify;\" mce_style=\"text-align: justify;\"><span style=\"font-size: medium;\" mce_style=\"font-size: medium;\"><span style=\"font-family: verdana, geneva;\" mce_style=\"font-family: verdana, geneva;\"><br \/><\/span><\/span><\/p>\n<p style=\"text-align: center;\" mce_style=\"text-align: center;\"><span style=\"font-size: medium;\" mce_style=\"font-size: medium;\"><span style=\"font-family: verdana, geneva;\" mce_style=\"font-family: verdana, geneva;\"><img loading=\"lazy\" decoding=\"async\" class=\" size-full wp-image-1326 size-full wp-image-1326\" src=\"http:\/\/www.cervantinaesquivias.org\/wordpress\/wp-content\/uploads\/2013\/12\/concierto-2013-2.jpg\" mce_src=\"http:\/\/www.cervantinaesquivias.org\/wordpress\/wp-content\/uploads\/2013\/12\/concierto-2013-2.jpg\" alt=\"alt\" width=\"709\" height=\"580\" srcset=\"http:\/\/www.cervantinaesquivias.org\/wordpress\/wp-content\/uploads\/2013\/12\/concierto-2013-2.jpg 709w, http:\/\/www.cervantinaesquivias.org\/wordpress\/wp-content\/uploads\/2013\/12\/concierto-2013-2-300x245.jpg 300w\" sizes=\"auto, (max-width: 709px) 100vw, 709px\" \/><br \/><\/span><\/span><\/p>\n<p style=\"text-align: center;\" mce_style=\"text-align: center;\">(La soprano Irene Moreno con parte de la Coral Catalina de Palacios)<\/p>\n<p style=\"text-align: justify;\" mce_style=\"text-align: justify;\"><span style=\"font-size: medium;\" mce_style=\"font-size: medium;\"><span style=\"font-family: verdana, geneva;\" mce_style=\"font-family: verdana, geneva;\">En la segunda parte intervino la Coral Polif\u00f3nica \u00abCatalina de Palacios de Esquivias\u00bb, reforzada con la soprano Irene Moreno, interpretando piezas de la Zarzuela \u00abEl Huesped del Sevillano\u00bb.<\/span><\/span><\/p>\n<p style=\"text-align: center;\" mce_style=\"text-align: center;\"><span style=\"font-size: medium;\" mce_style=\"font-size: medium;\"><span style=\"font-family: verdana, geneva;\" mce_style=\"font-family: verdana, geneva;\"><img loading=\"lazy\" decoding=\"async\" class=\" size-full wp-image-1327 size-full wp-image-1327\" src=\"http:\/\/www.cervantinaesquivias.org\/wordpress\/wp-content\/uploads\/2013\/12\/concierto-2013-3.jpg\" mce_src=\"http:\/\/www.cervantinaesquivias.org\/wordpress\/wp-content\/uploads\/2013\/12\/concierto-2013-3.jpg\" alt=\"alt\" width=\"709\" height=\"565\" srcset=\"http:\/\/www.cervantinaesquivias.org\/wordpress\/wp-content\/uploads\/2013\/12\/concierto-2013-3.jpg 709w, http:\/\/www.cervantinaesquivias.org\/wordpress\/wp-content\/uploads\/2013\/12\/concierto-2013-3-300x239.jpg 300w\" sizes=\"auto, (max-width: 709px) 100vw, 709px\" \/><br \/><\/span><\/span><\/p>\n<p style=\"text-align: center;\" mce_style=\"text-align: center;\">(parte de la Coral Catalina de Palacios en plena actuaci\u00f3n)<\/p>\n<p style=\"text-align: center;\" mce_style=\"text-align: center;\"><\/p>\n<p style=\"text-align: justify;\" mce_style=\"text-align: justify;\"><span style=\"font-size: medium;\" mce_style=\"font-size: medium;\"><span style=\"font-family: verdana, geneva;\" mce_style=\"font-family: verdana, geneva;\"><b>El d\u00eda 10 de Dieciembre<\/b>, tuvo lugar la tradicional Cata de Vinos, que coordinada por el en\u00f3logo Pedro Hermida cont\u00f3 con la sabia presencia del Sumiller Don Jos\u00e9 Miguel Garc\u00eda Domingo, galardonado con el premio \u00abNariz de Oro de las Comunidades de Madrid y Castilla Le\u00f3n del a\u00f1o 2009\u00bb.<\/span><\/span><\/p>\n<p style=\"text-align: center;\" mce_style=\"text-align: center;\"><span style=\"font-size: medium;\" mce_style=\"font-size: medium;\"><span style=\"font-family: verdana, geneva;\" mce_style=\"font-family: verdana, geneva;\"><img loading=\"lazy\" decoding=\"async\" class=\" size-full wp-image-1328 size-full wp-image-1328\" src=\"http:\/\/www.cervantinaesquivias.org\/wordpress\/wp-content\/uploads\/2013\/12\/cata-de-vinos-2013.jpg\" mce_src=\"http:\/\/www.cervantinaesquivias.org\/wordpress\/wp-content\/uploads\/2013\/12\/cata-de-vinos-2013.jpg\" alt=\"alt\" width=\"425\" height=\"499\" srcset=\"http:\/\/www.cervantinaesquivias.org\/wordpress\/wp-content\/uploads\/2013\/12\/cata-de-vinos-2013.jpg 425w, http:\/\/www.cervantinaesquivias.org\/wordpress\/wp-content\/uploads\/2013\/12\/cata-de-vinos-2013-256x300.jpg 256w\" sizes=\"auto, (max-width: 425px) 100vw, 425px\" \/><br \/><\/span><\/span><\/p>\n<p style=\"text-align: center;\" mce_style=\"text-align: center;\"><span style=\"font-size: medium;\" mce_style=\"font-size: medium;\"><span style=\"font-size: small;\" mce_style=\"font-size: small;\">(Jos\u00e9 Miguel Garc\u00eda Domingo descorchando las botellas de vino que despu\u00e9s ser\u00edan objeto de la Cata, en presencia del en\u00f3logo Pedro Hermida).<\/span><\/span><\/p>\n<p style=\"text-align: justify;\" mce_style=\"text-align: justify;\"><span style=\"font-size: medium;\" mce_style=\"font-size: medium;\"><span style=\"font-family: verdana, geneva;\" mce_style=\"font-family: verdana, geneva;\">Jos\u00e9 Miguel sent\u00f3 c\u00e1tedra como conocedor de los secretos del vino, participando todos los presentes en la cata. El acto se llev\u00f3 a cabo en las bodegas de la Casa de Cervantes.<\/span><\/span><\/p>\n<p style=\"text-align: justify;\" mce_style=\"text-align: justify;\"><\/p>\n<p style=\"text-align: center;\" mce_style=\"text-align: center;\"><span style=\"font-size: medium;\" mce_style=\"font-size: medium;\"><span style=\"font-family: verdana, geneva;\" mce_style=\"font-family: verdana, geneva;\"><img loading=\"lazy\" decoding=\"async\" class=\" size-full wp-image-1329 size-full wp-image-1329\" src=\"http:\/\/www.cervantinaesquivias.org\/wordpress\/wp-content\/uploads\/2013\/12\/cata-de-vinos.-publico.jpg\" mce_src=\"http:\/\/www.cervantinaesquivias.org\/wordpress\/wp-content\/uploads\/2013\/12\/cata-de-vinos.-publico.jpg\" alt=\"alt\" width=\"709\" height=\"531\" srcset=\"http:\/\/www.cervantinaesquivias.org\/wordpress\/wp-content\/uploads\/2013\/12\/cata-de-vinos.-publico.jpg 709w, http:\/\/www.cervantinaesquivias.org\/wordpress\/wp-content\/uploads\/2013\/12\/cata-de-vinos.-publico-300x225.jpg 300w\" sizes=\"auto, (max-width: 709px) 100vw, 709px\" \/><br \/><\/span><\/span><\/p>\n<p style=\"text-align: center;\" mce_style=\"text-align: center;\"><span style=\"font-size: medium;\" mce_style=\"font-size: medium;\"><span style=\"font-size: small;\" mce_style=\"font-size: small;\">(Parte del p\u00fablico asistente a la Cata de Vinos).<\/span><\/span><\/p>\n<p style=\"text-align: center;\" mce_style=\"text-align: center;\"><\/p>\n<p style=\"text-align: justify;\" mce_style=\"text-align: justify;\"><span style=\"font-size: medium;\" mce_style=\"font-size: medium;\"><span style=\"font-family: verdana, geneva;\" mce_style=\"font-family: verdana, geneva;\"><b>El d\u00eda 11 de Diciembre<\/b>, se celebr\u00f3 una Conferencia Taurina, a cargo de Don Andr\u00e9s Amor\u00f3s Guardiola.<\/span><\/span><\/p>\n<p style=\"text-align: center;\" mce_style=\"text-align: center;\"><span style=\"font-size: medium;\" mce_style=\"font-size: medium;\"><span style=\"font-family: verdana, geneva;\" mce_style=\"font-family: verdana, geneva;\"><img loading=\"lazy\" decoding=\"async\" class=\" size-full wp-image-1330 size-full wp-image-1330\" src=\"http:\/\/www.cervantinaesquivias.org\/wordpress\/wp-content\/uploads\/2013\/12\/conferencia-amoros-1.jpg\" mce_src=\"http:\/\/www.cervantinaesquivias.org\/wordpress\/wp-content\/uploads\/2013\/12\/conferencia-amoros-1.jpg\" alt=\"alt\" width=\"425\" height=\"429\" srcset=\"http:\/\/www.cervantinaesquivias.org\/wordpress\/wp-content\/uploads\/2013\/12\/conferencia-amoros-1.jpg 425w, http:\/\/www.cervantinaesquivias.org\/wordpress\/wp-content\/uploads\/2013\/12\/conferencia-amoros-1-297x300.jpg 297w, http:\/\/www.cervantinaesquivias.org\/wordpress\/wp-content\/uploads\/2013\/12\/conferencia-amoros-1-150x150.jpg 150w\" sizes=\"auto, (max-width: 425px) 100vw, 425px\" \/><br \/><\/span><\/span><\/p>\n<p style=\"text-align: center;\" mce_style=\"text-align: center;\">(En los momentos previos a la Conferencia Taurina, Do\u00f1a Elena Fern\u00e1ndez de Velasco y Don Andr\u00e9s Amor\u00f3s en la exposici\u00f3n de esculturas con motivos taurinos).<\/p>\n<p style=\"text-align: justify;\" mce_style=\"text-align: justify;\"><\/p>\n<p style=\"text-align: justify;\" mce_style=\"text-align: justify;\"><span style=\"font-size: medium;\" mce_style=\"font-size: medium;\"><span style=\"font-family: verdana, geneva;\" mce_style=\"font-family: verdana, geneva;\">A su calidad como Ensayista, Cr\u00edtico Literario, Historiador de la Literatura Espa\u00f1ola y Cr\u00edtico Taurino, entre otros, Don Andr\u00e9s Amor\u00f3s deleit\u00f3 a los asistentes a la conferencia, empleando una serie de argumentos, con su f\u00e1cil palabra, llev\u00e1ndonos por pasajes del Quijote, d\u00f3nde Cervantes ya hac\u00eda referencia a la fiesta de los toros, pasando despu\u00e9s a analizar la bondad y la cultura que representa este arte, desde su inicio con la cr\u00eda de los toros bravos, hasta la maestr\u00eda con que los buenos toreros dejan plasmado como gotas de arte sus volapi\u00e9s.<\/span><\/span><\/p>\n<p style=\"text-align: justify;\" mce_style=\"text-align: justify;\"><\/p>\n<p style=\"text-align: center;\" mce_style=\"text-align: center;\"><img loading=\"lazy\" decoding=\"async\" class=\" size-full wp-image-1331 size-full wp-image-1331\" src=\"http:\/\/www.cervantinaesquivias.org\/wordpress\/wp-content\/uploads\/2013\/12\/conferencia-amoros-2.jpg\" mce_src=\"http:\/\/www.cervantinaesquivias.org\/wordpress\/wp-content\/uploads\/2013\/12\/conferencia-amoros-2.jpg\" alt=\"alt\" width=\"425\" height=\"260\" srcset=\"http:\/\/www.cervantinaesquivias.org\/wordpress\/wp-content\/uploads\/2013\/12\/conferencia-amoros-2.jpg 425w, http:\/\/www.cervantinaesquivias.org\/wordpress\/wp-content\/uploads\/2013\/12\/conferencia-amoros-2-300x184.jpg 300w\" sizes=\"auto, (max-width: 425px) 100vw, 425px\" \/><\/p>\n<p style=\"text-align: center;\" mce_style=\"text-align: center;\"><span style=\"font-size: medium;\" mce_style=\"font-size: medium;\"><span style=\"font-size: small;\" mce_style=\"font-size: small;\">(Don Andr\u00e9s Amor\u00f3s en un momento de su Conferencia Taurina, seguida con atenci\u00f3n por la Alcaldesa de Esquivias).<\/span><\/span><\/p>\n<p style=\"text-align: justify;\" mce_style=\"text-align: justify;\"><span style=\"font-size: medium;\" mce_style=\"font-size: medium;\"><span style=\"font-family: verdana, geneva;\" mce_style=\"font-family: verdana, geneva;\">Al finalizar, se someti\u00f3 a las preguntas que le quisieran hacer el respetable p\u00fablico asistente, haciendo como si con sus contestaciones se prolongara la brillante conferencia dada.<\/span><\/span><\/p>\n<p style=\"text-align: justify;\" mce_style=\"text-align: justify;\"><\/p>\n<p style=\"text-align: justify;\" mce_style=\"text-align: justify;\"><span style=\"font-size: medium;\" mce_style=\"font-size: medium;\"><span style=\"font-family: verdana, geneva;\" mce_style=\"font-family: verdana, geneva;\"><b>Durante los d\u00edas 12 y 13 de Diciembre<\/b>, hubo representaciones de las Estampas Esquive\u00f1as para y por ni\u00f1os en edad escolar, bajo el T\u00edtulo \u00abEsquivias en las Novelas Ejemplares\u00bb.<\/span><\/span><\/p>\n<p style=\"text-align: justify;\" mce_style=\"text-align: justify;\"><\/p>\n<p style=\"text-align: center;\" mce_style=\"text-align: center;\"><span style=\"font-size: medium;\" mce_style=\"font-size: medium;\"><span style=\"font-family: verdana, geneva;\" mce_style=\"font-family: verdana, geneva;\"><img loading=\"lazy\" decoding=\"async\" class=\" size-full wp-image-1332 size-full wp-image-1332\" src=\"http:\/\/www.cervantinaesquivias.org\/wordpress\/wp-content\/uploads\/2013\/12\/estampas-escolares-2013.jpg\" mce_src=\"http:\/\/www.cervantinaesquivias.org\/wordpress\/wp-content\/uploads\/2013\/12\/estampas-escolares-2013.jpg\" alt=\"alt\" width=\"709\" height=\"512\" srcset=\"http:\/\/www.cervantinaesquivias.org\/wordpress\/wp-content\/uploads\/2013\/12\/estampas-escolares-2013.jpg 709w, http:\/\/www.cervantinaesquivias.org\/wordpress\/wp-content\/uploads\/2013\/12\/estampas-escolares-2013-300x217.jpg 300w\" sizes=\"auto, (max-width: 709px) 100vw, 709px\" \/><br \/><\/span><\/span><\/p>\n<p style=\"style\" mce_style=\"style\"><span style=\"font-family: verdana, geneva; font-size: medium; text-align: justify; line-height: 1.3em;\" mce_style=\"font-family: verdana, geneva; font-size: medium; text-align: justify; line-height: 1.3em;\">Las actuaciones corrieron a cargo de ni\u00f1as y ni\u00f1os del Grupo Esc\u00e9nico del CEIP. \u00abMiguel de Cervantes\u00bb de Esquivias, bajo gui\u00f3n y direcci\u00f3n de Jaime Garc\u00eda.<\/span><\/p>\n<p style=\"text-align: justify;\" mce_style=\"text-align: justify;\"><\/p>\n<p style=\"text-align: justify;\" mce_style=\"text-align: justify;\"><span style=\"font-size: medium;\" mce_style=\"font-size: medium;\"><span style=\"font-family: verdana, geneva;\" mce_style=\"font-family: verdana, geneva;\"><b>El d\u00eda 12 de Diciembre<\/b>, efem\u00e9rides del enlace matrimonial entre Miguel de Cervantes y Catalina de Salazar y Palacios, se celebr\u00f3 el tradicional banquete de bodas, al que asistieron un centenar de personas, en los salones del Complejo H-H de Esquivias.<\/span><\/span><\/p>\n<p style=\"text-align: center;\" mce_style=\"text-align: center;\"><img loading=\"lazy\" decoding=\"async\" class=\" size-full wp-image-1333 size-full wp-image-1333\" src=\"http:\/\/www.cervantinaesquivias.org\/wordpress\/wp-content\/uploads\/2013\/12\/cena-2013-2.jpg\" mce_src=\"http:\/\/www.cervantinaesquivias.org\/wordpress\/wp-content\/uploads\/2013\/12\/cena-2013-2.jpg\" alt=\"alt\" width=\"425\" height=\"776\" srcset=\"http:\/\/www.cervantinaesquivias.org\/wordpress\/wp-content\/uploads\/2013\/12\/cena-2013-2.jpg 425w, http:\/\/www.cervantinaesquivias.org\/wordpress\/wp-content\/uploads\/2013\/12\/cena-2013-2-164x300.jpg 164w\" sizes=\"auto, (max-width: 425px) 100vw, 425px\" \/><\/p>\n<p style=\"text-align: center;\" mce_style=\"text-align: center;\"><span style=\"font-size: medium;\" mce_style=\"font-size: medium;\"><span style=\"font-size: small;\" mce_style=\"font-size: small;\"><span style=\"font-family: verdana, geneva;\" mce_style=\"font-family: verdana, geneva;\">(El Presidente de la Sociedad Cervantina, Don Jos\u00e9 Rosell, en un momento de su intervenci\u00f3n).<\/span><\/span><\/span><\/p>\n<p style=\"text-align: justify;\" mce_style=\"text-align: justify;\"><span style=\"font-size: medium;\" mce_style=\"font-size: medium;\"><span style=\"font-family: verdana, geneva;\" mce_style=\"font-family: verdana, geneva;\">En el turno de palabra, el presidente de la Sociedad Cervantina de Esquivias, glos\u00f3 brevemente la figura de Angel Hermida Prieto, recientemente fallecido, Quijote del A\u00f1o de esta Asociaci\u00f3n, del a\u00f1o 2009. Acto seguido, Clara Isabel Truchado, ley\u00f3 un soneto compuesto por Don Jos\u00e9 Rosell a la memoria de Don Angel Hermida Prieto.\u00a0<\/span><\/span><\/p>\n<p style=\"text-align: center;\" mce_style=\"text-align: center;\"><span style=\"font-size: medium;\" mce_style=\"font-size: medium;\"><span style=\"font-family: verdana, geneva;\" mce_style=\"font-family: verdana, geneva;\"><img loading=\"lazy\" decoding=\"async\" class=\" size-full wp-image-1334 size-full wp-image-1334\" src=\"http:\/\/www.cervantinaesquivias.org\/wordpress\/wp-content\/uploads\/2013\/12\/cena-2013-1.jpg\" mce_src=\"http:\/\/www.cervantinaesquivias.org\/wordpress\/wp-content\/uploads\/2013\/12\/cena-2013-1.jpg\" alt=\"alt\" width=\"425\" height=\"567\" srcset=\"http:\/\/www.cervantinaesquivias.org\/wordpress\/wp-content\/uploads\/2013\/12\/cena-2013-1.jpg 425w, http:\/\/www.cervantinaesquivias.org\/wordpress\/wp-content\/uploads\/2013\/12\/cena-2013-1-225x300.jpg 225w\" sizes=\"auto, (max-width: 425px) 100vw, 425px\" \/><br \/><\/span><\/span><\/p>\n<p style=\"text-align: center;\" mce_style=\"text-align: center;\">(Clara Isabel Truchado, en un momento de la lectura del Soneto a Don Angel Hermida Prieto).<\/p>\n<p style=\"text-align: center;\" mce_style=\"text-align: center;\"><\/p>\n<p style=\"text-align: center;\" mce_style=\"text-align: center;\"><img loading=\"lazy\" decoding=\"async\" class=\" size-full wp-image-1335 size-full wp-image-1335\" src=\"http:\/\/www.cervantinaesquivias.org\/wordpress\/wp-content\/uploads\/2013\/12\/cena-2013-3.jpg\" mce_src=\"http:\/\/www.cervantinaesquivias.org\/wordpress\/wp-content\/uploads\/2013\/12\/cena-2013-3.jpg\" alt=\"alt\" width=\"425\" height=\"256\" srcset=\"http:\/\/www.cervantinaesquivias.org\/wordpress\/wp-content\/uploads\/2013\/12\/cena-2013-3.jpg 425w, http:\/\/www.cervantinaesquivias.org\/wordpress\/wp-content\/uploads\/2013\/12\/cena-2013-3-300x181.jpg 300w\" sizes=\"auto, (max-width: 425px) 100vw, 425px\" \/><\/p>\n<p style=\"text-align: center;\" mce_style=\"text-align: center;\">(La Alcaldesa de Esquivias, en un momento de su intervenci\u00f3n).<\/p>\n<p style=\"text-align: justify;\" mce_style=\"text-align: justify;\"><\/p>\n<p style=\"text-align: justify;\" mce_style=\"text-align: justify;\"><span style=\"font-size: medium;\" mce_style=\"font-size: medium;\"><span style=\"font-family: verdana, geneva;\" mce_style=\"font-family: verdana, geneva;\">Do\u00f1a Elena Fern\u00e1ndez de Velasco, Alcaldesa de Esquivias, al tiempo de secundar las palabras del Presidente de la Asociaci\u00f3n, anim\u00f3 a todos a seguir trabajando por y para el cervantismo y por Esquivias, poni\u00e9ndonos el mono de trabajo cuando pasen estas siempre celebradas fiestas Navide\u00f1as.<\/span><\/span><\/p>\n<p style=\"text-align: center;\" mce_style=\"text-align: center;\"><span style=\"font-size: medium;\" mce_style=\"font-size: medium;\"><span style=\"font-family: verdana, geneva;\" mce_style=\"font-family: verdana, geneva;\"><img loading=\"lazy\" decoding=\"async\" class=\" size-full wp-image-1336 size-full wp-image-1336\" src=\"http:\/\/www.cervantinaesquivias.org\/wordpress\/wp-content\/uploads\/2013\/12\/cena-2013-4.jpg\" mce_src=\"http:\/\/www.cervantinaesquivias.org\/wordpress\/wp-content\/uploads\/2013\/12\/cena-2013-4.jpg\" alt=\"alt\" width=\"709\" height=\"472\" srcset=\"http:\/\/www.cervantinaesquivias.org\/wordpress\/wp-content\/uploads\/2013\/12\/cena-2013-4.jpg 709w, http:\/\/www.cervantinaesquivias.org\/wordpress\/wp-content\/uploads\/2013\/12\/cena-2013-4-300x200.jpg 300w\" sizes=\"auto, (max-width: 709px) 100vw, 709px\" \/><br \/><\/span><\/span><\/p>\n<p style=\"text-align: center;\" mce_style=\"text-align: center;\">(Parte de los miembros de la Junta Directiva de la Sociedad Cervantina, <\/p>\n<p style=\"text-align: center;\" mce_style=\"text-align: center;\">posaron junto a la Allcaldesa de Esquivias.\u00a0<\/p>\n<p style=\"text-align: center;\" mce_style=\"text-align: center;\">De izquierda a derecha: Sabino de Diego, Jaime Garc\u00eda, Ismael Lozano, Don Jos\u00e9 Rosell, Do\u00f1a Elena Fern\u00e1ndez de Velasco, Segundo Hermida, Javier Guardia, Maria del Rosario G\u00f3mez-Caro, Aureliano Rojas. Agachados: \u00c1ngel Luis Hermida, Francisco Torrej\u00f3n y Mariano V\u00e1zquez).<\/p>\n<p style=\"text-align: center;\" mce_style=\"text-align: center;\"><\/p>\n<p style=\"text-align: justify;\" mce_style=\"text-align: justify;\"><span style=\"font-size: medium;\" mce_style=\"font-size: medium;\"><span style=\"font-family: verdana, geneva;\" mce_style=\"font-family: verdana, geneva;\">Una vez finalizado el banquete de bodas, Sabino de Diego di\u00f3 lectura a una nota que apareci\u00f3 en un cartapacio que, al estilo de seguidillas manchegas dice:<\/span><\/span><\/p>\n<p style=\"text-align: center;\" mce_style=\"text-align: center;\"><span style=\"font-size: medium;\" mce_style=\"font-size: medium;\"><span style=\"font-family: verdana, geneva;\" mce_style=\"font-family: verdana, geneva;\"><i>\u00abSe casa Catalina de Palacios, hija de Salazar, con un forastero de nombre Miguel, que con la pluma en su diestra mano escribe rasgos de oro de belleza sin igual.<\/i><\/span><\/span><\/p>\n<p style=\"text-align: center;\" mce_style=\"text-align: center;\"><span style=\"font-size: medium;\" mce_style=\"font-size: medium;\"><span style=\"font-family: verdana, geneva;\" mce_style=\"font-family: verdana, geneva;\"><i>En la Iglesia de Santa Mar\u00eda se van a desposar, adonde a Catalina un buen d\u00eda la llevaron a Bautizar.<\/i><\/span><\/span><\/p>\n<p style=\"text-align: center;\" mce_style=\"text-align: center;\"><span style=\"font-size: medium;\" mce_style=\"font-size: medium;\"><span style=\"font-family: verdana, geneva;\" mce_style=\"font-family: verdana, geneva;\"><i>Fijada la fecha de la boda est\u00e1, ser\u00e1 el 12 de Diciembre del pr\u00f3ximo a\u00f1o a entrar.<\/i><\/span><\/span><\/p>\n<p style=\"text-align: center;\" mce_style=\"text-align: center;\"><span style=\"font-size: medium;\" mce_style=\"font-size: medium;\"><span style=\"font-family: verdana, geneva;\" mce_style=\"font-family: verdana, geneva;\"><i>A\u00fan no se sabe el lugar ni el men\u00fa a degustar, tendr\u00e1 que ser acorde al desposorio a celebrar.<\/i><\/span><\/span><\/p>\n<p style=\"text-align: center;\" mce_style=\"text-align: center;\"><span style=\"font-size: medium;\" mce_style=\"font-size: medium;\"><span style=\"font-family: verdana, geneva;\" mce_style=\"font-family: verdana, geneva;\"><i>A los Actos que se programen est\u00e1n todos invitados, y no se admite un quiz\u00e1s, porque la Sociedad Cervantina cuenta con todos los presentes&#8230; y m\u00e1s.<\/i><\/span><\/span><\/p>\n<p style=\"text-align: center;\" mce_style=\"text-align: center;\"><span style=\"font-size: medium;\" mce_style=\"font-size: medium;\"><span style=\"font-family: verdana, geneva;\" mce_style=\"font-family: verdana, geneva;\"><i>Ya han comenzado los festejos por plazas y calles del lugar, iluminadas con hogueras a las que las gentes nobles van.<\/i><\/span><\/span><\/p>\n<p style=\"text-align: center;\" mce_style=\"text-align: center;\"><span style=\"font-size: medium;\" mce_style=\"font-size: medium;\"><span style=\"font-family: verdana, geneva;\" mce_style=\"font-family: verdana, geneva;\"><i>A\u00f1os y Siglos que pasen estas bodas se celebrar\u00e1n, pues su fama correr\u00e1 el mundo entero por toda la eternidad\u00bb.<\/i><\/span><\/span><\/p>\n<p style=\"text-align: justify;\" mce_style=\"text-align: justify;\"><\/p>\n<p style=\"text-align: center;\" mce_style=\"text-align: center;\"><\/p>\n<p style=\"style\" mce_style=\"style\"><span style=\"font-size: medium;\" mce_style=\"font-size: medium;\"><span style=\"font-family: verdana, geneva;\" mce_style=\"font-family: verdana, geneva;\"><b>Durante todos los d\u00edas<\/b> de estas XXXIV Jornadas Cervantinas de Esquivias, se hallaron expuestas al p\u00fablico las siguientes muestras:<\/span><\/span><\/p>\n<p style=\"style\" mce_style=\"style\"><span style=\"font-size: medium;\" mce_style=\"font-size: medium;\"><span style=\"font-family: verdana, geneva;\" mce_style=\"font-family: verdana, geneva;\"><br \/><\/span><\/span><\/p>\n<p style=\"style\" mce_style=\"style\"><span style=\"font-size: medium;\" mce_style=\"font-size: medium;\"><span style=\"font-family: verdana, geneva;\" mce_style=\"font-family: verdana, geneva;\"><b>Documentos originales procedentes del Archivo Hist\u00f3rico Municipal.<\/b><\/span><\/span><\/p>\n<p style=\"style\" mce_style=\"style\"><span style=\"font-size: medium;\" mce_style=\"font-size: medium;\"><span style=\"font-family: verdana, geneva;\" mce_style=\"font-family: verdana, geneva;\"><b><br \/><\/b><\/span><\/span><\/p>\n<p style=\"style\" mce_style=\"style\"><span style=\"font-size: medium;\" mce_style=\"font-size: medium;\"><span style=\"font-family: verdana, geneva;\" mce_style=\"font-family: verdana, geneva;\"><b>Exposici\u00f3n de esculturas con temas taurinos<\/b>, cuyo autor es Don Feliciano Giles Mart\u00edn.<\/span><\/span><\/p>\n<p style=\"text-align: center;\" mce_style=\"text-align: center;\"><span style=\"font-size: medium;\" mce_style=\"font-size: medium;\"><span style=\"font-family: verdana, geneva;\" mce_style=\"font-family: verdana, geneva;\"><img loading=\"lazy\" decoding=\"async\" class=\" size-full wp-image-1337 size-full wp-image-1337\" src=\"http:\/\/www.cervantinaesquivias.org\/wordpress\/wp-content\/uploads\/2013\/12\/escultura-toros.jpg\" mce_src=\"http:\/\/www.cervantinaesquivias.org\/wordpress\/wp-content\/uploads\/2013\/12\/escultura-toros.jpg\" alt=\"alt\" width=\"425\" height=\"319\" srcset=\"http:\/\/www.cervantinaesquivias.org\/wordpress\/wp-content\/uploads\/2013\/12\/escultura-toros.jpg 425w, http:\/\/www.cervantinaesquivias.org\/wordpress\/wp-content\/uploads\/2013\/12\/escultura-toros-300x225.jpg 300w\" sizes=\"auto, (max-width: 425px) 100vw, 425px\" \/><\/span><\/span><\/p>\n<p style=\"text-align: center;\" mce_style=\"text-align: center;\"><span style=\"font-size: medium;\" mce_style=\"font-size: medium;\"><span style=\"font-size: small;\" mce_style=\"font-size: small;\">(Una muestra de las esculturas expuestas).<\/span><\/span><\/p>\n<p style=\"text-align: center;\" mce_style=\"text-align: center;\"><span style=\"font-size: medium;\" mce_style=\"font-size: medium;\"><span style=\"font-size: small;\" mce_style=\"font-size: small;\"><br \/><\/span><\/span><\/p>\n<p style=\"style\" mce_style=\"style\"><span style=\"font-size: medium;\" mce_style=\"font-size: medium;\"><span style=\"font-family: verdana, geneva;\" mce_style=\"font-family: verdana, geneva;\"><b>Exposici\u00f3n de fotograf\u00edas con temas taurinos<\/b>, cuyo autor es Don Rafael Villar Moyo.<\/span><\/span><\/p>\n<p style=\"text-align: center;\" mce_style=\"text-align: center;\"><span style=\"font-size: medium;\" mce_style=\"font-size: medium;\"><span style=\"font-family: verdana, geneva;\" mce_style=\"font-family: verdana, geneva;\"><img loading=\"lazy\" decoding=\"async\" class=\" size-full wp-image-1338 size-full wp-image-1338\" src=\"http:\/\/www.cervantinaesquivias.org\/wordpress\/wp-content\/uploads\/2013\/12\/tauroinstantes.jpg\" mce_src=\"http:\/\/www.cervantinaesquivias.org\/wordpress\/wp-content\/uploads\/2013\/12\/tauroinstantes.jpg\" alt=\"alt\" width=\"709\" height=\"495\" srcset=\"http:\/\/www.cervantinaesquivias.org\/wordpress\/wp-content\/uploads\/2013\/12\/tauroinstantes.jpg 709w, http:\/\/www.cervantinaesquivias.org\/wordpress\/wp-content\/uploads\/2013\/12\/tauroinstantes-300x209.jpg 300w\" sizes=\"auto, (max-width: 709px) 100vw, 709px\" \/><br \/><\/span><\/span><\/p>\n<p style=\"text-align: center;\" mce_style=\"text-align: center;\">(La oportunidad del fot\u00f3grafo, hizo que la sombra del picador pareciera el mism\u00edsimo Don Quijote montado sobre Rocinante).<\/p>\n<p style=\"text-align: justify;\" mce_style=\"text-align: justify;\"><\/p>\n<p style=\"text-align: justify;\" mce_style=\"text-align: justify;\"><span style=\"font-size: medium;\" mce_style=\"font-size: medium;\"><span style=\"font-family: verdana, geneva;\" mce_style=\"font-family: verdana, geneva;\">Al inicio de estas Jornadas Cervantinas, en el Convento de Capuchinos se abri\u00f3 al p\u00fablico un Nacimiento realizado por la Asociaci\u00f3n de Mujeres \u00abCatalina de Palacios\u00bb de Esquivias.<\/span><\/span><\/p>\n<p style=\"text-align: justify;\" mce_style=\"text-align: justify;\"><img loading=\"lazy\" decoding=\"async\" class=\" size-full wp-image-1339 size-full wp-image-1339\" src=\"http:\/\/www.cervantinaesquivias.org\/wordpress\/wp-content\/uploads\/2013\/12\/nacimiento-2013.jpg\" mce_src=\"http:\/\/www.cervantinaesquivias.org\/wordpress\/wp-content\/uploads\/2013\/12\/nacimiento-2013.jpg\" alt=\"alt\" width=\"709\" height=\"531\" srcset=\"http:\/\/www.cervantinaesquivias.org\/wordpress\/wp-content\/uploads\/2013\/12\/nacimiento-2013.jpg 709w, http:\/\/www.cervantinaesquivias.org\/wordpress\/wp-content\/uploads\/2013\/12\/nacimiento-2013-300x225.jpg 300w\" sizes=\"auto, (max-width: 709px) 100vw, 709px\" \/><\/p>\n<p style=\"text-align: center;\" mce_style=\"text-align: center;\"><span style=\"font-size: medium;\" mce_style=\"font-size: medium;\"><span style=\"font-size: small;\" mce_style=\"font-size: small;\">(Un detalle del Nacimiento montado en el Convento de Capuchinos).<\/span><\/span><\/p>\n<p style=\"text-align: center;\" mce_style=\"text-align: center;\"><span style=\"font-size: medium;\" mce_style=\"font-size: medium;\"><span style=\"font-size: small;\" mce_style=\"font-size: small;\"><br \/><\/span><\/span><\/p>\n<p style=\"text-align: justify;\" mce_style=\"text-align: justify;\"><span style=\"font-size: medium;\" mce_style=\"font-size: medium;\"><span style=\"font-family: verdana, geneva;\" mce_style=\"font-family: verdana, geneva;\">As\u00ed mismo, y en el mismo edificio, se hallan expuestos unos trabajos de la Asociaci\u00f3n Fotogr\u00e1fica Contraluz, de Esquivias, con el t\u00edtulo \u00abPaseos por Esquivias de ayer y de de hoy\u00bb, d\u00f3nde se pueden apreciar los cambios notables producidos al cabo de los a\u00f1os.<\/span><\/span><\/p>\n<p style=\"text-align: justify;\" mce_style=\"text-align: justify;\"><\/p>\n<p style=\"text-align: justify;\" mce_style=\"text-align: justify;\"><\/p>\n<p style=\"text-align: justify;\" mce_style=\"text-align: justify;\"><span style=\"font-size: medium;\" mce_style=\"font-size: medium;\"><span style=\"font-family: verdana, geneva;\" mce_style=\"font-family: verdana, geneva;\">Tanto el Nacimiento, como el reportaje fotogr\u00e1fico, permanecer\u00e1n expuestos al p\u00fablico hasta pasadas estas fiestas Navide\u00f1as.<\/span><\/span><\/p>\n<p style=\"text-align: right;\" mce_style=\"text-align: right;\"><span style=\"font-size: small;\" mce_style=\"font-size: small;\"><span style=\"font-family: helvetica;\" mce_style=\"font-family: helvetica;\"><i><b>Sabino de Diego.<\/b><\/i><\/span><\/span><\/p>\n<p style=\"text-align: justify;\" mce_style=\"text-align: justify;\"><span style=\"font-size: medium;\" mce_style=\"font-size: medium;\"><span style=\"font-family: verdana, geneva;\" mce_style=\"font-family: verdana, geneva;\"><br \/><\/span><\/span><\/p>\n<p style=\"text-align: justify;\" mce_style=\"text-align: justify;\"><span style=\"font-size: medium;\" mce_style=\"font-size: medium;\"><span style=\"font-family: verdana, geneva;\" mce_style=\"font-family: verdana, geneva;\"><br \/><\/span><\/span><\/p>\n<p style=\"text-align: justify;\" mce_style=\"text-align: justify;\"><span style=\"font-family: verdana, geneva; font-size: small;\" mce_style=\"font-family: verdana, geneva; font-size: small;\"><br \/><\/span><\/p>\n<p style=\"text-align: center;\" mce_style=\"text-align: center;\"><\/p>\n<p style=\"text-align: center;\" mce_style=\"text-align: center;\"><\/p>\n<p style=\"text-align: center;\" mce_style=\"text-align: center;\"><\/p>\n<p style=\"text-align: center;\" mce_style=\"text-align: center;\"><\/p>\n<p style=\"text-align: center;\" mce_style=\"text-align: center;\"><\/p>\n<p style=\"text-align: center;\" mce_style=\"text-align: center;\"><\/p>\n<p style=\"text-align: center;\" mce_style=\"text-align: center;\"><\/p>\n<p style=\"text-align: center;\" mce_style=\"text-align: center;\"><\/p>\n<p style=\"text-align: center;\" mce_style=\"text-align: center;\"><\/p>\n<p style=\"text-align: center;\" mce_style=\"text-align: center;\"><\/p>\n","protected":false},"excerpt":{"rendered":"<p>Organizado por el Ayuntamiento de Esquivias y la Sociedad Cervantina, se han celebrado las XXXIV JORNADAS CERVANTINAS DE ESQUIVIAS, en [&hellip;]<\/p>\n","protected":false},"author":1,"featured_media":1306,"comment_status":"open","ping_status":"open","sticky":false,"template":"","format":"standard","meta":{"footnotes":""},"categories":[14],"tags":[],"class_list":["post-1340","post","type-post","status-publish","format-standard","has-post-thumbnail","hentry","category-jornadas-cervantinas"],"_links":{"self":[{"href":"http:\/\/www.cervantinaesquivias.org\/wordpress\/wp-json\/wp\/v2\/posts\/1340","targetHints":{"allow":["GET"]}}],"collection":[{"href":"http:\/\/www.cervantinaesquivias.org\/wordpress\/wp-json\/wp\/v2\/posts"}],"about":[{"href":"http:\/\/www.cervantinaesquivias.org\/wordpress\/wp-json\/wp\/v2\/types\/post"}],"author":[{"embeddable":true,"href":"http:\/\/www.cervantinaesquivias.org\/wordpress\/wp-json\/wp\/v2\/users\/1"}],"replies":[{"embeddable":true,"href":"http:\/\/www.cervantinaesquivias.org\/wordpress\/wp-json\/wp\/v2\/comments?post=1340"}],"version-history":[{"count":0,"href":"http:\/\/www.cervantinaesquivias.org\/wordpress\/wp-json\/wp\/v2\/posts\/1340\/revisions"}],"wp:featuredmedia":[{"embeddable":true,"href":"http:\/\/www.cervantinaesquivias.org\/wordpress\/wp-json\/wp\/v2\/media\/1306"}],"wp:attachment":[{"href":"http:\/\/www.cervantinaesquivias.org\/wordpress\/wp-json\/wp\/v2\/media?parent=1340"}],"wp:term":[{"taxonomy":"category","embeddable":true,"href":"http:\/\/www.cervantinaesquivias.org\/wordpress\/wp-json\/wp\/v2\/categories?post=1340"},{"taxonomy":"post_tag","embeddable":true,"href":"http:\/\/www.cervantinaesquivias.org\/wordpress\/wp-json\/wp\/v2\/tags?post=1340"}],"curies":[{"name":"wp","href":"https:\/\/api.w.org\/{rel}","templated":true}]}}