{"id":134,"date":"2012-03-06T09:39:41","date_gmt":"2012-03-06T09:39:41","guid":{"rendered":"http:\/\/www.cervantinaesquivias.org\/wordpress\/2012\/03\/06\/biblioteca-bartolome-j-ronco-de-azul-argentina\/"},"modified":"2012-03-06T09:39:41","modified_gmt":"2012-03-06T09:39:41","slug":"biblioteca-bartolome-j-ronco-de-azul-argentina","status":"publish","type":"post","link":"http:\/\/www.cervantinaesquivias.org\/wordpress\/2012\/03\/06\/biblioteca-bartolome-j-ronco-de-azul-argentina\/","title":{"rendered":"BIBLIOTECA BARTOLOME J. RONCO DE AZUL (ARGENTINA)"},"content":{"rendered":"<p style=\"text-align: justify;\" mce_style=\"text-align: justify;\"><\/p>\n<p style=\"style\" mce_style=\"style\"><img loading=\"lazy\" decoding=\"async\" class=\" alignleft size-full wp-image-132 alignleft size-full wp-image-132\" src=\"http:\/\/www.cervantinaesquivias.org\/wordpress\/wp-content\/uploads\/2012\/03\/biblioteca-ronco.jpg\" mce_src=\"http:\/\/www.cervantinaesquivias.org\/wordpress\/wp-content\/uploads\/2012\/03\/biblioteca-ronco.jpg\" style=\"float: left; margin-left: 20px; margin-right: 20px;\" mce_style=\"float: left; margin-left: 20px; margin-right: 20px;\" width=\"286\" height=\"176\" \/><\/p>\n<p style=\"text-align: justify;\" mce_style=\"text-align: justify;\"><span style=\"font-size: medium;\" mce_style=\"font-size: medium;\"><span style=\"font-family: verdana, geneva;\" mce_style=\"font-family: verdana, geneva;\">La Sociedad Cervantina de Esquivias mantiene una fluida relaci\u00f3n de amistad y di\u00e1logo con la Biblioteca Bartolom\u00e9 Jos\u00e9 Ronco de la ciudad de Azul (Argentina).<\/span><\/span><\/p>\n<p style=\"text-align: justify;\" mce_style=\"text-align: justify;\"><\/p>\n<p style=\"text-align: justify;\" mce_style=\"text-align: justify;\"><span style=\"font-size: medium;\" mce_style=\"font-size: medium;\"><span style=\"font-family: verdana, geneva;\" mce_style=\"font-family: verdana, geneva;\">Como introducci\u00f3n para el conocimiento de esta Entidad de Azul, situada en la pampa argentina en la provincia de Buenos Aires, el 23 de Enero de 2007 fu\u00e9 declarada por la UNESCO \u00abCiudad Cervantina de Argentina\u00bb por poseer la mas amplia<\/span><\/span><\/p>\n<p style=\"text-align: justify;\" mce_style=\"text-align: justify;\"><\/p>\n<p><!--more--><\/p>\n<p><\/p>\n<p style=\"text-align: justify;\" mce_style=\"text-align: justify;\"><span style=\"font-size: medium;\" mce_style=\"font-size: medium;\"><span style=\"font-family: verdana, geneva;\" mce_style=\"font-family: verdana, geneva;\">colecci\u00f3n de Ediciones del Quijote, fuera de Espa\u00f1a. As\u00ed mismo, mantiene un importante fondo literario sobre \u00abEl Gaucho Mart\u00edn Fierro\u00bb de Jos\u00e9 Hern\u00e1ndez, poema narrativo argentino, escrito en verso en 1872.<\/span><\/span><\/p>\n<p style=\"text-align: justify;\" mce_style=\"text-align: justify;\"><span style=\"font-size: medium;\" mce_style=\"font-size: medium;\"><span style=\"font-family: verdana, geneva;\" mce_style=\"font-family: verdana, geneva;\">La \u00a0recopilaci\u00f3n \u00a0de \u00a0dichas \u00a0colecciones \u00a0y \u00a0otros \u00a0documentos \u00a0cervantinos, \u00a0se \u00a0debe a la voluntad de D. Bartolom\u00e9 J. Ronco \u00abBartolo\u00bb, nacido en Buenos Aires el 7 de julio de 1881. Abogado de profesi\u00f3n, dedic\u00f3 su tiempo libre y su dinero en reunir toda la documentaci\u00f3n posible sobre la obra cumbre de Miguel de Cervantes Saavedra, D. Quijote de la Mancha. Pero una desgracia familiar (fallece su \u00fanica hija, Carlota Margarita \u00abMargot\u00bb, a los quince a\u00f1os de edad) le hace recapacitar sobre el futuro de este legado y, junto con su esposa, Mar\u00eda de las Nieves Clara G\u00edmenez \u00abSanta\u00bb, decidieron donar a la ciudad de Azul, donde vivian, estas colecciones, y su casona, para que sirviera de Museo y Biblioteca para bien de la ciudad de Azul.\u00a0<\/span><\/span><\/p>\n<p style=\"style\" mce_style=\"style\"><img loading=\"lazy\" decoding=\"async\" class=\" alignleft size-full wp-image-133 alignleft size-full wp-image-133\" src=\"http:\/\/www.cervantinaesquivias.org\/wordpress\/wp-content\/uploads\/2012\/03\/bartolome-j-ronco.jpg\" mce_src=\"http:\/\/www.cervantinaesquivias.org\/wordpress\/wp-content\/uploads\/2012\/03\/bartolome-j-ronco.jpg\" style=\"float: left; margin-left: 20px; margin-right: 20px;\" mce_style=\"float: left; margin-left: 20px; margin-right: 20px;\" width=\"204\" height=\"223\" \/><\/p>\n<p style=\"text-align: justify;\" mce_style=\"text-align: justify;\"><span style=\"font-size: medium;\" mce_style=\"font-size: medium;\"><span style=\"font-family: verdana, geneva;\" mce_style=\"font-family: verdana, geneva;\">D. Bartolom\u00e9 J. Ronco, declar\u00f3 en una oportunidad:<\/span><\/span><\/p>\n<p style=\"text-align: justify;\" mce_style=\"text-align: justify;\"><i style=\"style\" mce_style=\"style\"><span style=\"font-size: medium;\" mce_style=\"font-size: medium;\"><span style=\"font-family: verdana, geneva;\" mce_style=\"font-family: verdana, geneva;\">\u00abMi vida comienza y recomienza en el momento que la estoy viviendo. Esto, que es as\u00ed verdad hasta desde el punto de vista f\u00edsico, es absolutamente cierto en el aspecto de mis sentimientos y de mis ideas. Pero, mi pasado me ha dejado cosas indestructibles. Lo son, porque, sin morir, renacen todos los d\u00edas; est\u00e1n en mi propia sustancia; perderlas ser\u00eda como desintegrarme&#8230;\u00bb <b>\u00a0<\/b>\u00a0<\/span><\/span><\/i><\/p>\n<p><span style=\"font-size: medium;\" mce_style=\"font-size: medium;\"><span style=\"font-family: verdana, geneva;\" mce_style=\"font-family: verdana, geneva;\">Ver enlace:\u00a0 <a mce_href=\"http:\/\/www.casaroncoazul.com.ar\/\" href=\"http:\/\/www.casaroncoazul.com.ar\/\">www.casaroncoazul.com.ar<\/a>\u00a0<\/span><\/span><\/p>\n<p style=\"text-align: right;\" mce_style=\"text-align: right;\"><span style=\"font-size: small;\" mce_style=\"font-size: small;\"><span style=\"font-family: helvetica;\" mce_style=\"font-family: helvetica;\"><i><b>Sabino de Diego.<\/b><\/i><\/span><\/span><\/p>\n","protected":false},"excerpt":{"rendered":"<p>La Sociedad Cervantina de Esquivias mantiene una fluida relaci\u00f3n de amistad y di\u00e1logo con la Biblioteca Bartolom\u00e9 Jos\u00e9 Ronco de [&hellip;]<\/p>\n","protected":false},"author":1,"featured_media":132,"comment_status":"open","ping_status":"open","sticky":false,"template":"","format":"standard","meta":{"footnotes":""},"categories":[7],"tags":[],"class_list":["post-134","post","type-post","status-publish","format-standard","has-post-thumbnail","hentry","category-noticias-cervantina"],"_links":{"self":[{"href":"http:\/\/www.cervantinaesquivias.org\/wordpress\/wp-json\/wp\/v2\/posts\/134","targetHints":{"allow":["GET"]}}],"collection":[{"href":"http:\/\/www.cervantinaesquivias.org\/wordpress\/wp-json\/wp\/v2\/posts"}],"about":[{"href":"http:\/\/www.cervantinaesquivias.org\/wordpress\/wp-json\/wp\/v2\/types\/post"}],"author":[{"embeddable":true,"href":"http:\/\/www.cervantinaesquivias.org\/wordpress\/wp-json\/wp\/v2\/users\/1"}],"replies":[{"embeddable":true,"href":"http:\/\/www.cervantinaesquivias.org\/wordpress\/wp-json\/wp\/v2\/comments?post=134"}],"version-history":[{"count":0,"href":"http:\/\/www.cervantinaesquivias.org\/wordpress\/wp-json\/wp\/v2\/posts\/134\/revisions"}],"wp:featuredmedia":[{"embeddable":true,"href":"http:\/\/www.cervantinaesquivias.org\/wordpress\/wp-json\/wp\/v2\/media\/132"}],"wp:attachment":[{"href":"http:\/\/www.cervantinaesquivias.org\/wordpress\/wp-json\/wp\/v2\/media?parent=134"}],"wp:term":[{"taxonomy":"category","embeddable":true,"href":"http:\/\/www.cervantinaesquivias.org\/wordpress\/wp-json\/wp\/v2\/categories?post=134"},{"taxonomy":"post_tag","embeddable":true,"href":"http:\/\/www.cervantinaesquivias.org\/wordpress\/wp-json\/wp\/v2\/tags?post=134"}],"curies":[{"name":"wp","href":"https:\/\/api.w.org\/{rel}","templated":true}]}}