{"id":1302,"date":"2013-11-27T14:52:42","date_gmt":"2013-11-27T14:52:42","guid":{"rendered":"http:\/\/www.cervantinaesquivias.org\/wordpress\/2013\/11\/27\/angel-hermida-prieto-ilustre-esquiviano-empresario-cervantista\/"},"modified":"2013-11-27T14:52:42","modified_gmt":"2013-11-27T14:52:42","slug":"angel-hermida-prieto-ilustre-esquiviano-empresario-cervantista","status":"publish","type":"post","link":"http:\/\/www.cervantinaesquivias.org\/wordpress\/2013\/11\/27\/angel-hermida-prieto-ilustre-esquiviano-empresario-cervantista\/","title":{"rendered":"DON ANGEL HERMIDA PRIETO. ILUSTRE ESQUIVIANO. EMPRESARIO. CERVANTISTA."},"content":{"rendered":"<p><\/p>\n<p><\/p>\n<p style=\"text-align: center;\" mce_style=\"text-align: center;\"><img loading=\"lazy\" decoding=\"async\" class=\" size-full wp-image-1300 size-full wp-image-1300\" src=\"http:\/\/www.cervantinaesquivias.org\/wordpress\/wp-content\/uploads\/2013\/11\/en-villaescusa-de-haro-2.jpg\" mce_src=\"http:\/\/www.cervantinaesquivias.org\/wordpress\/wp-content\/uploads\/2013\/11\/en-villaescusa-de-haro-2.jpg\" alt=\"alt\" width=\"425\" height=\"903\" srcset=\"http:\/\/www.cervantinaesquivias.org\/wordpress\/wp-content\/uploads\/2013\/11\/en-villaescusa-de-haro-2.jpg 425w, http:\/\/www.cervantinaesquivias.org\/wordpress\/wp-content\/uploads\/2013\/11\/en-villaescusa-de-haro-2-141x300.jpg 141w\" sizes=\"auto, (max-width: 425px) 100vw, 425px\" \/><\/p>\n<p style=\"text-align: center;\" mce_style=\"text-align: center;\"><span style=\"line-height: 1.3em;\" mce_style=\"line-height: 1.3em;\">(Angel Hermida, ante la puerta de la vivienda de D. Luis Astrana Mar\u00edn en Villaescusa de Haro).<\/span><\/p>\n<p style=\"text-align: justify;\" mce_style=\"text-align: justify;\"><\/p>\n<p style=\"text-align: justify;\" mce_style=\"text-align: justify;\"><span style=\"font-size: medium;\" mce_style=\"font-size: medium;\"><span style=\"font-family: verdana, geneva;\" mce_style=\"font-family: verdana, geneva;\">El pasado 25 de Noviembre de 2013 falleci\u00f3 Don \u00c1ngel Hermida Prieto, industrial de Esquivias. Sus restos mortales fueron depositados en el pante\u00f3n familiar de su pueblo natal de Esquivias.<\/span><\/span><\/p>\n<p style=\"text-align: justify;\" mce_style=\"text-align: justify;\"><span style=\"font-size: medium;\" mce_style=\"font-size: medium;\"><span style=\"font-family: verdana, geneva;\" mce_style=\"font-family: verdana, geneva;\">\u00c1ngel Hermida, fue una persona comprometida con sus principios de solidaridad, de creaci\u00f3n de puestos de trabajo, de<\/span><\/span><\/p>\n<p style=\"text-align: justify;\" mce_style=\"text-align: justify;\" \/>\n<!--more-->\n<\/p>\n<p style=\"text-align: justify;\" mce_style=\"text-align: justify;\"><span style=\"font-size: medium;\" mce_style=\"font-size: medium;\"><span style=\"font-family: verdana, geneva;\" mce_style=\"font-family: verdana, geneva;\">iniciativas empresariales en las actividades mas insospechadas.\u00a0<span style=\"line-height: 1.3em;\" mce_style=\"line-height: 1.3em;\">Ten\u00eda bien asumida su \u00abvocaci\u00f3n de empresario\u00bb<\/span><\/span><\/span><span style=\"font-family: verdana, geneva; font-size: medium; line-height: 1.3em;\" mce_style=\"font-family: verdana, geneva; font-size: medium; line-height: 1.3em;\">.<\/span><\/p>\n<p style=\"text-align: justify;\" mce_style=\"text-align: justify;\"><span style=\"font-family: verdana, geneva; font-size: medium; line-height: 1.3em;\" mce_style=\"font-family: verdana, geneva; font-size: medium; line-height: 1.3em;\">Colaborador, la mayor parte de las veces impulsor, de obras sociales a cualquier nivel, donde su participaci\u00f3n se reg\u00eda por el principio de voluntariado an\u00f3nimo, de <i>\u00abque la mano derecha no sepa lo que hace la izquierda\u00bb<\/i>, expresi\u00f3n muy utilizada por \u00c1ngel Hermida.<\/span><\/p>\n<p style=\"text-align: justify;\" mce_style=\"text-align: justify;\"><span style=\"font-family: verdana, geneva; font-size: medium; line-height: 1.3em;\" mce_style=\"font-family: verdana, geneva; font-size: medium; line-height: 1.3em;\">En el a\u00f1o 2009, la Sociedad Cervantina de Esquivias tuvo el honor de conceder a \u00c1ngel Hermida la distinci\u00f3n del Quijote del A\u00f1o, m\u00e1ximo galard\u00f3n que otorga esta Asociaci\u00f3n Cultural, por los m\u00e9ritos personales y cervantinos que atesoraba.<\/span><\/p>\n<p style=\"text-align: justify;\" mce_style=\"text-align: justify;\"><span style=\"font-family: verdana, geneva; font-size: medium; line-height: 1.3em;\" mce_style=\"font-family: verdana, geneva; font-size: medium; line-height: 1.3em;\">El T\u00edtulo fue entregado en el transcurso del Banquete de Bodas conmemorativo del CDXXV aniversario de los desposorios de Miguel de Cervantes Saavedra con Catalina de Salazar y Palacios.\u00a0<\/span><\/p>\n<p style=\"text-align: justify;\" mce_style=\"text-align: justify;\"><span style=\"font-size: small;\" mce_style=\"font-family: verdana, geneva; font-size: small;\"><span style=\"line-height: 20.796875px;\" mce_style=\"line-height: 20.796875px;\"><span style=\"font-size: medium;\" mce_style=\"font-size: medium;\"><span style=\"font-family: verdana, geneva;\" mce_style=\"font-family: verdana, geneva;\">En dicho acto pudimos ver a un \u00c1ngel Hermida diferente a lo que nos ten\u00eda acostumbrado: Nervioso, emocionado, ilusionado; no siempre son reconocidas p\u00fablicamente las virtudes de las personas ante causas sociales, y \u00c1ngel no se hallaba preparado para esos menesteres. Lo suyo era hacer, organizar, mandar si llega el caso, pero no recoger parabienes que \u00e9l no hab\u00eda buscado nunca.<\/span><\/span><\/span><\/span><\/p>\n<p style=\"text-align: justify;\" mce_style=\"text-align: justify;\"><span style=\"font-size: small;\" mce_style=\"font-family: verdana, geneva; font-size: small;\"><span style=\"line-height: 20.796875px;\" mce_style=\"line-height: 20.796875px;\"><span style=\"font-size: medium;\" mce_style=\"font-size: medium;\"><span style=\"font-family: verdana, geneva;\" mce_style=\"font-family: verdana, geneva;\">Su labor era lo mas parecido a la frase dicha por Don Quijote: <b>\u00abNo es un hombre mas que otro si no hace mas que otro\u00bb<\/b>, y eso era \u00c1ngel, cada vez m\u00e1s, no ten\u00eda l\u00edmites, no los conoc\u00eda, quiz\u00e1s porque el sab\u00eda mas que nadie que no existen l\u00edmites cuando de ayudar a causas justas se refiere.<\/span><\/span><\/span><\/span><\/p>\n<p style=\"text-align: justify;\" mce_style=\"text-align: justify;\"><span style=\"font-size: small;\" mce_style=\"font-family: verdana, geneva; font-size: small;\"><span style=\"line-height: 20.796875px;\" mce_style=\"line-height: 20.796875px;\"><span style=\"font-size: medium;\" mce_style=\"font-size: medium;\"><span style=\"font-family: verdana, geneva;\" mce_style=\"font-family: verdana, geneva;\">Era una persona comprometida con su entorno, con su pueblo sobre todo, con pasi\u00f3n, pero que esta vocaci\u00f3n la desarroll\u00f3 en otros lugares tambi\u00e9n, de los que no hizo nunca alarde, pero de las que algunas personas pr\u00f3ximas a \u00e9l si sab\u00edamos de dichas acciones. Todo ello le supuso contar con innumerables amigos en todos los lugares, d\u00f3nde ten\u00eda las puertas abiertas, como no pod\u00eda ser de otra manera. Amigos sinceros, algo que hemos podido comprobar los que ten\u00edamos una cercana relaci\u00f3n de amistad con \u00c1ngel.<\/span><\/span><\/span><\/span><\/p>\n<p style=\"text-align: justify;\" mce_style=\"text-align: justify;\"><span style=\"font-size: small;\" mce_style=\"font-family: verdana, geneva; font-size: small;\"><span style=\"line-height: 20.796875px;\" mce_style=\"line-height: 20.796875px;\"><span style=\"font-size: medium;\" mce_style=\"font-size: medium;\"><span style=\"font-family: verdana, geneva;\" mce_style=\"font-family: verdana, geneva;\">No es este el momento de hacer balance de las m\u00faltiples acciones en las que \u00c1ngel tuvo ocasi\u00f3n de desarrollar su vocaci\u00f3n, pues ser\u00eda ardua tarea y al final nos dejar\u00edamos algo en el tintero, adem\u00e1s de que para \u00c1ngel todo ten\u00eda el mismo valor. Practic\u00f3 la filantrop\u00eda como uno de los pilares de su existencia, y por eso hoy tiene que ser recordado con todo el cari\u00f1o del que se hizo merecedor.<\/span><\/span><\/span><\/span><\/p>\n<p style=\"text-align: justify;\" mce_style=\"text-align: justify;\"><span style=\"font-size: small;\" mce_style=\"font-family: verdana, geneva; font-size: small;\"><span style=\"line-height: 20.796875px;\" mce_style=\"line-height: 20.796875px;\"><span style=\"font-size: medium;\" mce_style=\"font-size: medium;\"><span style=\"font-family: verdana, geneva;\" mce_style=\"font-family: verdana, geneva;\">Naturalmente, muy bien apoyado por su esposa Justiniana Mart\u00edn, en todo aquello que iniciaba, y terminaba.<\/span><\/span><\/span><\/span><\/p>\n<p style=\"text-align: center;\" mce_style=\"text-align: center;\"><span style=\"font-family: verdana, geneva; font-size: small;\" mce_style=\"font-family: verdana, geneva; font-size: small;\"><span style=\"line-height: 20.796875px;\" mce_style=\"line-height: 20.796875px;\"><img loading=\"lazy\" decoding=\"async\" class=\" size-full wp-image-1301 size-full wp-image-1301\" src=\"http:\/\/www.cervantinaesquivias.org\/wordpress\/wp-content\/uploads\/2013\/11\/angel-y-justi-2.jpg\" mce_src=\"http:\/\/www.cervantinaesquivias.org\/wordpress\/wp-content\/uploads\/2013\/11\/angel-y-justi-2.jpg\" alt=\"alt\" width=\"425\" height=\"499\" srcset=\"http:\/\/www.cervantinaesquivias.org\/wordpress\/wp-content\/uploads\/2013\/11\/angel-y-justi-2.jpg 425w, http:\/\/www.cervantinaesquivias.org\/wordpress\/wp-content\/uploads\/2013\/11\/angel-y-justi-2-256x300.jpg 256w\" sizes=\"auto, (max-width: 425px) 100vw, 425px\" \/><br \/><\/span><\/span><\/p>\n<p style=\"text-align: center;\" mce_style=\"text-align: center;\"><span style=\"font-size: small;\" mce_style=\"font-size: small;\">(Justi y \u00c1ngel el d\u00eda que fue nombrado Quijote del A\u00f1o por la Sociedad Cervantina)<\/span><\/p>\n<p style=\"text-align: justify;\" mce_style=\"text-align: justify;\"><span style=\"font-size: medium;\" mce_style=\"font-size: medium;\"><span style=\"font-family: verdana, geneva;\" mce_style=\"font-family: verdana, geneva;\">Concluimos la glosa de este gran amigo con un Soneto que le compone el Presidente de la Sociedad Cervantina de Esquivias, Don Jos\u00e9 Rosell Villasevil:<\/span><\/span><\/p>\n<p><span style=\"font-size: medium;\" mce_style=\"font-size: medium;\"><span style=\"font-family: verdana, geneva;\" mce_style=\"font-family: verdana, geneva;\"><br \/><\/span><\/span><\/p>\n<p style=\"text-align: center;\" mce_style=\"text-align: center;\"><span style=\"font-size: medium;\" mce_style=\"font-size: medium;\"><span style=\"font-family: verdana, geneva;\" mce_style=\"font-family: verdana, geneva;\">EN EL \u00d3BITO DE \u00c1NGEL HERMIDA<\/span><\/span><\/p>\n<p style=\"text-align: center;\" mce_style=\"text-align: center;\"><\/p>\n<p style=\"text-align: center;\" mce_style=\"text-align: center;\"><span style=\"font-size: medium;\" mce_style=\"font-size: medium;\"><span style=\"font-family: verdana, geneva;\" mce_style=\"font-family: verdana, geneva;\">Vivir\u00e1s en memoria de las gentes<\/span><\/span><\/p>\n<p style=\"text-align: center;\" mce_style=\"text-align: center;\"><span style=\"font-size: medium;\" mce_style=\"font-size: medium;\"><span style=\"font-family: verdana, geneva;\" mce_style=\"font-family: verdana, geneva;\">como hombre singular y generoso,<\/span><\/span><\/p>\n<p style=\"text-align: center;\" mce_style=\"text-align: center;\"><span style=\"font-size: medium;\" mce_style=\"font-size: medium;\"><span style=\"font-family: verdana, geneva;\" mce_style=\"font-family: verdana, geneva;\">humana condici\u00f3n lo mas hermoso<\/span><\/span><\/p>\n<p style=\"text-align: center;\" mce_style=\"text-align: center;\"><span style=\"font-size: medium;\" mce_style=\"font-size: medium;\"><span style=\"font-family: verdana, geneva;\" mce_style=\"font-family: verdana, geneva;\">brill\u00f3 en ti con matices diferentes.<\/span><\/span><\/p>\n<p style=\"text-align: center;\" mce_style=\"text-align: center;\"><\/p>\n<p style=\"text-align: center;\" mce_style=\"text-align: center;\"><span style=\"font-size: medium;\" mce_style=\"font-size: medium;\"><span style=\"font-family: verdana, geneva;\" mce_style=\"font-family: verdana, geneva;\">Generaste din\u00e1mica a torrentes<\/span><\/span><\/p>\n<p style=\"text-align: center;\" mce_style=\"text-align: center;\"><span style=\"font-size: medium;\" mce_style=\"font-size: medium;\"><span style=\"font-family: verdana, geneva;\" mce_style=\"font-family: verdana, geneva;\">movi\u00e9ndote en terrenos de lo hornoso<\/span><\/span><\/p>\n<p style=\"text-align: center;\" mce_style=\"text-align: center;\"><span style=\"font-size: medium;\" mce_style=\"font-size: medium;\"><span style=\"font-family: verdana, geneva;\" mce_style=\"font-family: verdana, geneva;\">y tu apellido Hermida hoy es famoso<\/span><\/span><\/p>\n<p style=\"text-align: center;\" mce_style=\"text-align: center;\"><span style=\"font-size: medium;\" mce_style=\"font-size: medium;\"><span style=\"font-family: verdana, geneva;\" mce_style=\"font-family: verdana, geneva;\">en cien mil anagramas diferentes.<\/span><\/span><\/p>\n<p style=\"text-align: center;\" mce_style=\"text-align: center;\"><\/p>\n<p style=\"text-align: center;\" mce_style=\"text-align: center;\"><span style=\"font-size: medium;\" mce_style=\"font-size: medium;\"><span style=\"font-family: verdana, geneva;\" mce_style=\"font-family: verdana, geneva;\">Dice un amigo muy certeramente<\/span><\/span><\/p>\n<p style=\"text-align: center;\" mce_style=\"text-align: center;\"><span style=\"font-size: medium;\" mce_style=\"font-size: medium;\"><span style=\"font-family: verdana, geneva;\" mce_style=\"font-family: verdana, geneva;\">que si un Hermida en cada pueblo hubiere<\/span><\/span><\/p>\n<p style=\"text-align: center;\" mce_style=\"text-align: center;\"><span style=\"font-size: medium;\" mce_style=\"font-size: medium;\"><span style=\"font-family: verdana, geneva;\" mce_style=\"font-family: verdana, geneva;\">no habr\u00eda pueblo an\u00f3nimo ni ap\u00e1tico.<\/span><\/span><\/p>\n<p style=\"text-align: center;\" mce_style=\"text-align: center;\"><\/p>\n<p style=\"text-align: center;\" mce_style=\"text-align: center;\"><span style=\"font-size: medium;\" mce_style=\"font-size: medium;\"><span style=\"font-family: verdana, geneva;\" mce_style=\"font-family: verdana, geneva;\">Que gran verdad, Esquivias coherente<\/span><\/span><\/p>\n<p style=\"text-align: center;\" mce_style=\"text-align: center;\"><span style=\"font-size: medium;\" mce_style=\"font-size: medium;\"><span style=\"font-family: verdana, geneva;\" mce_style=\"font-family: verdana, geneva;\">sin distinci\u00f3n seguro que te quiere,<\/span><\/span><\/p>\n<p style=\"text-align: center;\" mce_style=\"text-align: center;\"><span style=\"font-size: medium;\" mce_style=\"font-size: medium;\"><span style=\"font-family: verdana, geneva;\" mce_style=\"font-family: verdana, geneva;\">oh esquiviano de pro y diplom\u00e1tico.<\/span><\/span><\/p>\n<p style=\"text-align: center;\" mce_style=\"text-align: center;\"><\/p>\n<p style=\"text-align: justify;\" mce_style=\"text-align: justify;\"><span style=\"font-size: medium;\" mce_style=\"font-size: medium;\"><span style=\"font-family: verdana, geneva;\" mce_style=\"font-family: verdana, geneva;\">La Sociedad Cervantina de Esquivias guardar\u00e1 en lo m\u00e1s hondo de su esencias el reconocimiento a tu bonhom\u00eda generosa.<\/span><\/span><\/p>\n<p style=\"text-align: justify;\" mce_style=\"text-align: justify;\"><span style=\"font-size: medium;\" mce_style=\"font-size: medium;\"><span style=\"font-family: verdana, geneva;\" mce_style=\"font-family: verdana, geneva;\">Descansa en la Paz del Se\u00f1or.<\/span><\/span><\/p>\n<p style=\"text-align: justify;\" mce_style=\"text-align: justify;\"><\/p>\n<p style=\"text-align: right;\" mce_style=\"text-align: right;\"><span style=\"font-size: medium;\" mce_style=\"font-size: medium;\"><span style=\"font-size: small;\" mce_style=\"font-size: small;\"><span style=\"font-family: helvetica;\" mce_style=\"font-family: helvetica;\"><b><i>Sabino de Diego.<\/i><\/b><\/span><\/span><\/span><\/p>\n<p style=\"text-align: center;\" mce_style=\"text-align: center;\"><\/p>\n<p style=\"text-align: center;\" mce_style=\"text-align: center;\"><span style=\"font-size: medium;\" mce_style=\"font-size: medium;\"><span style=\"font-family: verdana, geneva;\" mce_style=\"font-family: verdana, geneva;\"><br \/><\/span><\/span><\/p>\n<p style=\"text-align: center;\" mce_style=\"text-align: center;\"><span style=\"font-family: verdana, geneva; font-size: small;\" mce_style=\"font-family: verdana, geneva; font-size: small;\"><br \/><\/span><\/p>\n<p><span style=\"font-family: verdana, geneva; font-size: small;\" mce_style=\"font-family: verdana, geneva; font-size: small;\"><br \/><\/span><\/p>\n<p><\/p>\n<p><\/p>\n<p><\/p>\n<p><\/p>\n<p><\/p>\n<p><\/p>\n<p><\/p>\n<p><\/p>\n","protected":false},"excerpt":{"rendered":"<p>(Angel Hermida, ante la puerta de la vivienda de D. Luis Astrana Mar\u00edn en Villaescusa de Haro). El pasado 25 [&hellip;]<\/p>\n","protected":false},"author":1,"featured_media":1300,"comment_status":"open","ping_status":"open","sticky":false,"template":"","format":"standard","meta":{"footnotes":""},"categories":[17],"tags":[],"class_list":["post-1302","post","type-post","status-publish","format-standard","has-post-thumbnail","hentry","category-ilustres-esquivianos"],"_links":{"self":[{"href":"http:\/\/www.cervantinaesquivias.org\/wordpress\/wp-json\/wp\/v2\/posts\/1302","targetHints":{"allow":["GET"]}}],"collection":[{"href":"http:\/\/www.cervantinaesquivias.org\/wordpress\/wp-json\/wp\/v2\/posts"}],"about":[{"href":"http:\/\/www.cervantinaesquivias.org\/wordpress\/wp-json\/wp\/v2\/types\/post"}],"author":[{"embeddable":true,"href":"http:\/\/www.cervantinaesquivias.org\/wordpress\/wp-json\/wp\/v2\/users\/1"}],"replies":[{"embeddable":true,"href":"http:\/\/www.cervantinaesquivias.org\/wordpress\/wp-json\/wp\/v2\/comments?post=1302"}],"version-history":[{"count":0,"href":"http:\/\/www.cervantinaesquivias.org\/wordpress\/wp-json\/wp\/v2\/posts\/1302\/revisions"}],"wp:featuredmedia":[{"embeddable":true,"href":"http:\/\/www.cervantinaesquivias.org\/wordpress\/wp-json\/wp\/v2\/media\/1300"}],"wp:attachment":[{"href":"http:\/\/www.cervantinaesquivias.org\/wordpress\/wp-json\/wp\/v2\/media?parent=1302"}],"wp:term":[{"taxonomy":"category","embeddable":true,"href":"http:\/\/www.cervantinaesquivias.org\/wordpress\/wp-json\/wp\/v2\/categories?post=1302"},{"taxonomy":"post_tag","embeddable":true,"href":"http:\/\/www.cervantinaesquivias.org\/wordpress\/wp-json\/wp\/v2\/tags?post=1302"}],"curies":[{"name":"wp","href":"https:\/\/api.w.org\/{rel}","templated":true}]}}