{"id":130,"date":"2012-03-02T17:31:32","date_gmt":"2012-03-02T17:31:32","guid":{"rendered":"http:\/\/www.cervantinaesquivias.org\/wordpress\/2012\/03\/02\/jornadas-cervantinas-2011\/"},"modified":"2012-03-02T17:31:32","modified_gmt":"2012-03-02T17:31:32","slug":"jornadas-cervantinas-2011","status":"publish","type":"post","link":"http:\/\/www.cervantinaesquivias.org\/wordpress\/2012\/03\/02\/jornadas-cervantinas-2011\/","title":{"rendered":"JORNADAS CERVANTINAS 2011"},"content":{"rendered":"<p><span style=\"color: rgb(0, 0, 0); \" mce_style=\"color: #000000;\">Se celebraron las Jornadas Cervantinas 2011, correspondientes al CDXXVII Aniversario de la Boda de Miguel de Cervantes con Catalina de Palacios, enlace que tuvo lugar en Esquivias el 12 de Diciembre de 1584, de conformidad al Programa organizado conjuntamente entre el Ayuntamiento de Esquivias y la Sociedad Cervantina y desarrollado durante los d\u00edas previos al 12 de Diciembre de 2011.<\/span><\/p>\n<p style=\"text-align: center;\" mce_style=\"text-align: center;\"><span style=\"color: rgb(0, 0, 0); \" mce_style=\"color: #000000;\"><span style=\"color: rgb(255, 0, 0); \" mce_style=\"color: #ff0000;\"><img loading=\"lazy\" decoding=\"async\" class=\" size-full wp-image-120\" src=\"http:\/\/www.cervantinaesquivias.org\/wordpress\/wp-content\/uploads\/2012\/03\/teatroportada.jpg\" mce_src=\"images\/stories\/Noticias\/teatroportada.jpg\" alt=\"alt\" height=\"111\" width=\"500\" srcset=\"http:\/\/www.cervantinaesquivias.org\/wordpress\/wp-content\/uploads\/2012\/03\/teatroportada.jpg 800w, http:\/\/www.cervantinaesquivias.org\/wordpress\/wp-content\/uploads\/2012\/03\/teatroportada-300x67.jpg 300w, http:\/\/www.cervantinaesquivias.org\/wordpress\/wp-content\/uploads\/2012\/03\/teatroportada-768x171.jpg 768w\" sizes=\"auto, (max-width: 500px) 100vw, 500px\" \/><br \/><\/span><\/span><\/p>\n<p><\/p>\n<p><!--more--><\/p>\n<p><span style=\"color: rgb(0, 0, 0);\" mce_style=\"color: #000000;\">El dia 2 se hizo la presentaci\u00f3n a la prensa de las Jonadas en la Biblioteca Regional de Toledo, a la que asistieron D. Fernando Jou, Delegado de la Junta en Toledo, D\u00aa Elena Fern\u00e1ndez de Velasco, Alcaldesa de Esquivias, D. Jos\u00e9 Rosell Villasevil, Presidente de la Sociedad Cervantina de Esquivias, D. Jaime Garc\u00eda Gonz\u00e1lez, Secretario de la Sociedad Cervantina y D. Javier Morales, Director General de Cultura de la Junta de Comunidades de Castilla la Mancha. El acto se proyect\u00f3 un video sobre el desarrollo de estas Jornadas Cervantinas.<\/span><\/p>\n<p><\/p>\n<p><span style=\"color: rgb(255, 0, 0); \" mce_style=\"color: #ff0000;\"><img loading=\"lazy\" decoding=\"async\" class=\" alignleft size-full wp-image-121 alignleft size-full wp-image-121\" mce_style=\"float: left; margin-left: 20px; margin-right: 20px;\" style=\"float: left; margin-left: 20px; margin-right: 20px;\" src=\"http:\/\/www.cervantinaesquivias.org\/wordpress\/wp-content\/uploads\/2012\/03\/domingo.jpg\" mce_src=\"http:\/\/www.cervantinaesquivias.org\/wordpress\/wp-content\/uploads\/2012\/03\/domingo.jpg\" height=\"123\" width=\"95\" srcset=\"http:\/\/www.cervantinaesquivias.org\/wordpress\/wp-content\/uploads\/2012\/03\/domingo.jpg 274w, http:\/\/www.cervantinaesquivias.org\/wordpress\/wp-content\/uploads\/2012\/03\/domingo-232x300.jpg 232w\" sizes=\"auto, (max-width: 95px) 100vw, 95px\" \/><br \/><\/span><\/p>\n<p><span style=\"color: rgb(0, 0, 0); \" mce_style=\"color: #000000;\">El mismo d\u00eda 2, tuvo lugar la inauguraci\u00f3n en la Sala de Exposiciones de la Casa-Museo de Cervantes de la exposici\u00f3n del artesano ceramista toledano Domingo S\u00e1nchez. Los trabajos de cer\u00e1mica expuestos ten\u00edan como tema principal El Greco y Toledo, siendo muy apreciados por el p\u00fablico asistente. La exposici\u00f3n estuvo abierta todos los d\u00edas de las Jornadas Cervantinas.<\/span><\/p>\n<p><span style=\"color: rgb(255, 0, 0); \" mce_style=\"color: #ff0000;\"><br \/><\/span><\/p>\n<p><\/p>\n<p><span style=\"color: rgb(0, 0, 0);\" mce_style=\"color: #000000;\">El d\u00eda 5, en la Casa de Cultura, tuvo lugar el Preg\u00f3n de Fiestas, que corri\u00f3 a cargo de Don Miguel Cervantes Villamuelas, Director General de Infraestructuras y Desarrollo Rural de Castilla la Mancha, que deleit\u00f3 al numeroso p\u00fablico asistente. Previamente, la Alcaldesa de Esquivias D\u00aa Elena Fern\u00e1ndez de Velasco Hern\u00e1ndez abri\u00f3 el acto con unas palabras de \u00e1nimo para todos, de ilusi\u00f3n en el futuro cervantino de Esquivias y en las ganas de trabajar de cara al turismo que se pueda potenciar para Esquivias a trav\u00e9s del hecho cervantino. Tambi\u00e9n intervino el Presidente de la Sociedad Cervantina, Don Jos\u00e9 Rosell Villasevil, como es habitual en \u00e9l con referencias cervantinas de las que siempre hace gala. Para finalizar el acto, la Coral Polif\u00f3nica Catalina de Palacios interpret\u00f3 unas piezas musicales que fueron muy apreciadas por el p\u00fablico asistente.<\/span><\/p>\n<p style=\"text-align: center;\" mce_style=\"text-align: center;\"><span style=\"color: rgb(0, 0, 0);\" mce_style=\"color: #000000;\"><img loading=\"lazy\" decoding=\"async\" class=\" size-full wp-image-122\" src=\"http:\/\/www.cervantinaesquivias.org\/wordpress\/wp-content\/uploads\/2012\/03\/inaugura.jpg\" mce_src=\"images\/stories\/Noticias\/inaugura.jpg\" alt=\"alt\" height=\"186\" width=\"665\" srcset=\"http:\/\/www.cervantinaesquivias.org\/wordpress\/wp-content\/uploads\/2012\/03\/inaugura.jpg 1000w, http:\/\/www.cervantinaesquivias.org\/wordpress\/wp-content\/uploads\/2012\/03\/inaugura-300x84.jpg 300w, http:\/\/www.cervantinaesquivias.org\/wordpress\/wp-content\/uploads\/2012\/03\/inaugura-768x216.jpg 768w\" sizes=\"auto, (max-width: 665px) 100vw, 665px\" \/><br \/><\/span><\/p>\n<p><span style=\"color: rgb(255, 0, 0); \" mce_style=\"color: #ff0000;\"><br \/><\/span><\/p>\n<p><span style=\"color: rgb(0, 0, 0); \" mce_style=\"color: #000000;\">El d\u00eda 6 se celebr\u00f3 el I Certamen de Pintura R\u00e1pida \u00abEsquivias, Quijote y Arte\u00bb, que result\u00f3 un \u00e9xito de participaci\u00f3n y que adem\u00e1s no hubo inclemencias del tiempo que dificultaran realizar los trabajos al aire libre, dado que el motivo era \u00abEsquivias y su entorno\u00bb, tendiendo en cuenta estas fechas de Diciembre. Hubo 38 participantes de todas las edades y categor\u00edas que se dispersaron por calles y plazas de Esquivias. Los premiados fueron:<\/span><\/p>\n<p style=\"text-align: center; \" mce_style=\"text-align: center; \"><span style=\"color: rgb(0, 0, 0); \" mce_style=\"color: #000000; \"><u>Categor\u00eda A (Adultos):<\/u> \u00a0<\/span><\/p>\n<p style=\"text-align: center; \" mce_style=\"text-align: center; \"><span style=\"color: rgb(0, 0, 0); \" mce_style=\"color: #000000; \">1\u00ba- Premio Cuadro n\u00fam. 02 de&#8230;&#8230;&#8230;.Pablo Rub\u00e9n L\u00f3pez Sanz.<\/span><\/p>\n<p style=\"text-align: center; \" mce_style=\"text-align: center; \"><span style=\"color: rgb(0, 0, 0); \" mce_style=\"color: #000000; \">2\u00ba- Premio Cuadro n\u00fam. 04 de&#8230;&#8230;&#8230;&#8230;&#8230;&#8230;M. \u00c1ngel Fern\u00e1ndez<\/span><\/p>\n<p style=\"text-align: center; \" mce_style=\"text-align: center; \"><span style=\"color: rgb(0, 0, 0); \" mce_style=\"color: #000000; \">3\u00ba Premio Cuadro n\u00fam. 08 de&#8230;&#8230;. Jos\u00e9 Javier Gonz\u00e1lez Cumiel<\/span><\/p>\n<p style=\"text-align: center; \" mce_style=\"text-align: center; \"><span style=\"color: rgb(0, 0, 0); \" mce_style=\"color: #000000; \"><u>Categor\u00eda B1 (Hasta 10 a\u00f1os)<\/u><\/span><\/p>\n<p style=\"text-align: center; \" mce_style=\"text-align: center; \"><span style=\"color: rgb(0, 0, 0); \" mce_style=\"color: #000000; \">1\u00ba Premio Cuadro n\u00fam. 01 de&#8230;&#8230;&#8230;&#8230;Luz Mireia Pe\u00f1a Portero<\/span><\/p>\n<p style=\"text-align: center; \" mce_style=\"text-align: center; \"><span style=\"color: rgb(0, 0, 0); \" mce_style=\"color: #000000; \">2\u00ba Premio Cuadro n\u00fam. 07 de &#8230;&#8230;&#8230;&#8230;&#8230;&#8230;.Abril Solana Oliver<\/span><\/p>\n<p style=\"text-align: center; \" mce_style=\"text-align: center; \"><span style=\"color: rgb(0, 0, 0); \" mce_style=\"color: #000000; \">3\u00ba Premio Cuadro n\u00fam. 04 de..Marcos Rodr\u00edguez Valderrabano<\/span><\/p>\n<p style=\"text-align: center;\" mce_style=\"text-align: center;\"><span style=\"color: rgb(0, 0, 0); \" mce_style=\"color: #000000; \"><span style=\"color: rgb(255, 0, 0); \" mce_style=\"color: #ff0000;\"><\/span>\u00a0 \u00a0 \u00a0 \u00a0 \u00a0 \u00a0 \u00a0 <u>Categor\u00eda B2 (de 11 a 15 a\u00f1os)<\/u> \u00a0 \u00a0 \u00a0 \u00a0 \u00a0 \u00a0 \u00a0<span style=\"color: rgb(255, 0, 0); \" mce_style=\"color: #ff0000;\"><\/span><\/span><\/p>\n<p style=\"text-align: center; \" mce_style=\"text-align: center; \"><span style=\"color: rgb(0, 0, 0); \" mce_style=\"color: #000000; \">1\u00ba Premio Cuadro n\u00fam. 03 de &#8230; Lidia Rodr\u00edguez Valderrabano<\/span><\/p>\n<p style=\"text-align: center; \" mce_style=\"text-align: center; \"><span style=\"color: rgb(0, 0, 0); \" mce_style=\"color: #000000; \">2\u00ba Premio Cuadro n\u00fam. 05 de&#8230;&#8230;&#8230;&#8230;&#8230;&#8230;&#8230;Ana Solana Oliver<\/span><\/p>\n<p style=\"text-align: center; \" mce_style=\"text-align: center; \"><span style=\"color: rgb(0, 0, 0); \" mce_style=\"color: #000000; \">3\u00ba Premio Cuadro n\u00fam. 02 de.. Jos\u00e9 Manuel Gonz\u00e1lez Castillejo<\/span><\/p>\n<p><img loading=\"lazy\" decoding=\"async\" class=\" alignleft size-full wp-image-123\" style=\"float: left;\" mce_style=\"float: left;\" src=\"http:\/\/www.cervantinaesquivias.org\/wordpress\/wp-content\/uploads\/2012\/03\/pintura.jpg\" mce_src=\"images\/stories\/Noticias\/pintura.jpg\" alt=\"alt\" height=\"143\" width=\"297\" srcset=\"http:\/\/www.cervantinaesquivias.org\/wordpress\/wp-content\/uploads\/2012\/03\/pintura.jpg 512w, http:\/\/www.cervantinaesquivias.org\/wordpress\/wp-content\/uploads\/2012\/03\/pintura-300x145.jpg 300w\" sizes=\"auto, (max-width: 297px) 100vw, 297px\" \/><img loading=\"lazy\" decoding=\"async\" class=\" size-full wp-image-124\" src=\"http:\/\/www.cervantinaesquivias.org\/wordpress\/wp-content\/uploads\/2012\/03\/pinturaninos.jpg\" mce_src=\"images\/stories\/Noticias\/pinturaninos.jpg\" alt=\"alt\" height=\"154\" width=\"407\" srcset=\"http:\/\/www.cervantinaesquivias.org\/wordpress\/wp-content\/uploads\/2012\/03\/pinturaninos.jpg 662w, http:\/\/www.cervantinaesquivias.org\/wordpress\/wp-content\/uploads\/2012\/03\/pinturaninos-300x114.jpg 300w\" sizes=\"auto, (max-width: 407px) 100vw, 407px\" \/><\/p>\n<p><\/p>\n<p><span style=\"color: #000000;\" mce_style=\"color: #000000;\"><img loading=\"lazy\" decoding=\"async\" class=\" alignright size-full wp-image-125 alignright size-full wp-image-125\" mce_src=\"http:\/\/www.cervantinaesquivias.org\/wordpress\/wp-content\/uploads\/2012\/03\/pedro.jpg\" mce_style=\"float: right; border: 0pt none; margin-left: 20px; margin-right: 20px;\" src=\"http:\/\/www.cervantinaesquivias.org\/wordpress\/wp-content\/uploads\/2012\/03\/pedro.jpg\" style=\"float: right; border: 0pt none; margin-left: 20px; margin-right: 20px;\" height=\"85\" width=\"188\" srcset=\"http:\/\/www.cervantinaesquivias.org\/wordpress\/wp-content\/uploads\/2012\/03\/pedro.jpg 331w, http:\/\/www.cervantinaesquivias.org\/wordpress\/wp-content\/uploads\/2012\/03\/pedro-300x137.jpg 300w\" sizes=\"auto, (max-width: 188px) 100vw, 188px\" \/><\/span><\/p>\n<p><span style=\"color: rgb(0, 0, 0);\" mce_style=\"color: #000000;\">El d\u00eda 7, en la Bodega del Museo-Casa de Cervantes tuvo lugar una Cata de Vinos Castellano Manchegos que coordina con todo el rigor de que hace gala Pedro Hermida Ugena, En\u00f3logo de Esquivias que nos introduce en los \u00absecretos\u00bb mejor guardados de la elaboraci\u00f3n de esta bebida, de la que Esquivias no es ajena a la trayectoria que del vino de este lugar hiciera Cervantes en varias de sus obras.<br \/><\/span><\/p>\n<p><\/p>\n<p><span style=\"color: rgb(0, 0, 0);\" mce_style=\"color: #000000;\">El d\u00eda 8, en horario de ma\u00f1ana y en el Campo de Futbol Municipal tuvo lugar competiciones deportivas para las categor\u00edas infantiles y alevines de la localidad, con la asistencia masiva de participantes. Ya por la tarde, y en la Casa de Cultura, tuvo lugar la primera de la representaciones de las Estampas Esquive\u00f1as 2011, que en esta ocasi\u00f3n Jaime Garc\u00eda como Guionista y Director y responsable de la Puesta en Escena de las obras escenific\u00f3:\u00a0<\/span><\/p>\n<ul>\n<li><span style=\"color: rgb(0, 0, 0); \" mce_style=\"color: #000000;\">Estampa 1\u00aa: \u00abVISITA PROVIDENCIAL A ESQUIVIAS\u00bb, que escenifica la llegada de Miguel de Cervantes a Esquivias por primera vez (15 de septiembre de 1584), la firma de un Poder de Do\u00f1a Juana Gait\u00e1n, viuda de Pedro La\u00ednez, cancionero y amigo de Cervantes en la Corte (22 de Septiembre de 1584), a favor Miguel de Cervantes para publicar p\u00f3stumamente su \u00abCancionero\u00bb, etc.<\/span><\/li>\n<li><span style=\"color: rgb(0, 0, 0); \" mce_style=\"color: #000000;\">Estampa 2\u00aa: \u00abEL COMIENZO DE UNA HISTORIA\u00bb, con los hechos ocurridos sobre la inmediata relaci\u00f3n que Cervantes debi\u00f3 entablar con la esquiviana Catalina de Palacios y Salazar y su boda el 12 de Diciembre de 1584 en la Iglesia Parroquial de Esquivias, siendo el t\u00edo de Catalina, Don Juan de Palacios el oficiante.<\/span><\/li>\n<li><span style=\"color: rgb(0, 0, 0); \" mce_style=\"color: #000000;\">Estampa 3\u00aa: \u00abLLEGAN A ESQUIVIAS NOTICIAS DEL QUIJOTE\u00bb, que escenifica los hechos acaecidos en Esquivias en el a\u00f1o 1612, ahora hace 400 a\u00f1os, fecha en que Cervantes se hallaba en Esquivias, aunque en esa \u00e9poca residieran habitualmente en Madrid, la resonancia que hubo por la publicaci\u00f3n de la Primera Parte de Don Quijote de la Mancha, etc. as\u00ed como la representaci\u00f3n del \u00abbanquete escamoteado\u00bb que \u00abofrecen\u00bb a Sancho Panza cuando es nombrado Gobernador de la Insula Barataria.<\/span><\/li>\n<\/ul>\n<p style=\"text-align: center;\" mce_style=\"text-align: center;\"><span style=\"color: rgb(255, 0, 0); \" mce_style=\"color: #ff0000;\"><img loading=\"lazy\" decoding=\"async\" class=\" size-full wp-image-126\" src=\"http:\/\/www.cervantinaesquivias.org\/wordpress\/wp-content\/uploads\/2012\/03\/teatrocompleto.jpg\" mce_src=\"images\/stories\/Noticias\/teatrocompleto.jpg\" alt=\"alt\" height=\"363\" width=\"542\" srcset=\"http:\/\/www.cervantinaesquivias.org\/wordpress\/wp-content\/uploads\/2012\/03\/teatrocompleto.jpg 870w, http:\/\/www.cervantinaesquivias.org\/wordpress\/wp-content\/uploads\/2012\/03\/teatrocompleto-300x201.jpg 300w, http:\/\/www.cervantinaesquivias.org\/wordpress\/wp-content\/uploads\/2012\/03\/teatrocompleto-768x516.jpg 768w\" sizes=\"auto, (max-width: 542px) 100vw, 542px\" \/><br \/><\/span><\/p>\n<p><span style=\"color: rgb(0, 0, 0); \" mce_style=\"color: #000000;\">El d\u00eda 9 tuvo lugar otra representaci\u00f3n mas de las Estampas Cervantinas, ya que por seguridad no se permiti\u00f3 a mas personas acceder a la Sala el primer d\u00eda, hasta completar el aforo, siendo que para la representaci\u00f3n de este segundo d\u00eda hab\u00eda mas expectaci\u00f3n a\u00fan.<\/span><\/p>\n<p><span style=\"color: rgb(0, 0, 0); \" mce_style=\"color: #000000;\">Es obligado hacer referencia al elenco de actores, todos aficionados, vecinos de Esquivias, Amas de Casa, Jubilados y j\u00f3venes que con unas dotes de profesionalidad poco habituales hacen llegar al p\u00fablico el mensaje que Jaime desea transmitir con estas obras: datos, fechas, personajes, costumbres populares, etc. que con el rigor que le caracteriza transmite a todos. Como an\u00e9cdota, significar que la Alcaldesa de Esquivias Do\u00f1a Elena Fdez. de Velasco se meti\u00f3 en el papel de la esquiviana Catalina de Palacios, con una buenisima interpretaci\u00f3n, ayudada eso si por su marido Alvaro que hac\u00eda el papel de Cervantes. Clara Truchado, Crescendio de Diego (Chom\u00f3n), etc. cada uno en su papel, o dos, hicieron deleitar al numeroso p\u00fablico asistente.<\/span><\/p>\n<p><span style=\"color: rgb(255, 0, 0); \" mce_style=\"color: #ff0000;\"><\/span><span style=\"color: rgb(0, 0, 0); \" mce_style=\"color: #000000;\">El d\u00eda 10, en horario de ma\u00f1ana, tuvo lugar un Pasacalles Cervantino por las calles de la poblaci\u00f3n a cargo del Grupo de Coros, Rondalla y Jotas de la Casa de Castilla-La Mancha de Legan\u00e9s (Madrid). Por la tarde, en la Casa de Cultura, se interpret\u00f3 un Concierto L\u00edrico a cargo de Irene Moreno, soprano, Mar\u00eda Marug\u00e1n, mezosoprano y Sandra Redondo, piano. En esta ocasi\u00f3n Irene, debido a su avanzado estado de gestaci\u00f3n y por consejo m\u00e9dico no deb\u00eda cantar, pero si se atrevi\u00f3 a interpretar, junto a Marug\u00e1n, el Duo de los Gatos de Rossini, lo que hizo vibrar al p\u00fablico asistente.<\/span><\/p>\n<p><span style=\"color: #000000; \" mce_style=\"color: #000000; \"><img loading=\"lazy\" decoding=\"async\" class=\" size-full wp-image-127 size-full wp-image-127\" src=\"http:\/\/www.cervantinaesquivias.org\/wordpress\/wp-content\/uploads\/2012\/03\/pasacalles.jpg\" mce_src=\"http:\/\/www.cervantinaesquivias.org\/wordpress\/wp-content\/uploads\/2012\/03\/pasacalles.jpg\" style=\"margin-left: 20px; margin-right: 20px;\" mce_style=\"margin-left: 20px; margin-right: 20px;\" border=\"0\" height=\"131\" width=\"333\" srcset=\"http:\/\/www.cervantinaesquivias.org\/wordpress\/wp-content\/uploads\/2012\/03\/pasacalles.jpg 457w, http:\/\/www.cervantinaesquivias.org\/wordpress\/wp-content\/uploads\/2012\/03\/pasacalles-300x119.jpg 300w\" sizes=\"auto, (max-width: 333px) 100vw, 333px\" \/><img loading=\"lazy\" decoding=\"async\" class=\" size-full wp-image-128\" src=\"http:\/\/www.cervantinaesquivias.org\/wordpress\/wp-content\/uploads\/2012\/03\/concierto.jpg\" mce_src=\"images\/stories\/Noticias\/concierto.jpg\" alt=\"alt\" width=\"326\" height=\"132\" srcset=\"http:\/\/www.cervantinaesquivias.org\/wordpress\/wp-content\/uploads\/2012\/03\/concierto.jpg 326w, http:\/\/www.cervantinaesquivias.org\/wordpress\/wp-content\/uploads\/2012\/03\/concierto-300x121.jpg 300w\" sizes=\"auto, (max-width: 326px) 100vw, 326px\" \/><\/span><\/p>\n<p><\/p>\n<p><span style=\"color: rgb(0, 0, 0);\" mce_style=\"color: #000000;\">El d\u00eda 11, hubo la Jornada de Puertas Abiertas en el Museo-Casa de Cervantes. Por la tarde se represent\u00f3 en la Casa de Cultura un Recital Po\u00e9tico a cargo de la Agrupaci\u00f3n Annusca Negra bajo el t\u00edtulo \u00abMiguel Hern\u00e1ncez, sombra y luz\u00bb.<\/span><\/p>\n<p style=\"text-align: center;\" mce_style=\"text-align: center;\"><span style=\"color: rgb(255, 0, 0); \" mce_style=\"color: #ff0000;\"><img loading=\"lazy\" decoding=\"async\" class=\" size-full wp-image-129\" src=\"http:\/\/www.cervantinaesquivias.org\/wordpress\/wp-content\/uploads\/2012\/03\/cena.jpg\" mce_src=\"images\/stories\/Noticias\/cena.jpg\" alt=\"alt\" height=\"224\" width=\"509\" srcset=\"http:\/\/www.cervantinaesquivias.org\/wordpress\/wp-content\/uploads\/2012\/03\/cena.jpg 645w, http:\/\/www.cervantinaesquivias.org\/wordpress\/wp-content\/uploads\/2012\/03\/cena-300x132.jpg 300w\" sizes=\"auto, (max-width: 509px) 100vw, 509px\" \/><br \/><\/span><\/p>\n<p><span style=\"color: rgb(0, 0, 0); \" mce_style=\"color: #000000;\">El d\u00eda 12, en conmemoraci\u00f3n de la boda de Cervantes y Catalina, se ofici\u00f3 una Misa por los Socios Difuntos de la Sociedad Cervantina de Esquivias. Por la noche se celebr\u00f3 el Acto Social o Banquete de Bodas, d\u00f3nde se galardon\u00f3 a Don C\u00e9sar Garc\u00eda Serrano, periodista y director de El Digital Castilla la Mancha, como Socio de Honor en base a los m\u00e9ritos que en el concurren. En esta ocasi\u00f3n nos reunimos a celebrar la boda de Miguel y Catalina 120 personas degustando platos t\u00edpicos Castellano Manchegos. Presidieron al Acto Do\u00f1a Elena Fdez. de Velasco, Don Jose Rosell Villasevil, teniendo la deferencia de acompa\u00f1arnos D. Carlos Vel\u00e1zquez Romo, Diputado Provincial de Cultura. Al final del banquete, tuvieron lugar los discursos de rigor, llenos de contenido cervantino y del deseo de mejorar cada d\u00eda la celebraci\u00f3n de estas Jornadas Cervantinas.<\/span><\/p>\n<p><span style=\"color: rgb(0, 0, 0); \" mce_style=\"color: #000000; \">Durante la celebraci\u00f3n de los actos programados, varios bares de Esquivias confeccionaron tapas t\u00edp\u00eccas cervantinas, para hacer mas llevadero el programa. Sancho Panza deb\u00eda hallarse presente tambi\u00e9n en estas Jornadas Cervantinas 2011.<\/span><\/p>\n<p>Galer\u00edas de im\u00e1genes en <a target=\"_blank\" mce_href=\"http:\/\/www.eldigitalcastillalamancha.es\" href=\"http:\/\/www.eldigitalcastillalamancha.es\" rel=\"noopener\">www.eldigitalcastillalamancha.es<\/a><br mce_bogus=\"1\" \/><\/p>\n<ul>\n<li><a title=\"Im\u00e1genes cena Sociedad Cervantina (eldigitalcastillalamancha)\" mce_href=\"http:\/\/www.eldigitalcastillalamancha.es\/galeria.asp?galeria=609&#038;indice=1\" href=\"http:\/\/www.eldigitalcastillalamancha.es\/galeria.asp?galeria=609&#038;indice=1\" target=\"_blank\" rel=\"noopener\"><span style=\"color: rgb(17, 85, 204);\" mce_style=\"color: #1155cc;\">Galer\u00eda de im\u00e1genes de la cena de la Sociedad Cervantina 2011 (eldigitalcastillalamancha)<\/span><\/a><span style=\"color: rgb(17, 85, 204);\" mce_style=\"color: #1155cc;\"><br mce_bogus=\"1\" \/><\/span><\/li>\n<li><span style=\"color: rgb(17, 85, 204);\" mce_style=\"color: #1155cc;\"><a target=\"_blank\" title=\"Galer\u00eda de im\u00e1genes de la cena de la Sociedad Cervantina 2011 (eldigitalcastillalamancha)\" mce_href=\"http:\/\/www.eldigitalcastillalamancha.es\/galeria.asp?galeria=624&#038;indice=1&#038;lugar=\" href=\"http:\/\/www.eldigitalcastillalamancha.es\/galeria.asp?galeria=624&#038;indice=1&#038;lugar=\" rel=\"noopener\">Galer\u00eda de im\u00e1genes de las estampas esquive\u00f1as 2011 (eldigitalcastillalamancha)<\/a><br mce_bogus=\"1\" \/><\/span><\/li>\n<\/ul>\n<p><span style=\"color: rgb(17, 85, 204);\" mce_style=\"color: #1155cc;\"><br \/><\/span><\/p>\n<p><span style=\"color: rgb(17, 85, 204);\" mce_style=\"color: #1155cc;\"><span style=\"color: rgb(0, 0, 0);\" mce_style=\"color: #000000; \"><br \/><\/span><\/span><\/p>\n<p><span style=\"color: rgb(17, 85, 204);\" mce_style=\"color: #1155cc;\"><br \/><\/span><\/p>\n<p><span style=\"color: rgb(17, 85, 204);\" mce_style=\"color: #1155cc;\"><br \/><\/span><\/p>\n<p><span style=\"color: rgb(17, 85, 204);\" mce_style=\"color: #1155cc;\"><br \/><\/span><\/p>\n<p><span style=\"color: rgb(17, 85, 204);\" mce_style=\"color: #1155cc;\"><br \/><\/span><\/p>\n","protected":false},"excerpt":{"rendered":"<p>Se celebraron las Jornadas Cervantinas 2011, correspondientes al CDXXVII Aniversario de la Boda de Miguel de Cervantes con Catalina de [&hellip;]<\/p>\n","protected":false},"author":1,"featured_media":120,"comment_status":"open","ping_status":"open","sticky":false,"template":"","format":"standard","meta":{"footnotes":""},"categories":[14],"tags":[],"class_list":["post-130","post","type-post","status-publish","format-standard","has-post-thumbnail","hentry","category-jornadas-cervantinas"],"_links":{"self":[{"href":"http:\/\/www.cervantinaesquivias.org\/wordpress\/wp-json\/wp\/v2\/posts\/130","targetHints":{"allow":["GET"]}}],"collection":[{"href":"http:\/\/www.cervantinaesquivias.org\/wordpress\/wp-json\/wp\/v2\/posts"}],"about":[{"href":"http:\/\/www.cervantinaesquivias.org\/wordpress\/wp-json\/wp\/v2\/types\/post"}],"author":[{"embeddable":true,"href":"http:\/\/www.cervantinaesquivias.org\/wordpress\/wp-json\/wp\/v2\/users\/1"}],"replies":[{"embeddable":true,"href":"http:\/\/www.cervantinaesquivias.org\/wordpress\/wp-json\/wp\/v2\/comments?post=130"}],"version-history":[{"count":0,"href":"http:\/\/www.cervantinaesquivias.org\/wordpress\/wp-json\/wp\/v2\/posts\/130\/revisions"}],"wp:featuredmedia":[{"embeddable":true,"href":"http:\/\/www.cervantinaesquivias.org\/wordpress\/wp-json\/wp\/v2\/media\/120"}],"wp:attachment":[{"href":"http:\/\/www.cervantinaesquivias.org\/wordpress\/wp-json\/wp\/v2\/media?parent=130"}],"wp:term":[{"taxonomy":"category","embeddable":true,"href":"http:\/\/www.cervantinaesquivias.org\/wordpress\/wp-json\/wp\/v2\/categories?post=130"},{"taxonomy":"post_tag","embeddable":true,"href":"http:\/\/www.cervantinaesquivias.org\/wordpress\/wp-json\/wp\/v2\/tags?post=130"}],"curies":[{"name":"wp","href":"https:\/\/api.w.org\/{rel}","templated":true}]}}