{"id":1295,"date":"2013-10-25T11:16:10","date_gmt":"2013-10-25T11:16:10","guid":{"rendered":"http:\/\/www.cervantinaesquivias.org\/wordpress\/2013\/10\/25\/en-conmemoracion-del-cdxlviii-aniversarios-del-nacimiento-de-catalina-de-salazar-y-palacios-esquivias-2013\/"},"modified":"2013-10-25T11:16:10","modified_gmt":"2013-10-25T11:16:10","slug":"en-conmemoracion-del-cdxlviii-aniversarios-del-nacimiento-de-catalina-de-salazar-y-palacios-esquivias-2013","status":"publish","type":"post","link":"http:\/\/www.cervantinaesquivias.org\/wordpress\/2013\/10\/25\/en-conmemoracion-del-cdxlviii-aniversarios-del-nacimiento-de-catalina-de-salazar-y-palacios-esquivias-2013\/","title":{"rendered":"EN CONMEMORACION DEL CDXLVIII ANIVERSARIO DEL NACIMIENTO DE CATALINA DE SALAZAR Y PALACIOS. ESQUIVIAS 2013."},"content":{"rendered":"<p style=\"text-align: justify;\" mce_style=\"text-align: justify;\"><span style=\"font-size: medium;\" mce_style=\"font-size: medium;\"><span style=\"font-family: verdana, geneva;\" mce_style=\"font-family: verdana, geneva;\">En conmemoraci\u00f3n del CDXLVIII aniversario del nacimiento de Catalina de Salazar y Palacios, en Esquivias (Toledo), la Sociedad Cervantina a organizado un Acto de exaltaci\u00f3n de la figura de un Ilustre Personaje de Esquivias.<\/span><\/span><\/p>\n<p style=\"text-align: justify;\" mce_style=\"text-align: justify;\"><span style=\"font-size: medium;\" mce_style=\"font-size: medium;\"><span style=\"font-family: verdana, geneva;\" mce_style=\"font-family: verdana, geneva;\">Para esta ocasi\u00f3n, se ha previsto exponer la figura del Padre Fray Francisco Ximenez de Santa Catalina, de la Orden de la Sant\u00edsima Trinidad de Calzados, Historiador, ante la repercusi\u00f3n medi\u00e1tica que representa su bibliograf\u00eda, respecto principalmente al Magreb.<\/span><\/span><\/p>\n<p style=\"text-align: justify;\" mce_style=\"text-align: justify;\"><span style=\"font-size: medium;\" mce_style=\"font-size: medium;\"><span style=\"font-family: verdana, geneva;\" mce_style=\"font-family: verdana, geneva;\">La Ponencia correr\u00e1 a cargo de Sabino de Diego, Director Ejecutivo de la Sociedad Cervantina de Esquivias, con el programa que se expecif\u00edca en el Cartel Anunciador adjunto, que presentar\u00e1 documentos in\u00e9ditos sobre este Ilustre Personaje de Esquivias.<\/span><\/span><\/p>\n<p style=\"text-align: justify;\" mce_style=\"text-align: justify;\"><\/p>\n<p style=\"text-align: center;\" mce_style=\"text-align: center;\"><span style=\"font-size: medium;\" mce_style=\"font-size: medium;\"><span style=\"font-family: verdana, geneva;\" mce_style=\"font-family: verdana, geneva;\"><img loading=\"lazy\" decoding=\"async\" class=\" size-full wp-image-1294 size-full wp-image-1294\" src=\"http:\/\/www.cervantinaesquivias.org\/wordpress\/wp-content\/uploads\/2013\/10\/cartel-25-10-2013.jpg\" mce_src=\"http:\/\/www.cervantinaesquivias.org\/wordpress\/wp-content\/uploads\/2013\/10\/cartel-25-10-2013.jpg\" alt=\"alt\" width=\"709\" height=\"1155\" srcset=\"http:\/\/www.cervantinaesquivias.org\/wordpress\/wp-content\/uploads\/2013\/10\/cartel-25-10-2013.jpg 709w, http:\/\/www.cervantinaesquivias.org\/wordpress\/wp-content\/uploads\/2013\/10\/cartel-25-10-2013-184x300.jpg 184w, http:\/\/www.cervantinaesquivias.org\/wordpress\/wp-content\/uploads\/2013\/10\/cartel-25-10-2013-629x1024.jpg 629w\" sizes=\"auto, (max-width: 709px) 100vw, 709px\" \/><br \/><\/span><\/span><\/p>\n","protected":false},"excerpt":{"rendered":"<p>En conmemoraci\u00f3n del CDXLVIII aniversario del nacimiento de Catalina de Salazar y Palacios, en Esquivias (Toledo), la Sociedad Cervantina a [&hellip;]<\/p>\n","protected":false},"author":1,"featured_media":1294,"comment_status":"open","ping_status":"open","sticky":false,"template":"","format":"standard","meta":{"footnotes":""},"categories":[17],"tags":[],"class_list":["post-1295","post","type-post","status-publish","format-standard","has-post-thumbnail","hentry","category-ilustres-esquivianos"],"_links":{"self":[{"href":"http:\/\/www.cervantinaesquivias.org\/wordpress\/wp-json\/wp\/v2\/posts\/1295","targetHints":{"allow":["GET"]}}],"collection":[{"href":"http:\/\/www.cervantinaesquivias.org\/wordpress\/wp-json\/wp\/v2\/posts"}],"about":[{"href":"http:\/\/www.cervantinaesquivias.org\/wordpress\/wp-json\/wp\/v2\/types\/post"}],"author":[{"embeddable":true,"href":"http:\/\/www.cervantinaesquivias.org\/wordpress\/wp-json\/wp\/v2\/users\/1"}],"replies":[{"embeddable":true,"href":"http:\/\/www.cervantinaesquivias.org\/wordpress\/wp-json\/wp\/v2\/comments?post=1295"}],"version-history":[{"count":0,"href":"http:\/\/www.cervantinaesquivias.org\/wordpress\/wp-json\/wp\/v2\/posts\/1295\/revisions"}],"wp:featuredmedia":[{"embeddable":true,"href":"http:\/\/www.cervantinaesquivias.org\/wordpress\/wp-json\/wp\/v2\/media\/1294"}],"wp:attachment":[{"href":"http:\/\/www.cervantinaesquivias.org\/wordpress\/wp-json\/wp\/v2\/media?parent=1295"}],"wp:term":[{"taxonomy":"category","embeddable":true,"href":"http:\/\/www.cervantinaesquivias.org\/wordpress\/wp-json\/wp\/v2\/categories?post=1295"},{"taxonomy":"post_tag","embeddable":true,"href":"http:\/\/www.cervantinaesquivias.org\/wordpress\/wp-json\/wp\/v2\/tags?post=1295"}],"curies":[{"name":"wp","href":"https:\/\/api.w.org\/{rel}","templated":true}]}}