{"id":1292,"date":"2013-09-19T09:15:05","date_gmt":"2013-09-19T09:15:05","guid":{"rendered":"http:\/\/www.cervantinaesquivias.org\/wordpress\/2013\/09\/19\/casa-castilla-la-mancha-en-madrid-don-jose-rosell-villasevil-en-acto-homenaje-al-iv-centenario-de-las-novelas-ejemplares\/"},"modified":"2013-09-19T09:15:05","modified_gmt":"2013-09-19T09:15:05","slug":"casa-castilla-la-mancha-en-madrid-don-jose-rosell-villasevil-en-acto-homenaje-al-iv-centenario-de-las-novelas-ejemplares","status":"publish","type":"post","link":"http:\/\/www.cervantinaesquivias.org\/wordpress\/2013\/09\/19\/casa-castilla-la-mancha-en-madrid-don-jose-rosell-villasevil-en-acto-homenaje-al-iv-centenario-de-las-novelas-ejemplares\/","title":{"rendered":"CASA CASTILLA-LA MANCHA EN MADRID. DON JOSE ROSELL VILLASEVIL EN ACTO HOMENAJE AL IV CENTENARIO DE LAS NOVELAS EJEMPLARES."},"content":{"rendered":"<p><\/p>\n<p style=\"text-align: justify;\" mce_style=\"text-align: justify;\"><span style=\"font-size: medium;\" mce_style=\"font-size: medium;\"><span style=\"font-family: verdana, geneva;\" mce_style=\"font-family: verdana, geneva;\">Organizado por la Casa Castilla-La Mancha en Madrid, sita en la Calle de la Paz, n\u00fam. 4, se ha celebrado un acto de homenaje a Cervantes con motivo del IV Centenario de la Publicaci\u00f3n de las Novelas Ejemplares, Agosto de 1613.<\/span><\/span><\/p>\n<p style=\"text-align: justify;\" mce_style=\"text-align: justify;\"><span style=\"font-size: medium;\" mce_style=\"font-size: medium;\"><span style=\"font-family: verdana, geneva;\" mce_style=\"font-family: verdana, geneva;\">Presidi\u00f3 el Acto do\u00f1a Olga Alberca, Presidenta de la Casa Castilla-La Mancha en Madrid.<\/span><\/span><\/p>\n<p style=\"text-align: justify;\" mce_style=\"text-align: justify;\"><span style=\"font-size: medium;\" mce_style=\"font-size: medium;\"><span style=\"font-family: verdana, geneva;\" mce_style=\"font-family: verdana, geneva;\">La presentaci\u00f3n de Don Jose Rosell Villasevil, corri\u00f3 a cargo de Don Francisco de la Torre, Vocal de dicha Casa Regional, que hizo un elogioso glosario de la personalidad del Ponente, de su capacidad oratoria, de su reconocido cervantismo, dentro y fuera de nuestras fronteras, y de su capacidad como poeta.<\/span><\/span><\/p>\n<p style=\"text-align: justify;\" mce_style=\"text-align: justify;\"><span style=\"font-size: medium;\" mce_style=\"font-size: medium;\"><span style=\"font-family: verdana, geneva;\" mce_style=\"font-family: verdana, geneva;\"><br \/><\/span><\/span><\/p>\n<p style=\"text-align: center;\" mce_style=\"text-align: center;\"><span style=\"font-size: medium;\" mce_style=\"font-size: medium;\"><span style=\"font-family: verdana, geneva;\" mce_style=\"font-family: verdana, geneva;\"><img loading=\"lazy\" decoding=\"async\" class=\" size-full wp-image-1290 size-full wp-image-1290\" src=\"http:\/\/www.cervantinaesquivias.org\/wordpress\/wp-content\/uploads\/2013\/09\/rosell-casa-clm.jpg\" mce_src=\"http:\/\/www.cervantinaesquivias.org\/wordpress\/wp-content\/uploads\/2013\/09\/rosell-casa-clm.jpg\" alt=\"alt\" width=\"709\" height=\"533\" srcset=\"http:\/\/www.cervantinaesquivias.org\/wordpress\/wp-content\/uploads\/2013\/09\/rosell-casa-clm.jpg 709w, http:\/\/www.cervantinaesquivias.org\/wordpress\/wp-content\/uploads\/2013\/09\/rosell-casa-clm-300x226.jpg 300w\" sizes=\"auto, (max-width: 709px) 100vw, 709px\" \/><br \/><\/span><\/span><\/p>\n<p style=\"text-align: center;\" mce_style=\"text-align: center;\">(De izquierda a derecha, Don Jos\u00e9 Rosell, Do\u00f1a Olga Alberca y Don Francisco de la Torre)<\/p>\n<p style=\"text-align: justify;\" mce_style=\"text-align: justify;\"><\/p>\n<p style=\"text-align: justify;\" mce_style=\"text-align: justify;\"><span style=\"font-size: medium;\" mce_style=\"font-size: medium;\"><span style=\"font-family: verdana, geneva;\" mce_style=\"font-family: verdana, geneva;\">Don Jos\u00e9 Rosell, en su intervenci\u00f3n, se centr\u00f3 principalmente en el contenido de \u00abLa Gitanilla\u00bb como novela cervantina desarrollada en el Madrid de su \u00e9poca. <\/span><\/span><\/p>\n<p style=\"text-align: justify;\" mce_style=\"text-align: justify;\"><span style=\"font-size: medium;\" mce_style=\"font-size: medium;\"><span style=\"font-family: verdana, geneva;\" mce_style=\"font-family: verdana, geneva;\">Destac\u00f3, lejos de lo que se pudiera imaginar, como Cervantes respetaba la etnia gitana, que a trav\u00e9s de Preciosa, el personaje principal de esta Novela Ejemplar, nos hizo llegar su impronta y su respeto por esta noble gente.<\/span><\/span><\/p>\n<p style=\"text-align: justify;\" mce_style=\"text-align: justify;\"><span style=\"font-size: medium;\" mce_style=\"font-size: medium;\"><span style=\"font-family: verdana, geneva;\" mce_style=\"font-family: verdana, geneva;\">No pudo evitar, mas bien lo justific\u00f3, que en la trama de la Novela la familia de Preciosa hiciera noche en Olias del Rey, a unos pocos kil\u00f3metros de Toledo, y antes de partir por el Camino Real a Extremadura representar su folclore en los pueblos pr\u00f3ximos, como lo es el de Bargas, de donde es nativo Don Jos\u00e9 Rosell, manifestando su satisfacci\u00f3n personal porque Cervantes, su admirado Don Miguel, hubiera escogido estos enclaves tan queridos para \u00e9l Ponente para situar la trama de La Gitanilla.<\/span><\/span><\/p>\n<p style=\"text-align: justify;\" mce_style=\"text-align: justify;\"><span style=\"font-size: medium;\" mce_style=\"font-size: medium;\"><span style=\"font-family: verdana, geneva;\" mce_style=\"font-family: verdana, geneva;\"><br \/><\/span><\/span><\/p>\n<p style=\"text-align: center;\" mce_style=\"text-align: center;\"><span style=\"font-size: medium;\" mce_style=\"font-size: medium;\"><span style=\"font-family: verdana, geneva;\" mce_style=\"font-family: verdana, geneva;\"><img loading=\"lazy\" decoding=\"async\" class=\" size-full wp-image-1291 size-full wp-image-1291\" src=\"http:\/\/www.cervantinaesquivias.org\/wordpress\/wp-content\/uploads\/2013\/09\/publico-casa-clm.jpg\" mce_src=\"http:\/\/www.cervantinaesquivias.org\/wordpress\/wp-content\/uploads\/2013\/09\/publico-casa-clm.jpg\" alt=\"alt\" width=\"709\" height=\"531\" srcset=\"http:\/\/www.cervantinaesquivias.org\/wordpress\/wp-content\/uploads\/2013\/09\/publico-casa-clm.jpg 709w, http:\/\/www.cervantinaesquivias.org\/wordpress\/wp-content\/uploads\/2013\/09\/publico-casa-clm-300x225.jpg 300w\" sizes=\"auto, (max-width: 709px) 100vw, 709px\" \/><br \/><\/span><\/span><\/p>\n<p style=\"text-align: center;\"><span style=\"font-size: medium;\" mce_style=\"font-size: medium;\"><span style=\"font-size: small;\" mce_style=\"font-size: small;\"><span style=\"font-family: verdana, geneva;\" mce_style=\"font-family: verdana, geneva;\">(Una parte del p\u00fablico asistente)<\/span><\/span><\/span><\/p>\n<p style=\"text-align: center;\"><span style=\"font-size: medium;\" mce_style=\"font-size: medium;\"><span style=\"font-family: verdana, geneva;\" mce_style=\"font-family: verdana, geneva;\">Mas informaci\u00f3n en la web de la Casa Castilla-La Mancha en Madrid:<\/span><\/span><\/p>\n<p style=\"text-align: center;\"><span style=\"font-size: medium;\" mce_style=\"font-size: medium;\"><span style=\"font-family: verdana, geneva;\" mce_style=\"font-family: verdana, geneva;\"> \u00a0 \u00a0www.casaclmmadrid.org<\/span><\/span>\u00a0<\/p>\n<p style=\"text-align: center;\"><\/p>\n<p style=\"text-align: right;\" mce_style=\"text-align: right;\"><span style=\"font-size: medium;\" mce_style=\"font-size: medium;\"><span style=\"font-size: small;\" mce_style=\"font-size: small;\"><span style=\"font-family: helvetica;\" mce_style=\"font-family: helvetica;\"><i><b>Sabino de Diego.<\/b><\/i><\/span><\/span><\/span><\/p>\n<p><\/p>\n","protected":false},"excerpt":{"rendered":"<p>Organizado por la Casa Castilla-La Mancha en Madrid, sita en la Calle de la Paz, n\u00fam. 4, se ha celebrado [&hellip;]<\/p>\n","protected":false},"author":1,"featured_media":1290,"comment_status":"open","ping_status":"open","sticky":false,"template":"","format":"standard","meta":{"footnotes":""},"categories":[7],"tags":[],"class_list":["post-1292","post","type-post","status-publish","format-standard","has-post-thumbnail","hentry","category-noticias-cervantina"],"_links":{"self":[{"href":"http:\/\/www.cervantinaesquivias.org\/wordpress\/wp-json\/wp\/v2\/posts\/1292","targetHints":{"allow":["GET"]}}],"collection":[{"href":"http:\/\/www.cervantinaesquivias.org\/wordpress\/wp-json\/wp\/v2\/posts"}],"about":[{"href":"http:\/\/www.cervantinaesquivias.org\/wordpress\/wp-json\/wp\/v2\/types\/post"}],"author":[{"embeddable":true,"href":"http:\/\/www.cervantinaesquivias.org\/wordpress\/wp-json\/wp\/v2\/users\/1"}],"replies":[{"embeddable":true,"href":"http:\/\/www.cervantinaesquivias.org\/wordpress\/wp-json\/wp\/v2\/comments?post=1292"}],"version-history":[{"count":0,"href":"http:\/\/www.cervantinaesquivias.org\/wordpress\/wp-json\/wp\/v2\/posts\/1292\/revisions"}],"wp:featuredmedia":[{"embeddable":true,"href":"http:\/\/www.cervantinaesquivias.org\/wordpress\/wp-json\/wp\/v2\/media\/1290"}],"wp:attachment":[{"href":"http:\/\/www.cervantinaesquivias.org\/wordpress\/wp-json\/wp\/v2\/media?parent=1292"}],"wp:term":[{"taxonomy":"category","embeddable":true,"href":"http:\/\/www.cervantinaesquivias.org\/wordpress\/wp-json\/wp\/v2\/categories?post=1292"},{"taxonomy":"post_tag","embeddable":true,"href":"http:\/\/www.cervantinaesquivias.org\/wordpress\/wp-json\/wp\/v2\/tags?post=1292"}],"curies":[{"name":"wp","href":"https:\/\/api.w.org\/{rel}","templated":true}]}}