{"id":111,"date":"2011-02-13T09:47:42","date_gmt":"2011-02-13T09:47:42","guid":{"rendered":"http:\/\/www.cervantinaesquivias.org\/wordpress\/2011\/02\/13\/concierto-de-navidad-2010\/"},"modified":"2011-02-13T09:47:42","modified_gmt":"2011-02-13T09:47:42","slug":"concierto-de-navidad-2010","status":"publish","type":"post","link":"http:\/\/www.cervantinaesquivias.org\/wordpress\/2011\/02\/13\/concierto-de-navidad-2010\/","title":{"rendered":"Concierto de Navidad 2010"},"content":{"rendered":"<p><img loading=\"lazy\" decoding=\"async\" class=\" alignright size-full wp-image-110 alignright size-full wp-image-110\" mce_style=\"float: right; margin-left: 10px; margin-right: 10px;\" style=\"float: right; margin-left: 10px; margin-right: 10px;\" src=\"http:\/\/www.cervantinaesquivias.org\/wordpress\/wp-content\/uploads\/2011\/02\/Coral2010-1.jpg\" mce_src=\"http:\/\/www.cervantinaesquivias.org\/wordpress\/wp-content\/uploads\/2011\/02\/Coral2010-1.jpg\" width=\"221\" height=\"165\" \/>El d\u00eda 15 de diciembre, se llev\u00f3 a cabo en la Casa de la Cultura el concierto de Navidad. Como viene siendo tradicional, la coral \u201cCatalina de Palacios\u201d interpret\u00f3 magistralmente, un magn\u00edfico programa de villancicos, arreglados para la ocasi\u00f3n por su director: L\u00e1zaro Pablo Cabrera.<\/p>\n<p>La Coral Polif\u00f3nica de Esquivias, cumplir\u00e1 el pr\u00f3ximo mes de enero sus primeros veinte a\u00f1os de existencia, veinte a\u00f1os proyectando el nombre de nuestro pueblo por el gran n\u00famero de\u00a0 ntervenciones que ha llevado a cabo por toda la geograf\u00eda espa\u00f1ola. Sese\u00f1a, Oca\u00f1a y Caba\u00f1as han sido los lugares en los que \u00faltimamente ha intervenido la coral esquiviana.<\/p>\n<p><\/p>\n","protected":false},"excerpt":{"rendered":"<p>El d\u00eda 15 de diciembre, se llev\u00f3 a cabo en la Casa de la Cultura el concierto de Navidad. Como [&hellip;]<\/p>\n","protected":false},"author":1,"featured_media":110,"comment_status":"open","ping_status":"open","sticky":false,"template":"","format":"standard","meta":{"footnotes":""},"categories":[9],"tags":[],"class_list":["post-111","post","type-post","status-publish","format-standard","has-post-thumbnail","hentry","category-noticias-de-la-web"],"_links":{"self":[{"href":"http:\/\/www.cervantinaesquivias.org\/wordpress\/wp-json\/wp\/v2\/posts\/111","targetHints":{"allow":["GET"]}}],"collection":[{"href":"http:\/\/www.cervantinaesquivias.org\/wordpress\/wp-json\/wp\/v2\/posts"}],"about":[{"href":"http:\/\/www.cervantinaesquivias.org\/wordpress\/wp-json\/wp\/v2\/types\/post"}],"author":[{"embeddable":true,"href":"http:\/\/www.cervantinaesquivias.org\/wordpress\/wp-json\/wp\/v2\/users\/1"}],"replies":[{"embeddable":true,"href":"http:\/\/www.cervantinaesquivias.org\/wordpress\/wp-json\/wp\/v2\/comments?post=111"}],"version-history":[{"count":0,"href":"http:\/\/www.cervantinaesquivias.org\/wordpress\/wp-json\/wp\/v2\/posts\/111\/revisions"}],"wp:featuredmedia":[{"embeddable":true,"href":"http:\/\/www.cervantinaesquivias.org\/wordpress\/wp-json\/wp\/v2\/media\/110"}],"wp:attachment":[{"href":"http:\/\/www.cervantinaesquivias.org\/wordpress\/wp-json\/wp\/v2\/media?parent=111"}],"wp:term":[{"taxonomy":"category","embeddable":true,"href":"http:\/\/www.cervantinaesquivias.org\/wordpress\/wp-json\/wp\/v2\/categories?post=111"},{"taxonomy":"post_tag","embeddable":true,"href":"http:\/\/www.cervantinaesquivias.org\/wordpress\/wp-json\/wp\/v2\/tags?post=111"}],"curies":[{"name":"wp","href":"https:\/\/api.w.org\/{rel}","templated":true}]}}