{"id":109,"date":"2011-02-13T09:23:38","date_gmt":"2011-02-13T09:23:38","guid":{"rendered":"http:\/\/www.cervantinaesquivias.org\/wordpress\/2011\/02\/13\/semana-cultural-2010\/"},"modified":"2011-02-13T09:23:38","modified_gmt":"2011-02-13T09:23:38","slug":"semana-cultural-2010","status":"publish","type":"post","link":"http:\/\/www.cervantinaesquivias.org\/wordpress\/2011\/02\/13\/semana-cultural-2010\/","title":{"rendered":"Semana Cultural 2010"},"content":{"rendered":"<p><img loading=\"lazy\" decoding=\"async\" class=\" alignleft size-full wp-image-100 alignleft size-full wp-image-100\" mce_style=\"float: left; margin-left: 10px; margin-right: 10px;\" style=\"float: left; margin-left: 10px; margin-right: 10px;\" src=\"http:\/\/www.cervantinaesquivias.org\/wordpress\/wp-content\/uploads\/2011\/02\/SemanaCultural2010peque-1.jpg\" mce_src=\"http:\/\/www.cervantinaesquivias.org\/wordpress\/wp-content\/uploads\/2011\/02\/SemanaCultural2010peque-1.jpg\" width=\"140\" height=\"146\" \/>Con una programaci\u00f3n m\u00e1s amplia de lo que tradicionalmente venimos ofreciendo, se celebr\u00f3 en Esquivias la conmemoraci\u00f3n del CDXXVI aniversario de la Boda de Miguel de Cervantes con Catalina de Palacios. <br \/>A los actos que habitualmente organizamos desde la Sociedad Cervantina, se unieron en esta edici\u00f3n los que se llevaron a cabo desde las diferentes concejal\u00edas del Ayuntamiento en colaboraci\u00f3n con algunas asociaciones.<\/p>\n<p><a mce_href=\"http:\/\/www.cervantinaesquivias.org\/index.php?option=com_phocagallery&#038;view=category&#038;id=6;semana-cultural-2010&#038;Itemid=74\" href=\"http:\/\/www.cervantinaesquivias.org\/index.php?option=com_phocagallery&#038;view=category&#038;id=6;semana-cultural-2010&#038;Itemid=74\">Galer\u00eda fotogr\u00e1fica<\/a>: fotos Ismael y <a mce_href=\"http:\/\/fotoestudiodedi.com\/\" href=\"http:\/\/fotoestudiodedi.com\/\">Dedi<\/a><\/p>\n<p><!--more--><\/p>\n<p><\/p>\n<p><\/p>\n<p><img loading=\"lazy\" decoding=\"async\" class=\" alignleft size-full wp-image-101 alignleft size-full wp-image-101\" mce_src=\"http:\/\/www.cervantinaesquivias.org\/wordpress\/wp-content\/uploads\/2011\/02\/SemanaCultural2010peque-4.jpg\" mce_style=\"float: left; border: 0pt none; margin-left: 10px; margin-right: 10px;\" src=\"http:\/\/www.cervantinaesquivias.org\/wordpress\/wp-content\/uploads\/2011\/02\/SemanaCultural2010peque-4.jpg\" style=\"float: left; border: 0pt none; margin-left: 10px; margin-right: 10px;\" width=\"147\" height=\"110\" \/><b>Preg\u00f3n<\/b><br \/>El joven periodista toledano Antonio Gonz\u00e1lez Jerez, Director de ABC de Toledo, fue el encargado de, por primera vez, intervenir como pregonero de esta cada vez m\u00e1s notoria fiesta cultural. En el acto intervinieron tambi\u00e9n el Presidente de la S. Cervantina: Jos\u00e9 Rosell y el Alcalde de Esquivias: Jes\u00fas Reyes Rodriguez. Como complemento a estas intervenciones, la actuaci\u00f3n musical del d\u00fao formado por: Elvira Serrano (chelo) y Elvira Mart\u00ednez (viol\u00edn).<\/p>\n<p><b><\/b><\/p>\n<p><\/p>\n<p><b>Concierto l\u00edrico<\/b><br \/><img loading=\"lazy\" decoding=\"async\" class=\" alignright size-full wp-image-102\" style=\"float: right;\" mce_style=\"float: right;\" src=\"http:\/\/www.cervantinaesquivias.org\/wordpress\/wp-content\/uploads\/2011\/02\/SemanaCultural2010peque-11.jpg\" mce_src=\"images\/stories\/Noticias\/SemanaCultural2010peque-11.jpg\" alt=\"alt\" width=\"146\" height=\"112\" \/>Un a\u00f1o m\u00e1s, la soprano esquiviana: Irene Moreno nos sorprendi\u00f3 a todos con su estilo y su buen hacer dentro del dificil\u00edsimo arte de la canci\u00f3n l\u00edrica. En esta ocasi\u00f3n, su actuaci\u00f3n fue la base de todo el programa que se desarroll\u00f3, la primera parte interpretando varios n\u00fameros de \u00f3pera y una segunda parte dedicada a la zarzuela. Todo el p\u00fablico asistente coincidi\u00f3 en alabar la progresi\u00f3n ascendente que evidencia Irene en cada actuaci\u00f3n. En esta ocasi\u00f3n, en sus interpretaciones estuvo acompa\u00f1ada al piano por el profesor Juan Bautista Carmena y por el violinista, que tambi\u00e9n caus\u00f3 una excelente impresi\u00f3n, Antonio Mart\u00edn Salda\u00f1a.<br \/><b><br \/><\/b><\/p>\n<p><b>Triangular de f\u00fatbol<\/b><br \/>El deporte tambi\u00e9n tuvo su oportunidad dentro del programa de la Semana Cultural de diciembre. Las escuelas deportivas, organizaron un torneo triangular de f\u00fatbol en el que participaron los m\u00e1s peque\u00f1os, que de este modo comienzan ya a honrar la memoria del genial escritor y de su esposa.<\/p>\n<p><img loading=\"lazy\" decoding=\"async\" class=\" alignleft size-full wp-image-103 alignleft size-full wp-image-103\" mce_src=\"http:\/\/www.cervantinaesquivias.org\/wordpress\/wp-content\/uploads\/2011\/02\/SemanaCultural2010peque-2.jpg\" mce_style=\"border: 0pt none; float: left; margin-left: 10px; margin-right: 10px;\" src=\"http:\/\/www.cervantinaesquivias.org\/wordpress\/wp-content\/uploads\/2011\/02\/SemanaCultural2010peque-2.jpg\" style=\"border: 0pt none; float: left; margin-left: 10px; margin-right: 10px;\" width=\"69\" height=\"94\" \/><b>Leles \u2013 Socia de Honor de la Sociedad Cervantina de Esquivias<\/b><br \/>\u00c1ngeles Moya Mart\u00edn fue, distinguida como Socia de Honor Por la Sociedad Cervantina. La labor que desarroll\u00f3 durante el tiempo que su vida familiar transcurr\u00eda en el edificio que ocupa actualmente la Casa Museo de Cervantes, merec\u00eda este reconocimiento y nos atrevemos a decir, que alg\u00fan otro m\u00e1s desde otros organismos de mayor calado.<\/p>\n<p><\/p>\n<p><\/p>\n<p><b><img loading=\"lazy\" decoding=\"async\" class=\" alignleft size-full wp-image-104 alignleft size-full wp-image-104\" mce_style=\"float: left; margin-left: 10px; margin-right: 10px;\" style=\"float: left; margin-left: 10px; margin-right: 10px;\" src=\"http:\/\/www.cervantinaesquivias.org\/wordpress\/wp-content\/uploads\/2011\/02\/SemanaCultural2010peque-8.jpg\" mce_src=\"http:\/\/www.cervantinaesquivias.org\/wordpress\/wp-content\/uploads\/2011\/02\/SemanaCultural2010peque-8.jpg\" width=\"140\" height=\"104\" \/>Pascalles Cervantino<\/b><br \/>En esta ocasi\u00f3n la climatolog\u00eda no estaba muy dispuesta a colaborar, pero no pudo con la voluntad firme de las voluntariosas esquivianas que decidieron poner su grano de arena en la conmemoraci\u00f3n de la Boda m\u00e1s notoria de todas las que se han celebrado en esta localidad en todos los tiempos. Trajes t\u00edpicos, m\u00fasica y mucha alegr\u00eda fueron las notas m\u00e1s destacadas de esta intervenci\u00f3n que inund\u00f3 de buen humor el itinerario elegido. Decisiva fue la colaboraci\u00f3n de las concejal\u00edas de Cultura y Juventud.<\/p>\n<p><b><img loading=\"lazy\" decoding=\"async\" class=\" alignleft size-full wp-image-105 alignleft size-full wp-image-105\" mce_style=\"float: left; margin-left: 10px; margin-right: 10px;\" style=\"float: left; margin-left: 10px; margin-right: 10px;\" src=\"http:\/\/www.cervantinaesquivias.org\/wordpress\/wp-content\/uploads\/2011\/02\/SemanaCultural2010peque-10.jpg\" mce_src=\"http:\/\/www.cervantinaesquivias.org\/wordpress\/wp-content\/uploads\/2011\/02\/SemanaCultural2010peque-10.jpg\" width=\"139\" height=\"103\" \/>Visitas guiadas<\/b><br \/>Los lugares m\u00e1s pintorescos y los rincones que m\u00e1s celosamente guardan la huella de los tiempos en los que Miguel de Cervantes era vecino de esta localidad, fueron testigos de excepci\u00f3n, como si de una visita guiada m\u00e1s se tratase. A lo largo de todo el a\u00f1o, la Asociaci\u00f3n de Mujeres voluntariamente lleva a cabo este cometido, para posteriormente destinar la recaudaci\u00f3n a fines ben\u00e9ficos.<\/p>\n<p><b><img loading=\"lazy\" decoding=\"async\" class=\" alignleft size-full wp-image-106 alignleft size-full wp-image-106\" mce_style=\"float: left; margin-left: 10px; margin-right: 10px;\" style=\"float: left; margin-left: 10px; margin-right: 10px;\" src=\"http:\/\/www.cervantinaesquivias.org\/wordpress\/wp-content\/uploads\/2011\/02\/SemanaCultural2010peque-9.jpg\" mce_src=\"http:\/\/www.cervantinaesquivias.org\/wordpress\/wp-content\/uploads\/2011\/02\/SemanaCultural2010peque-9.jpg\" width=\"138\" height=\"102\" \/>Cata degustaci\u00f3n<\/b><br \/>De la mano de la profesionalidad y el ingenio del en\u00f3logo Pedro Hermida Ugena, un a\u00f1o m\u00e1s los esquivianos hemos disfrutado de esta jornada dedicada al vino, algo que en otro tiempo, tan familiar resultaba a los esquivianos su cultivo, elaboraci\u00f3n y comercializaci\u00f3n.<br \/>En esta ocasi\u00f3n Pedro Hermida, nos propuso una especie de concurso, lo que hizo que la participaci\u00f3n activa de todos los asistentes fue un aliciente m\u00e1s. Al final, Mariano V\u00e1zquez, puso su \u201ctoque\u201d, pero en esta ocasi\u00f3n con las \u201cmigas\u201d que elabor\u00f3 (como siempre) de forma magistral.<\/p>\n<p><b><img loading=\"lazy\" decoding=\"async\" class=\" alignleft size-full wp-image-107 alignleft size-full wp-image-107\" mce_style=\"float: left; margin-left: 10px; margin-right: 10px;\" style=\"float: left; margin-left: 10px; margin-right: 10px;\" src=\"http:\/\/www.cervantinaesquivias.org\/wordpress\/wp-content\/uploads\/2011\/02\/SemanaCultural2010peque-6.jpg\" mce_src=\"http:\/\/www.cervantinaesquivias.org\/wordpress\/wp-content\/uploads\/2011\/02\/SemanaCultural2010peque-6.jpg\" width=\"140\" height=\"105\" \/>Marat\u00f3n de mus<\/b><br \/>La d\u00e9cima edici\u00f3n del Marat\u00f3n de Mus \u201cVilla de Esquivias\u201d, qued\u00f3 enmarcada dentro de los actos conmemorativos del CDXXVI Aniversario de la Boda de Miguel y Catalina Cervantes fue sin duda alguna un gran conocedor de los juegos de azar y especialmente de los juegos de cartas, naturalmente no podemos saber si el \u201cmus\u201d era ya un juego conocido por aquel entonces, pero hoy es lo que se lleva, y eso es lo que hay. <br \/><b><br \/><\/b><\/p>\n<p><\/p>\n<p><b>Estampas esquive\u00f1as<\/b><br \/><img loading=\"lazy\" decoding=\"async\" class=\" alignright size-full wp-image-108 alignright size-full wp-image-108\" mce_style=\"float: right; margin-left: 10px; margin-right: 10px;\" style=\"float: right; margin-left: 10px; margin-right: 10px;\" src=\"http:\/\/www.cervantinaesquivias.org\/wordpress\/wp-content\/uploads\/2011\/02\/SemanaCultural2010peque-12.jpg\" mce_src=\"http:\/\/www.cervantinaesquivias.org\/wordpress\/wp-content\/uploads\/2011\/02\/SemanaCultural2010peque-12.jpg\" width=\"300\" height=\"190\" \/>Por tercer a\u00f1o consecutivo, se escenificaron las \u201cEstampas esquive\u00f1as\u201d y camino lleva esta actividad de acabar como una cita habitual dentro de la programaci\u00f3n conmemorativa del aniversario de la Boda.<br \/>En esta ocasi\u00f3n se pusieron en escena tres situaciones ocurridas en Esquivias a lo largo del siglo XVI, tres hechos, capaces por s\u00ed mismos de dar respuesta a cualquier esquiviano interesado en conocer alg\u00fan pasaje y algunas vicisitudes de nuestra historia. La respuesta del numeroso p\u00fablico que asisti\u00f3 a las dos funciones fue bastante un\u00e1nime pues casi todos han coincidido en el encomiable trabajo que hicieron las personas que ocasionalmente, se convierten en \u201cactores\u201d, el m\u00e9rito y el esfuerzo que llevan a cabo estos hombres y mujeres es enorme pues con poco m\u00e1s de 16 ensayos, son capaces de preparar con esmero y no poco acierto todo lo que luego vemos aparecer en escena.<br \/>La presentaci\u00f3n de las dos sociedades que fueron capaces de convivir en Esquivias (hidalgos y pecheros), as\u00ed como la adusta altivez de aquellos hidalgos orgullos de su estirpe, quedaron perfectamente reflejados. Tambi\u00e9n se trataron las innumerables opiniones que se vienen vertiendo a lo largo de los tiempos para tratar de explicar el por qu\u00e9 de la marcha apresurada de Cervantes al poco tiempo de su boda. El contrapunto a ambas exposiciones, se puso con el hipot\u00e9tico ensayo de un entrem\u00e9s, para justificar la ver\u00eddica presencia de Cervantes en una fecha en la intervino como padrino en un bautizo. El p\u00fablico agradeci\u00f3 esta \u00faltima ocurrencia y suponemos que tambi\u00e9n, las dos reflexiones hist\u00f3ricas que la precedieron.<\/p>\n<\/p>\n<p><\/p>\n","protected":false},"excerpt":{"rendered":"<p>Con una programaci\u00f3n m\u00e1s amplia de lo que tradicionalmente venimos ofreciendo, se celebr\u00f3 en Esquivias la conmemoraci\u00f3n del CDXXVI aniversario [&hellip;]<\/p>\n","protected":false},"author":1,"featured_media":100,"comment_status":"open","ping_status":"open","sticky":false,"template":"","format":"standard","meta":{"footnotes":""},"categories":[14],"tags":[],"class_list":["post-109","post","type-post","status-publish","format-standard","has-post-thumbnail","hentry","category-jornadas-cervantinas"],"_links":{"self":[{"href":"http:\/\/www.cervantinaesquivias.org\/wordpress\/wp-json\/wp\/v2\/posts\/109","targetHints":{"allow":["GET"]}}],"collection":[{"href":"http:\/\/www.cervantinaesquivias.org\/wordpress\/wp-json\/wp\/v2\/posts"}],"about":[{"href":"http:\/\/www.cervantinaesquivias.org\/wordpress\/wp-json\/wp\/v2\/types\/post"}],"author":[{"embeddable":true,"href":"http:\/\/www.cervantinaesquivias.org\/wordpress\/wp-json\/wp\/v2\/users\/1"}],"replies":[{"embeddable":true,"href":"http:\/\/www.cervantinaesquivias.org\/wordpress\/wp-json\/wp\/v2\/comments?post=109"}],"version-history":[{"count":0,"href":"http:\/\/www.cervantinaesquivias.org\/wordpress\/wp-json\/wp\/v2\/posts\/109\/revisions"}],"wp:featuredmedia":[{"embeddable":true,"href":"http:\/\/www.cervantinaesquivias.org\/wordpress\/wp-json\/wp\/v2\/media\/100"}],"wp:attachment":[{"href":"http:\/\/www.cervantinaesquivias.org\/wordpress\/wp-json\/wp\/v2\/media?parent=109"}],"wp:term":[{"taxonomy":"category","embeddable":true,"href":"http:\/\/www.cervantinaesquivias.org\/wordpress\/wp-json\/wp\/v2\/categories?post=109"},{"taxonomy":"post_tag","embeddable":true,"href":"http:\/\/www.cervantinaesquivias.org\/wordpress\/wp-json\/wp\/v2\/tags?post=109"}],"curies":[{"name":"wp","href":"https:\/\/api.w.org\/{rel}","templated":true}]}}